{"id":19478,"date":"2004-09-12T12:22:00","date_gmt":"2004-09-12T12:22:00","guid":{"rendered":""},"modified":"-0001-11-30T00:00:00","modified_gmt":"-0001-11-29T22:00:00","slug":"","status":"publish","type":"post","link":"https:\/\/shinbukan.hu\/?p=19478","title":{"rendered":"Az alap\u00edt\u00e1s el\u0151szelei (Budapest)"},"content":{"rendered":"<p>Az els\u0151 gondolat egy jodo csoport ind\u00edt\u00e1sa volt az MJKK keretein bel\u00fcl. Ekkor, 2004 kora \u0151sz\u00e9n kezdett tet\u0151zni az iaido jelentkez\u0151k sz\u00e1ma is, h\u00e1rom egym\u00e1st k\u00f6vet\u0151 film hat\u00e1s\u00e1ra. Akkori l\u00e9pt\u00e9kkel tengernyien jelentkeztek kendora \u00e9s iaidora is.<br \/>Kezdett k\u00f6rvonalaz\u00f3dni, hogy az MJKK-n bel\u00fcl nem tud m\u00e9g egy iaido csoport alakulni. M\u00e9g szeptemberben volt egy meglep\u0151en nagy \u00e9rdekl\u0151d\u00e9s mellett megtartott jodo el\u0151ad\u00e1s \u00e9s enbu. Ekkort\u00e1jt sz\u00fcletett a gondolat, kellene egy \u00faj dojo, ahol a jodo \u00e9s a shinden ryu iaido is k\u00e9pviseltetn\u00e9 mag\u00e1t. Sz\u00e9p sz\u00e1mmal voltak k\u00e9ts\u00e9geim, de nekiv\u00e1gtam; \u00e9s ehhez voltak t\u00e1rsaim, akikre sz\u00e1m\u00edthattam. Az \u00faj Shinbukan dojo alap\u00edt\u00f3i igy lettek: Mih\u00e1lyi Patr\u00edcia, N\u00e9meth Zolt\u00e1n \u00e9s j\u00f3magam, H\u00e1bermajer G\u00e1bor.<\/p>\n","protected":false},"excerpt":{"rendered":"<p>Az els\u0151 gondolat egy jodo csoport ind\u00edt\u00e1sa volt az MJKK keretein bel\u00fcl. Ekkor, 2004 kora \u0151sz\u00e9n kezdett tet\u0151zni az iaido jelentkez\u0151k sz\u00e1ma is, h\u00e1rom egym\u00e1st k\u00f6vet\u0151 film hat\u00e1s\u00e1ra. Akkori l\u00e9pt\u00e9kkel tengernyien jelentkeztek kendora \u00e9s iaidora is.Kezdett k\u00f6rvonalaz\u00f3dni, hogy az MJKK-n bel\u00fcl nem tud m\u00e9g egy iaido csoport alakulni. M\u00e9g szeptemberben volt egy meglep\u0151en nagy \u00e9rdekl\u0151d\u00e9s &hellip; <a href=\"https:\/\/shinbukan.hu\/?p=19478\" class=\"more-link\"><span class=\"screen-reader-text\">&#8222;Az alap\u00edt\u00e1s el\u0151szelei (Budapest)&#8221;<\/span> b\u0151vebben<\/a><\/p>\n","protected":false},"author":2,"featured_media":0,"comment_status":"open","ping_status":"open","sticky":false,"template":"","format":"standard","meta":{"footnotes":""},"categories":[],"tags":[],"class_list":["post-19478","post","type-post","status-publish","format-standard","hentry"],"_links":{"self":[{"href":"https:\/\/shinbukan.hu\/index.php?rest_route=\/wp\/v2\/posts\/19478","targetHints":{"allow":["GET"]}}],"collection":[{"href":"https:\/\/shinbukan.hu\/index.php?rest_route=\/wp\/v2\/posts"}],"about":[{"href":"https:\/\/shinbukan.hu\/index.php?rest_route=\/wp\/v2\/types\/post"}],"author":[{"embeddable":true,"href":"https:\/\/shinbukan.hu\/index.php?rest_route=\/wp\/v2\/users\/2"}],"replies":[{"embeddable":true,"href":"https:\/\/shinbukan.hu\/index.php?rest_route=%2Fwp%2Fv2%2Fcomments&post=19478"}],"version-history":[{"count":0,"href":"https:\/\/shinbukan.hu\/index.php?rest_route=\/wp\/v2\/posts\/19478\/revisions"}],"wp:attachment":[{"href":"https:\/\/shinbukan.hu\/index.php?rest_route=%2Fwp%2Fv2%2Fmedia&parent=19478"}],"wp:term":[{"taxonomy":"category","embeddable":true,"href":"https:\/\/shinbukan.hu\/index.php?rest_route=%2Fwp%2Fv2%2Fcategories&post=19478"},{"taxonomy":"post_tag","embeddable":true,"href":"https:\/\/shinbukan.hu\/index.php?rest_route=%2Fwp%2Fv2%2Ftags&post=19478"}],"curies":[{"name":"wp","href":"https:\/\/api.w.org\/{rel}","templated":true}]}}