{"id":19493,"date":"2013-09-07T12:22:00","date_gmt":"2013-09-07T12:22:00","guid":{"rendered":""},"modified":"-0001-11-30T00:00:00","modified_gmt":"-0001-11-29T22:00:00","slug":"","status":"publish","type":"post","link":"https:\/\/shinbukan.hu\/?p=19493","title":{"rendered":"Iaido Seminar (Vyskov)"},"content":{"rendered":"<div><b>Rendhagy\u00f3 besz\u00e1mol\u00f3 egy rendhagy\u00f3 utaz\u00e1sr\u00f3l<\/b><\/p>\n<\/div>\n<div>Mintha egyszer m\u00e1r \u00edrtam volna arr\u00f3l, mikor is kezd\u0151dik egy t\u00e1bor. Valami el\u0151k\u00e9sz\u00fcletekr\u0151l, &nbsp;meg r\u00e1hangol\u00f3d\u00e1sr\u00f3l, meg ki tudja mir\u0151l reg\u00e9lhettem az \u00faj gener\u00e1ci\u00f3k ok\u00edt\u00e1si c\u00e9lj\u00e1b\u00f3l.<\/div>\n<div><\/div>\n<div>Indul\u00e1s m\u00e1sk\u00e9pp.&nbsp;<\/div>\n<div>A p\u00e1r napja a f\u00fclembe m\u00e1szott muzsika adathordoz\u00f3ra r\u00e1m\u00e1sol\u00e1sa ut\u00e1n ir\u00e1ny haza. Az \u00fat zen\u00e9je megvan, a t\u00f6bbi m\u00e1r csak sallang. Hazat\u00e9rve \u00f6sszeszedem a felszerel\u00e9st, \u00e9s indul\u00e1s. Fonalak, furuly\u00e1k, l\u00e1mpa, k\u00e9sek, cs\u00f6rg\u00f6k \u00e9s cseng\u0151k, ceruza, jaaaa \u00e9s a lakkfilceket majd elfelejtettem. Hm, igen a furoshiki a ruh\u00e1val \u00e9s persze a shinken. Kalap a fejre, start.<\/div>\n<div><\/div>\n<div>A t\u00e1borban t\u00f6rt\u00e9ntek term\u00e9szetesen fontosak, s\u0151t rendhagy\u00f3 volta miatt \u00e9rdekesek is, de most aki nem j\u00f6tt el nem tudja meg a r\u00e9szleteket. A besz\u00e1mol\u00f3b\u00f3l t\u00e1j\u00e9koz\u00f3dni k\u00edv\u00e1n\u00f3 csak n\u00e9h\u00e1ny k\u00e9s\u0151bb megeml\u00edt\u00e9sre ker\u00fcl\u0151 k\u00f6vetkezm\u00e9nyre t\u00e1maszkod\u00f3 k\u00f6vetkeztet\u00e9seken kereszt\u00fcl alkothat k\u00e9pet.<\/div>\n<div><\/div>\n<div>A k\u00f6vetkezm\u00e9nyek<\/div>\n<div><\/div>\n<div>&#8211; Ism\u00e9t bizony\u00edt\u00e1st nyert a t\u00e9tel, hogy maga a gyakorl\u00e1sunk tal\u00e1n csak 1-2%a az eg\u00e9sznek.&nbsp;<\/div>\n<div><\/div>\n<div>&#8211; Megtapasztaljuk, hogy az \u00fczemanyaggal felt\u00f6lt\u00f6tt j\u00e1rm\u0171vel hat\u00e1rozottan megnyugtat\u00f3bb \u00e9rz\u00e9s k\u00f6zlekedni.<\/div>\n<div><\/div>\n<div>&#8211; Egy visszafogott term\u00e9szet\u0171nek hitt \u00fatit\u00e1rsb\u00f3l is ki lehet hozni az extra energi\u00e1kat.<\/div>\n<div><\/div>\n<div>&#8211; Nem lehetetlen, hogy k\u00e9t \u00e1llam hat\u00e1ra k\u00f6z\u00f6tti aut\u00f3p\u00e1lya szakaszon halad\u00f3 aut\u00f3 utaster\u00e9ben vulk\u00e1nkit\u00f6r\u00e9s j\u00f6n l\u00e9tre.<\/div>\n<div><\/div>\n<div>&#8211; Erre a megfigyel\u00e9sre alapozva megkezd\u0151dik a tervezhet\u0151 napkit\u00f6r\u00e9s projekt kidolgoz\u00e1sa.<\/div>\n<div><\/div>\n<div>Az \u00fat zen\u00e9je:<\/div>\n<div><iframe loading=\"lazy\" width=\"560\" height=\"315\" src=\"\/\/www.youtube.com\/embed\/eXqPYte8tvc\" frameborder=\"0\" allowfullscreen=\"\"><\/iframe><\/div>\n<div><\/div>\n<div>Egy spiritu\u00e1lis szak\u00e9rt\u0151nek feltettem a k\u00e9rd\u00e9st e muzsik\u00e1val kapcsolatban: &#8211; Mi lesz, ha f\u00fcgg\u0151kk\u00e9 v\u00e1lunk?<\/div>\n<div>R\u00f6vid, \u00e9s megk\u00e9rd\u0151jelezhetetlen v\u00e1laszt adott:&nbsp;<\/div>\n<div>Hallgatjuk.<\/div>\n<p><img loading=\"lazy\" decoding=\"async\" class=\"aligncenter wp-image-19438 size-large\" src=\"\/fenykepalbum\/keptar_1360_big_2013.09.17_vyskov_0796.jpg\" alt=\"\" width=\"840\" height=\"473\" \/><\/p>\n<p><img loading=\"lazy\" decoding=\"async\" class=\"aligncenter wp-image-19438 size-large\" src=\"\/fenykepalbum\/keptar_1360_big_2013.09.17_vyskov_0590.jpg\" alt=\"\" width=\"840\" height=\"473\" \/><\/p>\n<p><img loading=\"lazy\" decoding=\"async\" class=\"aligncenter wp-image-19438 size-large\" src=\"\/fenykepalbum\/keptar_1360_big_2013.09.17_vyskov_0574.jpg\" alt=\"\" width=\"840\" height=\"473\" \/><\/p>\n","protected":false},"excerpt":{"rendered":"<p>Rendhagy\u00f3 besz\u00e1mol\u00f3 egy rendhagy\u00f3 utaz\u00e1sr\u00f3l Mintha egyszer m\u00e1r \u00edrtam volna arr\u00f3l, mikor is kezd\u0151dik egy t\u00e1bor. Valami el\u0151k\u00e9sz\u00fcletekr\u0151l, &nbsp;meg r\u00e1hangol\u00f3d\u00e1sr\u00f3l, meg ki tudja mir\u0151l reg\u00e9lhettem az \u00faj gener\u00e1ci\u00f3k ok\u00edt\u00e1si c\u00e9lj\u00e1b\u00f3l. Indul\u00e1s m\u00e1sk\u00e9pp.&nbsp; A p\u00e1r napja a f\u00fclembe m\u00e1szott muzsika adathordoz\u00f3ra r\u00e1m\u00e1sol\u00e1sa ut\u00e1n ir\u00e1ny haza. Az \u00fat zen\u00e9je megvan, a t\u00f6bbi m\u00e1r csak sallang. Hazat\u00e9rve \u00f6sszeszedem &hellip; <a href=\"https:\/\/shinbukan.hu\/?p=19493\" class=\"more-link\"><span class=\"screen-reader-text\">&#8222;Iaido Seminar (Vyskov)&#8221;<\/span> b\u0151vebben<\/a><\/p>\n","protected":false},"author":2,"featured_media":0,"comment_status":"open","ping_status":"open","sticky":false,"template":"","format":"standard","meta":{"footnotes":""},"categories":[],"tags":[],"class_list":["post-19493","post","type-post","status-publish","format-standard","hentry"],"_links":{"self":[{"href":"https:\/\/shinbukan.hu\/index.php?rest_route=\/wp\/v2\/posts\/19493","targetHints":{"allow":["GET"]}}],"collection":[{"href":"https:\/\/shinbukan.hu\/index.php?rest_route=\/wp\/v2\/posts"}],"about":[{"href":"https:\/\/shinbukan.hu\/index.php?rest_route=\/wp\/v2\/types\/post"}],"author":[{"embeddable":true,"href":"https:\/\/shinbukan.hu\/index.php?rest_route=\/wp\/v2\/users\/2"}],"replies":[{"embeddable":true,"href":"https:\/\/shinbukan.hu\/index.php?rest_route=%2Fwp%2Fv2%2Fcomments&post=19493"}],"version-history":[{"count":0,"href":"https:\/\/shinbukan.hu\/index.php?rest_route=\/wp\/v2\/posts\/19493\/revisions"}],"wp:attachment":[{"href":"https:\/\/shinbukan.hu\/index.php?rest_route=%2Fwp%2Fv2%2Fmedia&parent=19493"}],"wp:term":[{"taxonomy":"category","embeddable":true,"href":"https:\/\/shinbukan.hu\/index.php?rest_route=%2Fwp%2Fv2%2Fcategories&post=19493"},{"taxonomy":"post_tag","embeddable":true,"href":"https:\/\/shinbukan.hu\/index.php?rest_route=%2Fwp%2Fv2%2Ftags&post=19493"}],"curies":[{"name":"wp","href":"https:\/\/api.w.org\/{rel}","templated":true}]}}