{"id":19504,"date":"2011-04-14T12:22:00","date_gmt":"2011-04-14T12:22:00","guid":{"rendered":""},"modified":"-0001-11-30T00:00:00","modified_gmt":"-0001-11-29T22:00:00","slug":"","status":"publish","type":"post","link":"https:\/\/shinbukan.hu\/?p=19504","title":{"rendered":"Swiss Iaido &#038; Jodo Seminar (Magglingen)"},"content":{"rendered":"<div>Rengeteg \u00e9lm\u00e9ny, le\u00edrhatatlan, m\u00e9gis form\u00e1ba \u00f6nt\u00f6tt szavak&#8230;<\/div>\n<ul>\n<li><b><a href=\"#magglingen\">Ranai<\/a><\/b><\/li>\n<li><a href=\"#svajc\"><b>Sv\u00e1jc<\/b><\/a><\/li>\n<li><a href=\"#viktoria_1\" style=\"font-weight: bold; \">Vikt\u00f3ria&nbsp;<\/a>(jegyz\u0151k\u00f6nyv r\u00e9szlet 1)<\/li>\n<li><strong><a href=\"#viktoria_2\">Vikt\u00f3ria<\/a>&nbsp;<\/strong>(jegyz\u0151k\u00f6nyv r\u00e9szlet 2)<\/li>\n<li><a style=\"font-weight: bold;\" href=\"#2011\/04\/13\/Viki\/SBK\">2011\/04\/13\/Viki\/SBK<\/a> (Bizalmas \/ titkos\u00edtott jegyz\u0151k\u00f6nyv)<\/li>\n<li><strong><b><a href=\"#hivatalosnak_latszo_utibeszamolo\">Hivatalosnak l\u00e1tsz\u00f3 \u00fatibesz\u00e1mol\u00f3<\/a><\/b><\/strong><\/li>\n<\/ul>\n<hr style=\"width: 100%; height: 2px; font-weight: bold; \"><a name=\"magglingen\"><\/a><\/p>\n<div><span style=\"font-weight: bold;\">Ranai<\/span><br style=\"font-weight: bold;\"><span style=\"font-weight: bold;\">&#20081;&#21512;<\/span><\/p>\n<p>ran= z\u0171rzavar, felfordul\u00e1s, rendetlens\u00e9g,<br \/>ai=egyes\u00edt, \u00f6sszeillik<br \/>A ZNKR Jodo 12. kat\u00e1-ja, a Shindo Muso Ryu Jojutsu 3. kata csoportja.<\/p>\n<p>Mi\u00e9rt ez a c\u00edm? Ilyen utunk m\u00e9g nem volt. Ennyi furcsas\u00e1g tal\u00e1n \u00f6sszess\u00e9g\u00e9ben egy\u00fctt sem t\u00f6rt\u00e9nt az eddigi \u00e9vek alatt. Meglepet\u00e9s sorozat. Meglepet\u00e9s sorozat?<\/p>\n<p><span style=\"font-weight: bold;\">El\u0151szelek<\/span><\/p>\n<p>Meglepet\u00e9s 1.0<\/p>\n<p>A p\u00e1rizsi Iaido Eb-n kaptuk k\u00e9zhez ennek a t\u00e1bornak az el\u0151zetes inform\u00e1ci\u00f3it. Meglepet\u00e9s, hogy j\u00f6n Ishido sensei Sv\u00e1jcba, a helysz\u00edn pedig a 2008 \u00e9vi Iaido \u00e9s Jodo EB helysz\u00edne, Magglingen. Csod\u00e1latos k\u00f6rnyezet \u00e9s egy nagyszer\u0171 \u00fat eml\u00e9ke id\u00e9z\u0151dik fel bennem. nagy a cs\u00e1b\u00edt\u00e1s, \u00e9s megkezd\u0151dik a tervek kov\u00e1csol\u00e1sa. K\u00e9zenfekv\u0151nek t\u0171nik a 2008-as tervek \u00e9s sz\u00e1m\u00edt\u00e1sok felhaszn\u00e1l\u00e1sa, amelyek minden addigit, \u00e9s az\u00f3ta sz\u00fcletettet fel\u00fclm\u00falnak E. Helga j\u00f3volt\u00e1b\u00f3l. Felelevenednek a kusett kocsi \u00e9lm\u00e9nyei, a funikul\u00e1r, a hegy tetej\u00e9n l\u00e9v\u0151 sportvil\u00e1g p\u00e1ly\u00e1kkal, termekkel, hotelekkel &#8211; \u00e9s l\u00e9legzetel\u00e1ll\u00edt\u00f3 kil\u00e1t\u00e1ssal.<br \/>Form\u00e1l\u00f3dik a csapat, \u00fagy fest egy 4 f\u0151 indul ennek az \u00fatnak: Zoli, Szilveszter, Imi, j\u00f3magam. Iminek ez lesz az els\u0151 nagy nemzetk\u00f6zi t\u00e1bora \u00e9s tal\u00e1lkoz\u00e1sa Isido sensei-el, \u00e9s az eur\u00f3pai &#8222;nagy\u00e1gy\u00fakkal&#8221;.<\/p>\n<p>Meglepet\u00e9s 2.0<\/p>\n<p>Janu\u00e1r 4-\u00e9n az \u00e9v els\u0151 munkanapja, most m\u00e1r nincs mit tov\u00e1bb halogatni, meg\u00edrom \u00e9s elk\u00fcld\u00f6m a jelentkez\u00e9s\u00fcnket. K\u00e9tf\u00e9le sz\u00e1ll\u00e1s lehet\u0151s\u00e9ge k\u00edn\u00e1lkozott, egy olcs\u00f3bb \u00e9s egy k\u00f6lts\u00e9gesebb. Ez ut\u00f3bbit ismerem, hiszen az EB-n valami csoda folyt\u00e1n a v\u00e1logatottunkat ide sz\u00e1ll\u00e1solt\u00e1k a b\u00edr\u00f3kkal \u00e9s a deleg\u00e1ci\u00f3val egy\u00fctt. A Pazar helysz\u00edn ellen\u00e9re az olcs\u00f3bb volt a kit\u00fcntetett sz\u00e1munkra. A szervez\u0151i v\u00e1lasz megd\u00f6bbentett, majd felh\u00e1bor\u00edtott: Az olcs\u00f3bb verzi\u00f3 m\u00e1r mind betelt. Wuhhh! Sz\u00e1m\u00edt\u00e1sok (excel t\u00e1bl\u00e1k) sz\u00fclettek gyors egym\u00e1sut\u00e1nban &#8222;Szilveszterk\u00f6zg\u00e1z&#8221; j\u00f3volt\u00e1b\u00f3l. A m\u00e9rlegel\u00e9sek ut\u00e1n, nem kis \u00e9rzelmi t\u00f6bblettel r\u00e9gi szerelm\u00fcnkre, Vikt\u00f3ri\u00e1ra (teljes nev\u00e9n B\u00e1lna Vikt\u00f3ri\u00e1ra) esett a v\u00e1laszt\u00e1sunk. Vele ugyeb\u00e1r semleges\u00edt\u0151dik a sz\u00e1ll\u00e1s-\u00e9tkez\u00e9s-utaz\u00e1s problematik\u00e1ja, mivel mindent egyes\u00edt mag\u00e1ban. (\u00c9s a fara is hatalmas \u00e9s leny\u0171g\u00f6z\u0151.)&nbsp;<\/p>\n<\/div>\n<div>\n<div style=\"text-align: center;\"><img decoding=\"async\" src=\"letoltes\/42\/viki_fara_kicsi.jpg\"><\/div>\n<p>P\u00e1r el\u0151k\u00e9sz\u00fclet<\/p>\n<p>A tov\u00e1bbi meglepet\u00e9sek elker\u00fclend\u0151, Zolival lefoglaljuk a n\u0151st\u00e9nybuszt. Ekkor m\u00e9g azt hissz\u00fck itt v\u00e9get is \u00e9rtek a zavarok.<br \/>A jelentkez\u00e9seket is elk\u00fcld\u00f6m, m\u00e9g abban a hiszemben, hogy hib\u00e1tlan.<\/p>\n<p>Meglepet\u00e9s 3.0<\/p>\n<p>Szilveszter bejelenti az \u00f6lt\u00f6z\u0151ben, hogy az \u00fat m\u00e1sodik napj\u00e1n vizsg\u00e1ja lesz. Buzd\u00edtom \u0151t a tan\u00e1r puh\u00edt\u00e1s\u00e1ra, de hamarosan kider\u00fcl, az illet\u0151 haj(l\u00ed)thatatlan.<\/p>\n<p>Meglepet\u00e9s 4.0<\/p>\n<p>Szilveszterben felt\u00e1mad a megold\u00e1skeres\u00e9s (tal\u00e1n a levelem \u00e9s a budo valamire j\u00f3), \u00e9s kidolgoz egy alternat\u00edv\u00e1t, amelyben a vizsga ut\u00e1n rep\u00fcl\u0151vel \u00e9ppen akkorra \u00e9rne ki Biel-be, amikorra mi is oda \u00e9r\u00fcnk.<br \/>A dolog m\u0171k\u00f6d\u0151k\u00e9pesnek t\u0171nik, ebben a megold\u00e1sban maradunk.<\/p>\n<p>Meglepet\u00e9s 5.0<\/p>\n<p>Meg\u00e9rkeznek a visszaigazol\u00e1sok a szervez\u0151t\u0151l, valami elk\u00e9peszt\u0151 \u00f6sszegekkel. H\u00e1t persze, a sz\u00e1ll\u00e1s lemond\u00e1sakor nem mondtam le az \u00e9tkez\u00e9st. Meg\u00edrom r\u00f6gvest a t\u00e9ved\u00e9sem, \u00e9s k\u00e9rem az eb\u00e9dek t\u00f6rl\u00e9s\u00e9t. Vissza is igazolj\u00e1k, reggelivel \u00e9s vacsor\u00e1val. Ouuu!! H\u00e1t azt nem mondtam le. M\u00e9g egy lev\u00e9l, amiben ezt is jelzem, meg azt, hogy nem vagyok elmebeteg csak figyelmetlen, ja, \u00e9s CHF-ben \u00e1razzanak, ne &#8364;-ban. Gyors v\u00e1lasz \u00e9rkezik, minden rendben, \u00e9tkez\u00e9sek t\u00f6r\u00f6lve, \u00e1rak j\u00f3k, de&#8230; &#8364;ban.<br \/>\u00c1\u00e1\u00e1\u00e1\u00e1\u00e1\u00e1! Most \u0151k nem \u00edrt\u00e1k \u00e1t. Mindegy. Ezt majd ott megbesz\u00e9lj\u00fck, nem levelezem t\u00f6bbet, most m\u00e1r az indul\u00e1sra kell f\u00f3kusz\u00e1lni.<\/p>\n<p>Meglepet\u00e9s 6.0<\/p>\n<p>Az indul\u00e1s napja. V\u00e9gre minden s\u00ednen van. Busz, emberek, eszk\u00f6z\u00f6k felk\u00e9sz\u00edtve. Munk\u00e1ba indulok, Zolival tal\u00e1lkozunk kett\u0151 fel\u00e9, \u00e9s elhozzuk Vikit a telephelyr\u0151l. Cseng a telefonom, felveszem, Zoli megk\u00e9r, hogy \u00fcljek le. Ne, ne, m\u00e1r ne t\u00f6rt\u00e9njen semmi, k\u00e9t \u00f3ra m\u00falva indulunk! &#8211; mondom magamban, mialatt le\u00fcl\u00f6k. Ezt most nem tudom, le\u00edrhatom e pontosan, de&#8230;sz\u00f3val probl\u00e9m\u00e1k l\u00e9ptek fel Zolival. Lehet, hogy nem tud kij\u00f6nni. \u00c1\u00e1\u00e1\u00e1\u00e1\u00e1! A guta meg\u00fct, de Jean Reno Nikita-beli szerep\u00e9b\u0151l (Viktor a &#8222;takar\u00edt\u00f3&#8221;) r\u00e9g megtanultam: &#8222;Akci\u00f3t nem \u00e1ll\u00edtunk le!&#8221;<\/p>\n<p><span style=\"font-weight: bold;\">Az \u00fat<\/span><br style=\"font-weight: bold;\"><span style=\"font-weight: bold; font-style: italic;\">Csonka \u00fatinapl\u00f3 k\u00f6vetkezik, mely csak az oda fel\u00e9 vezet\u0151 utat dokument\u00e1lja, mell\u0151zi a titkos\u00edtott helysz\u00edni esem\u00e9nyeket, a haza t\u00e9r\u00e9st pedig csak c\u00edmszavakban.<\/span><\/p>\n<p>\u00c9s elj\u00f6n az indul\u00e1s. (de mikor is van az indul\u00e1s?) Zolival, aki m\u00e9gis csak j\u00f6n, indulunk a telephelyre Viki\u00e9rt. A proced\u00fara ismer\u0151s, a hely \u00e9s a busz is, \u00edgy minden egyszer\u0171en megy. Innen Zoli sz\u00e1ll\u00f3 cuccol\u00e1s, Imihez, aki sz\u00e1guldva \u00e9rkezik munk\u00e1b\u00f3l, m\u00e1r rajta a parti \u00f6lt\u00f6z\u00e9ke. Tov\u00e1bb a r\u00e9ms\u00e9ges multihoz, felt\u00f6lteni az \u00e9lelmiszerk\u00e9szleteket, innen benzink\u00fat-matricav\u00e1s\u00e1rl\u00e1s, \u00e9s ir\u00e1ny az aut\u00f3p\u00e1lya.<br \/>M\u00e1r s\u00ednen vagyunk, gondolom. Mint kider\u00fcl k\u00e9s\u0151bb ez kor\u00e1nt sem igaz. A viharos sz\u00e9l cib\u00e1lja a hatalmas b\u00e1lna testet, kapaszkodom a korm\u00e1nyba, \u00e9s azon filozof\u00e1lok, mi\u00e9rt mindig akkor van viharos sz\u00e9l, amikor egy ekkora j\u00e1rm\u0171vel v\u00e1gunk a vil\u00e1gnak? Tavaly Linz-ig majd kiszakadt a karom.<br \/>Id\u00e9n is ez v\u00e1r r\u00e1nk?<br \/>Imi Dzsesszik\u00e1val bar\u00e1tkozik. A n\u00e9mber minden \u00e1ron Innsbruck fel\u00e9 akar terelni minket. Mivel \u00e9n alapb\u00f3l szkeptikus \u00e9s hitetlen vagyok vele szemben, kitartok abbeli \u00e1ll\u00e1spontom mellett, hogy M\u00fcnchen fel\u00e9 menj\u00fcnk. A j\u00f3zan eszem \u00e9s k\u00e9t \u00fatvonal tervez\u0151 is ebben er\u0151s\u00edtett meg. N\u00e9mi k\u00e9perny\u0151 nyomogat\u00e1s ut\u00e1n f\u00e9ny der\u00fcl a turpiss\u00e1gra. A dr\u00e1ga kis navig\u00e1tor nem ismeri N\u00e9metorsz\u00e1got, a D\u00e9 az D\u00e9 mondja Imi, \u00e9jf\u00e9lkor a k\u00e9t D\u00e9 olyan hasonl\u00f3, \u00edgy van D\u00e1ni\u00e1nk, viszont nincs N\u00e9met f\u00f6ld\u00fcnk. Marad az \u00e1ltalam jobban d\u00edjazott verzi\u00f3, M\u00fcnchen-ig k\u00e9zzel, Sv\u00e1jcba pedig navig\u00e1ci\u00f3s t\u00e1mogat\u00e1ssal menj\u00fcnk.<\/p>\n<p>Az esti t\u00e1borunk Mondesee lesz, mint tavaly Villinge fel\u0151l. Szeretj\u00fck ezt a k\u00fcl\u00f6n\u00f6s helyet, egy t\u00f3 a hegyek k\u00f6z\u00e9 szor\u00edtva. Hamar elalszunk, majd kopog\u00f3 es\u0151cseppekre \u00e9s indul\u00f3 kamion csord\u00e1k zaj\u00e1ra \u00e9bred\u00fcnk. Havas es\u0151, h\u00f3vihar, hideg sz\u00e9l. Szedj\u00fck gyorsan a s\u00e1torf\u00e1nkat, k\u00f6zben vet\u00fcnk m\u00e9g egy utols\u00f3 pillant\u00e1st k\u00f6dbe vesz\u0151 hegyek fel\u00e9. A reggelit k\u00e9s\u0151bbre tervezz\u00fck.<\/p>\n<p>Has\u00edtunk a p\u00e1ly\u00e1n, hirtelen el\u00e9nk v\u00e1g egy k\u00e9tantenn\u00e1s bmw, \u00e9s az oldalablakon \u00e1t azonnal kiemelkedik egy piros t\u00e1rcsa. M\u00e1r sorolunk is a parkol\u00f3 fel\u00e9. Zoli gyomra a homlok\u00e1hoz tapad. P\u00e1r k\u00e9rd\u00e9s \u00e9s az iratok begy\u0171jt\u00e9se k\u00f6vetkezik az aut\u00f3p\u00e1lya rend\u0151rs\u00e9g \u00e1ltal. Izzadunk. Nincs piszkos \u00fcgylet\u00fcnk, nem s\u00e1ntik\u00e1lunk rosszban, \u00e9s m\u00e9gis neh\u00e9z pillanatokat \u00e9l\u00fcnk \u00e1t. Az iratok vissza\u00e9rkeznek, Zoli sz\u00edvritmusa is lassan normaliz\u00e1l\u00f3dik. Gyer\u00fcnk tov\u00e1bb!<\/p>\n<p>Meglepet\u00e9s 7.0<\/p>\n<p>Csendesen mered\u00fcnk a sz\u00e9lv\u00e9d\u0151n \u00e1t a fogyni nem akar\u00f3 m\u00fcncheni k\u00f6rgy\u0171r\u0171 aszfalt k\u00edgy\u00f3ja. Lassan tankolni kellene. Ha a lehajt\u00f3nk meglesz, t\u00f6lt\u00fcnk. Se lehajt\u00f3, se k\u00fat. Az \u00fczemanyag szint mutat\u00f3ja v\u00e9szesen lapul, az id\u0151 szinte meg\u00e1ll. Most m\u00e1r nagyon tankolni kellene! El\u00e9rkez\u00fcnk a lehajt\u00f3hoz,\u00e9s lelki szemeim el\u0151tt felbukkan a t\u00f6lt\u0151 \u00e1llom\u00e1s. De csak ott, a realit\u00e1s eg\u00e9szen m\u00e1s. Egyre lassabban, k\u00edm\u00e9letesebben hajtjuk Vikit, nyugtatgatom \u0151t is, de legink\u00e1bb magamat. Nem akarok kamionokat stoppolni, futnak \u00e1t a v\u00e9szterhes gondolatok agyamon. Azt\u00e1n Viki r\u00e1ndul egyet, \u00e9s kigurulunk a le\u00e1ll\u00f3 s\u00e1vra. Csend. Csak a v\u00e9szvillog\u00f3 rel\u00e9je kattog.<\/p>\n<p>K\u00f6tj\u00fck a cip\u0151f\u0171z\u0151ket, \u00e9s magunkra \u00f6ltj\u00fck Imivel az uv mell\u00e9nyeket, Zoli \u0151rzi a h\u00e1zat. A k\u00e9t z\u00f6ld mell\u00e9nyes halad a nem messze villog\u00f3 narancs j\u00e1rm\u0171 fel\u00e9 &#8211; de ebben nincs ember. H\u00e1t akkor tov\u00e1bb ir\u00e1ny\u00edtjuk l\u00e9pteinket a legk\u00f6zelebbi fel\u00fclj\u00e1r\u00f3 ir\u00e1ny\u00e1ba, rem\u00e9nykedve, h\u00e1tha egy benzink\u00fat, vagy egy telep\u00fcl\u00e9s bukkan ott fel. Kis falucska fogad minket, az \u00e9ppen egy udvarb\u00f3l kitolat\u00f3 post\u00e1s furgont stoppolom le. A post\u00e1sh\u00f6lgy azonnal a az ajt\u00f3ban \u00e1lldog\u00e1l\u00f3 h\u00e1zigazda fel\u00e9 terel. Dujuszp\u00edk&#8230;..<br \/>V\u00e9gig sem tudom mondani, az \u00far egy asszonyk\u00e1t ker\u00edt el\u0151, majd \u0151 besz\u00e9l vel\u00fcnk. Elpanaszoljuk a t\u00f6rt\u00e9nteket, \u00e9s pr\u00f3b\u00e1ljuk megtudni, hol a legk\u00f6zelebbi k\u00fat. Mind kider\u00fcl, mind\u00f6ssze 5 km. \u00c9ppen arra gondolok micsoda kis t\u00fara lesz, de k\u00f6zben csal\u00e1di kupaktan\u00e1cs j\u00f6n l\u00e9tre az eset felett. Majd a h\u00f6lgy kocsi kulcsot lobogtatva, m\u00e1r kab\u00e1tban tuszkol minket a kocsij\u00e1ba. Sz\u00e1guldunk a dombokon, falvakon \u00e1t. H\u00e1t ez hossz\u00fa s\u00e9ta lett volna. kann\u00e1t \u00e9s g\u00e1zolajat vesz\u00fcnk, ez a tov\u00e1bbjut\u00e1s z\u00e1loga. \u0151rangyalunk visszavisz minket a fel\u00fclj\u00e1r\u00f3hoz, \u00e9s b\u00facs\u00faz\u00e1skor k\u00e9tszer is a lelk\u00fcnkre k\u00f6ti, nem m\u00e1sszunk le a fel\u00fclj\u00e1r\u00f3r\u00f3l, hanem az \u00faton menj\u00fcnk le. K\u00f6zeled\u00fcnk a hiperrendezett vil\u00e1g fel\u00e9.<\/div>\n<div><\/p>\n<div style=\"text-align: center;\"><img decoding=\"async\" src=\"letoltes\/42\/2011.04.12-18_magglingen_0576.jpg\"><\/div>\n<p><br style=\"font-style: italic;\"><span style=\"font-style: italic;\">(Kis kit\u00e9r\u0151k z\u00e1r\u00f3jelben)<\/span><br style=\"font-style: italic;\"><span style=\"font-style: italic;\">&#8211; Az els\u0151 ember seg\u00edtett! A vil\u00e1g m\u00e9g nem veszett el teljesen.<\/span><br style=\"font-style: italic;\"><span style=\"font-style: italic;\">&#8211; Kezemben a g\u00e1zolajos kann\u00e1val baktatok Viki fel\u00e9, motoszk\u00e1l a fejemben, amit Imi mondott a<\/span><br style=\"font-style: italic;\"><span style=\"font-style: italic;\">f\u00e9szbukr\u00f3l, egy k\u00e9rd\u00e9s kik\u00edv\u00e1nkozik bel\u0151lem:<\/span><br style=\"font-style: italic;\"><span style=\"font-style: italic;\">&#8211; Tal\u00e1n m\u00e1r tudj\u00e1k otthon, hogy elakadtunk?<\/span><br style=\"font-style: italic;\"><span style=\"font-style: italic;\">&#8211; M\u00e1r azt is, hogy megoldottuk. &#8211; kapom a v\u00e1laszt. Ez m\u00e1r sokkol. Arra gondolok, ak\u00e1r egyenes ad\u00e1sban megd\u00f6g\u00f6lhetek a vil\u00e1g m\u00e1sik v\u00e9g\u00e9n, \u00e9s a kedves-netes ismer\u0151seim \u00f6lbe tett k\u00e9zzel n\u00e9zhetik v\u00e9gigezt a technika j\u00f3volt\u00e1b\u00f3l. Mi ez? Vagy nem kell ezen csod\u00e1lkoznom egy olyan korban, amikor h\u00e1bor\u00fakat lehet n\u00e9zni egyenes ad\u00e1sban?<\/span><\/p>\n<p>Meglepet\u00e9s 8.0<\/p>\n<p>T\u00f6lt\u00e9s, ind\u00edt\u00e1s. Hurr\u00e1! V\u00e9gre tov\u00e1bb mehet\u00fcnk, 1 \u00f3ra vesztes\u00e9g. Most m\u00e1r no stressz, csak 10 km a legk\u00f6zelebbi t\u00f6lt\u0151\u00e1llom\u00e1s. De mi\u00e9rt vil\u00e1g\u00edt az a ki..`][\u00b0\/%((F&#8364;|\u00f0#r@..-t s\u00e1rga l\u00e1mpa a m\u0171szerfalon?<br \/>Ok\u00e9, majd a k\u00fatn\u00e1l megn\u00e9zz\u00fck. \u00dagy l\u00e1tszik, az izgalmak nem t\u0171nhetnek el csak \u00fagy. Felt\u0171nik v\u00e9gre a k\u00fat. Am\u00edg v\u00e1rjuk a sorunkat &#8217;resetelek&#8217; Vikin. De a l\u00e1mpa nem huny ki. Nam\u00e9gegyszer! Kezdek k\u00e9ts\u00e9gbe esni. T\u00f6lt\u00fcnk, fizet\u00fcnk, leparkolunk. J\u00e9\u00e9, a l\u00e1mpa nem \u00e9g. Huhhh! Stresszold\u00e1sk\u00e9nt reggelit rendel\u00fcnk el, az id\u0151: 11.37.<\/p>\n<p>Tov\u00e1bb! Most m\u00e1r ir\u00e1ny Sv\u00e1jc! De el\u0151tte m\u00e9g p\u00e1r km. Ausztria \u00fajra. Dzzssesszzika terelget minket ide-oda, mi\u00f3ta olyan ter\u00fcletre \u00e9rkezt\u00fcnk, ami sz\u00e1m\u00e1ra nem l\u00e9tezik. A semmiben haladunk, m\u00e9gis csak igaza lehetett p\u00e1r gondolkod\u00f3nak a k\u00f6z\u00e9pkorban, a f\u00f6ld lapos korong alak\u00fa, \u00e9s vannak a t\u00e9rk\u00e9peken nem l\u00e9tez\u0151 ter\u00fcletek. Na, mi is egy ilyenen v\u00e1ndorolunk \u00e9ppen, a semmiben. Ennek ellen\u00e9re m\u00e9giscsak felbukkan a sv\u00e1jci hat\u00e1r\u00e1llom\u00e1s. Katona, csend\u0151r \u00e1ll a b\u00e9k\u00e9sen h\u00f6mp\u00f6lyg\u0151 forgalom sz\u00e9l\u00e9n. M\u00e9g sz\u00e1mozott busz is j\u00f6n utasokkal, meg\u00e1ll\u00f3ja mindk\u00e9t oldalon van. Senki sem \u00e1ll meg, csak minket intenek f\u00e9lre. H\u00e1t ez nagyon j\u00f3!! Megint stressz. Valahogy az \u00e9n igazolv\u00e1nyom lemarad, \u00e9s ez egy kis bonyodalmat okoz, Zolinak pedig eg\u00e9rutat. Vegyenek matric\u00e1t! &nbsp;&#8211; j\u00f6n a felsz\u00f3l\u00edt\u00e1s. Bel\u00e9p\u00fcnk, hurr\u00e1! Hegyek, r\u00e9tek k\u00f6z\u00f6tt haladunk tov\u00e1bb. Tal\u00e1n Szilveszter most sz\u00e1llhat a g\u00e9p\u00e9re. K\u00f6zel\u00edt a magyar kommand\u00f3, amelyik est\u00e9re tervezi er\u0151i egyes\u00edt\u00e9s\u00e9t. Megegyez\u00fcnk, hogy az els\u0151 bevet\u00e9s a zuhanyz\u00f3 elfoglal\u00e1sa lesz.<\/p><\/div>\n<div><\/p>\n<div style=\"text-align: center;\"><img decoding=\"async\" src=\"letoltes\/42\/akcioterv_kicsi.jpg\"><\/div>\n<p>Fel a szerpentinen, fel, \u00e9s felt\u00e1rul a csod\u00e1s panor\u00e1ma, ez Magglingen. A t\u00e1volban havas hegycs\u00facsok, alattunk v\u00e1rosok, t\u00e1j; olyan, mint egy leter\u00edtett t\u00e9rk\u00e9p. Beparkolunk a terem mell\u00e9, \u00e9s m\u00e1r l\u00e1tjuk hol lesz a tany\u00e1nk erre a p\u00e1r napra. Lassacsk\u00e1n felbukkannak az els\u0151 ismer\u0151s arcok, k\u00e9zfog\u00e1sok, k\u00f6sz\u00f6n\u00e9sek k\u00f6vetkeznek. K\u00f6rbe s\u00e9t\u00e1ljuk a helyet, gy\u00f6ny\u00f6rk\u00f6d\u00fcnk, \u00e9s f\u00e1zunk, de legal\u00e1bb itt m\u00e1r nincs sz\u00e9lvihar, a nap is kis\u00fct n\u00e9ha. Krist\u00e1lytiszta leveg\u0151. Lemegy\u00fcnk regisztr\u00e1lni.<\/p>\n<p>Meglepet\u00e9s 9.0<\/p>\n<p>J\u00f3 lenne m\u00e1r egy bel\u00e9p\u0151 k\u00e1rtya, hiszen itt minden azzal m\u0171k\u00f6dik, arr\u00f3l nem is besz\u00e9lve, hogy most m\u00e1r \u00f6r\u00f6mmel bevenn\u00e9nk a f\u00fcrd\u0151t. \u00c1llunk a regisztr\u00e1ci\u00f3s pontn\u00e1l, soroljuk neveinket, keress\u00fck a felakasztott k\u00e1rty\u00e1kat. Ishid\u00f3 sensei-\u00e9t hamar meglelj\u00fck, de a mi\u00e9nket nem. Imi nincs a list\u00e1n, \u00e9s k\u00e1rty\u00e1ja persze egyik\u00fcnknek sem. Nagyszer\u0171! Az eddig t\u00f6rt\u00e9ntek ut\u00e1n szinte csod\u00e1lkozn\u00e1nk, ha sim\u00e1n menn\u00e9nek a dolgok. M\u00e9g el sem kezd\u0151d\u00f6tt a szemin\u00e1rium, de m\u00e1r szinte ig\u00e9nyelni kezdj\u00fck a z\u0171r\u00f6s dolgokat. \u00c9ljen a k\u00e1osz! Itt sz\u00fcletik meg az \u00fat neve is: RANAI. Esz\u00fcnk, s\u00e9t\u00e1lunk, \u00e9s indulunk a negyedik\u00e9rt a vas\u00fat\u00e1llom\u00e1sra. Legurulunk Vikivel a hegyr\u0151l Biel-be, k\u00f6zben \u00fcv\u00f6lt a Anna &amp; Barbies &#8217;Gy\u00e1va forradalm\u00e1r&#8217; c\u00edmdala. Itt v\u00e9gleg \u00f6sszeforr a zene \u00e9s az \u00fat hangulata.<\/p>\n<p>\u00d6ssze-vissza helyezked\u00fcnk a parkol\u00f3ban, mert term\u00e9szetesen most \u00e9s egyszerre akar indulni mindenki, m\u00e1r \u00e9ppen any\u00e1zni kezden\u00e9nk, amikor Imi felvet egy gondolatot: &#8211; Tal\u00e1n bej\u00f6hetett egy vonat. \u00c9s t\u00e9nyleg a kij\u00e1raton \u00f6mlenek ki az utasok, felt\u0171nik k\u00f6zt\u00fck egy sportosra ny\u00edrt ismer\u0151s fej.<br \/>Itt van Fabr\u00edszi\u00f3\u00f3! Vissza, megint fel a hegyre a szerpentinen, \u00e9rintj\u00fck a csap n\u00e9lk\u00fcli benzinkutat, ahonnan tudjuk, hogy nem v\u00e9telez\u00fcnk vizet, persze most is az antiforradalm\u00e1r z\u00fag. A frissen csatlakozott Szilveszter m\u00e9g nincs a mi frekvenci\u00e1nkon, de sebaj, ennek felsz\u00e1mol\u00e1s\u00e1ra minden eszk\u00f6zt felhaszn\u00e1lunk. Vacsora k\u00f6vetkezik, miut\u00e1n betoljuk Viki far\u00e1t a kiszemelt helyre. Ez lesz az \u00e1llom\u00e1shely\u00fcnk most m\u00e1r v\u00e9gleg, a k\u00f6vetkez\u0151 napokban. Nyomorult kartondobozok rejt\u0151znek az asztal alatt, v\u00e9gzet\u00fck az ajt\u00f3hoz csapja \u0151ket. Ez m\u00e9g k\u00e9s\u0151bb j\u00f3l j\u00f6n, amikor vacsora k\u00f6zben a szeletel\u00e9sre haszn\u00e1lt dob\u00f3k\u00e9sek eredeti funkci\u00f3jukra v\u00e1ltanak v\u00e1ratlanul. Bele is gondolunk, mi lehet, ha net\u00e1n egy ismer\u0151s benyit \u00fcdv\u00f6z\u00f6lni minket.<\/p>\n<\/div>\n<div style=\"text-align: right;\">Mosolyg\u00f3 arany&nbsp;<br \/>arc k\u00eds\u00e9ri haza az<br \/>\u00daton j\u00e1r\u00f3kat.<\/div>\n<div style=\"text-align: right;\"><i><br \/>H\u00e1bermajer G\u00e1bor<\/i><\/div>\n<hr>\n<div><a name=\"svajc\"><\/a><b>Sv\u00e1jc<\/b><\/div>\n<div>&#8211; Tudjuk, hogy \u00f6n t\u00f6bb alkalommal let\u00e9rt a turist\u00e1knak kijel\u00f6lt \u00fatr\u00f3l, azokra mer\u0151legesen k\u00f6zlekedett az erd\u0151ben!<\/div>\n<div>&#8211; Mer\u0151legesen.. Hogy itt.. Igen, egy id\u0151 ut\u00e1n elegem lett a villanyp\u00e1sztorokkal, a sz\u00f6gesdr\u00f3tokkal hat\u00e1rolt r\u00e9szekb\u0151l, szabadon szerettem volna barangolni, eggy\u00e9 v\u00e1lni a f\u00e1kkal, \u00e1llatokkal..<\/div>\n<div>&#8211; Hogy \u00e9rti azt, hogy szabadon?<\/div>\n<div>(&#8230;)<\/div>\n<div>&#8211; \u00d6n t\u00f6bb alkalommal is szem\u00e9rems\u00e9rt\u00e9st k\u00f6vetett el!<\/div>\n<div>&#8211; M\u00e9g \u00f6n\u00f6kn\u00e9l sincs az erd\u0151ben nyilv\u00e1nos illemhely..<\/div>\n<div>(&#8230;)<\/div>\n<div>&#8211; Tudjuk, hogy mindig ilyen helyre v\u00e1gyott! Biel sz\u00e9p kis v\u00e1ros, t\u00f3val, kik\u00f6t\u0151kkel, rendezett k\u00f6zter\u00fcletekkel, sz\u00e9p h\u00e1zakkal, sok parkol\u00f3hellyel, s\u00e9t\u00e1l\u00f3utc\u00e1kkal, friss leveg\u0151vel, sok ker\u00e9kp\u00e1rral! L\u00e1thatta a nyitott gar\u00e1zsajt\u00f3kat \u00e9s aut\u00f3kat &#8211; itt kiv\u00e1l\u00f3 a k\u00f6zbiztons\u00e1g! J\u00f3l\u00e9t van, polg\u00e1raink el\u00e9gedettek, sokat sportolnak,&nbsp;tisztes \u00f6regkort \u00e9rnek meg,&nbsp;a f\u0171 pedig mindenhol 1 cm-es!<\/div>\n<div>&#8211; Igen. Sz\u00e9p. Egy id\u0151 ut\u00e1n m\u00e9gis zavar\u00f3 a v\u00e1ros rendezetts\u00e9ge, hib\u00e1tlans\u00e1ga..azaz m\u00e9gsem. L\u00e1ttam szemetet, l\u00e1ttam, ahogyan egy aut\u00f3 \u00e1thajt a piros jelz\u00e9sen, l\u00e1ttam graffitiket!<\/div>\n<div>&#8211; Ezek csak a turist\u00e1k lehettek! Itt minden t\u00f6k\u00e9letes!<\/div>\n<div>&#8211; T\u00f6k\u00e9letes hely nincs. Kev\u00e9s mosolyg\u00f3 vagy nevet\u0151 embert l\u00e1ttam&#8230;hi\u00e1nyzik a t\u0171z, az \u00e9let&#8230;r\u00e1ad\u00e1sul az \u00f6n\u00f6k orsz\u00e1g\u00e1ban nincs helye az evol\u00faci\u00f3nak, hal\u00e1lra \u00edt\u00e9lt\u00e9k a v\u00e1ltozatoss\u00e1got!<\/div>\n<div>(&#8230;)<\/div>\n<div>&#8211; Ha \u00f6n ilyen \u00e9les szem\u0171, megengedj\u00fck, hogy itt \u00e9ljen. Seg\u00edtsen felt\u00e1rni, \u00e9s kijav\u00edtani a hib\u00e1kat. Aj\u00e1nlunk mindez\u00e9rt havonta 2 milli\u00f3 Ft. juttat\u00e1st! Csak meg kell tanulni a nyelv\u00fcnket.<\/div>\n<div>&#8211; Melyiket..?<\/div>\n<div>(&#8230;)<\/div>\n<div>&#8211; Nos?<\/div>\n<div>&#8211; Mi nem vagyunk gazdagok, \u00e9s ennyire val\u00f3sz\u00edn\u0171leg ig\u00e9nyesek sem. Sok probl\u00e9m\u00e1t kell megoldanunk, de tal\u00e1l\u00e9konyak vagyunk&#8230;\u00e9s Szabadok.<\/div>\n<div>&#8211; Mit \u00e9rt azon, hogy szabadok? Bizonyos keretek k\u00f6z\u00f6tt mi is szabadok vagyunk! \u00c9s nem \u00e9ri meg lemondani eme szabads\u00e1gr\u00f3l a sok j\u00f3\u00e9rt..?<\/div>\n<div>&#8211; K\u00f6sz\u00f6n\u00f6m maradok. Itt a Haz\u00e1m. \u00c9s itt a legszebbek a n\u0151k!<\/div>\n<div>&#8211; ..honnan is \u00e9rkezett..?<\/div>\n<div><\/p>\n<div style=\"text-align: center; font-weight: bold; \"><b><b><span class=\"Apple-style-span\" style=\"font-weight: normal;\"><img decoding=\"async\" src=\"http:\/\/shinbukan.hu\/letoltes\/42\/2011.04.12-18_magglingen_x_0880.jpg\"><\/span><\/p>\n<div style=\"text-align: right;\"><\/div>\n<p><\/b><\/b><\/div>\n<\/div>\n<div>\n<div style=\"text-align: right;\"><b><span class=\"Apple-style-span\" style=\"font-weight: normal; \"><i>Szilva Imre<\/i><\/span><\/b><\/div>\n<hr>\n<\/div>\n<p><a name=\"viktoria_1\"><\/a><b>Vikt\u00f3ria<\/b><b>&nbsp;(jegyz\u0151k\u00f6nyv r\u00e9szlet, 1)<\/b><\/p>\n<p><span>&#8211; Mikor \u00e9s hol tal\u00e1lkozott el\u0151sz\u00f6r Vikt\u00f3ri\u00e1val?<\/span><br \/><span>&#8211; 2011. \u00e1prilis 12-\u00e9n 16 \u00f3rakor l\u00e1ttam el\u0151sz\u00f6r, a fi\u00fak hozt\u00e1k a h\u00e1z el\u00e9, amelyben lakom.<\/span><br \/><span>&#8211; A fi\u00fak alatt H\u00e1bermajer G\u00e1bort \u00e9s Koz\u00e1r Zolt\u00e1nt \u00e9rti?<\/span><br \/><span> &#8211; Ezt \u00e9rtem. (?)<\/span><br \/><span>&#8211; Mi volt a v\u00e9lem\u00e9nye ekkor Vikt\u00f3ri\u00e1r\u00f3l?<\/span><br \/><span>&#8211; El\u0151zetesen azt az inform\u00e1ci\u00f3t kaptam r\u00f3la, hogy nagy a mindig feh\u00e9rben van \u00e9s nagy feneke (Tiltakozom!- Helyt adok! Folytassa!).<\/span><br \/><span>A fenek\u00e9t (&#8211; most akkor kimondhatom, hogy feneke vagy nem? &#8211; Mondja!) nem l\u00e1ttam, viszont a gyomra..az \u00f6sszes n\u00e1lam l\u00e9v\u0151 \u00e9lelmet elnyelte! (- Tiltakozom! &#8211; Folytassa!)<\/span><br \/><span> &#8211; Mikor ker\u00fclt k\u00f6zelebbi kapcsolatba Vikt\u00f3ri\u00e1val?<\/span><br \/><span>&#8211; Amikor r\u00e1m ker\u00fclt a sor. G\u00e1bor elf\u00e1radt \u00e9n pr\u00f3b\u00e1lkoztam.<\/span><br \/><span>&#8211; Hol?<\/span><br \/><span>&#8211; Egy parkol\u00f3ban.<\/span><br \/><span>&#8211; Hogyan pr\u00f3b\u00e1lkozott? Az els\u0151 \u00e9rint\u00e9sre azt hittem kiugrik al\u00f3lam, de ut\u00e1na finoman a l\u00e1bammal ( &#8211; A l\u00e1b\u00e1val??? &#8211; Igen) egyenletesen gyorsul\u00f3 mozg\u00e1sra \u00f6szt\u00f6n\u00f6ztem.<\/span><br \/><span> &#8211; Mell\u0151zz\u00fck a fizik\u00e1t! Mi t\u00f6rt\u00e9nt ezut\u00e1n?<\/span><br \/><span>&#8211; Sensei figyelmeztetett (- Sensei alatt H\u00e1bermajer G\u00e1bort \u00e9rti? -\u0151t \u00e9rtem.), hogy nem lesz annyira fiatalos, mint amihez \u00e9n vagyok szokva (- Na de k\u00e9rem! &#8211; Ne folytassam? -De), de ezt azonnal megc\u00e1foltam, Vikt\u00f3ria mint egy t\u00fczes csik\u00f3 egye magasabb hangot adva ki mag\u00e1b\u00f3l mozg\u00e1sba lend\u00fclt.<\/span><br \/><span> &#8211; \u00c9s?<\/span><br \/><span>&#8211; \u00c9s Sensei ekkor figyelmeztetett, hogy visszafel\u00e9 is sz\u00fcks\u00e9g\u00fcnk lesz r\u00e1, ne hajtsam t\u00fal.<\/span><br \/><span>&#8211; Sz\u00fcnetet rendelek el!<\/span><br \/><span>(&#8230;)<\/span><br \/><span>&#8211; Mi volt a c\u00e9ljuk?<\/span><br \/><span>&#8211; \u00datic\u00e9lunk n\u00e9gy orsz\u00e1gon \u00e9s n\u00e9gy \u00e9vszakon \u00e1t vezetett.<\/span><br \/><span>&#8211; Hogy \u00e9rti azt, hogy n\u00e9gy \u00e9vszak?<\/span><br \/><span> &#8211; Tavasz, ny\u00e1r, \u0151sz..<\/span><br \/><span>&#8211; Nem ezt k\u00e9rdeztem, befoly\u00e1solt\u00e1k az id\u0151j\u00e1r\u00e1st?<\/span><br \/><span>&#8211; Nem&#8221; foly\u00e1soltuk be&#8221;, mi csak j\u00e1rtunk, mik\u00f6zben az id\u0151 telt&#8230;<\/span><br \/><span>(&#8230;)<\/span><br \/><span>&#8211; Mi volt a terv\u00fck Vikt\u00f3ri\u00e1val? <\/span><br \/><span>&#8211; Mi csak haszn\u00e1lni akartuk. Fizett\u00fcnk \u00e9rte erre a h\u00e9tre..<\/span><br \/><span> &#8211; Fizettek..?<\/span><br \/><span>(&#8230;)<\/span><br \/><span>&#8211; Hogyan lehets\u00e9ges, hogy h\u00e1rman indultak \u00fatnak, \u00e9s n\u00e9gyen j\u00f6ttek vissza?<\/span><br \/><span>&#8211; Szilveszter rep\u00fclt, \u00e9s kiment\u00fcnk \u00e9rte Vikivel a vas\u00fat\u00e1llom\u00e1sra, mik\u00f6zben Anna \u00e9nekelt.<\/span><br \/><span>&#8211; ????? Rep\u00fcl\u0151 az \u00e1llom\u00e1son? Teljesen h\u00fcly\u00e9nek n\u00e9z? \u00c9s ki az Anna? Sz\u00f3val nem csak n\u00e9gyen voltak? Volt m\u00e9g t\u00f6bb n\u0151!<\/span><br \/><span> &#8211; Anna \u00e9s a barbik. De a barbik fi\u00fak&#8230; \u0151k \u00e9nekeltek. De csak felv\u00e9telr\u0151l.<\/span><br \/><span>&#8211; Pontosan ezt k\u00e9rdezem! Hol vett\u00e9k fel \u0151ket?<\/p>\n<p><\/span><\/p>\n<div style=\"text-align: center;\"><b><img decoding=\"async\" src=\"letoltes\/42\/2011.04.12-18_magglingen_0564.jpg\"><\/b><\/div>\n<div style=\"text-align: right; \"><i><br \/>Szilva Imre<\/i><\/div>\n<hr style=\"width: 100%; height: 2px; font-weight: bold; \"><b style=\"font-weight: bold; \"><a name=\"viktoria_2\"><\/a><br \/>Vikt\u00f3ria (jegyz\u0151k\u00f6nyv r\u00e9szlet, 2)<br \/><\/b><b><br \/><\/b>&#8230; <\/p>\n<div>-H\u00e1rman indultak az \u00fatnak<\/div>\n<div>-N\u00e9gyen<\/div>\n<div>-N\u00e9gyen? A n\u00e9met aut\u00f3p\u00e1lya rend\u0151rs\u00e9g jelent\u00e9se szerint csak h\u00e1rman tart\u00f3zkodtak Vikt\u00f3ri\u00e1n.<\/div>\n<div>-Igen, Szyszy rep\u00fcl\u0151vel j\u00f6tt.<\/div>\n<div>-Erre m\u00e9g visszat\u00e9r\u00fcnk. Teh\u00e1t h\u00e1rman utaztak Vikt\u00f3ri\u00e1val?<\/div>\n<div>-Igen \u00e9s minden rendben ment az els\u0151 napon.<\/div>\n<div>-Az els\u0151 napon? Mi\u00e9rt a t\u00f6bbin mi t\u00f6rt\u00e9nt?<\/div>\n<div>-\u00d6\u00f6\u00f6..h\u00e1t semmi, minden rendben volt&#8230;<\/div>\n<div>-Mit \u00e9rt az alatt hogy rendben volt?<\/div>\n<div>-\u00d6\u00f6\u00f6&#8230;h\u00e1t Viki gurult a pap\u00edrjaink mind meg voltak \u00e9s Szyszy is j\u00f6tt ut\u00e1nunk.<\/div>\n<div>-Pap\u00edrok?<\/div>\n<div>-Igen, a n\u00e9met aut\u00f3p\u00e1lya rend\u0151r\u00f6k is megn\u00e9zt\u00e9k \u00e9s a Sv\u00e1jci hat\u00e1r\u0151rs\u00e9g is.<\/div>\n<div>-\u00c9s?<\/div>\n<div>-\u00c9s? Semmi, mondtam m\u00e1r hogy minden rendben volt.<\/div>\n<div>-Mit tervez a k\u00f6vetkez\u0151 napokban?<\/div>\n<div>-Jo-zok, Iaido-zok egy kis munka \u00e9s csin\u00e1ltatok \u00faj igazolv\u00e1nyt.<\/div>\n<div>-Igazolv\u00e1nyt?<\/div>\n<div>-Igen<\/div>\n<div>-Mi\u00e9rt?<\/div>\n<div>-Mert lej\u00e1r.<\/div>\n<div>-Lej\u00e1r?<\/div>\n<div>-Igen<\/div>\n<div>-Lej\u00e1rt?<\/div>\n<div>-Igen, vagyis nem csak le fog j\u00e1rni.<\/div>\n<div>-\u00c9rtem.<\/div>\n<div>&#8230;<\/div>\n<div>-Maguk illet\u00e9ktelen\u00fcl haszn\u00e1ltak&nbsp;megk\u00fcl\u00f6nb\u00f6ztet\u0151 hangjelz\u00e9st t\u00f6bbsz\u00f6r is az \u00fatjuk sor\u00e1n?<\/div>\n<div>-Mi?<\/div>\n<div>-Igen!<\/div>\n<div>-De h\u00e1t mi nem is..<\/div>\n<div>-Ne hazudjon, bizony\u00edt\u00e9kunk van!<\/div>\n<div>-De, az csak a riaszt\u00f3 volt!<\/div>\n<div>-Riaszt\u00f3?<\/div>\n<div>-Igen.<\/div>\n<div>-\u00c9jszaka, napk\u00f6zben minek kapcsolt\u00e1k be t\u00f6bb tucat alkalommal a riaszt\u00f3t?<\/div>\n<div>-Nem kapcsoltuk be.<\/div>\n<div>-Benne \u00fcltek a kocsiban \u00e9s nem kapcsolt\u00e1k be?<\/div>\n<div>-Nem<\/div>\n<div>-Akkor?<\/div>\n<div>-Akkor, mi?<\/div>\n<div>-Mi\u00e9rt haszn\u00e1ltak megk\u00fcl\u00f6nb\u00f6ztet\u0151 hangjelz\u00e9st?<\/div>\n<div>-Nem haszn\u00e1ltunk, az csak a riaszt\u00f3..<\/div>\n<div>-A riaszt\u00f3?<\/div>\n<div>-Igen, mag\u00e1t\u00f3l ..<\/div>\n<div>-T\u0151lem?<\/div>\n<div>-Nem, nem \u00d6nt\u0151l hanem a riaszt\u00f3 csak \u00fagy bekapcsolt.<\/div>\n<div>-Mi\u00e9rt nem kapcsolt\u00e1k ki?<\/div>\n<div>-Kikapcsoltuk, de semmi.<\/div>\n<div>-Mi\u00e9rt nem k\u00e9rtek seg\u00edts\u00e9get?<\/div>\n<div>-K\u00e9rt\u00fcnk!<\/div>\n<div>-\u00c9s?<\/div>\n<div>-\u00c9s semmi, nem kaptunk.<\/div>\n<div>\n<div style=\"text-align: right;\"><i>Koz\u00e1r Zolt\u00e1n<\/i><\/div>\n<div style=\"\"><span style=\"font-weight: bold;\"><\/span><\/p>\n<hr style=\"width: 100%; height: 2px;\"><a name=\"2011\/04\/13\/Viki\/SBK\"><\/a><span style=\"font-weight: bold;\">2011\/04\/13\/Viki\/SBK<\/span><br \/>Jegyz\u0151k\u00f6nyv besorol\u00e1sa: Bizalmas \/ titkos\u00edtott<br \/>Akci\u00f3 besorol\u00e1sa: A4\/fekv\u0151 t\u00e1jol\u00e1s<\/p>\n<p>&#8211; L\u00e1ttam a jelent\u00e9s\u00fcket, \u00e9s p\u00e1r dolgot szeretn\u00e9m, ha jobban megvil\u00e1g\u00edtan\u00e1nak.<br \/>&#8211; Igen uram.<br \/>&#8211; Pontosan mikor tudt\u00e1k meg ki a c\u00e9lszem\u00e9ly?<br \/>&#8211; Szerda este, k\u00f6zvetlen\u00fcl miel\u0151tt meg kellett kezdj\u00fck az &#8222;D&#8221; akci\u00f3t.<br \/>&#8211; \u0151, mi ez? igen, mindig el\u0151ker\u00fclnek ezek a karton dobozokkal kapcsolatos k\u00e9rd\u00e9sek, de majd erre m\u00e9g visszat\u00e9r\u00fcnk Na j\u00f3, menj\u00fcnk id\u0151rendben! Mi\u00e9rt v\u00e1lasztott\u00e1k a sportrendezv\u00e9nyt az akci\u00f3 fedez\u00e9s\u00e9re?<br \/>&#8211; Az SBK oszt\u00e1ly utas\u00edt\u00e1s\u00e1ra. \u0151k jutottak ahhoz az inform\u00e1ci\u00f3hoz, hogy a c\u00e9lszem\u00e9ly v\u00e1rhat\u00f3 mozg\u00e1ster\u00e9ben \u00e9s a tervezett id\u0151pontban rendezv\u00e9ny lesz.<br \/>&#8211; \u00c9s mi\u00e9rt pont egy ilyen terjedelmes j\u00e1rm\u0171vet v\u00e1lasztottak? V\u00e1laszthattak volna valami gyorsmozg\u00e1s\u00fa eszk\u00f6zt is. Tele a telephely ilyenekkel.<br \/>&#8211; Nagy volt a felszerel\u00e9s uram. Sz\u00e1mos vari\u00e1ci\u00f3ra kellett k\u00e9szen \u00e1lljunk, \u00e9s mivel az utols\u00f3 pillanatig nem tudtuk melyik lesz a val\u00f3s bevet\u00e9s, el\u00e9g sok f\u00e9le lehet\u0151s\u00e9gre kellett k\u00e9szen \u00e1lljuk. L\u00e9gi t\u00e1mogat\u00e1sra nem sz\u00e1m\u00edthattunk, m\u00e1r Sly szakaszt\u00e1rs helysz\u00ednre juttat\u00e1s\u00e1\u00e9rt is h\u00e1l\u00e1sak kellett legy\u00fcnk a l\u00e9gier\u0151nek.<br \/>&#8211; Mi\u00e9rt bonyol\u00f3dtak N\u00e9met ter\u00fcleten olyan szitu\u00e1ci\u00f3ba, ami nem szerepelt az el\u0151zetes tervek egyik\u00e9ben sem. Nagyfok\u00fa amat\u0151rs\u00e9gre utal az \u00fczemanyag kifogy\u00e1sa. NEMDE!!!<br \/>&#8211; Uram, ez egy \u00e1tgondolt s\u00fcrg\u0151s megold\u00e1s volt a r\u00e9sz\u00fcnkr\u0151l, \u00e9s csak kis m\u00e9rt\u00e9kben kellett a programon m\u00f3dos\u00edtanunk, ellenben nagym\u00e9rt\u00e9kben n\u00f6velt\u00fck az akci\u00f3 biztons\u00e1gos lefut\u00e1s\u00e1nak lehet\u0151s\u00e9g\u00e9t.<br \/>&#8211; MiezabullsittdumaAA???!!<br \/>&#8211; Megvil\u00e1g\u00edtan\u00e1m a r\u00e9szleteket uram. M\u00fcnchen el\u0151tt volt egy el\u00e9g k\u00fcl\u00f6n\u00f6s k\u00f6z\u00fati igazoltat\u00e1s. \u00dagy \u00e9rezt\u00fck, hogy esetleg valamit megszimatoltak a N\u00e9metek \u00e9s \u00edgy f\u00e9rk\u0151znek a k\u00f6zel\u00fcnkbe, esetleg meg akarj\u00e1k b\u00e9n\u00edtani a csoportunkat, ez\u00e9rt dobtuk be ezt az amat\u0151rnek t\u0171n\u0151 dob\u00e1st, \u00e9s bej\u00f6tt.<br \/>&#8211; Maguknak vagy nagyon nagy az arcuk, vagy f\u00e9lidi\u00f3t\u00e1k.<br \/>&#8211; Profik vagyunk uram.<br \/>&#8211; Quss! A m\u0171holdas m\u00e9r\u00e9si eredm\u00e9nyek szerint a sv\u00e1jci hat\u00e1ron er\u0151tejesen megemelkedett a testh\u0151m\u00e9rs\u00e9klet\u00fck. Milyen magyar\u00e1zata van erre els\u0151sorban ZZ-nek?<br \/>&#8211; Bekapcsolva maradt a f\u0171t\u00e9s uram.<br \/>&#8211; \u00dagy \u00e9rtes\u00fcltem H\u00c1-val probl\u00e9m\u00e1k l\u00e9ptek fel az iratok miatt. Pontosan mi t\u00f6rt\u00e9nt?<br \/>&#8211; Magamra vontam a helyi er\u0151k figyelm\u00e9t. Ez alatt ZZnek volt ideje a h\u0171t\u00e9sr\u0151l gondoskodni.<br \/>&#8211; Rendben, haladjunk tov\u00e1bb! Sly csatlakoz\u00e1s\u00e1t megel\u0151z\u0151en a m\u0171holdk\u00e9pek szerint furcs\u00e1n k\u00f6zlekedtek az \u00e1llom\u00e1s k\u00f6r\u00fcl. Mi volt ez pontosan?<br \/>&#8211; Kett\u0151s c\u00e9llal mozogtunk a t\u00e9rs\u00e9gben. Megpr\u00f3b\u00e1ltuk bem\u00e9rni Sly koordin\u00e1t\u00e1it, de zavar volt a kapcsolatban, illetve felm\u00e9rt\u00fck a k\u00f6rny\u00e9ket, nehogy valami megzavarja a negyedik csatlakoz\u00e1s\u00e1t az egys\u00e9ghez.<br \/>&#8211; T\u00e9rj\u00fcnk az akci\u00f3kra. Mi volt az alap parancsukban? Ez volt a &#8222;B&#8221;, ugyeb\u00e1r.<br \/>&#8211; Igen uram &#8222;B&#8221;. E szerint a c\u00e9lter\u00fcletre \u00e9rkez\u00e9s ut\u00e1n el kellett foglaljuk az \u00e1llom\u00e1soz\u00e1si z\u00f3n\u00e1t, majd egy gyors \u00e9s r\u00f6vid felder\u00edt\u00e9s ut\u00e1n a zuhanyz\u00f3 terem elfoglal\u00e1sa volt a c\u00e9l. Persze tov\u00e1bbi konkr\u00e9tumot akkor m\u00e9g nem tudhattunk, csak a helysz\u00ednt.<br \/>&#8211; L\u00e1tom j\u00f3l m\u0171k\u00f6d\u00f6tt a &#8222;D&#8221; tervre \u00e1t\u00e1ll\u00e1s. Egy\u00e9rtelm\u0171 volt az \u00e1t\u00e1ll\u00e1si \u00fczenet?<br \/>&#8211; Igen uram. J\u00f3l m\u0171k\u00f6d\u00f6tt az \u00faj kommunik\u00e1ci\u00f3s csatorna, a telihold m\u00ednusz 1re hangoltunk. \u00cdgy digiten, IP t\u00e1mogat\u00e1ssal szinte kiz\u00e1rhat\u00f3 a t\u00e9ved\u00e9s.<br \/>&#8211; \u00c9s hogy boldogultak az \u00faj rendszer\u0171 k\u00f3dvisszafejt\u00e9ssel? Ez volt az els\u0151 eset, hogy ilyet haszn\u00e1lt egy egys\u00e9g. Volt neh\u00e9zs\u00e9g\u00fck?<br \/>&#8211; Nem uram. Azzal is remek\u00fcl boldogultunk. Siker\u00fclt a paradicsomot \u00e9s a margarinos kenyeret pillanatok alatt redund\u00e1ns inverterr\u00e9 \u00e1thangolni, \u00e9s azonnal let\u00f6lt\u0151d\u00f6tt a friss utas\u00edt\u00e1s.<br \/>&#8211; Mennyi id\u0151 alatt \u00e9rtelmezt\u00e9k?<br \/>&#8211; 2mp.<br \/>&#8211; Ez gyors volt fiuk!<br \/>&#8211; Igen uram, de nem is volt sok id\u0151nk. A riszt\u00f3ra k\u00f3dolt m\u00e1sodlagos koordin\u00e1tak\u00f6zl\u0151 \u00fczenetsor alapj\u00e1n tudtuk, hogy 3 percen bel\u00fcl k\u00f6zel\u00edt a c\u00e9lszem\u00e9ly, ha fogalmazhatok \u00edgy.<br \/>&#8211; Mia a baja a kifejez\u00e9ssel?<br \/>&#8211; H\u00e1t hogy is mondjam? Ez m\u00e9gis csak egy.., &#8230; Kimondhatom uram?<br \/>&#8211; A jegyz\u0151k\u00f6nyv titkos b\u00e1rmit kimondhat, de vegye figyelembe, hogy nem mondhat mindenf\u00e9le baroms\u00e1got. Maguk v\u00e9grehajt\u00f3k, az a feladatuk, hogy&#8230;..<br \/>Sz\u00f3val mindegy a c\u00e9lszem\u00e9ly ki, vagy mi, ha t\u00f6rt\u00e9netesen egy r\u00e9m, akkor az, ez magukat nem kell egy szinten t\u00fal \u00e9rdekelje, de h\u00e1t ezt tudj\u00e1k j\u00f3l, maguk a legjobb embereim. De most m\u00e1r t\u00e9rj\u00fcnk a legfontosabb r\u00e9szre! Hogy ker\u00fclt a k\u00e9pbe a kartondoboz? Ez nem szerepelt az utas\u00edt\u00e1sban, de meg kell mondjam, zseni\u00e1lisan j\u00f6tt ki.<br \/>&#8211; ZZ hozta t\u00e1rol\u00e1si c\u00e9llal, uram, \u00e9s amikor realiz\u00e1ltuk, hogy a r\u00e9m ellen csak csendes eszk\u00f6zt vethet\u00fcnk be, akkor mer\u00fclt fel a karton \u00e9s dob\u00f3k\u00e9s haszn\u00e1lata.<br \/>&#8211; Gyorsak voltak. Nagyon gyorsan reag\u00e1lt\u00e1k le a dolgot. \u0151szint\u00e9n sz\u00f3lva, itt a ZNKR f\u0151csoportn\u00e1l azt gondoltuk els\u0151re nem is boldogulnak majd. Hogy t\u00f6rt\u00e9nt a semleges\u00edt\u00e9s? R\u00e9szleteket k\u00e9rek!<br \/>&#8211; \u00c9lelmiszer szaggal csalogattuk oda, \u00e9s vacsor\u00e1nak \u00e1ll\u00edtottuk be a helyzetet, hangoskodtunk is, mert \u00fagy kaptuk az inform\u00e1ci\u00f3t, ez is vonzza. Majd egyszer csak benyitott. A kilap\u00edtott dobozok r\u00e1d\u0151ltek a mellkas\u00e1ra, m\u00e1r ha azt az igen sz\u0151r\u0151s \u00e9s torz ter\u00fcletet rajta annak lehet nevezni. Ez v\u00e1ratlanul \u00e9rte, \u00e9s lek\u00f6t\u00f6tte a figyelm\u00e9t egy pillanatra. Azonnal cselekedt\u00fcnk. H\u00c1 \u00e9s ZZ dobott, mindkett\u0151 j\u00f3l siker\u00fclt \u00e9s r\u00f6gz\u00edtette a kartont, e k\u00f6zben Sly online tov\u00e1bb\u00edtotta a koordin\u00e1t\u00e1kat \u00e9s k\u00e9szen \u00e1llt sz\u00fcks\u00e9g eset\u00e9n \u00e1tt\u00e9rni m\u00e1s eszk\u00f6zre. K\u00e9szenl\u00e9tben \u00e1llt egy t\u00e1vir\u00e1ny\u00edt\u00f3sokkol\u00f3val, \u00e9s egy kiad\u00f3s adag, forr\u00f3 f\u0171szeres l\u00e9vel, ami lenyomta volna v\u00e9sz eset\u00e9n a r\u00e9met kb. 5-6 mp-re, de erre nem kellett sort ker\u00edteni. Ez alatt sz.i. fedezte a k\u00e9t frontvonalban t\u00e1mad\u00f3t.<br \/>&#8211; Milyen eszk\u00f6z volt n\u00e1la?<br \/>&#8211; Indukt\u00edv r\u00e1z\u00f3s l\u00e1mpa, bambuszr\u00e1cs, aole zsel\u00e9, \u00e9s egy reteknek l\u00e1tsz\u00f3 villan\u00f3gr\u00e1n\u00e1tok. A legvesz\u00e9lyesebb eszk\u00f6z\u00f6k uram, mert nagyon ki\u00e9lezett szitu\u00e1ci\u00f3 volt. Az eg\u00e9sz mintegy 8mp alatt j\u00e1tsz\u00f3dott le.<br \/>&#8211; Kit\u0171n\u0151 akci\u00f3. A tov\u00e1bbi n\u00e9gy napos elterel\u0151 \u00e9s ellen\u0151rz\u0151 m\u0171veleteik is sikeresek voltak. El\u00e9gedett vagyok. Csak ezt a mandul\u00e1s csokol\u00e1d\u00e9 kit\u00e9r\u0151t nem \u00e9rtem. Erre sem volt utas\u00edt\u00e1suk. Mi volt ez a mag\u00e1nakci\u00f3???<br \/>&#8211; Uram, ut\u00f3lag bevallhatjuk, arra sz\u00e1m\u00edtottunk, hogy esetleg az SBK r\u00e9szleg m\u00e9g egy akci\u00f3t r\u00e1nk akaszt hazafel\u00e9 j\u00f6vet. Ez\u00e9rt kellett a beszerz\u00e9s.<br \/>&#8211; Mir\u0151l besz\u00e9l?<br \/>&#8211; Uram, felmer\u00fclt benn\u00fcnk, hogy az akci\u00f3 siker\u00e9n felbuzdulva az Innsbrucki r\u00e9m lecsendes\u00edt\u00e9s\u00e9t is parancsba kapjuk. \u00c9jszakai t\u00e1vcs\u00f6ves megfigyel\u00e9seket is v\u00e9gzett sz.i. , \u00e9s a riaszt\u00f3t is k\u00e9szenl\u00e9tben tartottuk, hogy azonnal bem\u00e9r\u00e9st tudjunk v\u00e9gezni, \u00e9s nehogy felk\u00e9sz\u00fcletlen\u00fcl \u00e9rjen minket az esetleges utas\u00edt\u00e1s.<br \/>&#8211; De mihez kellett a mandul\u00e1s mars?<br \/>&#8211; H\u00e1t nem t\u00e1j\u00e9koztatt\u00e1k \u00f6nt uram? sz.i. a kelenf\u00f6ldi BKV besorol\u00e1s\u00fa laborb\u00f3l szerezte meg az inform\u00e1ci\u00f3t, ez az Innsbrucki r\u00e9m gyeng\u00e9je \u00e9s \u00edgy odavonz\u00e1s\u00e1nak leghat\u00e9konyabb m\u00f3dja.<\/p>\n<div style=\"text-align: right;\"><i>H\u00e1bermajer G\u00e1bor<\/i><\/div>\n<p><span style=\"font-weight: bold; \"><\/span><\/div>\n<hr style=\"width: 100%; height: 2px; font-weight: bold; \"><\/div>\n<p><b><a name=\"hivatalosnak_latszo_utibeszamolo\"><\/a>Hivatalosnak l\u00e1tsz\u00f3 \u00fatibesz\u00e1mol\u00f3<\/b><\/p>\n<div style=\"font-weight: bold; \"><\/div>\n<div>Haza\u00e9rtem. Kipakoltam, mostam, ettem, vissza a ker\u00e9kv\u00e1g\u00e1sba: &nbsp;budapesti leveg\u0151 \u00e9s munka&#8230;<\/div>\n<div>A h\u0171t\u0151ben 3 csoki h\u0171l, Ausztri\u00e1ban tal\u00e1ltam v\u00e9gre mandul\u00e1s mars-ot (igaz, h\u00e1romszoros &#8211; jelen esetben h\u00e1romsz\u00e1z forintos \u00e1ron).<\/div>\n<div>(&#8230;)<\/div>\n<div>A k\u00e9rd\u00e9s ut\u00e1n azonnal jelentkeztem az \u00fatra. Lak\u00f3busz? Sosem vezettem, nem is utaztam benne. Sv\u00e1jc? Csak a lak\u00e1sk\u00f6lcs\u00f6n\u00f6m jut r\u00f3la eszembe (m\u00e1sodsorban meg a bicsk\u00e1m). N\u00e9metorsz\u00e1gon \u00e1t? Nem is j\u00e1rtam m\u00e9g ott (igaz, nem is terveztem). Nagy nemzetk\u00f6zi szemin\u00e1rium? Sosem voltam! Ishido Sensei (8. Dan Iaido Hanshi, 8. Dan Jodo Kyosh) szem\u00e9lyesen? Persze! \u0151t l\u00e1tni szeretn\u00e9m&nbsp;<a href=\"http:\/\/www.youtube.com\/watch?v=E3vgvjYQdUI%20\" target=\"_blank\">\u00e9l\u0151ben<\/a> is!<\/p>\n<\/div>\n<div style=\"text-align: center;\"><img decoding=\"async\" src=\"letoltes\/42\/2011.04.12-18_magglingen_x_0882.jpg\"><\/div>\n<div><\/div>\n<div>\u00c9s bev\u00e1s\u00e1roltam! Egy heti (f\u0151leg) hideg \u00e9lelem! Vittem meleg ruh\u00e1t \u00e9s takar\u00f3t. Budapest Magglingen <a href=\"http:\/\/maps.google.com\/maps?f=d&amp;source=s_d&amp;saddr=1115+Budapest,+Hadak+%C3%BAtja+2,+Magyarorsz%C3%A1g&amp;daddr=Magglingen,+Evilard,+Sv%C3%A1jc&amp;hl=hu&amp;geocode=Fb471AIdaFEiASn1UKYIwN1BRzGP_uzstokLTA%3BFcxPzwId6BluACmVYiaC9huORzEPkybD_n_mfw&amp;mra=ls&amp;sll=7.083472,139.124923&amp;sspn=176.890225,92.109375&amp;ie=UTF8&amp;t=h&amp;z=7g\" target=\"_blank\">1200 kilom\u00e9ter<\/a> &#8211; mivel ketten voltunk kb. ennyi jutott r\u00e1m. \u00datk\u00f6zben aludtunk, f\u0151zt\u00fcnk, ett\u00fcnk, \u00e9s zen\u00e9t hallgatunk: Az \u00fat hivatalos albuma: Anna &amp; the Barbies: Gy\u00e1va forradalm\u00e1r (a <a href=\"http:\/\/www.youtube.com\/watch?v=A2E1jjRwnKY%20\" target=\"_blank\">c\u00edmad\u00f3 dal<\/a> \u00e9s a <a href=\"http:\/\/www.youtube.com\/watch?v=SOTA674MIzs%20\" target=\"_blank\">Don&#8217;t fit in<\/a>)!<\/div>\n<div>Azel\u0151tt sosem igazoltatott osztr\u00e1k rend\u0151r, aut\u00f3p\u00e1ly\u00e1n sem s\u00e9t\u00e1ltam m\u00e9g g\u00e1zolajat keresve, nem nyomkodtam 10 percenk\u00e9nt elromlott aut\u00f3riaszt\u00f3t \u00e9jszaka &#8211; igen, az \u00fat kalandos volt!<\/p>\n<div style=\"text-align: right;\"><i><br \/>(Szerda este) <br \/>&#8222;- Hol van a h\u00e1l\u00f3zs\u00e1kom? <br \/>&#8211; Valaki kikapcsoln\u00e1 a riaszt\u00f3t?<br \/>&nbsp;&#8211; K\u00e9t napja nem zuhanyoztam.. <br \/>&#8211; Mi\u00e9rt keresed a h\u00e1l\u00f3zs\u00e1kot..? Adjak l\u00e1mp\u00e1t..? Hol a l\u00e1mp\u00e1m??? <br \/>&#8211; M\u00e1r \u00e9jf\u00e9l van.. <br \/>&#8211; Ki tette a zuhanyz\u00f3ba a h\u00e1l\u00f3zs\u00e1komat???&#8221; <br \/>&nbsp;<br \/>\u00c9s \u00e1gyb\u00f3l asztal, vacsora \u00e9s bor, asztalb\u00f3l \u00e1gy.<\/p>\n<p><\/i><\/div>\n<\/div>\n<div>Az els\u0151 k\u00e9t nap t\u00far\u00e1ztam (a t\u00f6bbiek jo-t tartottak a kez\u00fckben). T\u00f6bb sz\u00e1z m\u00e9ter szintk\u00fcl\u00f6nbs\u00e9g, gy\u00f6ny\u00f6r\u0171 helyeken! Sapk\u00e1ban \u00e9s s\u00e1llal a nyakamban kezdtem, majd id\u0151vel egyre kevesebb ruha lett rajtam.<\/p>\n<\/div>\n<div>\n<div>\u00c9s elj\u00f6tt a szombat. \u00d3ri\u00e1sit csal\u00f3dtam! Ishido Sensei alig mozgott, d\u00e9lel\u0151tt gyorsan bemutatt\u00e1k a kat\u00e1kat majd p\u00e1rat gyakoroltunk is..eb\u00e9d ut\u00e1n pedig taikai k\u00f6vetkezett: sosem szerettem, ezut\u00e1n sem fogom.&nbsp;(Mgj:, a felt\u0171n\u0151en sz\u00e9p&nbsp;<a href=\"http:\/\/www.jo.jo\/index.php?option=com_content&amp;view=article&amp;id=1055:blade-warriors&amp;catid=71:lifestyle&amp;Itemid=16\" target=\"_blank\">Sara Kabariti<\/a>-t\u00f3l (6. Dan, Jord\u00e1nia) tanulni b\u00edr\u00e1skod\u00e1st ez\u00e9rt j\u00f3 volt ;&#8211;))<\/div>\n<\/div>\n<div>Est\u00e9re r\u00e1ad\u00e1sul m\u00e9g \u00e9hesek voltunk..v\u00e1rtuk a sayonara party-t. Vend\u00e9gl\u00e1t\u00f3ink a hossz\u00fara ny\u00falt el\u0151j\u00e1t\u00e9kkal (hallhattuk a 3 m\u00e9ter hossz\u00fa havasi k\u00fcrt\u00f6t \u00e9s t\u00f6bbsz\u00f6r bemutatt\u00e1k a a Schwingen-t, a sv\u00e1jci n\u00e9pi birk\u00f3z\u00e1st), tettek pr\u00f3b\u00e1ra minket, de mire az epres pudingos desszertet is megett\u00fck m\u00e1r nem volt probl\u00e9m\u00e1nk. :&#8211;)<\/div>\n<div><\/p>\n<div style=\"text-align: center;\"><img decoding=\"async\" src=\"letoltes\/42\/2011.04.12-18_magglingen_x_0895.jpg\"><\/div>\n<\/div>\n<div>Vas\u00e1rnap pedig megkaptuk a felejthetetlen \u00e9lm\u00e9nyt Chris <a href=\"http:\/\/vimeo.com\/1304583%20\" target=\"_blank\">Mansfield<\/a> (7. Dan Iaido Kyoshi, 7. Dan Jodo Renshi) szem\u00e9ly\u00e9ben! A szem\u00e9lyis\u00e9ge finoman sz\u00f3lva is furcsa &#8211; sok\u00e1ig \u00e9lt Jap\u00e1nban, de eur\u00f3paiak k\u00f6z\u00f6tt is felt\u0171n\u0151 a viselked\u00e9se. Meg kellett szoknom az \u00e1lland\u00f3 nevet\u00e9st, grimaszt &#8211; de v\u00e9g\u00fcl \u00f3ri\u00e1si \u00e9lm\u00e9nnyel \u00e9s feldolgoznival\u00f3val t\u00e1voztam!<\/p>\n<\/div>\n<div>\n<div>\n<div style=\"text-align: right; \"><img decoding=\"async\" src=\"letoltes\/42\/2011.04.12-18_magglingen_1003.jpg\"><\/div>\n<div style=\"text-align: right; \"><\/div>\n<\/div>\n<div style=\"text-align: right; \"><i>Utam fel\u00e9n\u00e9l<\/i><\/div>\n<div style=\"text-align: right; \"><i>havas hegycs\u00facsok alatt<\/i><\/div>\n<div style=\"text-align: right; \"><i>telihold v\u00e1rt r\u00e1m<\/i><\/div>\n<\/div>\n<div>Hazafel\u00e9 \u00e9gi k\u00eds\u00e9r\u0151nk f\u00e9nye k\u00eds\u00e9rt minket, a h\u0151n \u00e1h\u00edtott j\u00e9gkr\u00e9met is megett\u00fck, a magas-havas hegyek l\u00e1b\u00e1n\u00e1l az asztalra pedig n\u00e1polyi ker\u00fclt &#8211; k\u00e9toldalas ragaszt\u00f3val r\u00f6gz\u00edtve.<\/div>\n<div><span class=\"hps\" title=\"Kattintson m\u00e1s ford\u00edt\u00e1sokhoz\">Merci<\/span>&nbsp;<span class=\"hps\" title=\"Kattintson m\u00e1s ford\u00edt\u00e1sokhoz\">beaucoup&nbsp;<\/span>Sv\u00e1jc, auf wiedersehen!<\/div>\n<p><img loading=\"lazy\" decoding=\"async\" class=\"aligncenter wp-image-19438 size-large\" src=\"\/fenykepalbum\/keptar_42_big_2011.04.12-18_magglingen_0557.jpg\" alt=\"\" width=\"840\" height=\"473\" \/><\/p>\n<p><img loading=\"lazy\" decoding=\"async\" class=\"aligncenter wp-image-19438 size-large\" src=\"\/fenykepalbum\/keptar_42_big_2011.04.12-18_magglingen_0564.jpg\" alt=\"\" width=\"840\" height=\"473\" \/><\/p>\n<p><img loading=\"lazy\" decoding=\"async\" class=\"aligncenter wp-image-19438 size-large\" src=\"\/fenykepalbum\/keptar_42_big_2011.04.12-18_magglingen_0756.jpg\" alt=\"\" width=\"840\" height=\"473\" \/><\/p>\n<p><img loading=\"lazy\" decoding=\"async\" class=\"aligncenter wp-image-19438 size-large\" src=\"\/fenykepalbum\/keptar_42_big_2011.04.12-18_magglingen_0770.jpg\" alt=\"\" width=\"840\" height=\"473\" \/><\/p>\n<p><img loading=\"lazy\" decoding=\"async\" class=\"aligncenter wp-image-19438 size-large\" src=\"\/fenykepalbum\/keptar_42_big_2011.04.12-18_magglingen_0971.jpg\" alt=\"\" width=\"840\" height=\"473\" \/><\/p>\n<p><img loading=\"lazy\" decoding=\"async\" class=\"aligncenter wp-image-19438 size-large\" src=\"\/fenykepalbum\/keptar_42_big_2011.04.12-18_magglingen_1003.jpg\" alt=\"\" width=\"840\" height=\"473\" \/><\/p>\n<p><img loading=\"lazy\" decoding=\"async\" class=\"aligncenter wp-image-19438 size-large\" src=\"\/fenykepalbum\/keptar_42_big_2011.04.12-18_magglingen_shinbukan_csoport.jpg\" alt=\"\" width=\"840\" height=\"473\" \/><\/p>\n","protected":false},"excerpt":{"rendered":"<p>Rengeteg \u00e9lm\u00e9ny, le\u00edrhatatlan, m\u00e9gis form\u00e1ba \u00f6nt\u00f6tt szavak&#8230; Ranai Sv\u00e1jc Vikt\u00f3ria&nbsp;(jegyz\u0151k\u00f6nyv r\u00e9szlet 1) Vikt\u00f3ria&nbsp;(jegyz\u0151k\u00f6nyv r\u00e9szlet 2) 2011\/04\/13\/Viki\/SBK (Bizalmas \/ titkos\u00edtott jegyz\u0151k\u00f6nyv) Hivatalosnak l\u00e1tsz\u00f3 \u00fatibesz\u00e1mol\u00f3 Ranai&#20081;&#21512; ran= z\u0171rzavar, felfordul\u00e1s, rendetlens\u00e9g,ai=egyes\u00edt, \u00f6sszeillikA ZNKR Jodo 12. kat\u00e1-ja, a Shindo Muso Ryu Jojutsu 3. kata csoportja. Mi\u00e9rt ez a c\u00edm? Ilyen utunk m\u00e9g nem volt. Ennyi furcsas\u00e1g tal\u00e1n \u00f6sszess\u00e9g\u00e9ben egy\u00fctt &hellip; <a href=\"https:\/\/shinbukan.hu\/?p=19504\" class=\"more-link\"><span class=\"screen-reader-text\">&#8222;Swiss Iaido &#038; Jodo Seminar (Magglingen)&#8221;<\/span> b\u0151vebben<\/a><\/p>\n","protected":false},"author":2,"featured_media":0,"comment_status":"open","ping_status":"open","sticky":false,"template":"","format":"standard","meta":{"footnotes":""},"categories":[],"tags":[],"class_list":["post-19504","post","type-post","status-publish","format-standard","hentry"],"_links":{"self":[{"href":"https:\/\/shinbukan.hu\/index.php?rest_route=\/wp\/v2\/posts\/19504","targetHints":{"allow":["GET"]}}],"collection":[{"href":"https:\/\/shinbukan.hu\/index.php?rest_route=\/wp\/v2\/posts"}],"about":[{"href":"https:\/\/shinbukan.hu\/index.php?rest_route=\/wp\/v2\/types\/post"}],"author":[{"embeddable":true,"href":"https:\/\/shinbukan.hu\/index.php?rest_route=\/wp\/v2\/users\/2"}],"replies":[{"embeddable":true,"href":"https:\/\/shinbukan.hu\/index.php?rest_route=%2Fwp%2Fv2%2Fcomments&post=19504"}],"version-history":[{"count":0,"href":"https:\/\/shinbukan.hu\/index.php?rest_route=\/wp\/v2\/posts\/19504\/revisions"}],"wp:attachment":[{"href":"https:\/\/shinbukan.hu\/index.php?rest_route=%2Fwp%2Fv2%2Fmedia&parent=19504"}],"wp:term":[{"taxonomy":"category","embeddable":true,"href":"https:\/\/shinbukan.hu\/index.php?rest_route=%2Fwp%2Fv2%2Fcategories&post=19504"},{"taxonomy":"post_tag","embeddable":true,"href":"https:\/\/shinbukan.hu\/index.php?rest_route=%2Fwp%2Fv2%2Ftags&post=19504"}],"curies":[{"name":"wp","href":"https:\/\/api.w.org\/{rel}","templated":true}]}}