{"id":19518,"date":"2010-10-02T12:22:00","date_gmt":"2010-10-02T12:22:00","guid":{"rendered":""},"modified":"-0001-11-30T00:00:00","modified_gmt":"-0001-11-29T22:00:00","slug":"","status":"publish","type":"post","link":"https:\/\/shinbukan.hu\/?p=19518","title":{"rendered":"\u0150szi Iaido Szemin\u00e1rium (Budapest)"},"content":{"rendered":"<p>A h\u00e9tv\u00e9gi nemzetk\u00f6zi edz\u0151t\u00e1borban a megel\u0151z\u0151 magas dan-os edz\u00e9sen<br \/>\nr\u00e9sztvev\u0151k oktattak, a kor\u00e1bban elmondott ir\u00e1nyelvek alapj\u00e1n. Voltak<br \/>\ntan\u00e1raink akik a j\u00f3l megszokott ritmusukban \u00e9s st\u00edlusukkal oktattak, de<br \/>\nez\u00fattal a friss gener\u00e1ci\u00f3 is helyet kapott az oktat\u00e1sban, \u00edgy j\u00f3magam is<br \/>\n az oktat\u00f3k k\u00f6z\u00f6tt tal\u00e1ltam magam. &#8222;M\u00e9lyv\u00edz!&#8221; Amit tan\u00edtott vissza<br \/>\nkellett adnom, sokan figyeltek r\u00e1m \u00e9s am\u00edg nem tudtam megszabadulni a<br \/>\ntehert\u0151l amit a hirtelen j\u00f6tt hatalmas felel\u0151ss\u00e9g r\u00f3tt r\u00e1m, nem is<br \/>\ntudtam rendesen helyt\u00e1llni. Viszont miut\u00e1n siker\u00fclt elfelejtenem a<br \/>\nnyomaszt\u00f3 r\u00e9sz\u00e9t a felel\u0151ss\u00e9gnek, kezdem kifejezetten j\u00f3l \u00e9rezni magam<br \/>\n\u00e9s igyekeztem csak\u00fagy mintha egy \u00faj kat\u00e1-t tanultam volna Sensei-t\u0151l, az<br \/>\n elhangzottak alapj\u00e1n a lehet\u0151 legjobban \u00e1tadni a hallottakat a<br \/>\nseitei-r\u0151l. Szombat este egy rendhagy\u00f3 Sayonara party keret\u00e9ben a volt<br \/>\nBEM moziban tekinthett\u00fcnk meg p\u00e1r vide\u00f3t a jap\u00e1n taikai-okr\u00f3l. Yamasaki<br \/>\nSensei fi\u00e1t is l\u00e1thattuk v\u00edvni. Itt is szerepet kapott a mi v\u00e9lem\u00e9ny\u00fcnk,<br \/>\n ez\u00e9rt minden l\u00e1tott &#8222;meccs&#8221; v\u00e9g\u00e9 el\u0151tt meg kellett mondanunk szerint\u00fcnk<br \/>\n ki volt a jobb a v\u00edv\u00f3 felek k\u00f6z\u00fcl. J\u00f3 hangulatban sok \u00e9rdekes<br \/>\nkerett\u00f6rt\u00e9netet halhatott a versenyekkel kapcsolatban Sensei-t\u0151l, aki<br \/>\nott volt, \u00edgy t\u00e9ve teljesebb\u00e9 az \u00e9lm\u00e9nyt. <\/p>\n<p> H\u00e9tf\u0151 este els\u0151<br \/>\nalkalommal Yamasaki Sensei az MJKK&nbsp;kendo edz\u00e9s\u00e9re is ell\u00e1togatott, Abe<br \/>\nSensei invit\u00e1l\u00e1s\u00e1ra, \u00edgy aki ott volt l\u00e1thatta, hogy egy 73 \u00e9ves, kicsit<br \/>\n beteg 7. dan-os kend\u00f3s, hogyan v\u00edv meg a sor elej\u00e9n \u00e1ll\u00f3kkal. Az els\u0151<br \/>\nv\u00edv\u00e1st Yamasaki \u00e9s Abe Sensei-ek v\u00edvt\u00e1k term\u00e9szetesen. Leny\u0171g\u00f6z\u0151 l\u00e1tv\u00e1ny<br \/>\n volt! Er\u0151 \u00e9s lend\u00fcletess\u00e9g izmok n\u00e9lk\u00fcl. Felemel\u0151 \u00e9rz\u00e9s volt l\u00e1tni.<br \/>\nSz\u00e1momra r\u00e9g\u00f3ta fenn\u00e1ll\u00f3 k\u00e9rd\u00e9sre kaptam testk\u00f6zelb\u0151l v\u00e1laszt.<br \/>\nRem\u00e9nyeim\/rem\u00e9nyeink szerint nem utolj\u00e1ra tal\u00e1lkozhattunk Yamasaki<br \/>\nSensei-el!<br \/> Ez\u00faton is k\u00f6sz\u00f6net Neki a sok tan\u00edt\u00e1s\u00e9rt, melyet<br \/>\nkaphattunk T\u0151le!<\/p>\n<p style=\"font-style: italic; text-align: right;\">Vass<br \/>\n Gergely<\/p>\n<p>A szemin\u00e1riumot ez alkalommal is megel\u0151zte egy vezet\u0151i felk\u00e9sz\u00edt\u0151 szemin\u00e1rium Yamasaki Mashahiro Sensei (Iaido 8 Dan, Hanshi)<font class=\"Apple-style-span\" color=\"#ffffff\" face=\"Verdana, Arial, Helvetica, sans-serif\" size=\"3\"><span class=\"Apple-style-span\" style=\"font-size: 11px; line-height: 16px;\">&nbsp;<\/span><\/font>vezet\u00e9s\u00e9vel, \u00edgy a h\u00e9tv\u00e9g\u00e9n a m\u00e1r \u00e1ltala \u00e1tadott tud\u00e1st kaptuk meg tan\u00e1rainkt\u00f3l.&nbsp;<br \/>A gyakorl\u00e1s ez\u00fattal kis csoportokban t\u00f6rt\u00e9nt, 45 percenk\u00e9nt azonban cser\u00e9l\u0151dtek az oktat\u00f3k, \u00edgy mindig m\u00e1st\u00f3l &#8211; m\u00e1s st\u00edlusban &#8211; kaphattunk \u00fatmutat\u00f3kat (a m\u00e1sodik nap v\u00e9g\u00e9n Yamasaki sensei kiemelte ennek fontoss\u00e1g\u00e1t).<\/p>\n<p>A programot a szombat esti filmvet\u00edt\u00e9s sz\u00ednes\u00edtette, a volt Bem mozi term\u00e9ben egy Jap\u00e1n Iaido Bajnoks\u00e1g magas danos versenyeit, \u00e9s 8-9 danos embukat is l\u00e1thattunk.<\/p>\n<p>Az k\u00e9t napos hibajav\u00edt\u00f3 program m\u0171k\u00f6d\u00f6t:t&nbsp;Az eg\u00f3nkat ism\u00e9t siker\u00fclt ism\u00e9t lerombolni. <br \/>Nagyon sok tennival\u00f3nk van, \u00e9s kis pihen\u0151 ut\u00e1n neki is l\u00e1thatunk \u00f6nmagunk \u00fajrakov\u00e1csol\u00e1s\u00e1nak &#8211; mert &nbsp;k\u00e9t nap alatt ez lehetetlen lett volna.<\/p>\n<p>K\u00f6sz\u00f6nj\u00fck minden el\u0151tt\u00fcnk j\u00e1r\u00f3nak a tan\u00edt\u00e1st! \u00c9s k\u00f6sz\u00f6nj\u00fck&nbsp;H\u00e1bermajer sensei-nek a pozit\u00edv meger\u0151s\u00edt\u00e9st &#8211; n\u00e9ha az is kell&#8230;<\/p>\n<div style=\"text-align: right;\"><span style=\"font-style: italic;\">Szilva Imre<\/span><\/div>\n<p><img loading=\"lazy\" decoding=\"async\" class=\"aligncenter wp-image-19438 size-large\" src=\"\/fenykepalbum\/keptar_70_big_2010.10.03_mksz_oszi_szeminariuma_yamasaki_shinbukan_csoportkep.jpg\" alt=\"\" width=\"840\" height=\"473\" \/><\/p>\n<p><img loading=\"lazy\" decoding=\"async\" class=\"aligncenter wp-image-19438 size-large\" src=\"\/fenykepalbum\/keptar_70_big_2010.10.03_mksz_oszi_szeminariuma_yamasaki_csoportkep.jpg\" alt=\"\" width=\"840\" height=\"473\" \/><\/p>\n","protected":false},"excerpt":{"rendered":"<p>A h\u00e9tv\u00e9gi nemzetk\u00f6zi edz\u0151t\u00e1borban a megel\u0151z\u0151 magas dan-os edz\u00e9sen r\u00e9sztvev\u0151k oktattak, a kor\u00e1bban elmondott ir\u00e1nyelvek alapj\u00e1n. Voltak tan\u00e1raink akik a j\u00f3l megszokott ritmusukban \u00e9s st\u00edlusukkal oktattak, de ez\u00fattal a friss gener\u00e1ci\u00f3 is helyet kapott az oktat\u00e1sban, \u00edgy j\u00f3magam is az oktat\u00f3k k\u00f6z\u00f6tt tal\u00e1ltam magam. &#8222;M\u00e9lyv\u00edz!&#8221; Amit tan\u00edtott vissza kellett adnom, sokan figyeltek r\u00e1m \u00e9s am\u00edg &hellip; <a href=\"https:\/\/shinbukan.hu\/?p=19518\" class=\"more-link\"><span class=\"screen-reader-text\">&#8222;\u0150szi Iaido Szemin\u00e1rium (Budapest)&#8221;<\/span> b\u0151vebben<\/a><\/p>\n","protected":false},"author":2,"featured_media":0,"comment_status":"open","ping_status":"open","sticky":false,"template":"","format":"standard","meta":{"footnotes":""},"categories":[],"tags":[],"class_list":["post-19518","post","type-post","status-publish","format-standard","hentry"],"_links":{"self":[{"href":"https:\/\/shinbukan.hu\/index.php?rest_route=\/wp\/v2\/posts\/19518","targetHints":{"allow":["GET"]}}],"collection":[{"href":"https:\/\/shinbukan.hu\/index.php?rest_route=\/wp\/v2\/posts"}],"about":[{"href":"https:\/\/shinbukan.hu\/index.php?rest_route=\/wp\/v2\/types\/post"}],"author":[{"embeddable":true,"href":"https:\/\/shinbukan.hu\/index.php?rest_route=\/wp\/v2\/users\/2"}],"replies":[{"embeddable":true,"href":"https:\/\/shinbukan.hu\/index.php?rest_route=%2Fwp%2Fv2%2Fcomments&post=19518"}],"version-history":[{"count":0,"href":"https:\/\/shinbukan.hu\/index.php?rest_route=\/wp\/v2\/posts\/19518\/revisions"}],"wp:attachment":[{"href":"https:\/\/shinbukan.hu\/index.php?rest_route=%2Fwp%2Fv2%2Fmedia&parent=19518"}],"wp:term":[{"taxonomy":"category","embeddable":true,"href":"https:\/\/shinbukan.hu\/index.php?rest_route=%2Fwp%2Fv2%2Fcategories&post=19518"},{"taxonomy":"post_tag","embeddable":true,"href":"https:\/\/shinbukan.hu\/index.php?rest_route=%2Fwp%2Fv2%2Ftags&post=19518"}],"curies":[{"name":"wp","href":"https:\/\/api.w.org\/{rel}","templated":true}]}}