{"id":19546,"date":"2008-03-15T12:22:00","date_gmt":"2008-03-15T12:22:00","guid":{"rendered":""},"modified":"-0001-11-30T00:00:00","modified_gmt":"-0001-11-29T22:00:00","slug":"","status":"publish","type":"post","link":"https:\/\/shinbukan.hu\/?p=19546","title":{"rendered":"Jodo szemin\u00e1rium (Visegr\u00e1d)"},"content":{"rendered":"<p>Nemzeti \u00fcnnep\u00fcnk h\u00e9tv\u00e9g\u00e9j\u00e9n egyes\u00fclet\u00fcnk ism\u00e9t Jodo szemin\u00e1riumot \u00e9s vizsg\u00e1t szervezett a visegr\u00e1di sportcsarnokban! A p\u00e9nteki&nbsp; tereprendez\u00e9s ut\u00e1n m\u00e9cses \u00e9s f\u00fcst\u00f6l\u0151 var\u00e1zsolta hangulatban el\u0151ker\u00fcltek a Kardok, \u00e9s gyakoroltunk.<\/p>\n<p>M\u00e1snap <b>Victor Cook sensei<\/b> ez\u00fattal az ok \u00e9s okozat t\u00f6rv\u00e9ny\u00e9n kereszt\u00fcl magyar\u00e1zta a formagyakorlatok m\u0171k\u00f6d\u00e9s\u00e9t. &#8222;Tedd \u00e9l\u0151v\u00e9 a kat\u00e1t!&#8221; &#8211; mondta &#8211; &#8222;\u00fcres elm\u00e9vel kell kezdeni a gyakorlatokat&#8221;, &#8222;a Jo reag\u00e1l a Kardra, a Kard a Jo-ra&#8221;, &#8222;fontos az id\u0151z\u00edt\u00e9s&#8221;, &#8222;a Kard is gy\u0151zhet&#8221;!<\/p>\n<p>Polg\u00e1r Hajni, Koz\u00e1r Zolt\u00e1n, \u00c1rkay Lucia \u00e9s F\u00e1bos Szilveszter sikeres vizsg\u00e1t tettek a szemin\u00e1riumot k\u00f6vet\u0151en &#8211; gratul\u00e1lunk nekik!<\/p>\n<p><img loading=\"lazy\" decoding=\"async\" class=\"aligncenter wp-image-19438 size-large\" src=\"\/fenykepalbum\/keptar_143_big_2008.03.15-16_shinbu_visegrad_6086.jpg\" alt=\"\" width=\"840\" height=\"473\" \/><\/p>\n<p><img loading=\"lazy\" decoding=\"async\" class=\"aligncenter wp-image-19438 size-large\" src=\"\/fenykepalbum\/keptar_143_big_2008.03.15-16_shinbu_visegrad_6090.jpg\" alt=\"\" width=\"840\" height=\"473\" \/><\/p>\n<p><img loading=\"lazy\" decoding=\"async\" class=\"aligncenter wp-image-19438 size-large\" src=\"\/fenykepalbum\/keptar_143_big_2008.03.15-16_shinbu_visegrad_6154.jpg\" alt=\"\" width=\"840\" height=\"473\" \/><\/p>\n<p><img loading=\"lazy\" decoding=\"async\" class=\"aligncenter wp-image-19438 size-large\" src=\"\/fenykepalbum\/keptar_143_big_2008.03.15-16_shinbu_visegrad_6114.jpg\" alt=\"\" width=\"840\" height=\"473\" \/><\/p>\n<p><img loading=\"lazy\" decoding=\"async\" class=\"aligncenter wp-image-19438 size-large\" src=\"\/fenykepalbum\/keptar_143_big_2008.03.15-16_shinbu_visegrad_6188.jpg\" alt=\"\" width=\"840\" height=\"473\" \/><\/p>\n<p><img loading=\"lazy\" decoding=\"async\" class=\"aligncenter wp-image-19438 size-large\" src=\"\/fenykepalbum\/keptar_143_big_2008.03.15-16_shinbu_visegrad_061.jpg\" alt=\"\" width=\"840\" height=\"473\" \/><\/p>\n<p><img loading=\"lazy\" decoding=\"async\" class=\"aligncenter wp-image-19438 size-large\" src=\"\/fenykepalbum\/keptar_143_big_2008.03.15-16_shinbu_visegrad_239.jpg\" alt=\"\" width=\"840\" height=\"473\" \/><\/p>\n<p><img loading=\"lazy\" decoding=\"async\" class=\"aligncenter wp-image-19438 size-large\" src=\"\/fenykepalbum\/keptar_143_big_2008.03.15-16_shinbu_visegrad_244.jpg\" alt=\"\" width=\"840\" height=\"473\" \/><\/p>\n<p><img loading=\"lazy\" decoding=\"async\" class=\"aligncenter wp-image-19438 size-large\" src=\"\/fenykepalbum\/keptar_143_big_2008.03.15-16_shinbu_visegrad_297.jpg\" alt=\"\" width=\"840\" height=\"473\" \/><\/p>\n<p><img loading=\"lazy\" decoding=\"async\" class=\"aligncenter wp-image-19438 size-large\" src=\"\/fenykepalbum\/keptar_143_big_2008.03.15-16_shinbu_visegrad_348.jpg\" alt=\"\" width=\"840\" height=\"473\" \/><\/p>\n","protected":false},"excerpt":{"rendered":"<p>Nemzeti \u00fcnnep\u00fcnk h\u00e9tv\u00e9g\u00e9j\u00e9n egyes\u00fclet\u00fcnk ism\u00e9t Jodo szemin\u00e1riumot \u00e9s vizsg\u00e1t szervezett a visegr\u00e1di sportcsarnokban! A p\u00e9nteki&nbsp; tereprendez\u00e9s ut\u00e1n m\u00e9cses \u00e9s f\u00fcst\u00f6l\u0151 var\u00e1zsolta hangulatban el\u0151ker\u00fcltek a Kardok, \u00e9s gyakoroltunk. M\u00e1snap Victor Cook sensei ez\u00fattal az ok \u00e9s okozat t\u00f6rv\u00e9ny\u00e9n kereszt\u00fcl magyar\u00e1zta a formagyakorlatok m\u0171k\u00f6d\u00e9s\u00e9t. &#8222;Tedd \u00e9l\u0151v\u00e9 a kat\u00e1t!&#8221; &#8211; mondta &#8211; &#8222;\u00fcres elm\u00e9vel kell kezdeni a gyakorlatokat&#8221;, &hellip; <a href=\"https:\/\/shinbukan.hu\/?p=19546\" class=\"more-link\"><span class=\"screen-reader-text\">&#8222;Jodo szemin\u00e1rium (Visegr\u00e1d)&#8221;<\/span> b\u0151vebben<\/a><\/p>\n","protected":false},"author":2,"featured_media":0,"comment_status":"open","ping_status":"open","sticky":false,"template":"","format":"standard","meta":{"footnotes":""},"categories":[],"tags":[],"class_list":["post-19546","post","type-post","status-publish","format-standard","hentry"],"_links":{"self":[{"href":"https:\/\/shinbukan.hu\/index.php?rest_route=\/wp\/v2\/posts\/19546","targetHints":{"allow":["GET"]}}],"collection":[{"href":"https:\/\/shinbukan.hu\/index.php?rest_route=\/wp\/v2\/posts"}],"about":[{"href":"https:\/\/shinbukan.hu\/index.php?rest_route=\/wp\/v2\/types\/post"}],"author":[{"embeddable":true,"href":"https:\/\/shinbukan.hu\/index.php?rest_route=\/wp\/v2\/users\/2"}],"replies":[{"embeddable":true,"href":"https:\/\/shinbukan.hu\/index.php?rest_route=%2Fwp%2Fv2%2Fcomments&post=19546"}],"version-history":[{"count":0,"href":"https:\/\/shinbukan.hu\/index.php?rest_route=\/wp\/v2\/posts\/19546\/revisions"}],"wp:attachment":[{"href":"https:\/\/shinbukan.hu\/index.php?rest_route=%2Fwp%2Fv2%2Fmedia&parent=19546"}],"wp:term":[{"taxonomy":"category","embeddable":true,"href":"https:\/\/shinbukan.hu\/index.php?rest_route=%2Fwp%2Fv2%2Fcategories&post=19546"},{"taxonomy":"post_tag","embeddable":true,"href":"https:\/\/shinbukan.hu\/index.php?rest_route=%2Fwp%2Fv2%2Ftags&post=19546"}],"curies":[{"name":"wp","href":"https:\/\/api.w.org\/{rel}","templated":true}]}}