{"id":19547,"date":"2011-01-29T12:22:00","date_gmt":"2011-01-29T12:22:00","guid":{"rendered":""},"modified":"-0001-11-30T00:00:00","modified_gmt":"-0001-11-29T22:00:00","slug":"","status":"publish","type":"post","link":"https:\/\/shinbukan.hu\/?p=19547","title":{"rendered":"4. Iaido Open Taikai (Budapest)"},"content":{"rendered":"<p>IV. Hungarian Iaido Open Taikai nekem az els\u0151 volt. Az els\u0151 napgyakorl\u00e1ssal telt, Patrick Demuynck sensei vezet\u00e9s\u00e9vel. Nagyon \u00e9rdekes nap volt ez. No, nem az\u00e9rt mert egyetlen nap alatt v\u00e9gigvett\u00fck a 12 ZNKR kata sarokpontjait. Persze, persze, lehetett tanulni sok mindent, de m\u00e9gsem ez volt az igaz\u00e1n \u00e9rdekes. Hanem az, hogy a k\u00fcl\u00f6nb\u00f6z\u0151 szinten \u00e1ll\u00f3 gyakorl\u00f3k mennyire m\u00e1s aspektusokat gyakoroltak. Kin\u00e9l a v\u00e1g\u00e1s volt a k\u00f6z\u00e9ppontban, kin\u00e9l a l\u00e1bmunka, a fordul\u00e1sok, kin\u00e9l az id\u0151z\u00edt\u00e9s, stb. Egy \u00faton j\u00e1runk, m\u00e9gis nagyon k\u00fcl\u00f6nb\u00f6z\u0151 m\u00f3dokon. Az \u00fat kanyarg\u00f3s \u00e9s sokf\u00e9le vid\u00e9ken vezet \u00e1t. Ki felfel\u00e9 kaptat, ki lefel\u00e9 bandukol, ki \u00e1rnyas erd\u0151s\u00e9gen, ki bambuszligeten, ki sivatagon halad kereszt\u00fcl. Sz\u00e1momra ezek a napok a sivatagi utaz\u00e1s napjai voltak. \u00c9pp a sokf\u00e9les\u00e9g miatt keletkeztek k\u00e9telyeim: hogyan lehet ennyif\u00e9le gyakorl\u00e1st \u00f6sszehasonl\u00edtani? Van-e \u00e9rtelme egy\u00e1ltal\u00e1n versenyezni? S ha e sokf\u00e9les\u00e9gben mindenhol van budo logika, akkor biztos-e, hogy egy \u00faton j\u00e1runk t\u00e9nyleg? Persze a ZNKR iaido szigor\u00fa sarokpontok k\u00f6z\u00e9 van szor\u00edtva, de m\u00e9gis, m\u00e9gis, ennyi k\u00fcl\u00f6nb\u00f6z\u0151 testi \u00e9s lelki alkat\u00fa ember j\u00e1rhat-e egy \u00faton? K\u00e9ts\u00e9gek k\u00f6z\u00f6tt folyt h\u00e1t a gyakorl\u00e1s tov\u00e1bb. D\u00e9lut\u00e1n r\u00f6vid b\u00edr\u00f3i szemin\u00e1riumot tartottak a 3. dan \u00e9s felettieknek. Itt mi t\u00f6bbiek a tanul\u00e1s t\u00e1rgy\u00e1t k\u00e9pezt\u00fck. P\u00e1ronk\u00e9nt \u00e1lltunk a b\u00edr\u00f3kel\u00e9, egy-egy kat\u00e1t mutattunk be, gyakran sz\u00e1nd\u00e9kosan a sensei \u00e1ltal kijel\u00f6lt hib\u00e1t v\u00e9tve.<\/p>\n<p>A m\u00e1sodik nap igen \u00e9lvezetes egy\u00f3r\u00e1s gyakorl\u00e1ssal kezd\u0151d\u00f6tt. \u00c9lvezetes volt, mert siker\u00fclt elszakadni a t\u00f6bbiek technik\u00e1j\u00e1t\u00f3l, r\u00e9szleteit\u0151l \u00e9s a k\u00f6z\u00f6s gyakorl\u00e1s szellem\u00e9t\u0151l t\u00e1pl\u00e1lva iaidozni. Maga a verseny m\u00e1r nem volt annyira \u00e9lvezetes. Rossz volt els\u0151 p\u00e1rk\u00e9nt kezdeni. De j\u00f3 volt, hogy a bennem sz\u00e1guldoz\u00f3 adrenalin ellen\u00e9re is siker\u00fclt tal\u00e1n legal\u00e1bb egy kat\u00e1t j\u00f3 \u00e9rz\u00e9ssel v\u00e9grehajtani. Ott \u00e9s akkor a kat\u00e1kat csin\u00e1lni j\u00f3 volt. Az id\u0151vel, illetve azzal, hogy id\u0151re kellett dolgoznunk nem siker\u00fclt megbar\u00e1tkoznom. Id\u0151vel tal\u00e1n. Vagy tal\u00e1n mindig is csak id\u0151tlen\u00fcl. Eld\u00f6nti majd az id\u0151. Persze kev\u00e9ss\u00e9 voltam szerencs\u00e9s, hogy a k\u00e9s\u0151bbi k\u00e9t gy\u0151ztessel ker\u00fcltem egy poolba \u00e9s \u00edgy nem is jutottam ki onnan, de ez a m\u00e9rk\u0151z\u00e9seket k\u00f6vet\u0151 3 perc ut\u00e1n m\u00e1r nem is zavart. Kicsit zavar\u00f3bb volt, \u00e9s egyre m\u00e9lyebben kergetett aG\u00f3bi sivatagba, hogy egy-egy m\u00e9rk\u0151z\u00e9sen a b\u00edr\u00f3k d\u00f6nt\u00e9s\u00e9t nem \u00e9rtettem. A m\u00e9rk\u0151z\u00e9sek ut\u00e1n elejtett szavakb\u00f3l pedig olyan szempontrendszert lehetett sejteni, ami nekem kiss\u00e9 \u00faj volt. Tanulni persze ebb\u0151l is lehet.<\/p>\n<p>\u00c9rdemes teh\u00e1t taikaiozni? A magam szer\u00e9ny sivatagi \u00fatj\u00e1n bizony\u00e1ra nem. De az\u00e9rt a taikainak van \u00e9rtelme. Az ember megtudja, hogy j\u00f3 ir\u00e1nyba halad-e az \u00faton. Kap \u00faj szempontokat. Megtapasztalja azt, hogy a meditat\u00edv nyugalomban gyakorolt technik\u00e1kat milyen \u00e9rz\u00e9s er\u0151sen stresszes \u00e1llapotban v\u00e9grehajtani. \u00c9s ez az egyik legnagyobb \u00e9rt\u00e9ke a taikainak, hiszen amir\u0151l a iaido sz\u00f3l, a hirtelen t\u00e1mad\u00e1s elh\u00e1r\u00edt\u00e1sa r\u00e9v\u00e9n meg\u00f3vni \u00e9let\u00fcnket igencsak er\u0151s stresszhelyzet. Elv\u00e9gre az utc\u00e1n, b\u00e9k\u00e9sen s\u00e9t\u00e1lva ha r\u00e1mront(ana) egy karddal felfegyverkezett ember az bizony\u00e1ra jelent\u0151s adrenalin felszabadul\u00e1ssal j\u00e1rna, s, hogy ilyenkor ne fejvesztve menek\u00fcljek, vagy fejvesztve heverjek a f\u00f6ld\u00f6n az \u00e9pp azon m\u00falik, hogy abban a stresszhelyzetben hogyan tudok teljes\u00edteni. Ehhez ak\u00e1r csak t\u00e1volr\u00f3l is hasonl\u00f3 helyzetet pedig csak a taikai k\u00e9pes teremteni. &nbsp; Ha a klubt\u00e1rsaimat, bar\u00e1taimat n\u00e9zem, akik kiv\u00e1l\u00f3an versenyezve az egyenes kies\u00e9ses rendszerben haladtak tov\u00e1bb m\u00e9g ink\u00e1bb \u00fagy \u00e9rzem, hogy j\u00f3 dolog a taikai. Ahogyan a fesz\u00fclts\u00e9g \u00e9s \u00f6r\u00f6m, a koncentr\u00e1ci\u00f3 \u00e9s \u00e9rzelmi felszabadul\u00e1s hull\u00e1mai bet\u00f6ltik a termet az igazi \u00e9lm\u00e9ny. S v\u00e9g\u00fcl az \u00e9rmesek csillog\u00f3 szem\u0171 mosoly\u00e1t n\u00e9zve nem lehet k\u00e9rd\u00e9s, \u00e9rdemes taikait szervezni \u00e9s azon r\u00e9szt venni.<\/p>\n<p>Persze a sivatagi \u00fat folytat\u00f3dik. Olyan ez, mint a lelki sz\u00e1razs\u00e1g. Nem tudjuk meddig tart. Rem\u00e9lem, hogy a 2012-es taikai idej\u00e9re el\u00e9rem ha nem is a sivatag v\u00e9g\u00e9t, de legal\u00e1bb a k\u00f6vetkez\u0151 o\u00e1zist.<\/p>\n<p style=\"text-align: right;\"><i>L\u0151rincz \u00c1d\u00e1m<\/i><\/p>\n<hr>\n<p style=\"margin-top: 0.4em; margin-right: 0px; margin-bottom: 0.5em; margin-left: 0px; \">Patrick sensei m\u00e1r az els\u0151 nap bevezet\u0151j\u00e9ben utalt a Budo-ra, az emberre \u00e9s a k\u00f6rnyezet\u00e9re.<\/p>\n<p style=\"text-align: center;margin-top: 0.4em; margin-right: 0px; margin-bottom: 0.5em; margin-left: 0px; \">BUDO?<\/p>\n<p style=\"margin-top: 0.4em; margin-right: 0px; margin-bottom: 0.5em; margin-left: 0px; \">\n<div style=\"text-align: right;\">&#27494; (bu) = harcos (&#25096; (ka, hoko) =&nbsp;l\u00e1ndzsa +&nbsp;&#27490; (si, tomaru, asi, tomeru, jameru) = meg\u00e1ll\u00edtani) =&nbsp;&#8222;gyalogos emberl\u00e1ndzs\u00e1val&#8221;, &#8222;meg\u00e1ll\u00edtani a fegyvert&#8221;<\/div>\n<div style=\"text-align: right;\"><\/div>\n<div style=\"text-align: right;\">&#36947; (do) = \u00f6sv\u00e9ny,&nbsp;\u00fat, utca, elj\u00e1r\u00e1s, egy cselekv\u00e9s m\u00f3dja.<\/div>\n<div style=\"text-align: right;\"><\/div>\n<\/p>\n<p style=\"text-align: right;margin-top: 0.4em; margin-right: 0px; margin-bottom: 0.5em; margin-left: 0px; \">A mi Utunk, ennek tudat\u00e1ban kell gyakorolnunk.<\/p>\n<p style=\"text-align: center;margin-top: 0.4em; margin-right: 0px; margin-bottom: 0.5em; margin-left: 0px; \">Gyakorolni?<\/p>\n<p style=\"margin-top: 0.4em; margin-right: 0px; margin-bottom: 0.5em; margin-left: 0px; \">Ez is hossz\u00fa nap volt. F\u00e1j\u00f3 t\u00e9rd, v\u00e1ll, f\u00e1radts\u00e1g \u00e9s egy \u00fajabb lista arr\u00f3l, hogy mit kell m\u00e9g jav\u00edtani&#8230; Persze a m\u00e1r az eddigi lista is hossz\u00fa ,\u00e9s ha \u00fagy is t\u0171nik, hogy r\u00f6videbb n\u00e9ha, az csak \u00e1tmeneti, j\u00f6nnek hozz\u00e1 \u00faj elemek.<\/p>\n<p style=\"margin-top: 0.4em; margin-right: 0px; margin-bottom: 0.5em; margin-left: 0px; \">Biztosan van sim\u00e1bb, k\u00f6nnyebben j\u00e1rhat\u00f3 vagy r\u00f6videbb \u00dat, de mi ezt v\u00e1lasztottuk.<br \/>Nem a c\u00e9l\u00e9rt, a jutalom\u00e9rt vagy a minden alkalommal jelentkez\u0151 euf\u00f3rikus \u00e9rz\u00e9s miatt gyakorlunk.<br \/>Az\u00e9rt vagyunk itt, mert er\u0151s elhat\u00e1roz\u00e1s van benn\u00fcnk, az\u00e9rt mert az az \u00e9let\u00fcnk, mert a Budo \u00e1thatja a napjainkat &#8211; mert ez Minden.<\/p>\n<p style=\"margin-top: 0.4em; margin-right: 0px; margin-bottom: 0.5em; margin-left: 0px; \">(&#8230;)<\/p>\n<p style=\"margin-top: 0.4em; margin-right: 0px; margin-bottom: 0.5em; margin-left: 0px; \">Vas\u00e1rnap&nbsp;a&nbsp;<span class=\"Apple-style-span\" style=\"font-family: arial, sans-serif; line-height: 15px; font-size: small; \">&nbsp;<\/span>Magyar Kendo Iaido \u00e9s Jodo Sz\u00f6vets\u00e9g&nbsp;eln\u00f6ke,&nbsp;Vadadi Zsolt nyitotta meg az esem\u00e9nyt, aki bevezet\u0151j\u00e9ben feleleven\u00edtette a jap\u00e1n k\u00f6z\u00e9pkotr, a bushik vil\u00e1g\u00e1t, ahonnan harcm\u0171v\u00e9szet\u00fcnk alapjai sz\u00e1rmaznak. Kiemelte, hogy szerinte a &#8222;versenyben&#8221; nem els\u0151sorban a technikai tud\u00e1s, hanem ink\u00e1bb a lelki hozz\u00e1\u00e1ll\u00e1s vezethet &#8222;gy\u0151zelemre&#8221;.<\/p>\n<p style=\"margin-top: 0.4em; margin-right: 0px; margin-bottom: 0.5em; margin-left: 0px; \">A d\u00e9lut\u00e1n folyam\u00e1n szemtan\u00fai lehett\u00fcnk annak, hogy \u00e9lete els\u0151 megm\u00e9rettet\u00e9s\u00e9n Lovik Anik\u00f3 klubt\u00e1rsunk a harmadik legjobbnak bizonyult mudan kateg\u00f3ri\u00e1ban, majd v\u00e9gign\u00e9zhett\u00fck Koz\u00e1r Zolt\u00e1n (nidan, els\u0151 helyezett) \u00e9s F\u00e1bos Szilveszter (nidan, 2. helyezett) d\u00f6nt\u0151j\u00e9t &#8211; \u00e9s gratul\u00e1lhattunk Vass Gergely els\u0151 arany\u00e9rm\u00e9nek sandan kateg\u00f3ri\u00e1ban!<\/p>\n<p style=\"margin-top: 0.4em; margin-right: 0px; margin-bottom: 0.5em; margin-left: 0px; \">B\u00fcszk\u00e9k vagyunk r\u00e1tok!<\/p>\n<p><img loading=\"lazy\" decoding=\"async\" class=\"aligncenter wp-image-19438 size-large\" src=\"\/fenykepalbum\/keptar_309_big_2011.01.29-30_4_iaido_taikai_la.jpg\" alt=\"\" width=\"840\" height=\"473\" \/><\/p>\n<p><img loading=\"lazy\" decoding=\"async\" class=\"aligncenter wp-image-19438 size-large\" src=\"\/fenykepalbum\/keptar_309_big_2011.01.29-30_4_iaido_taikai_kzfsz.jpg\" alt=\"\" width=\"840\" height=\"473\" \/><\/p>\n<p><img loading=\"lazy\" decoding=\"async\" class=\"aligncenter wp-image-19438 size-large\" src=\"\/fenykepalbum\/keptar_309_big_2011.01.29-30_4_iaido_taikai_vg.jpg\" alt=\"\" width=\"840\" height=\"473\" \/><\/p>\n<p><img loading=\"lazy\" decoding=\"async\" class=\"aligncenter wp-image-19438 size-large\" src=\"\/fenykepalbum\/keptar_309_big_2011.01.30_iaido_taikai_shinbukan_csoportkep.jpg\" alt=\"\" width=\"840\" height=\"473\" \/><\/p>\n","protected":false},"excerpt":{"rendered":"<p>IV. Hungarian Iaido Open Taikai nekem az els\u0151 volt. Az els\u0151 napgyakorl\u00e1ssal telt, Patrick Demuynck sensei vezet\u00e9s\u00e9vel. Nagyon \u00e9rdekes nap volt ez. No, nem az\u00e9rt mert egyetlen nap alatt v\u00e9gigvett\u00fck a 12 ZNKR kata sarokpontjait. Persze, persze, lehetett tanulni sok mindent, de m\u00e9gsem ez volt az igaz\u00e1n \u00e9rdekes. Hanem az, hogy a k\u00fcl\u00f6nb\u00f6z\u0151 szinten \u00e1ll\u00f3 &hellip; <a href=\"https:\/\/shinbukan.hu\/?p=19547\" class=\"more-link\"><span class=\"screen-reader-text\">&#8222;4. Iaido Open Taikai (Budapest)&#8221;<\/span> b\u0151vebben<\/a><\/p>\n","protected":false},"author":2,"featured_media":0,"comment_status":"open","ping_status":"open","sticky":false,"template":"","format":"standard","meta":{"footnotes":""},"categories":[],"tags":[],"class_list":["post-19547","post","type-post","status-publish","format-standard","hentry"],"_links":{"self":[{"href":"https:\/\/shinbukan.hu\/index.php?rest_route=\/wp\/v2\/posts\/19547","targetHints":{"allow":["GET"]}}],"collection":[{"href":"https:\/\/shinbukan.hu\/index.php?rest_route=\/wp\/v2\/posts"}],"about":[{"href":"https:\/\/shinbukan.hu\/index.php?rest_route=\/wp\/v2\/types\/post"}],"author":[{"embeddable":true,"href":"https:\/\/shinbukan.hu\/index.php?rest_route=\/wp\/v2\/users\/2"}],"replies":[{"embeddable":true,"href":"https:\/\/shinbukan.hu\/index.php?rest_route=%2Fwp%2Fv2%2Fcomments&post=19547"}],"version-history":[{"count":0,"href":"https:\/\/shinbukan.hu\/index.php?rest_route=\/wp\/v2\/posts\/19547\/revisions"}],"wp:attachment":[{"href":"https:\/\/shinbukan.hu\/index.php?rest_route=%2Fwp%2Fv2%2Fmedia&parent=19547"}],"wp:term":[{"taxonomy":"category","embeddable":true,"href":"https:\/\/shinbukan.hu\/index.php?rest_route=%2Fwp%2Fv2%2Fcategories&post=19547"},{"taxonomy":"post_tag","embeddable":true,"href":"https:\/\/shinbukan.hu\/index.php?rest_route=%2Fwp%2Fv2%2Ftags&post=19547"}],"curies":[{"name":"wp","href":"https:\/\/api.w.org\/{rel}","templated":true}]}}