{"id":19551,"date":"2008-05-15T12:22:00","date_gmt":"2008-05-15T12:22:00","guid":{"rendered":""},"modified":"-0001-11-30T00:00:00","modified_gmt":"-0001-11-29T22:00:00","slug":"","status":"publish","type":"post","link":"https:\/\/shinbukan.hu\/?p=19551","title":{"rendered":"Jodo &#038; Iaido szemin\u00e1rium (Villingen )"},"content":{"rendered":"<p>Mott\u00f3: &#8222;A sas nem vad\u00e1szik legyekre&#8230;&#8221;<\/p>\n<p>2000 km, 4 csod\u00e1latos nap, 8 \u00faj magyar shodan, 2 m\u00e1sodik \u00e9s 3 harmadik taikai helyez\u00e9s. R\u00f6viden.<\/p>\n<p>Reggel 4:30-kor kider\u00fcl, hogy nem cser\u00e9lt\u00fcnk telefonsz\u00e1mot, \u00e9s valahogy a<br \/>\ntal\u00e1lkoz\u00e1si pontot is siker\u00fclt elv\u00e9teni. 25 perc hajnali telekonferenci\u00e1z\u00e1s, \u00e9s<br \/>\nm\u00e1r pakolhatjuk is a t\u00e1sk\u00e1kat \u00e9s a fegyvereket Vass sportt\u00e1rs aut\u00f3j\u00e1ba. A v\u00e1ros<br \/>\n\u00fcres, 5:05-kor m\u00e1r a megbesz\u00e9lt tal\u00e1lkoz\u00e1si pontn\u00e1l vagyunk, term\u00e9szetesen<br \/>\negyed\u00fcl, mert a csapat m\u00e1sik fele m\u00e9g valahol Farkasr\u00e9ten, am\u00edg a harmadik<br \/>\nr\u00e9sze Buda\u00f6rs\u00f6n. V\u00e9g\u00fcl is 15 perc tov\u00e1bbi szervez\u00e9s ut\u00e1n a h\u00e1romb\u00f3l k\u00e9t aut\u00f3<br \/>\nm\u00e1r sz\u00e1guld is B\u00e9cs fel\u00e9. A B\u00e9cs k\u00f6rny\u00e9ki dug\u00f3t siker\u00fcl meg\u00faszni, d\u00e9lre m\u00e1r<br \/>\nSalzburg k\u00f6rny\u00e9k\u00e9n csod\u00e1ljuk a k\u00f6zel h\u00e1romezres hegycs\u00facsokat \u00e9s az alattuk<br \/>\nmegb\u00fav\u00f3 tavakat. M\u00fcnchen-t, majd Stuttgart-ot is magunk m\u00f6g\u00f6tt hagyva, v\u00e9g\u00fcl d\u00e9lut\u00e1n<br \/>\n5 k\u00f6r\u00fcl \u00e9r\u00fcnk Villingen-be. Mindenki f\u00e1radt, \u00edgy igyekszik min\u00e9l hamarabb<br \/>\nelfoglalni a sz\u00e1ll\u00e1s\u00e1t. Este kis s\u00e9ta \u00e9s zekken-varr\u00e1s&#8230;<\/p>\n<p>Reggel nagy az izgalom, legt\u00f6bben most tal\u00e1lkozunk el\u0151sz\u00f6r Ishido sensei-el.<br \/>\nT\u00f6bb mint 100 jodoka tesz-vesz a teremben, v\u00e9g\u00fcl 10-kor elkezd\u0151dik az els\u0151<br \/>\nedz\u00e9s. V\u00e9gig vessz\u00fck a ZNKR Jodo kihon-t, majd ut\u00e1na Ishido sensei tan\u00e1csait<br \/>\nhallhatjuk, hogy mit kellene jav\u00edtani, melyek az \u00e1ltal\u00e1nos hib\u00e1k. Ezut\u00e1n bomlik<br \/>\na csapat: mudan-shodan a kisterembe Jock Hopson sensei \u00e9s Rene van Amersfoort<br \/>\nsensei vezet\u00e9s\u00e9vel, a t\u00f6bbiek a nagyteremben, Ishido sensei-el. Ez a fel\u00e1ll\u00e1s<br \/>\nmarad d\u00e9lut\u00e1nra is. Este a napi 6-7 \u00f3ra jo-t nem igaz\u00e1n szokott izmaink jelzik,<br \/>\nhogy igen, ma csin\u00e1ltunk valamit. \u00c9s a fejek is tele vannak a sok tan\u00edt\u00e1ssal.<br \/>\n\u00cdgy kis s\u00e9ta ut\u00e1n alv\u00e1s j\u00f6n &#8211; legal\u00e1bbis egyeseknek, akiket nem zavar a saj\u00e1t<br \/>\nhorkol\u00e1suk. : -)<br \/>\nM\u00e1snap reggel m\u00e1r mindenki vizsgal\u00e1zban \u00e9g. 9-11-ig vizsg\u00e1z\u00f3knak felk\u00e9sz\u00fcl\u00e9s,<br \/>\nt\u00f6bbieknek edz\u00e9s. Term\u00e9szetesen most der\u00fcl ki, hogy minden kata, amir\u0151l azt<br \/>\ngondoltuk, hogy 7-8. danos szinten megy, az ezer sebb\u0151l v\u00e9rzik&#8230; Ennek<br \/>\nellen\u00e9re mindenki sikeresen levizsg\u00e1zik. Abban csak b\u00edzunk, hogy ez ink\u00e1bb<br \/>\nannak k\u00f6sz\u00f6nhet\u0151, hogy val\u00f3ban tudtuk hozni a shodan szintet, \u00e9s nem a<br \/>\nvizsg\u00e1ztat\u00f3k j\u00f3sz\u00edv\u00e9n m\u00falt a dolog. De a l\u00e9nyeg, hogy mindenki \u00e1tment&#8230;<\/p>\n<p>A taikai&#8230; Legt\u00f6bb\u00fcnknek az els\u0151. Mindenki derekasan k\u00fczd, sorra hullunk el,<br \/>\nde az\u00e9rt shodan (egy kateg\u00f3ri\u00e1val feljebb!) (Vass Gergely 2., \u00c1mon S\u00e1ndor 3.)<br \/>\n\u00e9s yondan (H\u00e1bermajer G\u00e1bor 2.) kateg\u00f3ri\u00e1ban is siker\u00fcl a m\u00e1sodik \u00e9s a harmadik<br \/>\nhelyet begy\u0171jteni a magyar csapat tagjainak. Ism\u00e9t f\u00e1radtan, de el\u00e9g\u00e9detten<br \/>\nzuhanunk be, ki az \u00e1gyba, ki a s\u00e1torba. Illetve a csapat egy r\u00e9sze az aut\u00f3ba,<br \/>\nmert \u0151k egy \u00e9jszakai kalandt\u00fara keret\u00e9ben hazaindulnak.<br \/>\nM\u00e1snap 8 \u00f3ra ZNKR Iaido edz\u00e9s. Azt hiszem ehhez nincs mit<br \/>\nhozz\u00e1f\u0171zni.&nbsp;&nbsp;<\/p>\n<p>A negyedik nap Iaido Koryu. Shoden, Chuden \u00e9s Okuden, mindenkinek a maga<br \/>\nszintje. Muso Shinden \u00e9s Jikiden Eysin Ryu is. D\u00e9lut\u00e1n pedig \u00fajabb taikai,<br \/>\nez\u00fattal Iaido. Itt m\u00e1r mindenki f\u00e1radt, aki elindul, az h\u0151siesen k\u00fczd, de sajnos<br \/>\naz els\u0151 4 k\u00f6z\u00e9 egyik\u00fcnk sem ker\u00fcl. A sv\u00e9d l\u00e1nyokra kicsit haragszunk, de csak<br \/>\nszigor\u00faan a l\u00e1tszat kedv\u00e9\u00e9rt&#8230; Egy\u00e9bk\u00e9nt szeretj\u00fck \u0151ket, mert kedvesek&#8230; : -)<br \/>\nEste mindenki pakol, a haza utat tervezi, \u00e9s sem az Eur\u00f3pa atlaszban, sem a<br \/>\nGPS-ben nem tal\u00e1ljuk a 2008-as EB helysz\u00ednt, Magglingen-t&#8230; V\u00e9g\u00fcl a mindentud\u00f3<br \/>\ng\u00fagli seg\u00edt: Bern mellett van, csak nagyon kis telep\u00fcl\u00e9s.<\/p>\n<p>A haza\u00fat ar\u00e1nylag probl\u00e9ma mentesre siker\u00fcl, lesz\u00e1m\u00edtva, hogy a m\u00fcnchen-i<br \/>\nk\u00f6rgy\u0171r\u0171n a marad\u00e9k 2 aut\u00f3b\u00f3l elvesz\u00edt\u00fcnk m\u00e9g egyet, ugyanis a GPS ragaszkodik<br \/>\nahhoz, hogy amelyik aut\u00f3t \u0151 ir\u00e1ny\u00edtja, az Passau fel\u00e9 fog hazamenni. Erre \u00fagy<br \/>\nkb. 80 kilom\u00e9ter ut\u00e1n j\u00f6v\u00fcnk r\u00e1, amikor m\u00e1r egyik\u00fcnknek sem \u00e9ri meg<br \/>\nvisszafordulni, \u00edgy k\u00fcl\u00f6n utakon haladunk tov\u00e1bb. Miut\u00e1n egy osztr\u00e1k aut\u00f3p\u00e1lya<br \/>\nparkol\u00f3ban a t\u00f6r\u00f6k kamionsof\u0151r\u00f6k legnagyobb megd\u00f6bben\u00e9s\u00e9re m\u00e9g lenyomunk n\u00e9h\u00e1ny<br \/>\njo \u00e9s bokken n\u00e9lk\u00fcli fantom-kat\u00e1t, d\u00e9lut\u00e1n 5 k\u00f6r\u00fcl f\u00e1radtan, de t\u00f6bb \u00e9vre<br \/>\nelegend\u0151 \u00e9lm\u00e9nnyel felt\u00f6ltekezve befutunk Budapestre.<\/p>\n<p>R\u00e9thi Hunor<\/p>\n<hr style=\"width: 100%; height: 2px;\">A szemin\u00e1rium vezet\u0151je:<br \/>&nbsp;Ishido Shizufumi, Iaido 8.dan Hanshi, Jodo 8.dan Kyoshi, Kendo 7. dan kyoshi<br \/>&nbsp;<br \/>Tan\u00e1rok:<br \/>&nbsp;Jock Hopson, 7. Dan Iaido Kyoshi, 7. Dan Jodo Renshi<br \/>&nbsp;Chris Mansfield, 7. Dan Iaido Kyoshi, 7. Dan Jodo Renshi<br \/>&nbsp;Louis Vitalis, 7. Dan Iaido Kyoshi, 7. Dan Jodo Renshi<br \/>&nbsp;Rene van Amersfoort, 7. Dan Iaido Renshi, 7. Dan Jodo Renshi<br \/>&nbsp;Lenn Bean, 7. Dan Iaido Renshi, 5. Dan Jodo<br \/>&nbsp;Aad van de Wijngaard, 7. Dan Iaido Renshi, 5. Dan Jodo<br \/>&nbsp;Fay Goodmann, 7. Dan Iaido Renshi, 4. Dan Jodo<br \/>&nbsp;Takao Momiyama, 7. Dan Iaido Renshi, 6. Dan Jodo Renshi<br \/>&nbsp;Jef Heuvelmanns, 1. Dan Iaido, 6. Dan Jodo<\/p>\n<p>A Jodo taikai eredm\u00e9nyei:<\/p>\n<p>Sodan kateg\u00f3ria<br \/>Vass Gergely 2. hely<br \/>\u00c1mon S\u00e1ndor 3. hely<\/p>\n<p>Yondan kateg\u00f3ria<br \/>H\u00e1bermajer G\u00e1bor 2. hely<\/p>\n<p>Gratul\u00e1lunk a helyezetteknek \u00e9s a sikeresen vizsg\u00e1z\u00f3knak!<\/p>\n<p><img loading=\"lazy\" decoding=\"async\" class=\"aligncenter wp-image-19438 size-large\" src=\"\/fenykepalbum\/keptar_152_big_2008.05.15-18._Villingen.jpg\" alt=\"\" width=\"840\" height=\"473\" \/><\/p>\n<p><img loading=\"lazy\" decoding=\"async\" class=\"aligncenter wp-image-19438 size-large\" src=\"\/fenykepalbum\/keptar_152_big_v4.jpg\" alt=\"\" width=\"840\" height=\"473\" \/><\/p>\n<p><img loading=\"lazy\" decoding=\"async\" class=\"aligncenter wp-image-19438 size-large\" src=\"\/fenykepalbum\/keptar_152_big_v3.jpg\" alt=\"\" width=\"840\" height=\"473\" \/><\/p>\n<p><img loading=\"lazy\" decoding=\"async\" class=\"aligncenter wp-image-19438 size-large\" src=\"\/fenykepalbum\/keptar_152_big_v2.jpg\" alt=\"\" width=\"840\" height=\"473\" \/><\/p>\n<p><img loading=\"lazy\" decoding=\"async\" class=\"aligncenter wp-image-19438 size-large\" src=\"\/fenykepalbum\/keptar_152_big_v1.jpg\" alt=\"\" width=\"840\" height=\"473\" \/><\/p>\n","protected":false},"excerpt":{"rendered":"<p>Mott\u00f3: &#8222;A sas nem vad\u00e1szik legyekre&#8230;&#8221; 2000 km, 4 csod\u00e1latos nap, 8 \u00faj magyar shodan, 2 m\u00e1sodik \u00e9s 3 harmadik taikai helyez\u00e9s. R\u00f6viden. Reggel 4:30-kor kider\u00fcl, hogy nem cser\u00e9lt\u00fcnk telefonsz\u00e1mot, \u00e9s valahogy a tal\u00e1lkoz\u00e1si pontot is siker\u00fclt elv\u00e9teni. 25 perc hajnali telekonferenci\u00e1z\u00e1s, \u00e9s m\u00e1r pakolhatjuk is a t\u00e1sk\u00e1kat \u00e9s a fegyvereket Vass sportt\u00e1rs aut\u00f3j\u00e1ba. A &hellip; <a href=\"https:\/\/shinbukan.hu\/?p=19551\" class=\"more-link\"><span class=\"screen-reader-text\">&#8222;Jodo &#038; Iaido szemin\u00e1rium (Villingen )&#8221;<\/span> b\u0151vebben<\/a><\/p>\n","protected":false},"author":2,"featured_media":0,"comment_status":"open","ping_status":"open","sticky":false,"template":"","format":"standard","meta":{"footnotes":""},"categories":[],"tags":[],"class_list":["post-19551","post","type-post","status-publish","format-standard","hentry"],"_links":{"self":[{"href":"https:\/\/shinbukan.hu\/index.php?rest_route=\/wp\/v2\/posts\/19551","targetHints":{"allow":["GET"]}}],"collection":[{"href":"https:\/\/shinbukan.hu\/index.php?rest_route=\/wp\/v2\/posts"}],"about":[{"href":"https:\/\/shinbukan.hu\/index.php?rest_route=\/wp\/v2\/types\/post"}],"author":[{"embeddable":true,"href":"https:\/\/shinbukan.hu\/index.php?rest_route=\/wp\/v2\/users\/2"}],"replies":[{"embeddable":true,"href":"https:\/\/shinbukan.hu\/index.php?rest_route=%2Fwp%2Fv2%2Fcomments&post=19551"}],"version-history":[{"count":0,"href":"https:\/\/shinbukan.hu\/index.php?rest_route=\/wp\/v2\/posts\/19551\/revisions"}],"wp:attachment":[{"href":"https:\/\/shinbukan.hu\/index.php?rest_route=%2Fwp%2Fv2%2Fmedia&parent=19551"}],"wp:term":[{"taxonomy":"category","embeddable":true,"href":"https:\/\/shinbukan.hu\/index.php?rest_route=%2Fwp%2Fv2%2Fcategories&post=19551"},{"taxonomy":"post_tag","embeddable":true,"href":"https:\/\/shinbukan.hu\/index.php?rest_route=%2Fwp%2Fv2%2Ftags&post=19551"}],"curies":[{"name":"wp","href":"https:\/\/api.w.org\/{rel}","templated":true}]}}