{"id":19552,"date":"2008-06-08T12:22:00","date_gmt":"2008-06-08T12:22:00","guid":{"rendered":""},"modified":"-0001-11-30T00:00:00","modified_gmt":"-0001-11-29T22:00:00","slug":"","status":"publish","type":"post","link":"https:\/\/shinbukan.hu\/?p=19552","title":{"rendered":"Kardok es\u0151ben (Budapest)"},"content":{"rendered":"<p>A h\u00e9tv\u00e9g\u00e9n megrendezett<a href=\"http:\/\/www.szigetisportvarazs.hu\/\" target=\"_blank\"> Szigeti Sportvar\u00e1zs<\/a> elnevez\u00e9s\u0171 rendezv\u00e9nyen Vass Gergely \u00e9s Bereczki J\u00f3zsef klubt\u00e1rsunk vett r\u00e9szt.<br \/>Az es\u0151 &#8211; mely a bemutat\u00f3 el\u0151tt \u00e9s ut\u00e1n nem, csak alatta esett &#8211; k\u00fcl\u00f6n\u00f6s hangulattal eg\u00e9sz\u00edtette ki az IaiDo \u00e9s JoDo bemutat\u00f3t.<\/p>\n<div style=\"text-align: right;\">&#8222;Es\u0151 se mos le<br \/>\nsz\u00e9ps\u00e9g-sz\u00ednt se vir\u00e1gr\u00f3l,<br \/>\nse sz\u00e9p l\u00e1nyarcr\u00f3l.&#8221;<br \/><span style=\"font-style: italic;\">Macou Bas\u00f3<\/span><br \/><span style=\"font-style: italic;\"><\/span><\/div>\n<p><img loading=\"lazy\" decoding=\"async\" class=\"aligncenter wp-image-19438 size-large\" src=\"\/fenykepalbum\/keptar_161_big_2008.06.08_sportvarazs_iaido_jodo_kendo_7101.jpg\" alt=\"\" width=\"840\" height=\"473\" \/><\/p>\n<p><img loading=\"lazy\" decoding=\"async\" class=\"aligncenter wp-image-19438 size-large\" src=\"\/fenykepalbum\/keptar_161_big_2008.06.08_sportvarazs_iaido_jodo_kendo_7109.jpg\" alt=\"\" width=\"840\" height=\"473\" \/><\/p>\n<p><img loading=\"lazy\" decoding=\"async\" class=\"aligncenter wp-image-19438 size-large\" src=\"\/fenykepalbum\/keptar_161_big_2008.06.08_sportvarazs_iaido_jodo_kendo_7127.jpg\" alt=\"\" width=\"840\" height=\"473\" \/><\/p>\n","protected":false},"excerpt":{"rendered":"<p>A h\u00e9tv\u00e9g\u00e9n megrendezett Szigeti Sportvar\u00e1zs elnevez\u00e9s\u0171 rendezv\u00e9nyen Vass Gergely \u00e9s Bereczki J\u00f3zsef klubt\u00e1rsunk vett r\u00e9szt.Az es\u0151 &#8211; mely a bemutat\u00f3 el\u0151tt \u00e9s ut\u00e1n nem, csak alatta esett &#8211; k\u00fcl\u00f6n\u00f6s hangulattal eg\u00e9sz\u00edtette ki az IaiDo \u00e9s JoDo bemutat\u00f3t. &#8222;Es\u0151 se mos le sz\u00e9ps\u00e9g-sz\u00ednt se vir\u00e1gr\u00f3l, se sz\u00e9p l\u00e1nyarcr\u00f3l.&#8221;Macou Bas\u00f3<\/p>\n","protected":false},"author":2,"featured_media":0,"comment_status":"open","ping_status":"open","sticky":false,"template":"","format":"standard","meta":{"footnotes":""},"categories":[],"tags":[],"class_list":["post-19552","post","type-post","status-publish","format-standard","hentry"],"_links":{"self":[{"href":"https:\/\/shinbukan.hu\/index.php?rest_route=\/wp\/v2\/posts\/19552","targetHints":{"allow":["GET"]}}],"collection":[{"href":"https:\/\/shinbukan.hu\/index.php?rest_route=\/wp\/v2\/posts"}],"about":[{"href":"https:\/\/shinbukan.hu\/index.php?rest_route=\/wp\/v2\/types\/post"}],"author":[{"embeddable":true,"href":"https:\/\/shinbukan.hu\/index.php?rest_route=\/wp\/v2\/users\/2"}],"replies":[{"embeddable":true,"href":"https:\/\/shinbukan.hu\/index.php?rest_route=%2Fwp%2Fv2%2Fcomments&post=19552"}],"version-history":[{"count":0,"href":"https:\/\/shinbukan.hu\/index.php?rest_route=\/wp\/v2\/posts\/19552\/revisions"}],"wp:attachment":[{"href":"https:\/\/shinbukan.hu\/index.php?rest_route=%2Fwp%2Fv2%2Fmedia&parent=19552"}],"wp:term":[{"taxonomy":"category","embeddable":true,"href":"https:\/\/shinbukan.hu\/index.php?rest_route=%2Fwp%2Fv2%2Fcategories&post=19552"},{"taxonomy":"post_tag","embeddable":true,"href":"https:\/\/shinbukan.hu\/index.php?rest_route=%2Fwp%2Fv2%2Ftags&post=19552"}],"curies":[{"name":"wp","href":"https:\/\/api.w.org\/{rel}","templated":true}]}}