{"id":19554,"date":"2008-05-31T12:22:00","date_gmt":"2008-05-31T12:22:00","guid":{"rendered":""},"modified":"-0001-11-30T00:00:00","modified_gmt":"-0001-11-29T22:00:00","slug":"","status":"publish","type":"post","link":"https:\/\/shinbukan.hu\/?p=19554","title":{"rendered":"I. Iaido Taikai felk\u00e9sz\u00edt\u0151 szemin\u00e1rium \u00e9s Ny\u00edlt Egy\u00e9ni Verseny (Budapest)"},"content":{"rendered":"<p>A k\u00e9tnapos esem\u00e9nyt <span style=\"font-weight: bold;\">Patrick Demuynck Renshi<\/span> (7. Dan IaiDo, a Belga Kendo Sz\u00f6vets\u00e9g Iaido Bucho-ja, h\u00e1romszoros Taikai Eur\u00f3pa Bajnok) vezette <span style=\"font-weight: bold;\">Sensei H\u00e1bermajer G\u00e1bor<\/span> (5. Dan IaiDo) \u00e9s <span style=\"font-weight: bold;\">Sensei Mihalik Hunor<\/span> (5. Dan IaiDo)  seg\u00edts\u00e9g\u00e9vel.<\/p>\n<p><span style=\"font-weight: bold;\">Az els\u0151 nap<\/span> k\u00fcl\u00f6nleges bemutat\u00f3val kezd\u0151d\u00f6tt: 3 k\u00fcl\u00f6nb\u00f6z\u0151 iskola reiho-it tekinthett\u00fck meg, kiemelve a k\u00fcl\u00f6nbs\u00e9geket \u00e9s a k\u00f6telez\u0151, azonos mozdulatokat.<br \/>Ezt k\u00f6vette a 12 Zen Ken Kata bemutat\u00e1sa \u00e9s gyakorl\u00e1sa. Nagyon sok hasznos inform\u00e1ci\u00f3 hangzott el a technik\u00e1kkal kapcsolatban, a vizsga \u00e9s a verseny k\u00f6z\u00f6tti k\u00fcl\u00f6nbs\u00e9gek is szerepet kaptak, a r\u00e9sztvev\u0151k pedig k\u00e9rd\u00e9seikkel seg\u00edtett\u00e9k a folyamatot.<br \/>Patrick Demuynck Sensei v\u00e9g\u00fcl ismertette az etikettet \u00e9s a vizsgaszempontokat.<\/p>\n<p>A p\u00e1ly\u00e1k elk\u00e9sz\u00edt\u00e9se ut\u00e1n lehet\u0151s\u00e9g ny\u00edlott kipr\u00f3b\u00e1lni a Taikai hangulat\u00e1t &#8211; ez legt\u00f6bb\u00fcnk sz\u00e1m\u00e1ra \u00faj \u00e9lm\u00e9ny volt! Az eddigi mag\u00e1nyos elm\u00e9ly\u00fcl\u00e9st felv\u00e1ltotta ez a helyzet, ahol egy m\u00e1sik ember (bizonyos szempontb\u00f3l ellenf\u00e9l) hangulat\u00e1t, mozdulatait is figyelni kellett. Figyelni, \u00e9s befoly\u00e1solni. Harcolni az id\u0151vel, strat\u00e9gi\u00e1t kialak\u00edtani, pszichol\u00f3giai j\u00e1tszm\u00e1kat j\u00e1tszani&#8230;vagy alkalmazni a H\u00e1bor\u00fa m\u0171v\u00e9szet\u00e9t.<\/p>\n<p>&#8222;A mi rend\u00fcnk seg\u00edts\u00e9g\u00e9vel v\u00e1rhatjuk ki a felfordul\u00e1st<br \/>\n(az ellens\u00e9gn\u00e9l), a mi nyugalmunk seg\u00edts\u00e9g\u00e9vel v\u00e1rhatjuk ki<br \/>\na nyugtalans\u00e1got (az ellens\u00e9gn\u00e9l). Ez az \u00e9rzelmekkel val\u00f3<br \/>\nt\u00f6r\u0151d\u00e9s.  Ha (az ellens\u00e9g) k\u00f6zel van, v\u00e1rjuk ki, am\u00edg<br \/>\nelt\u00e1volodik; ha ereje telj\u00e9ben van, v\u00e1rjuk ki, am\u00edg elf\u00e1rad;<br \/>\nha \u00e9ppen j\u00f3llakott, v\u00e1rjuk ki, am\u00edg meg\u00e9hezik. Ez az er\u0151vel<br \/>\nval\u00f3 t\u00f6r\u0151d\u00e9s.&#8221; <span style=\"font-style: italic;\">(<\/span><a style=\"font-style: italic;\" href=\"http:\/\/mek.oszk.hu\/01300\/01345\/01345.htm\" target=\"_blank\">Szun Ce: a Hadvisel\u00e9s t\u00f6rv\u00e9nyei<\/a><span style=\"font-style: italic;\">)<\/span><\/p>\n<p>A<br \/>\nm\u00e1sodik nap elej\u00e9n, az els\u0151 naphoz hasonl\u00f3an, ism\u00e9t v\u00e9gigment\u00fcnk a 12 Zen Ken<br \/>\nKat\u00e1n, sz\u00e9tdarabolva \u00e9s folyamat\u00e1ban is. Fontos szerepet kapott az &#8222;\u00e9l\u0151 iai&#8221;,<br \/>\nazaz a &#8222;val\u00f3s\u00e1gos iai&#8221;. Az eb\u00e9dsz\u00fcnet el\u0151tt n\u00e9h\u00e1nyan ism\u00e9t kipr\u00f3b\u00e1ltuk a taikai<br \/>\nhangulat\u00e1t. Ekkor a leend\u0151 b\u00edr\u00f3k is gyakorolhattak, majd Hunor sensei<br \/>\nk\u00f6zrem\u0171k\u00f6d\u00e9s\u00e9vel k\u00fcl\u00f6nb\u00f6z\u0151 v\u00e1ratlan helyzetek \u00e1lltak el\u0151: &#8222;Az utols\u00f3 kata<br \/>\nhelyett a 8. csin\u00e1ld!&#8221;, &#8222;T\u00e9gy \u00fagy, mintha elv\u00e1gtad volna a kezed!&#8221;. Az els\u0151<br \/>\nalkalomn\u00e1l meglep\u0151d\u00e9s, majd a &#8222;balesetn\u00e9l&#8221; mosoly ker\u00fclt a b\u00edr\u00f3k arc\u00e1ra. Ez a<br \/>\nnap nem csak a taikai-on r\u00e9sztvev\u0151knek, hanem a b\u00edr\u00f3knak is f\u00e1raszt\u00f3 volt, de<br \/>\nsok-sok \u00faj \u00e9lm\u00e9nnyel lett\u00fcnk gazdagabbak.<\/p>\n<p>A<br \/>\ntaikai sokunknak egy eg\u00e9szen \u00faj \u00e9lm\u00e9ny volt (Patrick Demuynck sensei szerint<br \/>\nmindenkinek \u00e9rdemes legal\u00e1bb egyszer megtapasztalni a taikai hangulat\u00e1t),<br \/>\nfelk\u00e9sz\u00fclni, tiszteletad\u00e1s az ellenf\u00e9lnek, \u00e9rezni a sz\u00edv ritmus\u00e1t az eg\u00e9sz<br \/>\ntestben, figyelem \u00e9s koncentr\u00e1ci\u00f3. Mi is a c\u00e9l, a gy\u0151zelem, vagy tal\u00e1n valami<br \/>\neg\u00e9szen m\u00e1s? Szerintem a val\u00f3di c\u00e9l, hogy a legjobb form\u00e1mat mutassam, &#8222;Nem az<br \/>\nellenfeledet kell legy\u0151zni, hanem magadat&#8221; hallatszott egy t\u00e1rsunkt\u00f3l. C\u00e9l<br \/>\nlehet m\u00e9g, hogy min\u00e9l t\u00f6bb emberrel mehess\u00fcnk ki \u00e9s mutassuk be a tud\u00e1sunkat.<br \/>\nHogy ki a legjobb, nem sz\u00e1m\u00edt &#8211; nem is der\u00fcl ki -, hogy ott \u00e9ppen akkor jobb<br \/>\nvagy rosszabb voltam, ez sem sz\u00e1m\u00edt &#8222;Nem az ellenfeledet kell legy\u0151zni, &#8230;.&#8221; <\/p>\n<p><span style=\"font-style: italic;\">Szilva Imre &amp; Koz\u00e1r<br \/>\nZolt\u00e1n<\/span><br style=\"font-style: italic;\"><br \/>A tapasztalat mellett klubunk h\u00edrnev\u00e9t is siker\u00fclt nemes\u00edteni: <a href=\"letoltes\/160\/I_Iaido_Taikai_08_result_Hungary_Mudan.pdf\" target=\"_blank\">Mudan<\/a> kateg\u00f3ri\u00e1ban&nbsp; <span style=\"font-weight: bold;\">\u00c1mon S\u00e1ndor 1<\/span>., <span style=\"font-weight: bold;\">Koz\u00e1r Zolt\u00e1n 2.,<\/span> <a href=\"letoltes\/160\/I_Iaido_Taikai_08_result_Hungary_1_2Dan.pdf\" target=\"_blank\">Nidan-shodan<\/a> keteg\u00f3ri\u00e1ban <span style=\"font-weight: bold;\">Vass Gergely 3.<\/span> helyez\u00e9st \u00e9rt el! Gratul\u00e1lunk!<\/p>\n<p><img loading=\"lazy\" decoding=\"async\" class=\"aligncenter wp-image-19438 size-large\" src=\"\/fenykepalbum\/keptar_160_big_2008.05.31_1_taikai_7068.jpg\" alt=\"\" width=\"840\" height=\"473\" \/><\/p>\n<p><img loading=\"lazy\" decoding=\"async\" class=\"aligncenter wp-image-19438 size-large\" src=\"\/fenykepalbum\/keptar_160_big_2008.05.31_1_taikai_6799.jpg\" alt=\"\" width=\"840\" height=\"473\" \/><\/p>\n<p><img loading=\"lazy\" decoding=\"async\" class=\"aligncenter wp-image-19438 size-large\" src=\"\/fenykepalbum\/keptar_160_big_2008.05.31_1_taikai_7010.jpg\" alt=\"\" width=\"840\" height=\"473\" \/><\/p>\n<p><img loading=\"lazy\" decoding=\"async\" class=\"aligncenter wp-image-19438 size-large\" src=\"\/fenykepalbum\/keptar_160_big_2008.05.31_1_taikai_6789.jpg\" alt=\"\" width=\"840\" height=\"473\" \/><\/p>\n<p><img loading=\"lazy\" decoding=\"async\" class=\"aligncenter wp-image-19438 size-large\" src=\"\/fenykepalbum\/keptar_160_big_2008.05.31_1_taikai_6833.jpg\" alt=\"\" width=\"840\" height=\"473\" \/><\/p>\n<p><img loading=\"lazy\" decoding=\"async\" class=\"aligncenter wp-image-19438 size-large\" src=\"\/fenykepalbum\/keptar_160_big_2008.05.31_1_taikai_6860.jpg\" alt=\"\" width=\"840\" height=\"473\" \/><\/p>\n<p><img loading=\"lazy\" decoding=\"async\" class=\"aligncenter wp-image-19438 size-large\" src=\"\/fenykepalbum\/keptar_160_big_2008.05.31_1_taikai_6883.jpg\" alt=\"\" width=\"840\" height=\"473\" \/><\/p>\n<p><img loading=\"lazy\" decoding=\"async\" class=\"aligncenter wp-image-19438 size-large\" src=\"\/fenykepalbum\/keptar_160_big_2008.05.31_1_taikai_6934.jpg\" alt=\"\" width=\"840\" height=\"473\" \/><\/p>\n<p><img loading=\"lazy\" decoding=\"async\" class=\"aligncenter wp-image-19438 size-large\" src=\"\/fenykepalbum\/keptar_160_big_2008.05.31_1_taikai_6993.jpg\" alt=\"\" width=\"840\" height=\"473\" \/><\/p>\n<p><img loading=\"lazy\" decoding=\"async\" class=\"aligncenter wp-image-19438 size-large\" src=\"\/fenykepalbum\/keptar_160_big_2008.05.31_1_taikai_7017.jpg\" alt=\"\" width=\"840\" height=\"473\" \/><\/p>\n","protected":false},"excerpt":{"rendered":"<p>A k\u00e9tnapos esem\u00e9nyt Patrick Demuynck Renshi (7. Dan IaiDo, a Belga Kendo Sz\u00f6vets\u00e9g Iaido Bucho-ja, h\u00e1romszoros Taikai Eur\u00f3pa Bajnok) vezette Sensei H\u00e1bermajer G\u00e1bor (5. Dan IaiDo) \u00e9s Sensei Mihalik Hunor (5. Dan IaiDo) seg\u00edts\u00e9g\u00e9vel. Az els\u0151 nap k\u00fcl\u00f6nleges bemutat\u00f3val kezd\u0151d\u00f6tt: 3 k\u00fcl\u00f6nb\u00f6z\u0151 iskola reiho-it tekinthett\u00fck meg, kiemelve a k\u00fcl\u00f6nbs\u00e9geket \u00e9s a k\u00f6telez\u0151, azonos mozdulatokat.Ezt k\u00f6vette &hellip; <a href=\"https:\/\/shinbukan.hu\/?p=19554\" class=\"more-link\"><span class=\"screen-reader-text\">&#8222;I. Iaido Taikai felk\u00e9sz\u00edt\u0151 szemin\u00e1rium \u00e9s Ny\u00edlt Egy\u00e9ni Verseny (Budapest)&#8221;<\/span> b\u0151vebben<\/a><\/p>\n","protected":false},"author":2,"featured_media":0,"comment_status":"open","ping_status":"open","sticky":false,"template":"","format":"standard","meta":{"footnotes":""},"categories":[],"tags":[],"class_list":["post-19554","post","type-post","status-publish","format-standard","hentry"],"_links":{"self":[{"href":"https:\/\/shinbukan.hu\/index.php?rest_route=\/wp\/v2\/posts\/19554","targetHints":{"allow":["GET"]}}],"collection":[{"href":"https:\/\/shinbukan.hu\/index.php?rest_route=\/wp\/v2\/posts"}],"about":[{"href":"https:\/\/shinbukan.hu\/index.php?rest_route=\/wp\/v2\/types\/post"}],"author":[{"embeddable":true,"href":"https:\/\/shinbukan.hu\/index.php?rest_route=\/wp\/v2\/users\/2"}],"replies":[{"embeddable":true,"href":"https:\/\/shinbukan.hu\/index.php?rest_route=%2Fwp%2Fv2%2Fcomments&post=19554"}],"version-history":[{"count":0,"href":"https:\/\/shinbukan.hu\/index.php?rest_route=\/wp\/v2\/posts\/19554\/revisions"}],"wp:attachment":[{"href":"https:\/\/shinbukan.hu\/index.php?rest_route=%2Fwp%2Fv2%2Fmedia&parent=19554"}],"wp:term":[{"taxonomy":"category","embeddable":true,"href":"https:\/\/shinbukan.hu\/index.php?rest_route=%2Fwp%2Fv2%2Fcategories&post=19554"},{"taxonomy":"post_tag","embeddable":true,"href":"https:\/\/shinbukan.hu\/index.php?rest_route=%2Fwp%2Fv2%2Ftags&post=19554"}],"curies":[{"name":"wp","href":"https:\/\/api.w.org\/{rel}","templated":true}]}}