{"id":19558,"date":"2008-10-11T12:22:00","date_gmt":"2008-10-11T12:22:00","guid":{"rendered":""},"modified":"-0001-11-30T00:00:00","modified_gmt":"-0001-11-29T22:00:00","slug":"","status":"publish","type":"post","link":"https:\/\/shinbukan.hu\/?p=19558","title":{"rendered":"\u0150szi Iaido Szemn\u00e1rium (Budapest)"},"content":{"rendered":"<div><b>Meleg \u0151szi napok<\/b><\/div>\n<div><\/div>\n<div>Az els\u0151 nap indul\u00e1sak\u00e9nt a gyakorl\u00e1s m\u00e9lys\u00e9g\u00e9r\u0151l, a tiszteletad\u00e1si&nbsp;form\u00e1kr\u00f3l, a technik\u00e1kr\u00f3l, a szellemi felk\u00e9sz\u00fcl\u00e9sr\u0151l, a zanshin-r\u00f3l \u00e9s&nbsp;a vizsgaszempontokr\u00f3l esett sz\u00f3 \u2013 majd &nbsp;a formagyakorlatokban t\u00f6rt\u00e9nt<\/div>\n<div>v\u00e1ltoz\u00e1sok k\u00f6vetkeztek. A kezdeti (reggeli) hangulatot Yamasaki Sensei humorral&nbsp;tette oldottabb\u00e1, az\u00f3ta tudjuk, hogy a \u201e45 fok&#8221; \u00faj jelz\u0151je: &#8222;about&#8221;. :&#8211;)<\/div>\n<div><\/div>\n<div>Ezt k\u00f6vet\u0151en csoportokra oszlottunk, \u00e9s gyakoroltunk. A vizsg\u00e1ra k\u00e9sz\u00fcl\u0151k abban a kiv\u00e9teles helyzetben lehettek, hogy H\u00e1bermajer Sensei \u00e9s Mih\u00e1lyi Patr\u00edcia vigy\u00e1z\u00f3 kezei alatt form\u00e1l\u00f3dhattak tov\u00e1bb &#8211; ez\u00faton is k\u00f6sz\u00f6nj\u00fck nekik! :&#8211;)<\/div>\n<div><\/div>\n<div>\u00c9s gyakoroltunk.<\/div>\n<div>\u00c9s gyakoroltunk.<\/div>\n<div><\/div>\n<div><b>A kocka \u00e9s a harminc \u00e9v<\/b><\/div>\n<div><\/div>\n<div>A 2. nap Yamasaki Sensei pr\u00f3b\u00e1lt v\u00e1laszolni a gyakorl\u00f3k hihetetlen k\u00e9rd\u00e9seire.<\/div>\n<div>Tudas\u00edtotta, hogy ZNKR egy kocka, \u00e9s ezzel kell most nagyon sok\u00e1ig foglalkoznunk, b\u00e1rmennyire is \u00e9letszer\u0171tlennek \u00e9s rugalmatlannak is t\u0171nik ez sz\u00e1munkra.<\/div>\n<div>Megmutatta, hov\u00e1 vezethet az \u00dat &#8211; hogy ezen gyakorlatok elsaj\u00e1t\u00edt\u00e1s\u00e1val k\u00e9pesek lehet\u00fcnk majd arra, hogy megoldjunk b\u00e1rmilyen szitu\u00e1ci\u00f3t &#8211; majd az \u00e1ltalunk ismert Shiho giri Kat\u00e1ba helyezte mutatta meg v\u00e1lasz\u00e1nak l\u00e9nyeg\u00e9t (az\u00f3ta sem \u00e9rtem, hogy lehet valaki ennyire gyors 71 \u00e9vesen. :&#8211;)).<\/div>\n<div>Egy m\u00e1sik k\u00e9rd\u00e9sre nekem a k\u00f6vetkez\u0151 Zen t\u00f6rt\u00e9net jutott eszembe:<\/div>\n<div><\/div>\n<div>&#8222;A kard mestere<\/div>\n<div><\/div>\n<div>Egyszer egy Matadzs\u00far\u00f3 nevezet\u0171 ifj\u00fa kereste fel a kardforgat\u00e1s h\u00edres mester\u00e9t, Banz\u00f3t.<\/div>\n<div>&#8211; Szeretn\u00e9m, ha tan\u00edtan\u00e1l, ha beavatn\u00e1l a kardforgat\u00e1s m\u0171v\u00e9szet\u00e9be. Mondd, ha kem\u00e9nyen dolgozom, mennyi id\u0151 alatt lehetek mester? Mennyit kell tanulnom, hogy annyit tudjak, mint te?<\/div>\n<div>&#8211; \u00c9leted v\u00e9g\u00e9ig &#8211; hangzott a v\u00e1lasz.<\/div>\n<div>&#8211; Annyi id\u0151m nincs erre &#8211; mondta Matadzs\u00far\u00f3. &#8211; B\u00e1rmire k\u00e9pes vagyok, b\u00e1rmilyen megpr\u00f3b\u00e1ltat\u00e1st elszenvedek. Ha minden parancsodat v\u00e9grehajtom, haboz\u00e1s n\u00e9lk\u00fcl, mennyi ideig tart a dolog?<\/div>\n<div>&#8211; Tal\u00e1n t\u00edz \u00e9vig.<\/div>\n<div>&#8211; Az ap\u00e1m m\u00e1r nagyon \u00f6reg, hamarosan gondj\u00e1t kell viselnem. Mennyi ideig fog tartani a tan\u00edt\u00e1som, ha m\u00e9g kem\u00e9nyebben dolgozom, ha t\u00e9nyleg minden er\u0151met beleadom a feladatok v\u00e9grehajt\u00e1s\u00e1ba?<\/div>\n<div>&#8211; Tal\u00e1n harminc \u00e9vig &#8211; felelte Banz\u00f3.<\/div>\n<div>&#8211; Ez meg hogy lehet? &#8211; h\u00f6kkent meg az ifj\u00fa. &#8211; Az el\u0151bb az mondtad, t\u00edz \u00e9vig tart majd, most meg azt mondod, harminc \u00e9vig? \u00c9n t\u00e9nyleg b\u00e1rmit megteszek az\u00e9rt, hogy a lehet\u0151 legr\u00f6videbb id\u0151n bel\u00fcl a kard mestere legyek!<\/div>\n<div>&#8211; Ebben az esetben legal\u00e1bb hetven \u00e9vig kell velem maradnod. Aki ennyire siet, mint te, ritk\u00e1n tanul gyorsan.&#8221;<\/div>\n<div><span class=\"Apple-style-span\" style=\"font-style: italic; \"><br \/>(az id\u00e9zet a Gy\u00e9m\u00e1nt \u00e9s l\u00f3tusz c\u00edm\u0171 k\u00f6nyvb\u0151l sz\u00e1rmazik)<\/span><\/div>\n<div><\/div>\n<div>A hagyom\u00e1nyos edz\u0151t\u00e1bori muffin ism\u00e9t m\u00e1s \u00e9s finom volt, az eb\u00e9det pedig t\u00f6bben a tet\u0151 felett, napf\u00e9nyben fogyasztottuk el. :&#8211;)<\/div>\n<div><\/div>\n<div><b>Egy pillanat<\/b><\/p>\n<p>Vas\u00e1rnap d\u00e9lut\u00e1n (klubunk sz\u00fclet\u00e9snapj\u00e1n!) a vizsg\u00e1k z\u00e1rt\u00e1k a szemin\u00e1riumot. Yamasaki Sensei el\u0151tte \u00e9s ut\u00e1na is elmondta, hogy szerinte mindenki megfelelt (:&#8211;), majd hozz\u00e1tette, hogy t\u00f6bb kiemelked\u0151 Iaidok\u00e1t l\u00e1tott, akik magas szinten teljes\u00edtettek.<\/p><\/div>\n<div>Ezen a d\u00e9lut\u00e1non Kecsk\u00e9s L\u00e1szl\u00f3 \u00e9s Szilva Imre a 2 Dan, Koz\u00e1r Zolt\u00e1n az 1 Kyu fokozatot szerezte meg.<\/div>\n<div>\n<\/div>\n<div>Este a Telihold f\u00e9nye z\u00e1rta az esem\u00e9nyt.<\/p>\n<div style=\"text-align: right;\"><i>Szilva Imre<\/i><\/div>\n<\/div>\n<div><\/div>\n<p><img loading=\"lazy\" decoding=\"async\" class=\"aligncenter wp-image-19438 size-large\" src=\"\/fenykepalbum\/keptar_170_big_2008.10.12_Iaido_8269.jpg\" alt=\"\" width=\"840\" height=\"473\" \/><\/p>\n<p><img loading=\"lazy\" decoding=\"async\" class=\"aligncenter wp-image-19438 size-large\" src=\"\/fenykepalbum\/keptar_170_big_2008.10.14_Yamazaki.jpg\" alt=\"\" width=\"840\" height=\"473\" \/><\/p>\n","protected":false},"excerpt":{"rendered":"<p>Meleg \u0151szi napok Az els\u0151 nap indul\u00e1sak\u00e9nt a gyakorl\u00e1s m\u00e9lys\u00e9g\u00e9r\u0151l, a tiszteletad\u00e1si&nbsp;form\u00e1kr\u00f3l, a technik\u00e1kr\u00f3l, a szellemi felk\u00e9sz\u00fcl\u00e9sr\u0151l, a zanshin-r\u00f3l \u00e9s&nbsp;a vizsgaszempontokr\u00f3l esett sz\u00f3 \u2013 majd &nbsp;a formagyakorlatokban t\u00f6rt\u00e9nt v\u00e1ltoz\u00e1sok k\u00f6vetkeztek. A kezdeti (reggeli) hangulatot Yamasaki Sensei humorral&nbsp;tette oldottabb\u00e1, az\u00f3ta tudjuk, hogy a \u201e45 fok&#8221; \u00faj jelz\u0151je: &#8222;about&#8221;. :&#8211;) Ezt k\u00f6vet\u0151en csoportokra oszlottunk, \u00e9s gyakoroltunk. A &hellip; <a href=\"https:\/\/shinbukan.hu\/?p=19558\" class=\"more-link\"><span class=\"screen-reader-text\">&#8222;\u0150szi Iaido Szemn\u00e1rium (Budapest)&#8221;<\/span> b\u0151vebben<\/a><\/p>\n","protected":false},"author":2,"featured_media":0,"comment_status":"open","ping_status":"open","sticky":false,"template":"","format":"standard","meta":{"footnotes":""},"categories":[],"tags":[],"class_list":["post-19558","post","type-post","status-publish","format-standard","hentry"],"_links":{"self":[{"href":"https:\/\/shinbukan.hu\/index.php?rest_route=\/wp\/v2\/posts\/19558","targetHints":{"allow":["GET"]}}],"collection":[{"href":"https:\/\/shinbukan.hu\/index.php?rest_route=\/wp\/v2\/posts"}],"about":[{"href":"https:\/\/shinbukan.hu\/index.php?rest_route=\/wp\/v2\/types\/post"}],"author":[{"embeddable":true,"href":"https:\/\/shinbukan.hu\/index.php?rest_route=\/wp\/v2\/users\/2"}],"replies":[{"embeddable":true,"href":"https:\/\/shinbukan.hu\/index.php?rest_route=%2Fwp%2Fv2%2Fcomments&post=19558"}],"version-history":[{"count":0,"href":"https:\/\/shinbukan.hu\/index.php?rest_route=\/wp\/v2\/posts\/19558\/revisions"}],"wp:attachment":[{"href":"https:\/\/shinbukan.hu\/index.php?rest_route=%2Fwp%2Fv2%2Fmedia&parent=19558"}],"wp:term":[{"taxonomy":"category","embeddable":true,"href":"https:\/\/shinbukan.hu\/index.php?rest_route=%2Fwp%2Fv2%2Fcategories&post=19558"},{"taxonomy":"post_tag","embeddable":true,"href":"https:\/\/shinbukan.hu\/index.php?rest_route=%2Fwp%2Fv2%2Ftags&post=19558"}],"curies":[{"name":"wp","href":"https:\/\/api.w.org\/{rel}","templated":true}]}}