{"id":19560,"date":"2008-10-24T12:22:00","date_gmt":"2008-10-24T12:22:00","guid":{"rendered":""},"modified":"-0001-11-30T00:00:00","modified_gmt":"-0001-11-29T22:00:00","slug":"","status":"publish","type":"post","link":"https:\/\/shinbukan.hu\/?p=19560","title":{"rendered":"Es\u0151 ut\u00e1n (Visegr\u00e1d)"},"content":{"rendered":"<p><span>&#8211; A Shinbu fa \u00fajra\u00fcltet\u00e9se (Platanus hybrida Brot.)<br \/>A tavaszra elpusztult kis t\u00f6lgy csemete hely\u00e9be egy plat\u00e1nt \u00fcltett\u00fcnk. Erre a reggelre m\u00e9g a nap is sz\u00e9toszlatta a felh\u0151ket. Ver\u0151f\u00e9nyben pr\u00f3b\u00e1lkoztunk a f\u00f6ldlabd\u00e1nak elegend\u0151 g\u00f6dr\u00f6t belev\u00e9sni a g\u00e1t anyag\u00e1ba. A t\u00f6bbi gy\u00f6k\u00e9rzet dolga lesz.<\/p>\n<div style=\"text-align: center;\">&#8222;Rem\u00e9lem, egyre t\u00f6bben fogj\u00e1k majd meg\u00e9rteni mi mindent szimboliz\u00e1l ez a fa.&#8221;<\/div>\n<p>&#8211; \u00daj tapasztalatok bokut\u00f3kkal, \u00e9s \u00faj kat\u00e1kkal.<br \/>&#8211; P\u00f3ker a tatamin, t\u00e9sztaleves d\u00f6mping, te\u00e1s besz\u00e9lget\u00e9sek, &#8230;egy\u00fctt&#8230;lenni&#8230;<br \/>&#8211; Z\u00f6ld-s\u00e1rga-bord\u00f3-barna Pilis; a t\u0171z melege; nagyon csendes eb\u00e9d, nagy pislog\u00e1sokkal; b\u00facs\u00fa a f\u00e1t\u00f3l, tavasszal visszat\u00e9r\u00fcnk.<\/p>\n<p><\/span><\/p>\n<div style=\"text-align: right;\"><i>H\u00e1bermajer&nbsp;G\u00e1bor<\/i><\/div>\n<div>\n<div>Este. Sensei el\u0151ad\u00e1ssal k\u00e9sz\u00fclt! A hirtelen szerzett olvas\u00f3l\u00e1mpa f\u00e9ny\u00e9n\u00e9l k\u00f6vett\u00fck nyomon az Iaido \u00fatj\u00e1t, az az\u00f3ta (\u00e1tad\u00e1sban, kat\u00e1k-ban..) t\u00f6rt\u00e9nt v\u00e1ltoz\u00e1sokat. Id\u00e9zetet halottunk t\u00f6bbek k\u00f6z\u00f6tt Jagj\u00fa Munenori: AZ \u00c9LETET AD\u00d3 KARD c\u00edm\u0171 m\u0171v\u00e9b\u0151l, \u00e9s megtekintett\u00fck a Harcos \u00fatja c\u00edm\u0171 filmet.<\/div>\n<div><\/div>\n<div>A k\u00e9s\u0151bb kialakult besz\u00e9lget\u00e9s egyik t\u00e9m\u00e1j\u00e1ra a m\u00e9g mindig el\u0151tt\u00fcnk hever\u0151 k\u00f6nyv c\u00edme adta a feleletet ( &#8222;Nem \u00e9rted a l\u00e9nyeget, ha azt hiszed, a harcm\u0171v\u00e9szet csak lev\u00e1gni egy embert.&#8221;) &#8211; de ide kapcsol\u00f3dik a kr\u00f3nik\u00e1s kedvenc fimj\u00e9nek (<a href=\"http:\/\/www.imdb.com\/title\/tt0181960\/\" target=\"film\">Ame Agaru &#8211; Es\u0151 ut\u00e1n<\/a>, amelynek forgat\u00f3k\u00f6nyv\u00e9t Kurosawa Akira \u00edrta)&nbsp;<a href=\"http:\/\/www.youtube.com\/watch?v=wE8QNT_vmvI&amp;feature=related\" target=\"video\">egyik jelente<\/a>&nbsp;is, amelyben a f\u0151szerepl\u0151 ronin a r\u00e1 t\u00e1mad\u00f3 szamur\u00e1jokat an\u00e9lk\u00fcl teszi harck\u00e9ptelenn\u00e9, hogy meg\u00f6ln\u00e9 \u0151ket.<\/div>\n<div><\/div>\n<div>\u00c9s m\u00e1snap (kiv\u00e9telesen reggeli ut\u00e1n..) Do-In gyakorlatok k\u00f6vetkeztek, majd k\u00f6z\u00f6sen, a kavicsos g\u00e1tba lyukat v\u00e9sve ism\u00e9t el\u00fcltett\u00fck (persze nem ugyanazt) a Shinbukan f\u00e1t!<\/div>\n<div><\/div>\n<div>D\u00e9lel\u0151tt Bokuto seg\u00edts\u00e9g\u00e9vel \u00e9rezt\u00fck meg az ellenf\u00e9l k\u00f6zels\u00e9g\u00e9t, ritmus\u00e1t.<\/div>\n<div>Eb\u00e9d ut\u00e1n mindenki \u00faj formagyakorlatokat ismerhetett meg &#8211; a novemberben Koryu t\u00e1borba k\u00e9sz\u00fcl\u0151k pl. a neh\u00e9z, de gy\u00f6ny\u00f6r\u0171 <a href=\"http:\/\/www.youtube.com\/watch?v=y2CUlKCrzWQ\" target=\"video\">Ukigumo<\/a>-t. :&#8211;)<\/div>\n<div><\/div>\n<div>Este a &#8222;csal\u00e1dtagokkal&#8221; kib\u0151v\u00fclt csal\u00e1d j\u00f3kedv\u0171en pihent, f\u00e1radt, hogy reggel nehezebben tudjon \u00e9bredni :&#8211;). (Szombaton ez siker\u00fclt is, a kr\u00f3nik\u00e1s ez\u00e9rt az \u00fajkori jap\u00e1nhoz k\u00f6thet\u0151 &#8222;Tokyo Drift&#8221; c\u00edm\u0171 film zen\u00e9j\u00e9vel \u00f6szt\u00f6n\u00f6zte a t\u00e1rsas\u00e1got.)<\/div>\n<div><\/div>\n<div>A terep visszarendez\u00e9se ut\u00e1n t\u00far\u00e1zni indultunk (b\u00e1r s\u00e9ta n\u00e9vvel is illethetn\u00e9nk :&#8211;). A cs\u00edp\u0151s \u0151szi szell\u0151 pr\u00f3b\u00e1lt a ruh\u00e1nk al\u00e1 jutni, de mi a napf\u00e9nyben lehull\u0151 leveleket figyelt\u00fck :&#8211;).<br \/>F\u00e9l\u00faton megpihent\u00fcnk, \u00e9s Sensei ez\u00fattal a t\u0171zgy\u00fajt\u00e1s rejtelmeibe avatott be minket. :&#8211;)<\/div>\n<div>Visszafel\u00e9 (mivel a csapat j\u00f3 r\u00e9sz\u00e9n\u00e9l iv\u00f3v\u00edz \u00e9s \u00e9lelem sem volt) m\u00e1r sokkal gyorsabban dikt\u00e1lta a sok \u00fcres has a temp\u00f3t, \u00e9s (volt, aki most sem hagyta ki a cukr\u00e1szd\u00e1t ;&#8211;)) sz\u00e9pen, k\u00e9nyelmesen megeb\u00e9delt\u00fcnk, majd b\u00facs\u00fat vett\u00fcnk a f\u00e1t\u00f3l, Visegr\u00e1dt\u00f3l &#8211; \u00e9s kis id\u0151re egym\u00e1st\u00f3l.<\/div>\n<div><\/div>\n<div>Folytat\u00e1sa k\u00f6vetkezik!<\/div>\n<div style=\"text-align: right;\"><i>Szilva Imre<\/i><\/div>\n<\/div>\n<p><img loading=\"lazy\" decoding=\"async\" class=\"aligncenter wp-image-19438 size-large\" src=\"\/fenykepalbum\/keptar_172_big_2008.10.23-25_shinbukan_visegrad_8438.jpg\" alt=\"\" width=\"840\" height=\"473\" \/><\/p>\n<p><img loading=\"lazy\" decoding=\"async\" class=\"aligncenter wp-image-19438 size-large\" src=\"\/fenykepalbum\/keptar_172_big_2008.10.23-25_shinbukan_visegrad_8387.jpg\" alt=\"\" width=\"840\" height=\"473\" \/><\/p>\n<p><img loading=\"lazy\" decoding=\"async\" class=\"aligncenter wp-image-19438 size-large\" src=\"\/fenykepalbum\/keptar_172_big_2008.10.23-25_shinbukan_visegrad_8459.jpg\" alt=\"\" width=\"840\" height=\"473\" \/><\/p>\n<p><img loading=\"lazy\" decoding=\"async\" class=\"aligncenter wp-image-19438 size-large\" src=\"\/fenykepalbum\/keptar_172_big_2008.10.23-25_shinbukan_visegrad_8412.jpg\" alt=\"\" width=\"840\" height=\"473\" \/><\/p>\n","protected":false},"excerpt":{"rendered":"<p>&#8211; A Shinbu fa \u00fajra\u00fcltet\u00e9se (Platanus hybrida Brot.)A tavaszra elpusztult kis t\u00f6lgy csemete hely\u00e9be egy plat\u00e1nt \u00fcltett\u00fcnk. Erre a reggelre m\u00e9g a nap is sz\u00e9toszlatta a felh\u0151ket. Ver\u0151f\u00e9nyben pr\u00f3b\u00e1lkoztunk a f\u00f6ldlabd\u00e1nak elegend\u0151 g\u00f6dr\u00f6t belev\u00e9sni a g\u00e1t anyag\u00e1ba. A t\u00f6bbi gy\u00f6k\u00e9rzet dolga lesz. &#8222;Rem\u00e9lem, egyre t\u00f6bben fogj\u00e1k majd meg\u00e9rteni mi mindent szimboliz\u00e1l ez a fa.&#8221; &#8211; &hellip; <a href=\"https:\/\/shinbukan.hu\/?p=19560\" class=\"more-link\"><span class=\"screen-reader-text\">&#8222;Es\u0151 ut\u00e1n (Visegr\u00e1d)&#8221;<\/span> b\u0151vebben<\/a><\/p>\n","protected":false},"author":2,"featured_media":0,"comment_status":"open","ping_status":"open","sticky":false,"template":"","format":"standard","meta":{"footnotes":""},"categories":[],"tags":[],"class_list":["post-19560","post","type-post","status-publish","format-standard","hentry"],"_links":{"self":[{"href":"https:\/\/shinbukan.hu\/index.php?rest_route=\/wp\/v2\/posts\/19560","targetHints":{"allow":["GET"]}}],"collection":[{"href":"https:\/\/shinbukan.hu\/index.php?rest_route=\/wp\/v2\/posts"}],"about":[{"href":"https:\/\/shinbukan.hu\/index.php?rest_route=\/wp\/v2\/types\/post"}],"author":[{"embeddable":true,"href":"https:\/\/shinbukan.hu\/index.php?rest_route=\/wp\/v2\/users\/2"}],"replies":[{"embeddable":true,"href":"https:\/\/shinbukan.hu\/index.php?rest_route=%2Fwp%2Fv2%2Fcomments&post=19560"}],"version-history":[{"count":0,"href":"https:\/\/shinbukan.hu\/index.php?rest_route=\/wp\/v2\/posts\/19560\/revisions"}],"wp:attachment":[{"href":"https:\/\/shinbukan.hu\/index.php?rest_route=%2Fwp%2Fv2%2Fmedia&parent=19560"}],"wp:term":[{"taxonomy":"category","embeddable":true,"href":"https:\/\/shinbukan.hu\/index.php?rest_route=%2Fwp%2Fv2%2Fcategories&post=19560"},{"taxonomy":"post_tag","embeddable":true,"href":"https:\/\/shinbukan.hu\/index.php?rest_route=%2Fwp%2Fv2%2Ftags&post=19560"}],"curies":[{"name":"wp","href":"https:\/\/api.w.org\/{rel}","templated":true}]}}