{"id":19563,"date":"2008-12-04T12:22:00","date_gmt":"2008-12-04T12:22:00","guid":{"rendered":""},"modified":"-0001-11-30T00:00:00","modified_gmt":"-0001-11-29T22:00:00","slug":"","status":"publish","type":"post","link":"https:\/\/shinbukan.hu\/?p=19563","title":{"rendered":"Besz\u00e1mol\u00f3 a 2008 \u00e9vi, 15. Iaido EB-r\u0151l (Sv\u00e1jc &#8211;Magglingen)"},"content":{"rendered":"<p>Minden EB m\u00e1s. Mindig m\u00e1s a versenyig<br \/>\nelvezet\u0151 \u00fat. A felk\u00e9sz\u00fcl\u00e9s, \u00f6sszekov\u00e1csol\u00f3d\u00e1s, a v\u00e1rakoz\u00e1s,<br \/>\naz utaz\u00e1s, \u00e9s maga a verseny is.\n<\/p>\n<p>A keretet minden eddigin\u00e9l kor\u00e1bban,<br \/>\nm\u00e1r m\u00e1rciusban kiv\u00e1lasztotta Mihalik Hunor az Iaido szekci\u00f3<br \/>\nvezet\u0151je, aki a felk\u00e9sz\u00fcl\u00e9si programot is v\u00e9gig k\u00e9zben<br \/>\ntartotta. <b>\/A keret id\u00e9n 8 f\u0151t jelentett: V\u00e1rv\u00edzi Attila \u00e9s<br \/>\nElter Helga (mudan), L\u00e1possy S\u00e1ndor \u00e9s Kurucz Csaba (shodan),<br \/>\nVarga Zolt\u00e1n \u00e9s Vass Gergely (nidan), Stadler Gyula (sandan), \u00e9s<br \/>\ncsapatkapit\u00e1nyk\u00e9nt j\u00f3magam, H\u00e1bermajer G\u00e1bor (godan).\/<\/b><br \/>\nEz egyben azt is jelentette, hogy a felk\u00e9sz\u00fcl\u00e9s is idej\u00e9ben<br \/>\nmegkezd\u0151dhetett. A koncepci\u00f3 egy eleinte ritk\u00e1bb, majd egyre<br \/>\ns\u0171r\u0171s\u00f6d\u0151 edz\u00e9sek melletti sok egy\u00e9ni munk\u00e1val t\u00f6rt\u00e9n\u0151<br \/>\nel\u0151k\u00e9sz\u00fclet volt. Az \u0151szi feler\u0151s\u00f6d\u0151 gyakorl\u00e1st k\u00e9t esem\u00e9ny<br \/>\ner\u0151s\u00edtette, okt\u00f3berben Yamasaki sensei edz\u0151t\u00e1bora, majd<br \/>\nnovemberben a Hunor \u00e1ltal vezetett v\u00e1logatott keret Csom\u00e1di<br \/>\nedz\u0151t\u00e1bora. Mindk\u00e9t esem\u00e9ny komoly lend\u00fcletet adott a<br \/>\nv\u00e1logatottnak. A kiutaz\u00e1s el\u0151tti h\u00e9tv\u00e9g\u00e9n egy r\u00e1hangol\u00f3 edz\u00e9s<br \/>\n\u00e9s egy k\u00f6z\u00f6s eb\u00e9d z\u00e1rta le a felk\u00e9sz\u00fcl\u00e9si szakaszt.\n<\/p>\n<p>Az utaz\u00e1s teljesen z\u00f6kken\u0151mentesen<br \/>\nt\u00f6rt\u00e9nt, h\u00e1la a kit\u0171n\u0151 el\u0151k\u00e9sz\u00edt\u0151 munk\u00e1nak, melyben<br \/>\njelent\u0151s r\u00e9sze volt Elter Helg\u00e1nak. Fest\u0151i k\u00f6rnyezetbe<br \/>\n\u00e9rkezt\u00fcnk, Biel v\u00e1rosa felett egy hegy tetej\u00e9re, ahol egy sport<br \/>\n\u00e9s szabadid\u0151 paradicsom helyezkedik el. Sportp\u00e1ly\u00e1k \u00e9s csarnokok<br \/>\nsokas\u00e1ga, kifog\u00e1stalan sz\u00e1ll\u00e1s, 20cm h\u00f3, \u00e9s egy rendk\u00edv\u00fcl<br \/>\nfelk\u00e9sz\u00fclt szervez\u0151i g\u00e1rda fogadott benn\u00fcnket. <\/p>\n<p>Id\u00e9n els\u0151 alkalommal az Iaido \u00e9s a<br \/>\nJodo EB teljesen elk\u00fcl\u00f6n\u00fclt, ami most csak adminisztrat\u00edv<br \/>\njelent\u0151s\u00e9ggel b\u00edrt, mivel a k\u00e9t rendezv\u00e9ny egym\u00e1st k\u00f6vette<br \/>\nazonos helyen.\n<\/p>\n<p>Az eddigi \u00e9vekhez hasonl\u00f3an<br \/>\nszemin\u00e1riummal kezd\u0151d\u00f6tt a 15. Iaido EB. A ZNKR-t k\u00e9pvisel\u0151<br \/>\ndeleg\u00e1ci\u00f3 most is fajs\u00falyos volt, tagjai a k\u00f6vetkez\u0151 mesterek<br \/>\nvoltak: KISHIMOTO Chihiro, Iaido Hanshi 8-Dan, YAMAZAKI Takashige,<br \/>\nIaido Hanshi 8-Dan, ISHIDO Shizofumi, Iaido Hanshi 8-Dan. Az oktat\u00e1si<br \/>\ntemp\u00f3 \u00e9s a gyakorl\u00e1s menete el\u00e9g gyors volt, mivel csak a<br \/>\nd\u00e9lel\u0151tt \u00e1llt rendelkez\u00e9sre a ZNKR iai \u00e1ttekint\u00e9s\u00e9re. <\/p>\n<p>D\u00e9lut\u00e1n b\u00edr\u00f3i a szemin\u00e1rium<br \/>\nk\u00f6vetkezett, ami sz\u00e1mos tanuls\u00e1ggal j\u00e1rt. A k\u00e9pz\u00e9st ISHIDO<br \/>\nsensei bevezet\u0151je ind\u00edtotta el, felsorolta a b\u00edr\u00e1skod\u00e1si<br \/>\nalapelveket, \u00e9s a b\u00edr\u00f3i hozz\u00e1\u00e1ll\u00e1s sarokk\u00f6veit. Ezeket sajnos<br \/>\nsok esetben nem l\u00e1thattuk viszont a gyakorlatban. A b\u00edr\u00f3i g\u00e1rda<br \/>\ntagjai n\u00e9ha igen meglep\u0151 eseteket produk\u00e1ltak, nem t\u0171ntek minden<br \/>\nesetben teljesen felk\u00e9sz\u00fcltnek, illetve nem \u00e1lltak mindig a<br \/>\nhelyzet magaslat\u00e1n. Term\u00e9szetesen ilyenkor nehez\u00edtett terepen kell<br \/>\nmozogniuk, hiszen minden egyes mintam\u00e9rk\u0151z\u00e9s tartalmaz valamilyen<br \/>\np\u00e9ld\u00e1zatot, teh\u00e1t rendk\u00edv\u00fcli figyelem sz\u00fcks\u00e9ges ilyenkor. B\u00e1r<br \/>\nazt gondolom nem csak ilyenkor, hanem a val\u00f3s versenyhelyzetek<br \/>\nelb\u00edr\u00e1l\u00e1sakor is. A tapasztalatszerz\u00e9st egy epiz\u00f3d is<br \/>\nsz\u00ednes\u00edtette, ugyanis valami \u00e9rthetetlen okn\u00e1l fogva a gyakorl\u00f3<br \/>\nm\u00e9rk\u0151z\u00e9sekre v\u00e1rakoz\u00f3k k\u00f6z\u00fcl t\u00f6bben elkezdtek kisziv\u00e1rogni a<br \/>\nteremb\u0151l, majd egyre t\u00f6bben k\u00f6vett\u00e9k ezt a p\u00e9ld\u00e1tlanul illetlen<br \/>\nmagatart\u00e1st. Nem kellett sok id\u0151, hogy a vezet\u0151 deleg\u00e1ci\u00f3nak is<br \/>\nszemet sz\u00farjon a t\u00f6rt\u00e9n\u00e9s, majd ISHIDO sensei nagyon \u00e9les hangon<br \/>\nh\u00edvta fel mindenki figyelm\u00e9t a t\u00f6rt\u00e9ntekre, \u00e9s adta tudtul, mi a<br \/>\nszemin\u00e1riumi viselked\u00e9s m\u00f3dja \u00e9s a tanul\u00e1s alapvet\u0151<br \/>\nhozz\u00e1\u00e1ll\u00e1sa. Engem is nagyon megleptek a t\u00f6rt\u00e9ntek, hiszen az<br \/>\nember \u00fagy gondoln\u00e1, az eur\u00f3pai Iaido elitje jelenik meg az EB-n. A<br \/>\nmagyar csapatra nem lehetett panasz, mindannyian igyekezt\u00fcnk a<br \/>\nlehet\u0151 legt\u00f6bbet elsaj\u00e1t\u00edtani.\n<\/p>\n<p>A versenynap reggel\u00e9n a lehet\u0151<br \/>\nlegkor\u00e1bban, els\u0151k k\u00f6z\u00f6tt \u00e9rkezt\u00fcnk a verseny helysz\u00edn\u00e9re,<br \/>\nhogy szok\u00e1sos, k\u00f6z\u00f6s bemeleg\u00edt\u00e9s\u00fcnket \u00e9s r\u00e1hangol\u00f3<br \/>\ngyakorl\u00e1sunkat elv\u00e9gezz\u00fck. J\u00f3 \u00e9rz\u00e9s volt l\u00e1tni, hogy ezt a<br \/>\nfajta k\u00f6z\u00f6s munk\u00e1t \u00e9s \u00f6sszetart\u00e1st csak mi k\u00e9pviselj\u00fck. Mire<br \/>\nv\u00e9gezt\u00fcnk kezd\u0151d\u00f6tt is a nemzetek felsorakoz\u00e1sa, \u00e9s a hivatalos<br \/>\nmegnyit\u00f3, amin (\u00e9s az eg\u00e9sz esem\u00e9nyen) a teljes EKF vez\u00e9rkar<br \/>\n(Alain Ducarme eln\u00f6k, Jean-Pierre Raick technikai igazgat\u00f3, Raf<br \/>\nBernaers f\u0151titk\u00e1r) is jelen volt. <\/p>\n<p>\u00c9s kezdet\u00e9t vette a verseny. Mudan,<br \/>\nshodan, nidan, \u00e9s sandan versenyz\u0151k kezdtek. Sajnos kor\u00e1n<br \/>\nkezd\u0151d\u00f6tt a vesztes\u00e9g hull\u00e1m. Elter Helga (mudan), Varga Zolt\u00e1n<br \/>\n\u00e9s Vass Gergely (nidan), Kurucz Csaba \u00e9s L\u00e1possy S\u00e1ndor (shodan),<br \/>\nvalamint H\u00e1bermajer G\u00e1bor (godan) a pool-okb\u00f3l nem jutottak ki.<br \/>\nMudanban V\u00e1rvizi Attila kijutott a pool-b\u00f3l, majd kiesett, hasonl\u00f3<br \/>\nk\u00e9ppen a sandan kateg\u00f3ri\u00e1ban indul\u00f3 Stadler Gyul\u00e1hoz. Egy ideig<br \/>\n\u0151k jelentett\u00e9k a rem\u00e9nyt. A t\u00f6rt\u00e9ntek id\u0151nk\u00e9nt nem kis \u00e9rzelmi<br \/>\nhull\u00e1mz\u00e1st okoztak csapatunknak. Kereshetn\u00e9nk a v\u00e1rtn\u00e1l gyeng\u00e9bb<br \/>\nszerepl\u00e9s okait magunkon k\u00edv\u00fcl, de ez nem visz j\u00f3 ir\u00e1nyba. Tal\u00e1n<br \/>\nkicsit el is vagyunk k\u00e9nyeztetve, hiszen az eddigi szerepl\u00e9sek<br \/>\nalatt, majdnem minden esetben siker\u00fclt valamilyen \u00e9rmet hazahozni.<br \/>\nAz\u00e9rt ne feledkezz\u00fcnk meg Vass Gergely fighting spirit d\u00edj\u00e1r\u00f3l,<br \/>\namit a pool-ban mutatott teljes\u00edtm\u00e9ny\u00e9re kapott.\n<\/p>\n<p><b>A csapatverseny<br \/>\n<\/b><\/p>\n<p>A harmadik napon k\u00f6vetkezett a<br \/>\ncsapatverseny. Reggel j\u00f3l \u00e9bredt\u00fcnk, siker\u00fclt a h\u00e1tr\u00e1ltat\u00f3<br \/>\nlelki aspektusokat magunk m\u00f6g\u00f6tt hagyni. J\u00f3 kedvel \u00e9s nagy<br \/>\nlend\u00fclettel indultunk neki, Vass, Varga, Stadler (tartal\u00e9kk\u00e9nt) \u00e9s<br \/>\nH\u00e1bermajer. Nidan-godan-nidan fel\u00e9p\u00edt\u00e9s\u0171 csapattal v\u00e1gtunk<br \/>\nneki. A kev\u00e9s kimondottan csapatk\u00e9sz\u00fcl\u0151s edz\u00e9s ellen\u00e9re,  azt<br \/>\nkell mondjam, nagyon j\u00f3l m\u0171k\u00f6d\u00f6tt a csapatunk. Volt k\u00f6z\u00f6s<br \/>\n\u00e9rz\u00e9s, lend\u00fclet, \u00e9s formailag is k\u00e9pzettek voltunk. Ez ut\u00f3bbi<br \/>\nnem volt felt\u00e9tlen\u00fcl igaz minden riv\u00e1lis csapatra. Az<br \/>\n\u00f6sszbenyom\u00e1st er\u0151s\u00edtette, hogy j\u00f3l mozogtunk egyszerre, a<br \/>\nreih\u00f3-kat teljes szinkronban tudtuk v\u00e9gezni. Pool els\u0151k\u00e9nt<br \/>\njutottuk ki, k\u00e9t gy\u0151zelemmel, amit titkon rem\u00e9lt\u00fcnk is. Az<br \/>\negyenes kies\u00e9sben olaszok elleni veres\u00e9g meglepet\u00e9sk\u00e9nt j\u00f6tt, de<br \/>\nh\u00e1t ilyen a taikai. Vigaszunk legyen az a nagyon er\u0151s, \u00e9s<br \/>\nfelszabadult \u00e9rz\u00e9s, ami mindh\u00e1rom m\u00e9rk\u0151z\u00e9s\u00fcnket \u00e1thatotta, \u00e9s<br \/>\naz, hogy a k\u00e9s\u0151bbi m\u00e1sodik helyezettet megvert\u00fck.\n<\/p>\n<p><b>\u00d6sszegz\u00e9s<br \/>\n<\/b><\/p>\n<p>Azt gondolom a felk\u00e9sz\u00fcl\u00e9s\u00fcnk<br \/>\nt\u00f6k\u00e9letes\u00edthet\u0151, tal\u00e1n jobb eredm\u00e9nyeket is el\u00e9rhetn\u00e9nk<br \/>\ntaikai-okon, de felteszem a k\u00e9rd\u00e9st: ez a c\u00e9l? Azt is gondolom a<br \/>\ntaikai nem lehet c\u00e9l, eszk\u00f6znek kell lennie. Eszk\u00f6z, mely<br \/>\niaido-nk, \u00e9s magunk fejleszt\u00e9s\u00e9re hivatott. Az iaido nem sport, \u00e9s<br \/>\nsemmik\u00e9ppen sem versenysport, ennek ellen\u00e9re l\u00e9tezik iaido<br \/>\nverseny. Ez tal\u00e1n ellent mond\u00e1s? Ha az, ha nem az, akkor is<br \/>\nl\u00e9tezik. Ak\u00e1r el is \u00edt\u00e9lhetj\u00fck a verseng\u00e9st, ak\u00e1r el is<br \/>\nz\u00e1rk\u00f3zhatunk el\u0151le. \u00c9vekkel ezel\u0151tt m\u00e1r megtapasztaltuk,<br \/>\nellentmond\u00e1soss\u00e1ga ellen\u00e9re sok hozad\u00e9ka van. Olyanok, amik m\u00e1s<br \/>\nm\u00f3don nem \u00e9rhet\u0151ek el. Ezeket kell szem el\u0151tt tartanunk. A<br \/>\nv\u00e1logat\u00e1s sor\u00e1n t\u00f6bb klub tagjai ker\u00fclnek egy munkacsoportba,<br \/>\nk\u00f6z\u00f6sen k\u00e9sz\u00fclnek, k\u00f6z\u00f6s c\u00e9l vez\u00e9rli munk\u00e1jukat. A k\u00f6z\u00f6s<br \/>\nfelk\u00e9sz\u00fcl\u00e9s, utaz\u00e1s, versenyz\u00e9s hatalmas kov\u00e1csol\u00f3 er\u0151vel<br \/>\nb\u00edr. A k\u00fcl\u00f6nb\u00f6z\u0151 helyekr\u0151l \u00e9rkez\u0151ket \u00f6sszekapcsolja, ez<br \/>\n\u00e1ltal a dojo-k k\u00f6z\u00f6tti kapcsolatok er\u0151s\u00f6dnek. A taikai alatt<br \/>\n\u00e9rzett fesz\u00fclts\u00e9g \u00e9s izgalom csak a vizsg\u00e1k\u00e9hoz hasonl\u00edthat\u00f3,<br \/>\na drukk t\u0171r\u00e9s \u00e9s helyzetkezel\u00e9s legnagyobb iskol\u00e1ja e helyzet.<br \/>\nAz EB az egyetlen olyan esem\u00e9ny melyre Eur\u00f3pa iaido-sai<br \/>\n\u00f6sszesereglenek, ahol valamennyi orsz\u00e1g (egyre t\u00f6bb) k\u00e9pviselteti<br \/>\nmag\u00e1t. L\u00e1ttatnunk kell magunkat, \u00e9s l\u00e1tnunk kell merre tart<br \/>\nEur\u00f3pa, a magas dan-os eur\u00f3paiak milyen iaido-t k\u00e9pviselnek, \u00e9s<br \/>\nl\u00e1tnunk kell, mit k\u00e9pviseltet ilyenkor a ZNKR a deleg\u00e1ci\u00f3j\u00e1n<br \/>\nkereszt\u00fcl.A taikai tov\u00e1bb\u00e1 az egyik legnagyobb ego rombol\u00f3<br \/>\nis. \u00d6n\u00e9rzet\u00fcnk, hi\u00fas\u00e1gunk, \u00e9s becsv\u00e1gyunk, eredm\u00e9nyre \u00e9s<br \/>\nelismer\u00e9sre v\u00e1gyik. Ha veszt\u00fcnk elkesered\u00fcnk, m\u00e1sok okol\u00e1s\u00e1ba<br \/>\nkezd\u00fcnk, rossz \u00e9rz\u00e9seink t\u00e1madnak, de az \u00fat nem erre vezet.<br \/>\nVeres\u00e9g ut\u00e1n \u00f6leld \u00e1t a gy\u0151ztest, \u00e9s keresd a tanuls\u00e1got,<br \/>\ntanulj!\n<\/p>\n<p>H\u00e1bermajer G\u00e1bor<br \/>Csapatkapit\u00e1ny<br \/>\n<br \/>Shinbukan Dojo<\/p>\n<p><img loading=\"lazy\" decoding=\"async\" class=\"aligncenter wp-image-19438 size-large\" src=\"\/fenykepalbum\/keptar_179_big_2008_12_magglingen_eb_2.jpg\" alt=\"\" width=\"840\" height=\"473\" \/><\/p>\n<p><img loading=\"lazy\" decoding=\"async\" class=\"aligncenter wp-image-19438 size-large\" src=\"\/fenykepalbum\/keptar_179_big_2008_12_magglingen_eb_5.jpg\" alt=\"\" width=\"840\" height=\"473\" \/><\/p>\n<p><img loading=\"lazy\" decoding=\"async\" class=\"aligncenter wp-image-19438 size-large\" src=\"\/fenykepalbum\/keptar_179_big_2008_12_magglingen_eb_3.jpg\" alt=\"\" width=\"840\" height=\"473\" \/><\/p>\n<p><img loading=\"lazy\" decoding=\"async\" class=\"aligncenter wp-image-19438 size-large\" src=\"\/fenykepalbum\/keptar_179_big_2008_12_magglingen_eb_1.jpg\" alt=\"\" width=\"840\" height=\"473\" \/><\/p>\n<p><img loading=\"lazy\" decoding=\"async\" class=\"aligncenter wp-image-19438 size-large\" src=\"\/fenykepalbum\/keptar_179_big_2008_12_magglingen_eb_4.jpg\" alt=\"\" width=\"840\" height=\"473\" \/><\/p>\n","protected":false},"excerpt":{"rendered":"<p>Minden EB m\u00e1s. Mindig m\u00e1s a versenyig elvezet\u0151 \u00fat. A felk\u00e9sz\u00fcl\u00e9s, \u00f6sszekov\u00e1csol\u00f3d\u00e1s, a v\u00e1rakoz\u00e1s, az utaz\u00e1s, \u00e9s maga a verseny is. A keretet minden eddigin\u00e9l kor\u00e1bban, m\u00e1r m\u00e1rciusban kiv\u00e1lasztotta Mihalik Hunor az Iaido szekci\u00f3 vezet\u0151je, aki a felk\u00e9sz\u00fcl\u00e9si programot is v\u00e9gig k\u00e9zben tartotta. \/A keret id\u00e9n 8 f\u0151t jelentett: V\u00e1rv\u00edzi Attila \u00e9s Elter Helga (mudan), &hellip; <a href=\"https:\/\/shinbukan.hu\/?p=19563\" class=\"more-link\"><span class=\"screen-reader-text\">&#8222;Besz\u00e1mol\u00f3 a 2008 \u00e9vi, 15. Iaido EB-r\u0151l (Sv\u00e1jc &#8211;Magglingen)&#8221;<\/span> b\u0151vebben<\/a><\/p>\n","protected":false},"author":2,"featured_media":0,"comment_status":"open","ping_status":"open","sticky":false,"template":"","format":"standard","meta":{"footnotes":""},"categories":[],"tags":[],"class_list":["post-19563","post","type-post","status-publish","format-standard","hentry"],"_links":{"self":[{"href":"https:\/\/shinbukan.hu\/index.php?rest_route=\/wp\/v2\/posts\/19563","targetHints":{"allow":["GET"]}}],"collection":[{"href":"https:\/\/shinbukan.hu\/index.php?rest_route=\/wp\/v2\/posts"}],"about":[{"href":"https:\/\/shinbukan.hu\/index.php?rest_route=\/wp\/v2\/types\/post"}],"author":[{"embeddable":true,"href":"https:\/\/shinbukan.hu\/index.php?rest_route=\/wp\/v2\/users\/2"}],"replies":[{"embeddable":true,"href":"https:\/\/shinbukan.hu\/index.php?rest_route=%2Fwp%2Fv2%2Fcomments&post=19563"}],"version-history":[{"count":0,"href":"https:\/\/shinbukan.hu\/index.php?rest_route=\/wp\/v2\/posts\/19563\/revisions"}],"wp:attachment":[{"href":"https:\/\/shinbukan.hu\/index.php?rest_route=%2Fwp%2Fv2%2Fmedia&parent=19563"}],"wp:term":[{"taxonomy":"category","embeddable":true,"href":"https:\/\/shinbukan.hu\/index.php?rest_route=%2Fwp%2Fv2%2Fcategories&post=19563"},{"taxonomy":"post_tag","embeddable":true,"href":"https:\/\/shinbukan.hu\/index.php?rest_route=%2Fwp%2Fv2%2Ftags&post=19563"}],"curies":[{"name":"wp","href":"https:\/\/api.w.org\/{rel}","templated":true}]}}