{"id":19574,"date":"2009-05-09T12:22:00","date_gmt":"2009-05-09T12:22:00","guid":{"rendered":""},"modified":"-0001-11-30T00:00:00","modified_gmt":"-0001-11-29T22:00:00","slug":"","status":"publish","type":"post","link":"https:\/\/shinbukan.hu\/?p=19574","title":{"rendered":"Mosovcei csiszol\u00f3g\u00e9p (Mosovce)"},"content":{"rendered":"<div>\n<div>\n<ol>\n<li><b>Szabads\u00e1g, szeretem<\/b><br \/>\u00c9vek \u00f3ta tervezi a Shinbu-csapat, hogy h\u00e1rom (3!) naposra b\u0151v\u00edti a k\u00fclf\u00f6ldi szemin\u00e1riumokat &#8211; \u00e9s most el is j\u00f6tt a pillanat: szabadnapot adtunk magunknak, \u00e9s a pihen\u00e9st &#8211; f\u00fcrd\u00e9st t\u0171zt\u00fck ki a 0. nap c\u00e9lj\u00e1ul. :-)))<br \/>H\u00e1rom aut\u00f3 indult \u00fatnak, a (c\u00edmad\u00f3 :&#8211;) WagonR+ hamarabb, hogy id\u0151ben oda\u00e9rjen, a Mazda \u00e9s a Ford egyszerre &#8211; k\u00fcl\u00f6n\u00f6s m\u00f3don \u0151k sem \u00e9rtek c\u00e9lba egy id\u0151ben, hiszen ez ut\u00f3bbi aut\u00f3t navig\u00e1l\u00f3 g\u00e9p \u00e9s ember (Tam\u00e1s, a <i>csiszol\u00f3<\/i>ember) p\u00e1ros csak hatalmas ker\u00fcl\u0151t t\u00e9ve tal\u00e1lt v\u00e9g\u00fcl mag\u00e1ra, \u00e9s az els\u0151 aut\u00f3 m\u00e1r napon s\u00fctk\u00e9rez\u0151 utasaira.\n<\/li>\n<li><b>Mosovce<\/b><br \/>A term\u00e9szet fel\u00e9 indultunk &#8211; ami el\u00e9g k\u00f6zel volt &#8211; majd letelepedt\u00fcnk egy \u00fajonnan telep\u00edtett magasfesz\u00fclts\u00e9g\u0171 oszlop \u00e9s egy tr\u00e1gyadomb k\u00f6zel\u00e9ben, \u00e9s pihenni kezdt\u00fcnk. Az els\u0151 napon \u00fajrameleg\u00edtett kiflik, kecskesajt meg\u00edzlel\u00e9se \u00e9s az els\u0151 leves adag leves elk\u00e9sz\u00fcltkor lassan felt\u0171ntek a t\u00e1volban az utols\u00f3 aut\u00f3 utasai is, hogy csatlakozzanak hozz\u00e1nk. A t\u00e1voli hegytet\u0151 havas cs\u00facsait szeml\u00e9lve ett\u00fcnk sok mindent egym\u00e1s ut\u00e1n, \u00e9s finom volt.\n<\/li>\n<li><a href=\"http:\/\/maps.google.com\/maps?f=q&amp;source=s_q&amp;hl=hu&amp;geocode=&amp;q=Tur%C4%8Dianske+Teplice,+Szlov%C3%A1kia+&amp;sll=37.06\" target=\"_blank\"><b>Sz\u00e1ll\u00e1s<\/b><\/a><br \/><a href=\"http:\/\/teplice.sk\/index.php?id=&amp;lang=2&amp;kat=1\" target=\"_blank\">Teplice<\/a>, ott ahol mindig, \u00e9s ahol soha nincs t\u00fck\u00f6r.&nbsp;Vacsora ut\u00e1n berendezkedt\u00fcnk, a tervezett <a href=\"http:\/\/aquapark.therme.sk\/?action=text&amp;txt=cennik\" target=\"_blank\">f\u00fcrd\u00e9s<\/a>t elhalasztottuk, \u00e9s csak r\u00f6viden ismerkedt\u00fcnk a falon l\u00e9v\u0151 fegyverekkel, hogy ne t\u00f6rt\u00e9njen \u00fajabb baleset.\n<\/li>\n<li><b>ZNKR<\/b><br \/>A hely: Mosovce, Gymnasyium of Agricultural and Fishing academy (;&#8212;)<br \/>A feladat: elm\u00e9ly\u00fcl\u00e9s a 12 formagyakorlatban<i>, <span class=\"Apple-style-span\" style=\"font-style: normal;\">vizsg\u00e1ra k\u00e9sz\u00fcl\u00e9s.<\/span><\/i><br \/>J\u00f3 \u00e9rz\u00e9s a hely\u00fcnk\u00f6n \u00e1llni a sorban, \u00e9s j\u00f3 l\u00e1tni, hogy mindenki egyre magasabb fokozattal rendelkezik, \u00e9s ennek k\u00f6sz\u00f6nhet\u0151en m\u00e9g t\u00f6bb r\u00e9szletet tal\u00e1lunk <a href=\"http:\/\/www.shinbukan.co.uk\" target=\"_blank\">Victor Cook Sensei<\/a> (Iaido 7. Dan Renshi) mozdulataiban, \u00e9s m\u00e9g t\u00f6bb finom\u00edtanival\u00f3t (<i>csiszolnival\u00f3t<\/i>) a saj\u00e1tunkban.<br \/>Tanul\u00e1sunkat Terry Cook Sensei (Iaido 5. Dan) \u00e9s John&nbsp;Piper Sensei&nbsp;(Iaido&nbsp;5. Dan)&nbsp;seg\u00edtette.\n<p>ui: A terem m\u00e9g mindig leveg\u0151 n\u00e9lk\u00fcli, az eb\u00e9d m\u00e9g mindig gyorsleves, p\u00e1lcik\u00e1val \u00e9s<a href=\"http:\/\/www.nakuptesi.cz\/images\/1170771682_Fidorka%20de%20lux%20s%20oriskem.jpeg\" target=\"_blank\"> Fidork\u00e1val.<\/a><\/p>\n<\/li>\n<li><b>Koryu \u00e9s vizsga<br \/><span class=\"Apple-style-span\" style=\"font-weight: normal;\">Igen! Vas\u00e1rnap d\u00e9lut\u00e1n elm\u00e9leti \u00e1ttekint\u0151 ut\u00e1n Koryu els\u0151-kat\u00e1kkal ismerkedt\u00fcnk k\u00f6zelebbr\u0151l &#8211; \u00e9s mindenki \u00f6r\u00f6m\u00e9re az Ukigumo is szerephez jutott. :&#8211;)<br \/>A d\u00e9lut\u00e1ni vizsg\u00e1n tagjaink sikeresen szerepeltek: gratul\u00e1lunk!<br \/>1 Dan: \u00c1mon S\u00e1ndor, Koz\u00e1r Zolt\u00e1n, V\u00f6r\u00f6s Erika<br \/>2 Dan: H. \u00c1gnes\n<p><\/span><\/b><\/li>\n<li><b><span class=\"Apple-style-span\" style=\"font-weight: normal;\"><b>Marlenka<br \/><\/b>Haza, hegyen v\u00f6lgy\u00f6n \u00e1t, Marlenka fogyaszt\u00e1sa \u00fat mellett.<br \/><\/span><br \/><\/b><\/li>\n<li><b>ZEN<br \/><span class=\"Apple-style-span\" style=\"font-weight: normal;\">N\u00e9ha messzire kell utazni, hogy \u00fajra magunkra tal\u00e1ljunk.<\/span><\/b><\/li>\n<\/ol>\n<\/div>\n<\/div>\n<p><img loading=\"lazy\" decoding=\"async\" class=\"aligncenter wp-image-19438 size-large\" src=\"\/fenykepalbum\/keptar_204_big_2009.05.09-11.0956.jpg\" alt=\"\" width=\"840\" height=\"473\" \/><\/p>\n<p><img loading=\"lazy\" decoding=\"async\" class=\"aligncenter wp-image-19438 size-large\" src=\"\/fenykepalbum\/keptar_204_big_2009.05.09-11.0893.jpg\" alt=\"\" width=\"840\" height=\"473\" \/><\/p>\n<p><img loading=\"lazy\" decoding=\"async\" class=\"aligncenter wp-image-19438 size-large\" src=\"\/fenykepalbum\/keptar_204_big_2009.05.09-11.0897.jpg\" alt=\"\" width=\"840\" height=\"473\" \/><\/p>\n<p><img loading=\"lazy\" decoding=\"async\" class=\"aligncenter wp-image-19438 size-large\" src=\"\/fenykepalbum\/keptar_204_big_2009.05.09-11.0915.jpg\" alt=\"\" width=\"840\" height=\"473\" \/><\/p>\n<p><img loading=\"lazy\" decoding=\"async\" class=\"aligncenter wp-image-19438 size-large\" src=\"\/fenykepalbum\/keptar_204_big_2009.05.09-11.0941.jpg\" alt=\"\" width=\"840\" height=\"473\" \/><\/p>\n<p><img loading=\"lazy\" decoding=\"async\" class=\"aligncenter wp-image-19438 size-large\" src=\"\/fenykepalbum\/keptar_204_big_2009.05.09-11.0947.jpg\" alt=\"\" width=\"840\" height=\"473\" \/><\/p>\n<p><img loading=\"lazy\" decoding=\"async\" class=\"aligncenter wp-image-19438 size-large\" src=\"\/fenykepalbum\/keptar_204_big_2009.05.09-11.0964.jpg\" alt=\"\" width=\"840\" height=\"473\" \/><\/p>\n","protected":false},"excerpt":{"rendered":"<p>Szabads\u00e1g, szeretem\u00c9vek \u00f3ta tervezi a Shinbu-csapat, hogy h\u00e1rom (3!) naposra b\u0151v\u00edti a k\u00fclf\u00f6ldi szemin\u00e1riumokat &#8211; \u00e9s most el is j\u00f6tt a pillanat: szabadnapot adtunk magunknak, \u00e9s a pihen\u00e9st &#8211; f\u00fcrd\u00e9st t\u0171zt\u00fck ki a 0. nap c\u00e9lj\u00e1ul. :-)))H\u00e1rom aut\u00f3 indult \u00fatnak, a (c\u00edmad\u00f3 :&#8211;) WagonR+ hamarabb, hogy id\u0151ben oda\u00e9rjen, a Mazda \u00e9s a Ford egyszerre &#8211; &hellip; <a href=\"https:\/\/shinbukan.hu\/?p=19574\" class=\"more-link\"><span class=\"screen-reader-text\">&#8222;Mosovcei csiszol\u00f3g\u00e9p (Mosovce)&#8221;<\/span> b\u0151vebben<\/a><\/p>\n","protected":false},"author":2,"featured_media":0,"comment_status":"open","ping_status":"open","sticky":false,"template":"","format":"standard","meta":{"footnotes":""},"categories":[],"tags":[],"class_list":["post-19574","post","type-post","status-publish","format-standard","hentry"],"_links":{"self":[{"href":"https:\/\/shinbukan.hu\/index.php?rest_route=\/wp\/v2\/posts\/19574","targetHints":{"allow":["GET"]}}],"collection":[{"href":"https:\/\/shinbukan.hu\/index.php?rest_route=\/wp\/v2\/posts"}],"about":[{"href":"https:\/\/shinbukan.hu\/index.php?rest_route=\/wp\/v2\/types\/post"}],"author":[{"embeddable":true,"href":"https:\/\/shinbukan.hu\/index.php?rest_route=\/wp\/v2\/users\/2"}],"replies":[{"embeddable":true,"href":"https:\/\/shinbukan.hu\/index.php?rest_route=%2Fwp%2Fv2%2Fcomments&post=19574"}],"version-history":[{"count":0,"href":"https:\/\/shinbukan.hu\/index.php?rest_route=\/wp\/v2\/posts\/19574\/revisions"}],"wp:attachment":[{"href":"https:\/\/shinbukan.hu\/index.php?rest_route=%2Fwp%2Fv2%2Fmedia&parent=19574"}],"wp:term":[{"taxonomy":"category","embeddable":true,"href":"https:\/\/shinbukan.hu\/index.php?rest_route=%2Fwp%2Fv2%2Fcategories&post=19574"},{"taxonomy":"post_tag","embeddable":true,"href":"https:\/\/shinbukan.hu\/index.php?rest_route=%2Fwp%2Fv2%2Ftags&post=19574"}],"curies":[{"name":"wp","href":"https:\/\/api.w.org\/{rel}","templated":true}]}}