{"id":19583,"date":"2009-10-08T12:22:00","date_gmt":"2009-10-08T12:22:00","guid":{"rendered":""},"modified":"-0001-11-30T00:00:00","modified_gmt":"-0001-11-29T22:00:00","slug":"","status":"publish","type":"post","link":"https:\/\/shinbukan.hu\/?p=19583","title":{"rendered":"A jap\u00e1n mester, az \u0151sz, az Iaido \u00e9s a Baseball (Budapest)"},"content":{"rendered":"<div>Az <a href=\"?naplo=hai&amp;sorszam=170&amp;t=Kr%C3%B3nika:%20ZNKR%20Iaido%20Szemn%C3%A1rium%20Yamasaki%20\">elm\u00falt \u00e9vhez<\/a> hasonl\u00f3an a <a href=\"http:\/\/shinbukan.hu\/letoltes\/197\/mksz_oszitabor_2009_kiiras.pdf\" \u00a0=\"\" target=\"_blank\">Magyar Kend\u00f3 Sz\u00f6vets\u00e9g szervez\u00e9s\u00e9ben<\/a> ism\u00e9t t\u00f6bb napot t\u00f6lthett\u00fcnk <a href=\"http:\/\/video.google.com\/videosearch?rlz=1C1GGLS_huHU325HU325&amp;sourceid=chrome&amp;q=%E5%B1%B1%EF%A8%91%E6%AD%A3%E5%#q=yamasaki+iaido&amp;emb=0\" target=\"_blank\">Yamasaki<\/a> Mashahiro Sensei-el (Iaido 8 Dan, Hanshi).<\/div>\n<div><\/div>\n<div>Az els\u0151 napok&nbsp;sportoktat\u00f3knak, 2. Dan feletti Iaidok\u00e1knak \u00e9s a v\u00e1logatott tagjainak sz\u00f3ltak &#8211; \u0151k m\u00e1r a h\u00e9tv\u00e9gi t\u00e1bor el\u0151tt alaposan elf\u00e1radtak &#8211; viszont sok \u00faj ismeretre is szert tettek, amit a h\u00e9t utols\u00f3 napjain \u00e1t is kellett adniuk a nek\u00fcnk.<\/div>\n<div><\/div>\n<div>Szombaton ism\u00e9t a <a href=\"http:\/\/maps.google.com\/maps\/ms?ie=UTF8&amp;hl=hu&amp;msa=0&amp;msid=108264350677363767963.0004755c2bfddc5cf3598&amp;ll=47.5116\" target=\"_blank\">Kod\u00e1ly Zolt\u00e1n \u00c9nek-zenei \u00c1ltal\u00e1nos Iskola, Gimn\u00e1zium&nbsp; \u00e9s Zeneiskola &#8211; Alapfok\u00fa M\u0171v\u00e9szetoktat\u00e1si Int\u00e9zm\u00e9ny tornaterme<\/a>&nbsp;(most az egyszer kimer\u00edt\u0151 hivataloss\u00e1ggal) alakult dojo-v\u00e1. A d\u00e9lel\u0151tti k\u00f6z\u00f6s bemeleg\u00edt\u00e9s ut\u00e1n Yamazaki Sensei els\u0151sorban a formagyakorlatok v\u00e1ltoz\u00e1saira h\u00edvta fel a figyelmet -ezeket d\u00e9lut\u00e1n kisebb csoportokban gyakorolhattuk.<\/p>\n<p>Vas\u00e1rnap a v\u00e1ltoz\u00e1sokat gyakoroltuk, \u00e9s term\u00e9szetesen eur\u00f3pai m\u00f3dra k\u00edv\u00e1ncsian tett\u00fck fel (els\u0151sorban a hat\u00e9konys\u00e1gra vonatkoz\u00f3) &#8222;mi\u00e9rt?&#8221; k\u00e9rd\u00e9seinket, amire a v\u00e1lasz ez volt &#8222;ez Zen Ken&#8221;&#8230; A sokadik hasonl\u00f3 p\u00e1rbesz\u00e9d ut\u00e1n&nbsp;Yamasaki Sensei-hez fordultunk, \u00e9s a fogalmazta meg sz\u00e1munkra a l\u00e9nyeget, miszerint nem kell foglalkoznunk a pontos k\u00f6r\u00fclm\u00e9nyekkel, ezek csak gyakorlatok, ism\u00e9telni kell \u0151ket ugyan\u00fagy, egy\u00fctt, \u00e9s ennek v\u00e9g\u00fcl lesz az eredm\u00e9nye, hogy kialakul benn\u00fcnk a k\u00e9szs\u00e9g \/ k\u00e9pess\u00e9g, ami \u00e1ltal m\u00e1r b\u00e1rmilyen helyzetre tudni fogunk reag\u00e1lni. V\u00e9g\u00fcl hozz\u00e1tette m\u00e9g, hogy m\u00e1r nem a k\u00f6z\u00e9pkorban \u00e9l\u00fcnk, sosem fog ilyen helyzet ad\u00f3dni, ez Iai c\u00e9lja \u00f6nmagunk form\u00e1l\u00e1sa.<\/p><\/div>\n<div><\/div>\n<div>D\u00e9lut\u00e1n \u00e9rte el a t\u00e1bor a tet\u0151pontj\u00e1t, amikor Yamasaki Sensei&nbsp;<a href=\"http:\/\/japanesebaseball.com\/\" target=\"_blank\">jap\u00e1n baseball<\/a> \u00fct\u0151j\u00e1t\u00e9kosok labdasebess\u00e9g n\u00f6vel\u00e9s\u00e9nek p\u00e9ld\u00e1j\u00e1n illusztr\u00e1lta nek\u00fcnk (nem k\u00e9sz\u00fclt f\u00e9nyk\u00e9p, de ezt nem fogjuk elfelejteni<a href=\"http:\/\/www.youtube.com\/watch?v=7C0PiOAguNo\" target=\"_blank\">&#8230;<\/a>) a KI fontoss\u00e1g\u00e1t a formagyakorlatokban. A k\u00fcl\u00f6n\u00f6s bemutat\u00f3 p\u00e1ros gyakorlattal folytat\u00f3dott ahol el\u0151sz\u00f6r Sensei H\u00e1bermajer G\u00e1borral, majd&nbsp;Sensei&nbsp;Mihalik Hunorral (majd \u0151k ketten egy\u00fctt) l\u00e1thattuk a Mae kata \u00e9s a KI haszn\u00e1lat\u00e1nak k\u00fcl\u00f6nbs\u00e9geit. K\u00fcl\u00f6n \u00f6r\u00f6m volt sz\u00e1munkra, hogy mindenki el\u0151tt kiemelte klubvezet\u0151nket, akit arra biztatott, hogy vizsg\u00e1zzon 6. Danra!<\/p>\n<div><i>&#8222;K\u00fcl\u00f6n\u00f6sen az alk\u00f3vban l\u00f3g\u00f3 festm\u00e9ny ragadta meg a figyelm\u00e9t.&#8221;Gesztenye&#8221; volt a c\u00edme \u00e9s a Szung mester, Liang-k&#8217;ai k\u00e9sz\u00edtette. Kicsi volt, \u00fagy hatvan centi magas \u00e9s hetven centi sz\u00e9les, \u00e9s olyan r\u00e9gi, hogy lehetetlen volt meg\u00e1llap\u00edtani, milyen pap\u00edrra rajzolt\u00e1k.<\/i><\/div>\n<div><i>\u00d3r\u00e1kig \u00fcld\u00f6g\u00e9lt el\u0151tte \u00e9s n\u00e9zte. V\u00e9g\u00fcl egy nap megjegyezte K\u00f3ecunak:<br \/>&#8211; Biztos vagyok benne,egyetlen amat\u0151r sem tudna olyan k\u00e9pet festeni, amilyet \u00f6n. De valami olyan egyszer\u0171re, mint ez a munka, m\u00e9g \u00e9n is k\u00e9pes lenn\u00e9k.<\/i><\/div>\n<div><i>&#8211; Pont ford\u00edtva van-magyar\u00e1zta K\u00f3ecu. B\u00e1rki megtanulhat olyan j\u00f3l festeni mint \u00e9n, de Liang-k&#8217;ai festm\u00e9ny\u00e9ben olyan m\u00e9lys\u00e9g \u00e9s szellemi emelkedetts\u00e9g van,amire nem lehet szert tenni puszt\u00e1n a m\u0171v\u00e9szet tanulm\u00e1nyoz\u00e1s\u00e1val.&#8221;<\/p>\n<div style=\"text-align: right;\">(Eiji Josikawa: Muszasi &#8211; A kard \u00fatja)<\/div>\n<p><\/i><\/div>\n<div><\/div>\n<p>A vizsg\u00e1n Han\u00e1k P\u00e9ter \u00e9s Daczi Imre megszerezte az 1. Kyu fokozatot. Gratul\u00e1lunk!<\/p><\/div>\n<p><img loading=\"lazy\" decoding=\"async\" class=\"aligncenter wp-image-19438 size-large\" src=\"\/fenykepalbum\/keptar_219_big_2009.10.10-11_yamasaki_3470.jpg\" alt=\"\" width=\"840\" height=\"473\" \/><\/p>\n<p><img loading=\"lazy\" decoding=\"async\" class=\"aligncenter wp-image-19438 size-large\" src=\"\/fenykepalbum\/keptar_219_big_2009.10.10-11_yamasaki_3406.jpg\" alt=\"\" width=\"840\" height=\"473\" \/><\/p>\n<p><img loading=\"lazy\" decoding=\"async\" class=\"aligncenter wp-image-19438 size-large\" src=\"\/fenykepalbum\/keptar_219_big_2009.10.10-11_yamasaki_3458.jpg\" alt=\"\" width=\"840\" height=\"473\" \/><\/p>\n","protected":false},"excerpt":{"rendered":"<p>Az elm\u00falt \u00e9vhez hasonl\u00f3an a Magyar Kend\u00f3 Sz\u00f6vets\u00e9g szervez\u00e9s\u00e9ben ism\u00e9t t\u00f6bb napot t\u00f6lthett\u00fcnk Yamasaki Mashahiro Sensei-el (Iaido 8 Dan, Hanshi). Az els\u0151 napok&nbsp;sportoktat\u00f3knak, 2. Dan feletti Iaidok\u00e1knak \u00e9s a v\u00e1logatott tagjainak sz\u00f3ltak &#8211; \u0151k m\u00e1r a h\u00e9tv\u00e9gi t\u00e1bor el\u0151tt alaposan elf\u00e1radtak &#8211; viszont sok \u00faj ismeretre is szert tettek, amit a h\u00e9t utols\u00f3 napjain \u00e1t &hellip; <a href=\"https:\/\/shinbukan.hu\/?p=19583\" class=\"more-link\"><span class=\"screen-reader-text\">&#8222;A jap\u00e1n mester, az \u0151sz, az Iaido \u00e9s a Baseball (Budapest)&#8221;<\/span> b\u0151vebben<\/a><\/p>\n","protected":false},"author":2,"featured_media":0,"comment_status":"open","ping_status":"open","sticky":false,"template":"","format":"standard","meta":{"footnotes":""},"categories":[],"tags":[],"class_list":["post-19583","post","type-post","status-publish","format-standard","hentry"],"_links":{"self":[{"href":"https:\/\/shinbukan.hu\/index.php?rest_route=\/wp\/v2\/posts\/19583","targetHints":{"allow":["GET"]}}],"collection":[{"href":"https:\/\/shinbukan.hu\/index.php?rest_route=\/wp\/v2\/posts"}],"about":[{"href":"https:\/\/shinbukan.hu\/index.php?rest_route=\/wp\/v2\/types\/post"}],"author":[{"embeddable":true,"href":"https:\/\/shinbukan.hu\/index.php?rest_route=\/wp\/v2\/users\/2"}],"replies":[{"embeddable":true,"href":"https:\/\/shinbukan.hu\/index.php?rest_route=%2Fwp%2Fv2%2Fcomments&post=19583"}],"version-history":[{"count":0,"href":"https:\/\/shinbukan.hu\/index.php?rest_route=\/wp\/v2\/posts\/19583\/revisions"}],"wp:attachment":[{"href":"https:\/\/shinbukan.hu\/index.php?rest_route=%2Fwp%2Fv2%2Fmedia&parent=19583"}],"wp:term":[{"taxonomy":"category","embeddable":true,"href":"https:\/\/shinbukan.hu\/index.php?rest_route=%2Fwp%2Fv2%2Fcategories&post=19583"},{"taxonomy":"post_tag","embeddable":true,"href":"https:\/\/shinbukan.hu\/index.php?rest_route=%2Fwp%2Fv2%2Ftags&post=19583"}],"curies":[{"name":"wp","href":"https:\/\/api.w.org\/{rel}","templated":true}]}}