{"id":19596,"date":"2010-02-26T12:22:00","date_gmt":"2010-02-26T12:22:00","guid":{"rendered":""},"modified":"-0001-11-30T00:00:00","modified_gmt":"-0001-11-29T22:00:00","slug":"","status":"publish","type":"post","link":"https:\/\/shinbukan.hu\/?p=19596","title":{"rendered":"A harcm\u0171v\u00e9szet, mint szellemi \u00fat &#8211; k\u00f6tetlen besz\u00e9lget\u00e9s az el\u0151ad\u00e1sokr\u00f3l (Budapest)"},"content":{"rendered":"<p><i>A kr\u00f3nik\u00e1s hivatalos bejegyz\u00e9se<\/p>\n<p><\/i><\/p>\n<div>Sok gondolatot ind\u00edtott benn\u00fcnk a m\u00falt heti esem\u00e9ny (<a href=\"?naplo=hai&amp;sorszam=242\">Buddhizmus \u00e9s harcm\u0171v\u00e9szetek<\/a>), ez\u00e9rt ma a Darshan udvarban gyakorl\u00e1sunk ut\u00e1n err\u0151l besz\u00e9lgett\u00fcnk.<\/p>\n<p>&#8222;Kassai volt a k\u0151, ami a t\u00f3ba csobbant.&nbsp;<br \/>Nek\u00fcnk, akik ott voltunk, k\u00f6zel volt, hull\u00e1mm\u00e1 v\u00e1ltunk.<br \/>Tov\u00e1bb adjuk. Eg\u00e9szen a n\u00e1dasig, \u00e9s a mozg\u00e1sba lend\u00fcl\u0151 sz\u00e1lak megmozd\u00edtj\u00e1k a leveg\u0151t, mad\u00e1r sz\u00e1ll fel, susog\u00e1s hallatszik, \u00e9s t\u00e1volabb ezt&#8230;&#8221;<\/p>\n<div style=\"text-align: right;\"><i>H\u00e1bermajer G\u00e1bor<\/i><\/div>\n<\/div>\n<div><i><\/i><font class=\"Apple-style-span\" color=\"#3366ff\" face=\"arial, sans-serif\" size=\"3\"><span class=\"Apple-style-span\" style=\"border-collapse: collapse; font-size: 13px;\"><i><br \/><\/i><\/span><\/font><i>A kr\u00f3nik\u00e1s h\u00edvatlan (.) gondolatai<br \/><\/i><br \/>Haza\u00e9rtem. Eml\u00e9kszem, hogy a legt\u00e1volabbi liftb\u0151l sz\u00e1lltam ki, azaz tudat\u00e1ban voltam a t\u00f6rt\u00e9n\u00e9s minden pillanat\u00e1nak.<\/div>\n<div style=\"text-align: right;\">Ez j\u00f3 jel &#8211; k\u00e1r, hogy nem \u00e1lland\u00f3 az \u00e9rz\u00e9s.<\/p>\n<\/div>\n<div>El\u0151tte es\u0151cseppek hulltak az arcomra, arra intve, hogy vil\u00e1gunkban egy dolog \u00e1lland\u00f3: az \u00e1lland\u00f3tlans\u00e1g.<\/div>\n<div>Ezt megel\u0151z\u0151en az aut\u00f3ban voltam, egy voltam vele, v\u00e1gtattunk az \u00e9jszak\u00e1ban, zene sz\u00f3lt a tiszta fejben.<\/div>\n<div style=\"text-align: right;\">Mert id\u0151 nem l\u00e9tezik. Az egym\u00e1s ut\u00e1ni percek sz\u00e9t is eshetnek.<\/div>\n<div>Az esti v\u00e1rosban j\u00f3lesett a s\u00e9ta, tiszta gondolatok ut\u00e1n a felfriss\u00fclt utc\u00e1n j\u00e1rtam.<\/div>\n<div style=\"text-align: right;\">\u00c9s el\u0151tte?<\/div>\n<div>Pedig m\u00e1r meg\u00edrtam, mir\u0151l volt sz\u00f3, tegnap &#8211; holnap.<\/div>\n<div><\/div>\n<div>Harcm\u0171v\u00e9szet? M\u0171v\u00e9szet? Harc a sakk? Lehet-e gondolatilag ennyire k\u00f6zel hozz\u00e1nk valaki, aki magyar (Magyar)? A Zen \u00fatj\u00e1n j\u00e1r, pedig nem is h\u00edvja annak. Elvonult, gyakorol, az \u00datj\u00e1t j\u00e1rja.<\/p>\n<div style=\"text-align: right;\">\u00c9s Mi?<\/div>\n<\/div>\n<div>Az Utunkat j\u00e1rjuk.<\/div>\n<div>Jap\u00e1n-magyar \u00fat? Jap\u00e1nszer\u0171 magyar, vagy Jap\u00e1nkod\u00f3 magyar? Magyar, jap\u00e1n keretben?<\/div>\n<div>Mi vagyunk.<\/div>\n<div>Meddig \u00e9r\u00fcnk?<\/div>\n<div>Meddig mehet\u00fcnk el?<\/div>\n<div>Abba tudjuk-e hagyni a gyakorl\u00e1st? Abba tudunk-e hagyni mindent? Mi a M\u00e1trix?<\/div>\n<div>B\u00f6lcsek szeretn\u00e9nk lenni, vagy gyerekek?<\/div>\n<div>Keres\u00fcnk valamit, tartunk valami fel\u00e9, van c\u00e9l &#8211; kell?<\/div>\n<div style=\"text-align: center;\">Itt<\/div>\n<div style=\"text-align: center;\">a<\/div>\n<div style=\"text-align: center;\">pillanat.<\/div>\n<div style=\"text-align: left;\">Csak a mi\u00e9nk. Karddal, Magunkkal.<\/div>\n<div style=\"text-align: left;\">Szab\u00e1lyokkal.<br \/>Tisztelettel, hierarchi\u00e1val.<br \/>Valami, ami \u00f6sszek\u00f6t.<br \/>Amir\u0151l nem is lehet besz\u00e9lni.<\/div>\n<div style=\"text-align: left;\">\n<div style=\"text-align: right;\">Lefekszem, \u00e9s elfelejtem a ma esti szavakat.<\/p>\n<p><\/div>\n<p>A F\u00e9ny vil\u00e1g\u00edt. <br \/>Sosem volt sz\u00ednesebb.<\/div>\n<div style=\"text-align: left;\"><\/div>\n<p><img loading=\"lazy\" decoding=\"async\" class=\"aligncenter wp-image-19438 size-large\" src=\"\/fenykepalbum\/keptar_244_big_2010.02.26_shinbukan_darshan_4621.jpg\" alt=\"\" width=\"840\" height=\"473\" \/><\/p>\n<p><img loading=\"lazy\" decoding=\"async\" class=\"aligncenter wp-image-19438 size-large\" src=\"\/fenykepalbum\/keptar_244_big_2010.02.26_shinbukan_darshan_4610.jpg\" alt=\"\" width=\"840\" height=\"473\" \/><\/p>\n","protected":false},"excerpt":{"rendered":"<p>A kr\u00f3nik\u00e1s hivatalos bejegyz\u00e9se Sok gondolatot ind\u00edtott benn\u00fcnk a m\u00falt heti esem\u00e9ny (Buddhizmus \u00e9s harcm\u0171v\u00e9szetek), ez\u00e9rt ma a Darshan udvarban gyakorl\u00e1sunk ut\u00e1n err\u0151l besz\u00e9lgett\u00fcnk. &#8222;Kassai volt a k\u0151, ami a t\u00f3ba csobbant.&nbsp;Nek\u00fcnk, akik ott voltunk, k\u00f6zel volt, hull\u00e1mm\u00e1 v\u00e1ltunk.Tov\u00e1bb adjuk. Eg\u00e9szen a n\u00e1dasig, \u00e9s a mozg\u00e1sba lend\u00fcl\u0151 sz\u00e1lak megmozd\u00edtj\u00e1k a leveg\u0151t, mad\u00e1r sz\u00e1ll fel, susog\u00e1s &hellip; <a href=\"https:\/\/shinbukan.hu\/?p=19596\" class=\"more-link\"><span class=\"screen-reader-text\">&#8222;A harcm\u0171v\u00e9szet, mint szellemi \u00fat &#8211; k\u00f6tetlen besz\u00e9lget\u00e9s az el\u0151ad\u00e1sokr\u00f3l (Budapest)&#8221;<\/span> b\u0151vebben<\/a><\/p>\n","protected":false},"author":2,"featured_media":0,"comment_status":"open","ping_status":"open","sticky":false,"template":"","format":"standard","meta":{"footnotes":""},"categories":[],"tags":[],"class_list":["post-19596","post","type-post","status-publish","format-standard","hentry"],"_links":{"self":[{"href":"https:\/\/shinbukan.hu\/index.php?rest_route=\/wp\/v2\/posts\/19596","targetHints":{"allow":["GET"]}}],"collection":[{"href":"https:\/\/shinbukan.hu\/index.php?rest_route=\/wp\/v2\/posts"}],"about":[{"href":"https:\/\/shinbukan.hu\/index.php?rest_route=\/wp\/v2\/types\/post"}],"author":[{"embeddable":true,"href":"https:\/\/shinbukan.hu\/index.php?rest_route=\/wp\/v2\/users\/2"}],"replies":[{"embeddable":true,"href":"https:\/\/shinbukan.hu\/index.php?rest_route=%2Fwp%2Fv2%2Fcomments&post=19596"}],"version-history":[{"count":0,"href":"https:\/\/shinbukan.hu\/index.php?rest_route=\/wp\/v2\/posts\/19596\/revisions"}],"wp:attachment":[{"href":"https:\/\/shinbukan.hu\/index.php?rest_route=%2Fwp%2Fv2%2Fmedia&parent=19596"}],"wp:term":[{"taxonomy":"category","embeddable":true,"href":"https:\/\/shinbukan.hu\/index.php?rest_route=%2Fwp%2Fv2%2Fcategories&post=19596"},{"taxonomy":"post_tag","embeddable":true,"href":"https:\/\/shinbukan.hu\/index.php?rest_route=%2Fwp%2Fv2%2Ftags&post=19596"}],"curies":[{"name":"wp","href":"https:\/\/api.w.org\/{rel}","templated":true}]}}