{"id":19603,"date":"2010-06-03T12:22:00","date_gmt":"2010-06-03T12:22:00","guid":{"rendered":""},"modified":"-0001-11-30T00:00:00","modified_gmt":"-0001-11-29T22:00:00","slug":"","status":"publish","type":"post","link":"https:\/\/shinbukan.hu\/?p=19603","title":{"rendered":"Jodo \u00e9s Iaido Szemin\u00e1rium (Schwenningen)"},"content":{"rendered":"<div>Schwenningen, egy t\u00f6r\u00f6k v\u00e1ros N\u00e9metorsz\u00e1gban, ami val\u00f3j\u00e1ban magyar. Avagy a n\u00e9met v\u00e1ros ahol minden utc\u00e1ban kaphat\u00f3 gyros de n\u00e9met s\u00f6r\u00f6z\u0151 az nincs, \u00e9s G\u00fcnther-r\u0151l is kider\u00fclt, hogy Viktor aki magyar. Ez a v\u00e1ros, Schwenningen adott otthont a t\u00e1bornak.&nbsp;Sz\u00e1munkra nem csak az edz\u00e9snek de ideiglenes &#8222;B\u00c9LA&#8221; megnevez\u00e9s\u0171 otthonunknak is.&nbsp;B\u00c9LA egy &#8222;Roller Team AutoRoller E700&#8221; t\u00edpus\u00fa lak\u00f3aut\u00f3, aki lehet hogy val\u00f3j\u00e1ban &#8222;B\u00e9lovnyi&#8221; n\u00e9vre hallgatott szlov\u00e1k sz\u00e1rmaz\u00e1s\u00e1ra val\u00f3 tekintettel.<br \/>Hogy mi is t\u00f6rt\u00e9nt a 2-2 nap edz\u00e9sen, arr\u00f3l \u00f3r\u00e1kat lehet mes\u00e9lni, \u00e1tadni azt hiszem lehetetlen,&nbsp;\u00edgy csak n\u00e9h\u00e1ny&nbsp;szavacsk\u00e1t eml\u00edtek meg, melyek m\u00e9ly nyomokat hagytak bennem:<br \/>id\u0151z\u00edt\u00e9s, lazas\u00e1g, haszn\u00e1lhat\u00f3s\u00e1g, gyorsas\u00e1g, szeml\u00e9let, jo indul \u00e9s k\u00f6veti a test, term\u00e9szetess\u00e9g<br \/>Illetve egy mondat a sok k\u00f6z\u00fcl amik a fejemben keringenek:<br \/>Ha gy\u0151ztesk\u00e9nt j\u00f6ssz ki a&nbsp;&#8222;p\u00e1str\u00f3l&#8221; 1 m\u00e1sodpercig \u00f6r\u00fclj, a m\u00e1sodik m\u00e1sodpercben felejtsd el, akkor m\u00e1r nem biztos hogy te gy\u0151zn\u00e9l \u00fajra.<br \/>&nbsp;<br \/>Sz\u00e1momra ez volt az els\u0151 alkalom, hogy l\u00e1thattam, tanulhattam Ishido Shizufumi senseit\u0151l. Var\u00e1zslatos volt ez a n\u00e9gy nap.<br \/>Az els\u0151 k\u00e9t nap jodo gyakorl\u00e1ssal, tanul\u00e1s\u00e1val telt. Sensei k\u00f6zvetlen tan\u00edt\u00e1sain k\u00edv\u00fcl a&nbsp;t\u00f6bbsz\u00f6ri p\u00e1rcser\u00e9knek \u00e9s a jelenlev\u0151 magas danosoknak is&nbsp;k\u00f6sz\u00f6nhet\u0151en igen sokat fejl\u0151dt\u00fcnk. A jodo szemin\u00e1rium z\u00e1r\u00e1sak\u00e9nt taikai ker\u00fclt megrendez\u00e9sre, ahol ism\u00e9t \u00f6r\u00f6m volt l\u00e1tni, hogy a k\u00e9s\u0151bbi &#8222;ellenfelek&#8221; mik\u00e9nt seg\u00edtik egym\u00e1st. A m\u00e1sodik k\u00e9t nap el\u0151ker\u00fcltek az iaito-k \u00e9s megkezd\u0151d\u00f6tt az iaido szemin\u00e1rium, ahol a seitei kat\u00e1-k ut\u00e1n shoden \u00e9s chuden&nbsp;sorozatokat gyakoroltuk.&nbsp;\u00c9n a chuden vil\u00e1g\u00e1val ott \u00e9s akkor kezdtem meg&nbsp;az ismerked\u00e9st,&nbsp;szerelem volt els\u0151 l\u00e1t\u00e1sra \ud83d\ude42<br \/>&nbsp;<br \/>Az oda \u00e9s vissza utakon B\u00c9LA has\u00edtotta a szelet.<br \/>M\u00e9g egy fontos szavacska ami kimaradt: k&#245;k&#245;&nbsp; \ud83d\ude42<br \/>&nbsp;<\/p>\n<div style=\"text-align: right;\"><i>Koz\u00e1r Zolt\u00e1n<\/i><\/div>\n<\/div>\n<div style=\"text-align: right;\"><i><br \/><\/i><\/div>\n<div>Jodo taikai: 1. dan kateg\u00f3ri\u00e1ban Koz\u00e1r Zolt\u00e1n 2. helyez\u00e9st \u00e9rt el! Gratul\u00e1lunk!<\/div>\n<p><img loading=\"lazy\" decoding=\"async\" class=\"aligncenter wp-image-19438 size-large\" src=\"\/fenykepalbum\/keptar_259_big_2010.06.03-06_shinbukan_villingen_iaido_jodo_csoportkep.jpg\" alt=\"\" width=\"840\" height=\"473\" \/><\/p>\n<p><img loading=\"lazy\" decoding=\"async\" class=\"aligncenter wp-image-19438 size-large\" src=\"\/fenykepalbum\/keptar_259_big_2010.06.03-06_shinbukan_villingen_iaido_jodo_bela.jpg\" alt=\"\" width=\"840\" height=\"473\" \/><\/p>\n<p><img loading=\"lazy\" decoding=\"async\" class=\"aligncenter wp-image-19438 size-large\" src=\"\/fenykepalbum\/keptar_259_big_2010.06.03-06_shinbukan_villingen_iaido_jodo_vacsora.jpg\" alt=\"\" width=\"840\" height=\"473\" \/><\/p>\n<p><img loading=\"lazy\" decoding=\"async\" class=\"aligncenter wp-image-19438 size-large\" src=\"\/fenykepalbum\/keptar_259_big_2010.06.03-06_shinbukan_villingen_jodo.jpg\" alt=\"\" width=\"840\" height=\"473\" \/><\/p>\n","protected":false},"excerpt":{"rendered":"<p>Schwenningen, egy t\u00f6r\u00f6k v\u00e1ros N\u00e9metorsz\u00e1gban, ami val\u00f3j\u00e1ban magyar. Avagy a n\u00e9met v\u00e1ros ahol minden utc\u00e1ban kaphat\u00f3 gyros de n\u00e9met s\u00f6r\u00f6z\u0151 az nincs, \u00e9s G\u00fcnther-r\u0151l is kider\u00fclt, hogy Viktor aki magyar. Ez a v\u00e1ros, Schwenningen adott otthont a t\u00e1bornak.&nbsp;Sz\u00e1munkra nem csak az edz\u00e9snek de ideiglenes &#8222;B\u00c9LA&#8221; megnevez\u00e9s\u0171 otthonunknak is.&nbsp;B\u00c9LA egy &#8222;Roller Team AutoRoller E700&#8221; t\u00edpus\u00fa lak\u00f3aut\u00f3, &hellip; <a href=\"https:\/\/shinbukan.hu\/?p=19603\" class=\"more-link\"><span class=\"screen-reader-text\">&#8222;Jodo \u00e9s Iaido Szemin\u00e1rium (Schwenningen)&#8221;<\/span> b\u0151vebben<\/a><\/p>\n","protected":false},"author":2,"featured_media":0,"comment_status":"open","ping_status":"open","sticky":false,"template":"","format":"standard","meta":{"footnotes":""},"categories":[],"tags":[],"class_list":["post-19603","post","type-post","status-publish","format-standard","hentry"],"_links":{"self":[{"href":"https:\/\/shinbukan.hu\/index.php?rest_route=\/wp\/v2\/posts\/19603","targetHints":{"allow":["GET"]}}],"collection":[{"href":"https:\/\/shinbukan.hu\/index.php?rest_route=\/wp\/v2\/posts"}],"about":[{"href":"https:\/\/shinbukan.hu\/index.php?rest_route=\/wp\/v2\/types\/post"}],"author":[{"embeddable":true,"href":"https:\/\/shinbukan.hu\/index.php?rest_route=\/wp\/v2\/users\/2"}],"replies":[{"embeddable":true,"href":"https:\/\/shinbukan.hu\/index.php?rest_route=%2Fwp%2Fv2%2Fcomments&post=19603"}],"version-history":[{"count":0,"href":"https:\/\/shinbukan.hu\/index.php?rest_route=\/wp\/v2\/posts\/19603\/revisions"}],"wp:attachment":[{"href":"https:\/\/shinbukan.hu\/index.php?rest_route=%2Fwp%2Fv2%2Fmedia&parent=19603"}],"wp:term":[{"taxonomy":"category","embeddable":true,"href":"https:\/\/shinbukan.hu\/index.php?rest_route=%2Fwp%2Fv2%2Fcategories&post=19603"},{"taxonomy":"post_tag","embeddable":true,"href":"https:\/\/shinbukan.hu\/index.php?rest_route=%2Fwp%2Fv2%2Ftags&post=19603"}],"curies":[{"name":"wp","href":"https:\/\/api.w.org\/{rel}","templated":true}]}}