{"id":19620,"date":"2011-05-07T12:22:00","date_gmt":"2011-05-07T12:22:00","guid":{"rendered":""},"modified":"-0001-11-30T00:00:00","modified_gmt":"-0001-11-29T22:00:00","slug":"","status":"publish","type":"post","link":"https:\/\/shinbukan.hu\/?p=19620","title":{"rendered":"Iaido Seminar (Teplice)"},"content":{"rendered":"<div>\n<div style=\"display: inline !important; \"><b><b><b><\/p>\n<p class=\"MsoNormal\">A medv\u00e9k f\u00f6ldj\u00e9n j\u00e1rtam<\/p>\n<p><\/b><\/b><\/b><\/p>\n<p class=\"MsoNormal\"><o:p><\/o:p><\/p>\n<p class=\"MsoNormal\">\u00dagy besz\u00e9ltem<br \/>\nmeg az Istv\u00e1nnal, hogy 1-kor indulunk. Nem sokkal egy\u00f3ra ut\u00e1n meg is j\u00f6tt a h\u00e1z<br \/>\nel\u00e9. J\u00f3 sok cuccom volt. K\u00e9t t\u00e1ska \u00e9s m\u00e9g egy szatyor, 4 \u00e1sv\u00e1nyv\u00edz \u00e9s a kardom.<br \/>\nK\u00e9s\u0151bb kider\u00fcl, hogy ez sem lesz el\u00e9g. Nagyj\u00e1b\u00f3l 3,5 \u00f3ra alatt \u00e9rt\u00fcnk<br \/>\nBlatnica-ra. Igaz k\u00f6zben egyszer meg\u00e1lltunk k\u00e1v\u00e9zni \u00e9s tankolni is.<o:p><\/o:p><\/p>\n<p class=\"MsoNormal\">A sz\u00e1ll\u00e1sunk<br \/>\nBlatnica-t\u00f3l keletre volt egy v\u00f6lgyben. Egy Nagyon sz\u00e9p helyen. K\u00f6rbe magas<br \/>\ndombok, rengeteg er\u0151d \u00e9s egy patak folydog\u00e1lt a k\u00f6zvetlen a sz\u00e1ll\u00e1sunk el\u0151tt 10<br \/>\nm\u00e9terrel! Fest\u0151i volt a t\u00e1j. A sz\u00e1ll\u00e1s egy \u00faj \u00e9p\u00fcletben volt. Igaz\u00e1n ig\u00e9nyesen volt<br \/>\nberendezve. <o:p><\/o:p><\/p>\n<p class=\"MsoNormal\">A sz\u00e1ll\u00e1s:<o:p><\/o:p><\/p>\n<p class=\"MsoNormal\" style=\"text-align: center;\"><img decoding=\"async\" src=\"letoltes\/320\/01.jpg\"><\/p>\n<p class=\"MsoNormal\">Kis<br \/>\nkeresg\u00e9l\u00e9s ut\u00e1n r\u00e1tal\u00e1ltunk t\u00e1rsainkra az \u00e9ttermi r\u00e9szlegen.<o:p><\/o:p><\/p>\n<p class=\"MsoNormal\">A helyi specialit\u00e1s a Marlenka:<\/p>\n<p class=\"MsoNormal\" style=\"text-align: center;\"><img decoding=\"async\" src=\"letoltes\/320\/02.jpg\"><\/p>\n<p class=\"MsoNormal\">Ott besz\u00e9lgett\u00fcnk egy kicsit, majd kiment\u00fcnk a<br \/>\nt\u0171zrak\u00f3helyre ahol S\u00e1ndor csirkeh\u00fasos &#8222;krumpliscsod\u00e1t&#8221; \u00fct\u00f6tt nek\u00fcnk<br \/>\n\u00f6ssze. Hopp\u00e1! Nem otthon maradt a t\u00e1ny\u00e9r \u00e9s az ev\u0151eszk\u00f6z! Sebaj. A sz\u00e1ll\u00e1son<br \/>\nkis keres\u00e9s ut\u00e1n tal\u00e1ltuk n\u00e9h\u00e1nyat. \u00cdgy m\u00e1s semmi akad\u00e1lya nem maradt, hogy<br \/>\nk\u00f6z\u00f6sen elfogyasszuk a vacsor\u00e1t. Igaz\u00e1n finom volt. K\u00f6sz\u00f6nj\u00fck S\u00e1ndor!<o:p><\/o:p><\/p>\n<p class=\"MsoNormal\" style=\"text-align: center;\"><img decoding=\"async\" src=\"letoltes\/320\/03.jpg\"><\/p>\n<p class=\"MsoNormal\">Sajnos ekkor<br \/>\nm\u00e1r kezdett s\u00f6t\u00e9tedni \u00e9s hideg is volt aznap. \u00cdgy ink\u00e1bb bent folytattuk a<br \/>\nbesz\u00e9lget\u00e9st.<o:p><\/o:p><\/p>\n<p class=\"MsoNormal\">M\u00e1snap m\u00e1r<br \/>\nf\u00e9lh\u00e9tkor fel\u00e9bredtem, de m\u00e9g pr\u00f3b\u00e1ltam egy kicsit aludni. Sikertelen\u00fcl.<br \/>\nAnnyira izgatott voltam \u00e9s m\u00e1r alig v\u00e1rtam, hogy kimenjek \u00e9s csin\u00e1ljak p\u00e1r<br \/>\nk\u00e9pet a reggeli f\u00e9nyben \u00e9s, hogy felfedezzem a k\u00f6rny\u00e9ket. \u00cdgy 6:45-kor m\u00e1r<br \/>\nv\u00edgan kattintgattam a f\u00e9nyk\u00e9pez\u0151 gombj\u00e1t odakint.<\/p>\n<p class=\"MsoNormal\" style=\"text-align: center;\"><img decoding=\"async\" src=\"letoltes\/320\/04.jpg\"><\/p>\n<p class=\"MsoNormal\">Nem sokkal<br \/>\nk\u00e9s\u0151bb m\u00e1r fent j\u00e1rtam a k\u00f6zeli hegyoldalon \u00e9s fot\u00f3ztam a t\u00e1jat.<o:p><\/o:p><\/p>\n<p class=\"MsoNormal\">A sz\u00e1ll\u00e1sunk mad\u00e1rt\u00e1vlatb\u00f3l:<\/p>\n<p class=\"MsoNormal\" style=\"text-align: center;\"><img decoding=\"async\" src=\"letoltes\/320\/05.jpg\"><\/p>\n<p class=\"MsoNormal\">Vissza\u00faton szembej\u00f6tt<br \/>\nS\u00e1ndor. R\u00f6vid besz\u00e9lget\u00e9s ut\u00e1n \u00fagy hat\u00e1roztunk, hogy megn\u00e9zz\u00fck magunknak a<br \/>\nfalut. A telep\u00fcl\u00e9s fel\u00e9 menet van egy kis t\u00f3szer\u0171 k\u00e9pz\u0151dm\u00e9ny. <o:p><\/o:p><\/p>\n<p class=\"MsoNormal\">A t\u00f3:<\/p>\n<p class=\"MsoNormal\" style=\"text-align: center;\"><img decoding=\"async\" src=\"letoltes\/320\/06.jpg\"><\/p>\n<p class=\"MsoNormal\">Egy kis<br \/>\nforr\u00e1s t\u00e1pl\u00e1lja, ami azt\u00e1n belefolyik egy kis patakba, ami \u00fagyszint\u00e9n<br \/>\nbelefolyik a m\u00e1r fentebb eml\u00edtett patakba. Ennek ment\u00e9n ter\u00fcl el a falu. Csak<br \/>\np\u00e1r utc\u00e1b\u00f3l \u00e1ll ugyan, de nagyon sok \u00faj \u00e9s sz\u00e9p h\u00e1z volt minden fel\u00e9. L\u00e1tszik,<br \/>\nhogy egy felkapott hely.<\/p>\n<p class=\"MsoNormal\" style=\"text-align: center;\"><img decoding=\"async\" src=\"letoltes\/320\/07.jpg\"><\/p>\n<p class=\"MsoNormal\">Miut\u00e1n<br \/>\nvissza\u00e9rt\u00fcnk a sz\u00e1ll\u00e1sra j\u00f3l bereggeliztem \u00e9s csin\u00e1ltam n\u00e9h\u00e1ny szendvicset a<br \/>\nt\u00far\u00e1ra. Valamivel 10 \u00f3ra ut\u00e1n indultunk el a k\u00e9k-jelz\u00e9s\u0171 turista\u00faton. Anik\u00f3,<br \/>\n\u00c1d\u00e1m, Imre \u00e9s j\u00f3magam.&nbsp;<o:p><\/o:p><\/p>\n<p class=\"MsoNormal\" style=\"text-align: center;\"><img decoding=\"async\" src=\"letoltes\/320\/08.jpg\"><\/p>\n<p class=\"MsoNormal\">Imr\u00e9vel sorra<br \/>\nk\u00e9sz\u00edtett\u00fck a k\u00e9peket. T\u00e9ma akadt b\u0151ven. <o:p><\/o:p><\/p>\n<p class=\"MsoNormal\">De alig ment\u00fcnk<br \/>\n1-1,5 \u00f3r\u00e1t a t\u00f6bbiek m\u00e1ris vissza akartak fordulni, hogy seg\u00edtsenek az eb\u00e9d<br \/>\nk\u00e9sz\u00edt\u00e9s\u00e9ben. Nekem eszem \u00e1g\u00e1ban sem volt m\u00e9g visszamenni. \u00dagy d\u00f6nt\u00f6ttem, hogy<br \/>\n\u00e9n ink\u00e1bb lemondok az eb\u00e9dr\u0151l \u00e9s tov\u00e1bb megyek. Hiszen a cs\u00facs m\u00e9g messze volt.<\/p>\n<p class=\"MsoNormal\" style=\"text-align: center;\"><img decoding=\"async\" src=\"letoltes\/320\/09.jpg\"><\/p>\n<p class=\"MsoNormal\">\u00c9s m\u00e9g rengeteg<br \/>\nl\u00e1tnival\u00f3 v\u00e1rt, amit semmi k\u00e9pen nem akartam kihagyni. \u00cdgy egyed\u00fcl mentem tov\u00e1bb.<br \/>\nDe egy id\u0151 ut\u00e1n meguntam, hogy az \u00fat a hegy mellett ment \u00e9s valahov\u00e1 m\u00f6g\u00e9 vitt<br \/>\nvolna. Ez\u00e9rt fogtam magam \u00e9s egy alkalmasnak t\u0171n\u0151 helyen elindultam felfel\u00e9 egy<br \/>\n&#8222;enyhe&#8221; 60 fokos emelked\u0151n.<o:p><\/o:p><\/p>\n<p class=\"MsoNormal\">Ehhez hasonl\u00f3 &#8222;utakon&#8221; mentem felfel\u00e9:<\/p>\n<p class=\"MsoNormal\" style=\"text-align: center;\"><img decoding=\"async\" src=\"letoltes\/320\/10.jpg\"><\/p>\n<p class=\"MsoNormal\">Egy<br \/>\nkisz\u00f6gel\u00e9sen azt\u00e1n megpihentem \u00e9s ettem egyet. A r\u00f6vid pihen\u0151t k\u00f6vet\u0151en<br \/>\nfolytattam az utamat. Meglepet\u00e9semre nem sokkal k\u00e9s\u0151bb tal\u00e1ltam egy s\u00e1rga-jelz\u00e9s\u0171<br \/>\nturista utat. <o:p><\/o:p><\/p>\n<p class=\"MsoNormal\">&#8222;Mindig a s\u00e1rga \u00faton&#8230;&#8221;:<\/p>\n<p class=\"MsoNormal\" style=\"text-align: center;\"><img decoding=\"async\" src=\"letoltes\/320\/11.jpg\"><\/p>\n<p class=\"MsoNormal\">Azon mentem<br \/>\negy darabon, de arr\u00f3l is hamar let\u00e9rtem, mert nem a cs\u00facs fel\u00e9 vitt. A felfel\u00e9<br \/>\nmenet tal\u00e1ltam j\u00f3 n\u00e9h\u00e1ny medvenyomot is. Huhh!<\/p>\n<p class=\"MsoNormal\" style=\"text-align: center;\"><img decoding=\"async\" src=\"letoltes\/320\/12.jpg\"><\/p>\n<p class=\"MsoNormal\">Ez nem<br \/>\nannyira vicces, gondoltam akkor magamban. De, hogy ez egy Shinbukan-tagot<br \/>\nmeg\u00e1ll\u00edtson kev\u00e9s. Ahhoz valami t\u00f6bb kell. Legal\u00e1bb egy cunami vagy hasonl\u00f3. A<br \/>\ndolog annyira nem lepett meg, mert mondt\u00e1k, hogy vannak itt medv\u00e9k is. De ezt<br \/>\nk\u00f6vet\u0151en egy kicsit \u00f3vatosabban mentem tov\u00e1bb.<o:p><\/o:p><\/p>\n<p class=\"MsoNormal\">Fent a<br \/>\nkil\u00e1t\u00e1s nagyon sz\u00e9p volt.<\/p>\n<p class=\"MsoNormal\" style=\"text-align: center;\"><img decoding=\"async\" src=\"letoltes\/320\/13.jpg\"><\/p>\n<p class=\"MsoNormal\">De azt\u00e1n<br \/>\nl\u00e1ttam, hogy a nem is olyan messze van egy magasabb sz\u00edrt ez\u00e9rt hamar tov\u00e1bb<br \/>\nmentem. El\u0151bb lefel\u00e9 majd \u00fajra felfel\u00e9 vitt az utam. De egyszer valahogy elt\u0171nt<br \/>\na s\u00e1rga jelz\u00e9s \u00e9s \u00fajra ismeretlen \u00f6sv\u00e9nyen mentem tov\u00e1bb. <o:p><\/o:p><\/p>\n<p class=\"MsoNormal\">Az utam sor\u00e1n<br \/>\ntal\u00e1ltam n\u00e9h\u00e1ny &#8222;medvebrummant\u00e1st&#8221; is. Szerencs\u00e9re egyik sem volt<br \/>\nfriss (Nem! Nem Zoli, nem a kezemmel ellen\u0151riztem a dolgot. \u00c9s S\u00e1ndornak is<br \/>\n\u00fczenem, hogy mukyu-k sem voltak benn\u00fck).<o:p><\/o:p><\/p>\n<p class=\"MsoNormal\">\u00dagy 3\/4 \u00f3ra<br \/>\nalatt \u00e9rtem fel a hegytet\u0151re. Nagyon sz\u00e9p kil\u00e1t\u00e1s ny\u00edlt onnan fentr\u0151l. <o:p><\/o:p><\/p>\n<p class=\"MsoNormal\">A t\u00e1volban l\u00e1tszik a falu:<\/p>\n<p class=\"MsoNormal\" style=\"text-align: center;\"><img decoding=\"async\" src=\"letoltes\/320\/14.jpg\"><\/p>\n<p class=\"MsoNormal\">T\u00f6bbf\u00e9le<br \/>\nvir\u00e1g is volt a hegyen. Volt egy igaz\u00e1n sz\u00e9p k\u00e9k fajta is.<\/p>\n<p class=\"MsoNormal\" style=\"text-align: center;\"><img decoding=\"async\" src=\"letoltes\/320\/15.jpg\"><\/p>\n<p class=\"MsoNormal\">De nini! M\u00e9g<br \/>\nvan feljebb is!<\/p>\n<p class=\"MsoNormal\" style=\"text-align: center;\"><img decoding=\"async\" src=\"letoltes\/320\/16.jpg\"><\/p>\n<p class=\"MsoNormal\">\u00c9s m\u00e9g<br \/>\nfeljebb!<\/p>\n<p class=\"MsoNormal\" style=\"text-align: center;\"><img decoding=\"async\" src=\"letoltes\/320\/17.jpg\"><\/p>\n<p class=\"MsoNormal\">A bizony\u00edt\u00e9k, hogy val\u00f3ban fent j\u00e1rtam<br \/>\n(jobbra) \u00e9s nem a netr\u0151l szedtem le a k\u00e9peket:<\/p>\n<p class=\"MsoNormal\" style=\"text-align: center;\"><img decoding=\"async\" src=\"letoltes\/320\/18.jpg\"><\/p>\n<p class=\"MsoNormal\">De itt most<br \/>\nhagy tegyek egy kis kit\u00e9r\u0151t a hegym\u00e1sz\u00e1s \u00e9s az Iaido hasonl\u00f3s\u00e1g\u00e1t elemezgetve.<br \/>\n\u00dagy gondolom minden \u00f6nfejleszt\u0151 dolog, mint az Iaido is hasonl\u00f3 a<br \/>\nhegym\u00e1sz\u00e1shoz. N\u00e9ha azt \u00e9rzi az ember, hogy m\u00e1r valamiben j\u00f3 &#8222;fel\u00e9rt a<br \/>\ncs\u00facsra&#8221;, de akkor ha figyelmes r\u00e1j\u00f6n, hogy van m\u00e9g feljebb \u00e9s feljebb is. Az<br \/>\n\u00dat f\u00e1rads\u00e1gos, de meg\u00e9ri j\u00e1rni rajta, mert sok csod\u00e1s dolgot l\u00e1that az ember.<br \/>\nT\u00f6bb \u00fat is vezet felfel\u00e9. Vannak k\u00f6nnyen j\u00e1rhat\u00f3, de hossz\u00faak. Nehezen<br \/>\nj\u00e1rhat\u00f3ak, de eredm\u00e9nyesebbek. \u00c9s vannak az ismeretlen utak. Amir\u0151l ugyan senki<br \/>\nsem tudja merre visz, de az elker\u00fclhetetlen, hogy valaki kitapossa azokat is<br \/>\nm\u00e1sok el\u0151tt. Persze n\u00e9ha akarva vagy akaratlanul let\u00e9r\u00fcnk az \u00datr\u00f3l. De ha van<br \/>\nvalaki aki seg\u00edt visszatal\u00e1lni akkor nem t\u00f6rt\u00e9nhet nagy baj. S ha pedig egy<br \/>\ndologban netal\u00e1nt\u00e1n m\u00e9gis el\u00e9rn\u00e9nk a t\u00f6k\u00e9letess\u00e9g hat\u00e1r\u00e1t, akkor hamar<br \/>\nr\u00e1d\u00f6bbenhet\u00fcnk, hogy m\u00e9g sok cs\u00facs van, amit megm\u00e1szhatunk. V\u00e9gtelen sok&#8230;<o:p><\/o:p><\/p>\n<p class=\"MsoNormal\">Fent azt\u00e1n<br \/>\nmegint ettem egyet, majd visszaindultam az &#8222;alapt\u00e1borba&#8221;. K\u00f6zben<br \/>\nmegfogadtam, ha lehet akkor j\u00f6v\u0151re a szomsz\u00e9d hegyre m\u00e1szok fel, mert az m\u00e9g<br \/>\nmagasabb volt. Lefel\u00e9 egy darabon a hegygerincen vezetett a helyenk\u00e9nt nyakt\u00f6r\u0151<br \/>\n\u00fat. A t\u00e9rdem viszont addigra m\u00e1r el\u00e9gg\u00e9 f\u00e1jt ez\u00e9rt nem tudtam olyan gyorsan<br \/>\nmenni, mint szerettem volna. \u0151szint\u00e9n sz\u00f3lva, lehet az \u00e9lm\u00e9nyek miatt, vagy a<br \/>\nj\u00f3 hegyi leveg\u0151t\u0151l, de nem is \u00e9reztem magamban f\u00e1radts\u00e1got. S\u0151t! Nagyon<br \/>\nvid\u00e1man, feldob\u00f3dva mentem lefel\u00e9. \u00cdgy \u00e9rtem le alig 1 \u00f3ra 20 perc alatt. Pont<br \/>\nmire k\u00e9sz lett a lecs\u00f3! \ud83d\ude42 <o:p><\/o:p><\/p>\n<p class=\"MsoNormal\">A k\u00f6z\u00f6s lecs\u00f3z\u00e1s:<\/p>\n<p class=\"MsoNormal\" style=\"text-align: center;\"><img decoding=\"async\" src=\"letoltes\/320\/19.jpg\"><\/p>\n<p class=\"MsoNormal\">Azt k\u00f6vet\u0151en,<br \/>\nhogy j\u00f3l megt\u00f6mt\u00fck a fej\u00fcnket<a name=\"_GoBack\"><\/a>, felkerekedt\u00fcnk \u00e9s elment\u00fcnk<br \/>\na teplicei Welness \u00e9s Spa f\u00fcrd\u0151be. Nagy nehezen meg\u00e9rtett\u00fck magunkat a<br \/>\np\u00e9nzt\u00e1ros h\u00f6lgyel, hogy Zolinak egy \u00fasz\u00f3nadr\u00e1gra van sz\u00fcks\u00e9ge ill. Zs\u00f3finak egy<br \/>\nt\u00f6r\u00fclk\u00f6z\u0151re. Ennek eredm\u00e9nyek\u00e9ppen Zoli kapott egy madzagn\u00e9lk\u00fcli f\u00fcrd\u0151nadr\u00e1got.<br \/>\nZs\u00f3fi pedig egy leped\u0151t.&nbsp;De a Shinbus kreativit\u00e1s itt is megl\u00e1tszott. Zoli a cip\u0151f\u0171z\u0151j\u00e9t f\u0171zte be<br \/>\nmadzagnak! <o:p><\/o:p><\/p>\n<p class=\"MsoNormal\">Igaz\u00e1n j\u00f3l<br \/>\n\u00e9rezt\u00fck ott magunkat abban a r\u00f6vid 2 \u00f3r\u00e1ban. Volt ott jakuzzi, t\u00f6bbf\u00e9le medence<br \/>\n\u00e9s cs\u00fazda is. Az egyetlen furcsa dolog az az volt, hogy minden csak \u00e9s kiz\u00e1r\u00f3lag<br \/>\nSzlov\u00e1kul volt ki\u00edrva. El\u00e9g bek\u00e9pzelt dolog mondhatom. Mire vissza\u00e9rt\u00fcnk a<br \/>\nsz\u00e1ll\u00e1sra mindenki nagy \u00f6r\u00f6m\u00e9re megj\u00f6ttek a t\u00f6bbiek is. A k\u00f6z\u00f6s italoz\u00e1s \u00e9s<br \/>\nbesz\u00e9lget\u00e9s 11-ig tartott. Ekkor m\u00e1r mindenki nagyon f\u00e1radt volt.&nbsp;M\u00e1snap azt\u00e1n h\u00e9tkor kel\u00e9s volt. Kilencre m\u00e1r az edz\u0151teremben voltunk. Itt bemeleg\u00edt\u00e9ssel kezdt\u00fcnk, majd 10-t\u0151l a nyit\u00f3cerem\u00f3nia ut\u00e1n sorra vett\u00fck a kat\u00e1kat, mely sor\u00e1n k\u00e9tszer is az a megtiszteltet\u00e9s \u00e9rt, hogy \u00e9n &#8222;halhattam&#8221; meg Cook-sensei keze \u00e1ltal.&nbsp;\ud83d\ude42&nbsp;Az egyes kat\u00e1kr\u00f3l sok \u00e9rdekeset \u00e9s hasznosat mondott. Amit sajn\u00e1lok, hogy nem tudtam mindet megjegyezni. Ez ment d\u00e9lut\u00e1n 4-ig egy eb\u00e9dsz\u00fcnettel megszak\u00edtva.&nbsp;Azt\u00e1n visszament\u00fcnk a sz\u00e1ll\u00e1sra,<br \/>\nmajd bev\u00e1s\u00e1roltunk holnapra. Ezt k\u00f6vet\u0151en \u00fajra felkerekedt\u00fcnk \u00e9s elment\u00fcnk a<br \/>\nk\u00f6zeli v\u00e1rromhoz. <o:p><\/o:p><\/p>\n<p class=\"MsoNormal\">A rom:<\/p>\n<p class=\"MsoNormal\" style=\"text-align: center;\"><img decoding=\"async\" src=\"letoltes\/320\/20.jpg\"><\/p>\n<p class=\"MsoNormal\">Onnan is<br \/>\ncsod\u00e1s kil\u00e1t\u00e1s ny\u00edlt a t\u00e1jra. Ott tal\u00e1lkoztunk a helyi &#8222;h\u0151s&#8221;-sel, aki<br \/>\negymaga pr\u00f3b\u00e1lja restaur\u00e1lni a v\u00e1rat. El\u00e9g apr\u00f3l\u00e9kosan dolgozott nem mondom.<br \/>\nSzerintem &#8222;r\u00f6pke&#8221; 40 \u00e9v \u00e9s k\u00e9sz is lesz vele \ud83d\ude42<o:p><\/o:p><\/p>\n<p class=\"MsoNormal\">Este \u00fajabb<br \/>\nhossz\u00fa besz\u00e9lget\u00e9s k\u00f6vetkezett. M\u00e1snap d\u00e9lel\u0151tt 10-t\u0151l d\u00e9lut\u00e1n f\u00e9l egyig<br \/>\ngyakoroltunk, majd egy egy\u00f3r\u00e1s pihi ut\u00e1n kezd\u0151d\u00f6tt is a vizsga.<span style=\"mso-spacerun:yes\">&nbsp; <\/span>Ez\u00faton is gratul\u00e1lunk Imi-sannak a sikeres<br \/>\nvizsg\u00e1hoz! <o:p><\/o:p><\/p>\n<p class=\"MsoNormal\">Ezt k\u00f6vet\u0151en indultunk kiss\u00e9 f\u00e1radtan haza.<br \/>\nImm\u00e1r h\u00e1rmasban Csabival. J\u00f3 hangulatban telt az \u00fat. Az egyed\u00fcli negat\u00edvum az<br \/>\nvolt, hogy a &#8222;h\u00e1nytat\u00f3s&#8221; \u00fat fel\u00e9 vitt minket a GPS. F\u00e9l kilenc k\u00f6r\u00fcl \u00e9rtem<br \/>\nv\u00e9g\u00fcl haza.<o:p><\/o:p><\/p>\n<p class=\"MsoNormal\">&#8222;R\u00f6viden&#8221;<br \/>\nennyi lett volna. <o:p><\/o:p><\/p>\n<p class=\"MsoNormal\">M\u00e9g egyszer<br \/>\nk\u00f6sz\u00f6net a szervez\u0151knek \u00e9s Senseinek! N\u00e9lk\u00fcl\u00fck szeg\u00e9nyebb lenne most az<br \/>\n\u00e9let\u00fcnk. Igaz\u00e1n j\u00f3 \u00e9lm\u00e9nyekkel gazdagodva t\u00e9rtem haza. Mindenk\u00e9p meg\u00e9rte<br \/>\nelmenni. Nagy k\u00e1r, hogy voltak akik nem tudtak elj\u00f6nni. Tal\u00e1n majd legk\u00f6zelebb&#8230;<\/p>\n<p class=\"MsoNormal\" style=\"text-align: center;\"><img decoding=\"async\" src=\"letoltes\/320\/21.jpg\"><\/p>\n<p class=\"MsoNormal\" style=\"text-align: right;\"><o:p><i>&nbsp;V\u00e1gv\u00f6lgyi G\u00e1bor<\/i><\/o:p><\/p>\n<\/div>\n<hr>\n<p><\/div>\n<div><b><b><\/p>\n<div style=\"display: inline !important; \"><b>&#8222;Vannak dolgok,&nbsp;amelyek nem v\u00e1ltoznak.<\/b><\/div>\n<p><\/b><\/b><b>&#8222;<\/b><\/div>\n<div>\n<div><font class=\"Apple-style-span\" size=\"1\"><b><i><br \/><\/i><\/b><\/font><\/div>\n<\/div>\n<div><b><\/p>\n<div style=\"font-weight: normal; display: inline !important; \">A k\u00e9rd\u00e9s, melyet \u00e9vente k\u00e9tszer megv\u00e1laszolhatunk nem v\u00e1ltozott:<i>&nbsp;&#8222;Ki j\u00f6n Teplic\u00e9re?&#8221;<\/i><\/div>\n<p><\/b><\/p>\n<div style=\"font-weight: normal; \">Sokan jelentkezt\u00fcnk. T\u00f6bb mint sz\u00e1z lev\u00e9l kellett ahhoz, hogy az \u00f6t aut\u00f3nyi klubt\u00e1rsat (azaz magunkat) k\u00f6z\u00f6s nevez\u0151re hozzuk, hogy val\u00f3ra v\u00e1ljon a r\u00e9gi \u00e1lom: a Blatnica k\u00f6zeli kis fah\u00e1zakban alv\u00e1s, k\u00f6z\u00f6s t\u00far\u00e1z\u00e1s, pihen\u00e9s \u00e9s f\u0151z\u00e9s.&nbsp;<b><\/b><\/div>\n<div style=\"font-weight: normal; \"><b><br \/><\/b><\/div>\n<div>Amikor m\u00e1r mindenki belegyezett, hogy minden \u00e9jszak\u00e1t egy\u00fctt t\u00f6lts\u00fcnk kider\u00fclt, hogy nem lehet, mert h\u00e9tv\u00e9g\u00e9n esk\u00fcv\u0151 lesz.. Amikor m\u00e1sik helyet kerest\u00fcnk szombatra kider\u00fclt, hogy el\u0151leget k\u00e9rnek (???). Tibinek le kellett mondania a programot, Gerg\u0151 \u00e9ppen felmondott, Sensei v\u00e9ges szabadnapjai miatt egy, majd egy iso audit miatt k\u00e9t napos k\u00e9s\u00e9ssel tudott csatlakozni&#8230; Amikor cs\u00fct\u00f6rt\u00f6k este oda\u00e9rt\u00fcnk pedig kider\u00fclt, hogy a sz\u00e1ll\u00e1st j\u00faliusra foglalt\u00e1k nek\u00fcnk (???).<\/div>\n<\/div>\n<div>S\u00e1ndor a mindenhol m\u0171k\u00f6d\u0151, kiv\u00e1l\u00f3 magyar nyelvtud\u00e1s\u00e1val azonban megoldotta a probl\u00e9m\u00e1t: v\u00e9g\u00fcl egy p\u00e1r \u00e9ve \u00e9p\u00fclt, meleg, t\u00e1gas, otthonos h\u00e1zban lakhattunk ugyanott &#8211; esk\u00fcv\u0151 h\u00edj\u00e1n szombaton is.&nbsp;(A&nbsp;hagyom\u00e1nyos dojo-ban alv\u00e1s hagyom\u00e1nya \u00edgy megt\u00f6rt, b\u00e1r az \u00e1gyhoz viszony\u00edtva hideg \u00e9s kem\u00e9ny tatami sokunknak nem nem is hi\u00e1nyzik&#8230;)<\/p>\n<\/div>\n<div>Nem volt hagyom\u00e1nyos, k\u00f6z\u00f6s Marlenka ev\u00e9s &#8211; mivel a &#8222;besz\u00e1ll\u00edt\u00f3&#8221; &#8222;szanat\u00f3riumban&#8221; pihen. (Term\u00e9szetesen orvosoltuk a hi\u00e1nyt, az \u00e9tteremben ugyanis v\u00e1rt minket p\u00e1r darab.)&nbsp;A (fa apr\u00edt\u00e1ssal, k\u00e9sdob\u00e1l\u00e1ssal, rothad\u00f3 paradicsom helyett \u00fajabb adag beszerz\u00e9ssel, k\u00e1rtyaj\u00e1t\u00e9kkal tark\u00edtott) lecs\u00f3 viszont &nbsp;finomabb volt mint tavaly! A geszteny\u00e9s \u00e1sv\u00e1nyv\u00edz is v\u00edrusszer\u0171en terjed, a Fidork\u00e1k is egyre nagyobb teret h\u00f3d\u00edtanak a Shinbukan tagok k\u00f6reiben.&nbsp;Volt esti f\u00fcrd\u0151z\u00e9s is &nbsp;(Sajnos mindk\u00e9t magyar nyelv\u0171 \u00f3ri\u00e1si k\u00e9peslap (mint haz\u00e1nkra utal\u00f3 utols\u00f3 jel) &nbsp;leker\u00fclt a falakr\u00f3l.).<\/div>\n<div>A Szervez\u00e9s sajnos&nbsp;m\u00e9g mindig ugyanaz: nincs szappan, a vend\u00e9geknek mindig pizza az eb\u00e9d, \u00e9s most tet\u0151z\u00f6tt a k\u00e1osz: a sayonara party mindannyiunk sz\u00e1ll\u00e1s\u00e1t\u00f3l t\u00e1vol volt, \u00e9s meglehet\u0151sen r\u00f6vidre siker\u00fclt..de ehelyett (eml\u00e9kezetes, de lelk\u00fcnkben kiss\u00e9 szomork\u00e1s hangulat\u00fa) k\u00f6z\u00f6s besz\u00e9lget\u00e9ssel z\u00e1rtuk a szombatot \u00e9s kezdt\u00fck a vas\u00e1rnapot.<\/div>\n<div><b>Iaido!<\/b><br \/>Nagy \u00f6r\u00f6m\u00fcnkre ism\u00e9t&nbsp;<b>Victor Cook Sensei<\/b> (7. Dan Renshi) vezet\u00e9s\u00e9vel&nbsp;gyakorolhattunk!<br \/>A m\u00e1r ismert form\u00e1khoz szombaton ism\u00e9t igyekezt\u00fcnk k\u00f6zelebb ker\u00fclni, elm\u00e9ly\u00fclni. Vas\u00e1rnap m\u00e1r csoportokra osztva gyakorolhattunk &#8211; &nbsp;a magasabb fokozattal rendelkez\u0151kkel Cook Sensei koryu kat\u00e1kat tekintett \u00e1t, a vizsg\u00e1ra k\u00e9sz\u00fcl\u0151nek&nbsp;Tony Devine Sensei (6. Dan)&nbsp;\u00e9s&nbsp;Gallyas G\u00e1bor&nbsp;Sensei&nbsp;(5. Dan)&nbsp;adott hasznos tan\u00e1csokat (kiguari (&#27671; &#20301;)!), a t\u00f6bbieknek&nbsp;Terry Cook&nbsp;Sensei&nbsp;(5. Dan)&nbsp;\u00e9s&nbsp;John Piper&nbsp;Sensei&nbsp;(5. Dan)&nbsp;seg\u00edtett.<\/p>\n<\/div>\n<div><a href=\"?naplo=hai&amp;sorszam=250\">Egy \u00e9vvel ezel\u0151tt<\/a>&nbsp;5 aut\u00f3 \u00f6sszesen 6 \u00faj dan fokozattal t\u00e9rhetett haza. Az aut\u00f3k sz\u00e1ma nem v\u00e1ltozott -d\u00e9lut\u00e1n Szilva Imre tett sikeres vizsg\u00e1t 3 danra.<\/p>\n<\/div>\n<div>Gratul\u00e1lunk!<\/p>\n<\/div>\n<div>\n<div><b><b><\/p>\n<div style=\"display: inline !important; \"><b>&#8222;- Vannak dolgok,&nbsp;amelyek nem v\u00e1ltoznak.<\/b><\/div>\n<p><\/b><\/b><\/div>\n<div>\n<div><b>&#8211; \u00c9s vannak&nbsp;amelyek igen?<\/b><\/div>\n<div><b>&#8211; Szerencs\u00e9re, vannak olyanok is.&#8221;<\/b><\/div>\n<div><b style=\"font-weight: normal; \"><\/b><span style=\"font-size: 10px; \"><i><b>( M\u00e1trix forradalmak)<\/b><\/i><\/span><\/div>\n<\/div>\n<\/div>\n<div><\/div>\n<p><img loading=\"lazy\" decoding=\"async\" class=\"aligncenter wp-image-19438 size-large\" src=\"\/fenykepalbum\/keptar_320_big_2011.05.15-18_mosovce_blatnica_1068.jpg\" alt=\"\" width=\"840\" height=\"473\" \/><\/p>\n<p><img loading=\"lazy\" decoding=\"async\" class=\"aligncenter wp-image-19438 size-large\" src=\"\/fenykepalbum\/keptar_320_big_2011.05.15-18_mosovce_blatnica_1104.jpg\" alt=\"\" width=\"840\" height=\"473\" \/><\/p>\n<p><img loading=\"lazy\" decoding=\"async\" class=\"aligncenter wp-image-19438 size-large\" src=\"\/fenykepalbum\/keptar_320_big_2011.05.15-18_mosovce_blatnica_di_0308.jpg\" alt=\"\" width=\"840\" height=\"473\" \/><\/p>\n","protected":false},"excerpt":{"rendered":"<p>A medv\u00e9k f\u00f6ldj\u00e9n j\u00e1rtam \u00dagy besz\u00e9ltem meg az Istv\u00e1nnal, hogy 1-kor indulunk. Nem sokkal egy\u00f3ra ut\u00e1n meg is j\u00f6tt a h\u00e1z el\u00e9. J\u00f3 sok cuccom volt. K\u00e9t t\u00e1ska \u00e9s m\u00e9g egy szatyor, 4 \u00e1sv\u00e1nyv\u00edz \u00e9s a kardom. K\u00e9s\u0151bb kider\u00fcl, hogy ez sem lesz el\u00e9g. Nagyj\u00e1b\u00f3l 3,5 \u00f3ra alatt \u00e9rt\u00fcnk Blatnica-ra. Igaz k\u00f6zben egyszer meg\u00e1lltunk k\u00e1v\u00e9zni &hellip; <a href=\"https:\/\/shinbukan.hu\/?p=19620\" class=\"more-link\"><span class=\"screen-reader-text\">&#8222;Iaido Seminar (Teplice)&#8221;<\/span> b\u0151vebben<\/a><\/p>\n","protected":false},"author":2,"featured_media":0,"comment_status":"open","ping_status":"open","sticky":false,"template":"","format":"standard","meta":{"footnotes":""},"categories":[],"tags":[],"class_list":["post-19620","post","type-post","status-publish","format-standard","hentry"],"_links":{"self":[{"href":"https:\/\/shinbukan.hu\/index.php?rest_route=\/wp\/v2\/posts\/19620","targetHints":{"allow":["GET"]}}],"collection":[{"href":"https:\/\/shinbukan.hu\/index.php?rest_route=\/wp\/v2\/posts"}],"about":[{"href":"https:\/\/shinbukan.hu\/index.php?rest_route=\/wp\/v2\/types\/post"}],"author":[{"embeddable":true,"href":"https:\/\/shinbukan.hu\/index.php?rest_route=\/wp\/v2\/users\/2"}],"replies":[{"embeddable":true,"href":"https:\/\/shinbukan.hu\/index.php?rest_route=%2Fwp%2Fv2%2Fcomments&post=19620"}],"version-history":[{"count":0,"href":"https:\/\/shinbukan.hu\/index.php?rest_route=\/wp\/v2\/posts\/19620\/revisions"}],"wp:attachment":[{"href":"https:\/\/shinbukan.hu\/index.php?rest_route=%2Fwp%2Fv2%2Fmedia&parent=19620"}],"wp:term":[{"taxonomy":"category","embeddable":true,"href":"https:\/\/shinbukan.hu\/index.php?rest_route=%2Fwp%2Fv2%2Fcategories&post=19620"},{"taxonomy":"post_tag","embeddable":true,"href":"https:\/\/shinbukan.hu\/index.php?rest_route=%2Fwp%2Fv2%2Ftags&post=19620"}],"curies":[{"name":"wp","href":"https:\/\/api.w.org\/{rel}","templated":true}]}}