{"id":19621,"date":"2011-05-28T12:22:00","date_gmt":"2011-05-28T12:22:00","guid":{"rendered":""},"modified":"-0001-11-30T00:00:00","modified_gmt":"-0001-11-29T22:00:00","slug":"","status":"publish","type":"post","link":"https:\/\/shinbukan.hu\/?p=19621","title":{"rendered":"2011 \u00e9vi Nemzeti Iaido V\u00e1logatott Verseny (Budapest)"},"content":{"rendered":"<p>A szombati nap 11 \u00f3rakor kezd\u0151d\u00f6tt a Pusk\u00e1s Tivadar T\u00e1vk\u00f6zl\u00e9si Technikum tornaterm\u00e9ben. (term\u00e9szetesen mi m\u00e1r 10 \u00f3rakor ott voltunk, \u00e9s a terem rendez\u00e9se el\u0151tt gyakoroltunk &#8211; sz\u00e1m\u00edtva arra, hogy taikai nap lesz ez is&#8230;)<\/p>\n<div>A bevezet\u00e9s r\u00f6vid volt, azonnal fejest ugrottunk a taikai versenyszer\u0171 forgatag\u00e1ba. Az els\u0151 r\u00e9szben k\u00e9t p\u00e1ly\u00e1n zajlott a verseng\u00e9s, mudan (itt a 3 Danosok \u00e9rt\u00e9keltek) illetve 1-2 Dan (b\u00edr\u00f3k a 4-6 Danosok voltak) kateg\u00f3ri\u00e1ban. Ezt k\u00f6veten ker\u00fclt sor a 3. Danosok k\u00fczdelm\u00e9re.<\/div>\n<div>A sz\u00fcnet ut\u00e1n kateg\u00f3ri\u00e1nk\u00e9nt 2-2 p\u00e1r szolg\u00e1lt p\u00e9ld\u00e1val \u00e9s ellenp\u00e9ld\u00e1val mindannyiunk sz\u00e1m\u00e1ra (\u0151k \u00f6sszt\u0171z-szer\u0171, \u00e9les kritik\u00e1kat \u00e9s v\u00e9lem\u00e9nyeket kaptak), majd Mihalik Hunor (6. Dan) besz\u00e9lget\u00e9sbe hajl\u00f3 elm\u00e9leti oktat\u00e1st tartott sz\u00e1munkra &#8211; \u00e9s ismertette az Eur\u00f3pa Bajnoks\u00e1gra (Andorra, 2011.10.16-18) utaz\u00e1s felt\u00e9teleit is.<\/div>\n<p><img loading=\"lazy\" decoding=\"async\" class=\"aligncenter wp-image-19438 size-large\" src=\"\/fenykepalbum\/keptar_321_big_2011.05.28_iai_valogato_verseny_csoportkep.jpg\" alt=\"\" width=\"840\" height=\"473\" \/><\/p>\n","protected":false},"excerpt":{"rendered":"<p>A szombati nap 11 \u00f3rakor kezd\u0151d\u00f6tt a Pusk\u00e1s Tivadar T\u00e1vk\u00f6zl\u00e9si Technikum tornaterm\u00e9ben. (term\u00e9szetesen mi m\u00e1r 10 \u00f3rakor ott voltunk, \u00e9s a terem rendez\u00e9se el\u0151tt gyakoroltunk &#8211; sz\u00e1m\u00edtva arra, hogy taikai nap lesz ez is&#8230;) A bevezet\u00e9s r\u00f6vid volt, azonnal fejest ugrottunk a taikai versenyszer\u0171 forgatag\u00e1ba. Az els\u0151 r\u00e9szben k\u00e9t p\u00e1ly\u00e1n zajlott a verseng\u00e9s, mudan (itt &hellip; <a href=\"https:\/\/shinbukan.hu\/?p=19621\" class=\"more-link\"><span class=\"screen-reader-text\">&#8222;2011 \u00e9vi Nemzeti Iaido V\u00e1logatott Verseny (Budapest)&#8221;<\/span> b\u0151vebben<\/a><\/p>\n","protected":false},"author":2,"featured_media":0,"comment_status":"open","ping_status":"open","sticky":false,"template":"","format":"standard","meta":{"footnotes":""},"categories":[],"tags":[],"class_list":["post-19621","post","type-post","status-publish","format-standard","hentry"],"_links":{"self":[{"href":"https:\/\/shinbukan.hu\/index.php?rest_route=\/wp\/v2\/posts\/19621","targetHints":{"allow":["GET"]}}],"collection":[{"href":"https:\/\/shinbukan.hu\/index.php?rest_route=\/wp\/v2\/posts"}],"about":[{"href":"https:\/\/shinbukan.hu\/index.php?rest_route=\/wp\/v2\/types\/post"}],"author":[{"embeddable":true,"href":"https:\/\/shinbukan.hu\/index.php?rest_route=\/wp\/v2\/users\/2"}],"replies":[{"embeddable":true,"href":"https:\/\/shinbukan.hu\/index.php?rest_route=%2Fwp%2Fv2%2Fcomments&post=19621"}],"version-history":[{"count":0,"href":"https:\/\/shinbukan.hu\/index.php?rest_route=\/wp\/v2\/posts\/19621\/revisions"}],"wp:attachment":[{"href":"https:\/\/shinbukan.hu\/index.php?rest_route=%2Fwp%2Fv2%2Fmedia&parent=19621"}],"wp:term":[{"taxonomy":"category","embeddable":true,"href":"https:\/\/shinbukan.hu\/index.php?rest_route=%2Fwp%2Fv2%2Fcategories&post=19621"},{"taxonomy":"post_tag","embeddable":true,"href":"https:\/\/shinbukan.hu\/index.php?rest_route=%2Fwp%2Fv2%2Ftags&post=19621"}],"curies":[{"name":"wp","href":"https:\/\/api.w.org\/{rel}","templated":true}]}}