{"id":19623,"date":"2011-05-31T12:22:00","date_gmt":"2011-05-31T12:22:00","guid":{"rendered":""},"modified":"-0001-11-30T00:00:00","modified_gmt":"-0001-11-29T22:00:00","slug":"","status":"publish","type":"post","link":"https:\/\/shinbukan.hu\/?p=19623","title":{"rendered":"Koryu id\u0151utaz\u00e1s Hiro Okusa Sensei-el (Budapest)"},"content":{"rendered":"<p>E keddi napon Mihalik Hunor Sensei (6. dan) &nbsp;hirtelen megh\u00edv\u00e1sa szak\u00edtotta f\u00e9lbe a gy\u00fclekez\u0151 es\u0151felh\u0151ket, aki a <a href=\"http:\/\/www.mjkk.hu\" target=\"_blank\">Magyar-Jap\u00e1n Kend\u00f3 Klubba<\/a> invit\u00e1lt minket. Az aj\u00e1nlat rendk\u00edv\u00fcl kecsegtet\u0151 volt, mivel m\u00e1r a lev\u00e9l is tartalmazott p\u00e1r inform\u00e1ci\u00f3t a 4. danos (nem t\u00e9ved\u00e9s,&nbsp;a ZNKR form\u00e1kat k\u00e9s\u0151bb \u00e9s kevesebbet tanulta) <a href=\"http:\/\/kendo-canada.com\" target=\"_blank\">kanadai <\/a>vend\u00e9gr\u0151l, aki&nbsp;\u00e9s&nbsp;akinek az egyik mestere&nbsp;<a href=\"http:\/\/www.youtube.com\/watch?v=CtlpcW7nB9c\" target=\"_blank\">Nakayama Hakudo<\/a> tan\u00edtv\u00e1nya volt!<\/p>\n<div>Izgatottan t\u00e9rt\u00fcnk be a szauna h\u0151m\u00e9rs\u00e9klet\u0171 \u00e9s p\u00e1ratartalm\u00fa terembe.<br \/>Szokatlan m\u00f3don k\u00f6r alakban \u00fclt\u00fcnk le, majd Hiro Sensei r\u00f6viden elmes\u00e9lte az &#8222;\u0151 iai-j\u00e1t&#8221;.<br \/>A k\u00f6z\u00f6s bemeleg\u00edt\u00e9s ut\u00e1n az \u00e1ltalunk is gyakorolt Mus&#333; Shinden-ry&#363; iskola Shoden \u00e9s (majdnem a teljes) Chuden sz\u00e9ri\u00e1j\u00e1nak \u0151seit l\u00e1thattuk(&nbsp;Mus&#333; Jikiden Eishin-ry&#363; f\u0171szerekkel :-)), majd embut tartottunk mi is \u00e9s vend\u00e9gl\u00e1t\u00f3ink is.<\/div>\n<div>Nem mertem sokat pislogni. Hasonl\u00f3t csak filmeken l\u00e1ttunk eddig..<br \/>M\u00e1r a bemeleg\u00edt\u00e9sn\u00e9l felt\u0171nt, hogy a l\u00e9p\u00e9sei eg\u00e9szen k\u00fcl\u00f6n\u00f6s m\u00f3don term\u00e9szetesek. A formagyakorlatok k\u00f6zben Sensei t\u00f6bbsz\u00f6r megigaz\u00edtotta a ruh\u00e1j\u00e1t (ha sz\u00fcks\u00e9ges volt le\u00fcl\u00e9sn\u00e9l is), a v\u00e1g\u00e1s nem volt a mi\u00e9inkhez hasonl\u00f3an er\u0151s \u00e9s hangos, furcsa volt az id\u0151z\u00edt\u00e9s, nem volt nagyon gyors, a tekintette mintha elkalandozott volna k\u00f6zben..mi t\u00f6rt\u00e9nt? Ha k\u00fcls\u0151 szeml\u00e9l\u0151k\u00e9nt n\u00e9ztem volna v\u00e9gig ezzel egyidej\u0171leg egy 4 \u00e9ve gyakorl\u00f3 embuj\u00e1t is ezut\u00e1n eg\u00e9szen biztosan furcsa \u00edt\u00e9letet hozok..<\/p>\n<\/div>\n<div>\n<div style=\"text-align: right;\"><img decoding=\"async\" src=\"letoltes\/323\/shuhari.png\" width=\"250\"><\/div>\n<div>\n<div style=\"text-align: right;\"><i><br \/>&#8222;A&nbsp;shu ha ri&nbsp;nem line\u00e1ris fejl\u0151d\u00e9s. Ink\u00e1bb koncentrikus k\u00f6r\u00f6k csoportja&#8221;<\/i><\/div>\n<p><i><br \/><\/i><\/div>\n<\/div>\n<div>Hol tarthat \u0151 most a Shu Ha Ri id\u0151szalagon? T\u00f6bb \u00e9vtized v\u00e1laszt el minket egym\u00e1st\u00f3l.. Olyan term\u00e9szetesen &#8222;besz\u00e9lgetett&#8221; a karddal, mintha ev\u0151p\u00e1lcik\u00e1val enne, vagy s\u00e9t\u00e1lna. Sz\u00e1momra nyilv\u00e1nval\u00f3v\u00e1 v\u00e1lt, hogy b\u00e1rmikor \u00e9s b\u00e1rhol k\u00e9pes haszn\u00e1lni is.. Val\u00f3sz\u00edn\u0171tlen\u00fcl k\u00f6nnyed volt, foly\u00e9kony,&nbsp;<a href=\"http:\/\/louise.hu\/download\/publications\/Shunryu_Suzuki-A_ZEN_SZELLEM_AZ_OROK_KEZDOK_SZELLEME.pdf\" target=\"_blank\">kezd\u0151h\u00f6z<\/a>&nbsp;hasonl\u00f3, m\u00e9gis pontos (minden chiburui t\u00f6k\u00e9letesen ugyanolyan volt..), t\u00fal a form\u00e1n, kardon, iskol\u00e1n; a&nbsp;k\u00f6r v\u00e1ltozott, felemelkedett, visszat\u00e9rt.<\/div>\n<div><b>Domo arigato gozaimashita!<\/b><\/div>\n<p><img loading=\"lazy\" decoding=\"async\" class=\"aligncenter wp-image-19438 size-large\" src=\"\/fenykepalbum\/keptar_323_big_2011.05.31_mjkk_shinbukan.jpg\" alt=\"\" width=\"840\" height=\"473\" \/><\/p>\n","protected":false},"excerpt":{"rendered":"<p>E keddi napon Mihalik Hunor Sensei (6. dan) &nbsp;hirtelen megh\u00edv\u00e1sa szak\u00edtotta f\u00e9lbe a gy\u00fclekez\u0151 es\u0151felh\u0151ket, aki a Magyar-Jap\u00e1n Kend\u00f3 Klubba invit\u00e1lt minket. Az aj\u00e1nlat rendk\u00edv\u00fcl kecsegtet\u0151 volt, mivel m\u00e1r a lev\u00e9l is tartalmazott p\u00e1r inform\u00e1ci\u00f3t a 4. danos (nem t\u00e9ved\u00e9s,&nbsp;a ZNKR form\u00e1kat k\u00e9s\u0151bb \u00e9s kevesebbet tanulta) kanadai vend\u00e9gr\u0151l, aki&nbsp;\u00e9s&nbsp;akinek az egyik mestere&nbsp;Nakayama Hakudo tan\u00edtv\u00e1nya volt! &hellip; <a href=\"https:\/\/shinbukan.hu\/?p=19623\" class=\"more-link\"><span class=\"screen-reader-text\">&#8222;Koryu id\u0151utaz\u00e1s Hiro Okusa Sensei-el (Budapest)&#8221;<\/span> b\u0151vebben<\/a><\/p>\n","protected":false},"author":2,"featured_media":0,"comment_status":"open","ping_status":"open","sticky":false,"template":"","format":"standard","meta":{"footnotes":""},"categories":[],"tags":[],"class_list":["post-19623","post","type-post","status-publish","format-standard","hentry"],"_links":{"self":[{"href":"https:\/\/shinbukan.hu\/index.php?rest_route=\/wp\/v2\/posts\/19623","targetHints":{"allow":["GET"]}}],"collection":[{"href":"https:\/\/shinbukan.hu\/index.php?rest_route=\/wp\/v2\/posts"}],"about":[{"href":"https:\/\/shinbukan.hu\/index.php?rest_route=\/wp\/v2\/types\/post"}],"author":[{"embeddable":true,"href":"https:\/\/shinbukan.hu\/index.php?rest_route=\/wp\/v2\/users\/2"}],"replies":[{"embeddable":true,"href":"https:\/\/shinbukan.hu\/index.php?rest_route=%2Fwp%2Fv2%2Fcomments&post=19623"}],"version-history":[{"count":0,"href":"https:\/\/shinbukan.hu\/index.php?rest_route=\/wp\/v2\/posts\/19623\/revisions"}],"wp:attachment":[{"href":"https:\/\/shinbukan.hu\/index.php?rest_route=%2Fwp%2Fv2%2Fmedia&parent=19623"}],"wp:term":[{"taxonomy":"category","embeddable":true,"href":"https:\/\/shinbukan.hu\/index.php?rest_route=%2Fwp%2Fv2%2Fcategories&post=19623"},{"taxonomy":"post_tag","embeddable":true,"href":"https:\/\/shinbukan.hu\/index.php?rest_route=%2Fwp%2Fv2%2Ftags&post=19623"}],"curies":[{"name":"wp","href":"https:\/\/api.w.org\/{rel}","templated":true}]}}