{"id":19624,"date":"2011-07-04T12:22:00","date_gmt":"2011-07-04T12:22:00","guid":{"rendered":""},"modified":"-0001-11-30T00:00:00","modified_gmt":"-0001-11-29T22:00:00","slug":"","status":"publish","type":"post","link":"https:\/\/shinbukan.hu\/?p=19624","title":{"rendered":"T\u00e1bor Pilismar\u00f3ton (Pilismar\u00f3t)"},"content":{"rendered":"<div><b>1. <a href=\"#tabor\">T\u00e1bor!<\/a>&nbsp;<\/b>(Szilva Imre)<br \/><b>2. <\/b><a href=\"#elmeny\" style=\"font-weight: bold; \"><b>Egy t\u00e1bor \u00e9lm\u00e9nymarg\u00f3j\u00e1ra<\/b><\/a>&nbsp;(Gould Andrea)<\/div>\n<div><b>3.<\/b><a href=\"#azentaborom\" style=\"font-weight: bold; \"> Az \u00e9n t\u00e1borom<\/a>&nbsp;(Vass Gergely)<\/div>\n<div><b>4. <a href=\"?esszek=hai&amp;sorszam=325\">Szamur\u00e1j szpirit \u00e9s val\u00f3s\u00e1gshow&nbsp;(essz\u00e9)<\/a>&nbsp;<\/b>(V\u00f6r\u00f6s Erika)<br \/><b><br \/><\/b><\/p>\n<hr style=\"font-weight: bold; \"><a name=\"tabor\"><\/a><\/p>\n<div><b>T\u00e1bor!<\/b><\/p>\n<\/div>\n<div>A korai \u00e9rkez\u00e9st t\u0171zifagy\u0171jt\u00e9s k\u00f6vette, amelyet \u00fagy siker\u00fclt v\u00e9g\u00fcl megoldani, hogy a pilismar\u00f3ti sportcsarnokkal szemben lak\u00f3 lak\u00f3t\u00f3l Andi (2) k\u00e9rt. :&#8211;)<\/div>\n<div>A kezd\u00e9st kis megbesz\u00e9l\u00e9ssel kezdt\u00fck (ez nem siker\u00fclt els\u0151re, \u00e9s m\u00e1sodikra..\u00e9s harmadikra sem &#8211; tanuls\u00e1g!), majd nem vett\u00fck el\u0151 a Kardot &#8211; ugyanis a h\u00e9tv\u00e9gi program a 3 (van aki tov\u00e1bb is eljutott) kend\u00f3 kata tanul\u00e1sa \u00e9s gyakorl\u00e1sa volt.<\/div>\n<div>Ez a mozg\u00e1ssor nagyon tanuls\u00e1gos annak, aki csak iaido gyakorl\u00e1ssal t\u00f6lti az idej\u00e9t, hiszen \u0151 nem tal\u00e1lkozik ellenf\u00e9llel, ez\u00e9rt a t\u00e1vols\u00e1gok felm\u00e9r\u00e9se sokkal nehezebb sz\u00e1m\u00e1ra &#8211; de a jo-t forgat\u00f3k is sokat tanulhattak a kardok haszn\u00e1lat\u00e1r\u00f3l.<\/div>\n<div><\/div>\n<div>A sz\u00fcnetekben ett\u00fcnk. Sokat \u00e9s sok\u00e1ig. Az eb\u00e9d hideg volt, vacsor\u00e1ra m\u00e1r a krumpli f\u0151tt a mosog\u00e9pdobbal kombin\u00e1lt bogr\u00e1csban (k\u00f6sz\u00f6nj\u00fck S\u00e1ndor).<\/p>\n<\/div>\n<div style=\"text-align: center;\"><img decoding=\"async\" src=\"letoltes\/324\/IMG_1246.JPG\"><\/p>\n<\/div>\n<div>Fogytak a s\u00fctem\u00e9nyek, est\u00e9re mosogatni is siker\u00fclt &#8211; b\u00e1r ezen a t\u00e9ren m\u00e9g van fejl\u0151dnival\u00f3nk, hiszen az \u00dat kezdeti szakasz\u00e1ban nem j\u00f6n azonnal felismer\u00e9s, hogy a zazen, a formagyakorlatok \u00e9s a h\u00e9tk\u00f6znapi tev\u00e9kenys\u00e9geink k\u00f6z\u00f6tt nincs k\u00fcl\u00f6nbs\u00e9g.<\/div>\n<div><\/div>\n<div style=\"text-align: right; \"><i>&#8222;A j\u00e1r\u00e1s zen, az \u00fcl\u00e9s zen,<\/i><\/div>\n<div style=\"text-align: right; \"><i>Ak\u00e1r besz\u00e9l, hallgat, mozog, pihen,&nbsp;<\/i><\/div>\n<div style=\"text-align: right; \"><i>a test b\u00e9k\u00e9ben van.<\/i><\/div>\n<div style=\"text-align: right; \"><i>Kardpeng\u00e9vel szemben\u00e9zve a tudat nyugodt,&nbsp;<\/i><\/div>\n<div style=\"text-align: right; \"><i>M\u00e9reggel szemben \u00e9rz\u00e9ketlen marad.&#8221;<\/i><\/div>\n<div style=\"text-align: right; \"><i><br \/><\/i><\/div>\n<div style=\"text-align: right; \"><i>(J\u00f3ka Daisi: S\u00d3D\u00d3KA<\/i><\/div>\n<div style=\"text-align: right; \"><i>Az azonali fel\u00e9bred\u00e9s \u00e9neke)<\/i><\/div>\n<div><\/div>\n<div>Szombat este mindenki f\u00e1radt volt, vas\u00e1rnap hajnalban pedig m\u00e9g f\u00e1radtabb, amikor az 5 \u00f3rai \u00e9bred\u00e9st k\u00f6vet\u0151en a vizes f\u0171 fel\u00e9 vett\u00fck az ir\u00e1nyt, \u00e9s a felkel\u0151 nap f\u00e9ny\u00e9ben a hideggel dacolva gyakoroltunk.<\/p>\n<\/div>\n<div style=\"text-align: right; \"><i>Ellen\u00e1llni lehet a vizes f\u0171nek \u00e9s a hidegnek,<\/i><\/div>\n<div style=\"text-align: right; \"><i>de nem jobb eggy\u00e9 v\u00e1lni vele?<\/i><\/div>\n<div><\/div>\n<div>M\u00e9g t\u00f6bb ev\u00e9st k\u00f6vet\u0151en (\u00e9s Marlenka!) el\u00e9rkezett a v\u00e1rva v\u00e1rt pillanat, a s<br \/>zombaton k\u00f6t\u00f6tt \u00e9s \u00e1ztatott gy\u00e9k\u00e9nyek v\u00e1g\u00e1sa.<\/div>\n<div style=\"text-align: center;\"><img decoding=\"async\" src=\"letoltes\/324\/IMG_1270.JPG\"><\/div>\n<div><\/div>\n<div>Volt aki el\u0151sz\u00f6r v\u00e1gott, volt, aki el\u0151sz\u00f6r fogott Shinken-t a kez\u00e9be. Az els\u0151 k\u00f6rben mindenki m\u00e9g mindenki ink\u00e1bb \u00edzlelgette az \u00e9lm\u00e9nyt, majd egyre b\u00e1trabban k\u00f6vett\u00e9k egym\u00e1st a mozdulatok.<\/div>\n<div><\/div>\n<div style=\"text-align: center; \">\u00c9s nem volt ott senki, nem volt Kard, \u00e9s gy\u00e9k\u00e9ny \u00e9s id\u0151.<\/div>\n<div style=\"text-align: right;\"><i>Szilva Imre<\/i><\/div>\n<\/p>\n<\/div>\n<div>\n<p class=\"MsoNormal\" style=\"display: inline !important; \">\n<hr>\n<p class=\"MsoNormal\" style=\"margin-top: 0cm; margin-right: 0cm; margin-bottom: 0pt; margin-left: 0cm; \"><a name=\"elmeny\"><\/a><b>Egy t\u00e1bor \u00e9lm\u00e9nymarg\u00f3j\u00e1ra<\/b><\/p>\n<p class=\"MsoNormal\" style=\"margin-top: 0cm; margin-right: 0cm; margin-bottom: 0pt; margin-left: 0cm; \"><\/p>\n<p>Sokat tanultam &nbsp;&#8211; &nbsp;t\u00f6bbet is mint el\u0151z\u0151leg v\u00e1rtam \u00e9s c\u00e9lul t\u0171ztem ki &#8211;<\/p>\n<p class=\"MsoNormal\" style=\"margin-top: 0cm; margin-right: 0cm; margin-bottom: 0pt; margin-left: 0cm; \">&#8211; magamr\u00f3l, az \u00e1rnyoldalaimr\u00f3l \u00e9s az er\u0151ss\u00e9geimr\u0151l<br \/>&#8211; a kinesztetikus eml\u00e9kezetem fejlesztenival\u00f3 volt\u00e1r\u00f3l, \u00fajra \u00e9s \u00fajra \u00e9s \u00fajra &#8211; ahogy minden jodo edz\u00e9sen is&#8230;<br \/>&#8211; a testi hat\u00e1raimr\u00f3l , &#8222;\u00faj&#8221; izmok l\u00e9tez\u00e9s\u00e9r\u0151l a testemben \u00e9s a t\u00fals\u00faly \u00e1ltali korl\u00e1taimr\u00f3l<br \/>&#8211; az egy\u00fcttm\u0171k\u00f6d\u00e9s alapjair\u00f3l \u00e9s a jobb\u00edt\u00e1s lehet\u0151s\u00e9geir\u0151l<br \/>&#8211; a sz\u00e1ntsz\u00e1nd\u00e9k \u00e9s az odaad\u00e1s sz\u00fcks\u00e9gess\u00e9g\u00e9r\u0151l<br \/>&#8211; a negat\u00edv \u00e9rzelmeimr\u0151l \u00e9s az azokkal val\u00f3 b\u00e1n\u00e1sm\u00f3dr\u00f3l<br \/>&#8211; az \u00f6r\u00f6mr\u0151l ism\u00e9t, ha valami sz\u00e9pen siker\u00fcl, ill. ha j\u00f3l eml\u00e9kszem arra gyakorl\u00e1s k\u00f6zben, hogy mit kell csin\u00e1lni:-)<br \/>&#8211; \u00e9s a t\u00f6bbiekr\u0151l, az egym\u00e1s t\u00e1mogat\u00e1s\u00e1r\u00f3l<br \/>&nbsp;<br \/>Azt \u00e9rzem, hogy eltelnek m\u00e9g tov\u00e1bbi napok, hetek&#8230; \u00e9s \u00fajakat is fel tudok majd sorolni \ud83d\ude42<br \/>&nbsp;<br \/>Sokat adott a sensei \u00e1ltal hangs\u00falyozott szoci\u00e1lis vonal: k\u00f6zeledni \u00e9s jobban megismerni a t\u00f6bbieket, egy\u00fctt tenni, besz\u00e9lgetni,&nbsp; nevetni vel\u00fck,&nbsp;\u00e9s persze t\u00fckr\u00f6ket kapni t\u0151l\u00fck (h\u00e1t igen, ezek a fr\u00e1nya t\u00fckr\u00f6k :-). Besz\u00e9lget\u00e9sbe elegyedni valakivel, akit\u0151l tartok, aki \u00e1ltal negat\u00edv \u00e9rzelmekkel is dolgozom, de most megl\u00e1tom a m\u00e1sik val\u00f3j\u00e1t is, most jobban m\u00f3d \u00e9s alkalom volt az egym\u00e1s fel\u00e9 val\u00f3 megny\u00edl\u00e1sra.<br \/>&nbsp;<br \/>A szombat esti (r\u00f3mai st\u00edlusban fej\u00fcnk alatt h\u00e1l\u00f3zs\u00e1kkal hever\u00e9s k\u00f6zbeni ) csendes besz\u00e9lget\u00e9s&nbsp;hangulata&nbsp;is er\u0151sen&nbsp;bennem \u00e9l, k\u00f6sz\u00f6net a mester-tan\u00edtv\u00e1nyr\u00f3l t\u00f6rt\u00e9n\u0151 megvil\u00e1g\u00edt\u00e1s\u00e9rt: nem kell az c\u00e9l legyen, hogy a tan\u00edtv\u00e1ny meghaladja a mestert.&nbsp;<br \/>\u00d6nmagam vagyok&nbsp;\u00f6nn\u00f6n magam&nbsp;m\u00e9rt\u00e9ke, magamb\u00f3l kell kihozzam a legjobbat.<\/p>\n<div style=\"text-align: center;\"><img decoding=\"async\" src=\"letoltes\/324\/2011.07.02-03_pilismarot_szi_1271.jpg\">&nbsp;<\/div>\n<p><b>A Tameshigiri-r\u0151l<\/b><\/p>\n<p>Nekem nagyon fontos volt a senseinek az&nbsp;el\u0151tte l\u00e9v\u0151&nbsp;r\u00f6vid eligaz\u00edt\u00e1sa:a f\u00f3kusz volt az a sz\u00f3, ami miatt m\u00e9gis nekiindultam, ezen sz\u00f3 elhangz\u00e1sa&nbsp;el\u0151tt hezit\u00e1ltam. Azt m\u00e1r \u00e9reztem, hogy&nbsp;t\u00f6bb izmom van, mint gondoltam \ud83d\ude42 \u00e9s az t\u00f6bb f\u00e1jni is tud, nagyon, ill. hogy az egyre t\u00f6bb gyakorl\u00e1s gyors\u00edtja a tanul\u00e1st (Andival elkezdt\u00fck \u00e1tvenni a boken oldalt is, rem\u00e9lem sok megmarad abb\u00f3l is, mert akkor t\u00f6bbet tudok hozz\u00e1tenni a t\u00f6bbiek jo oldali gyakorl\u00e1s\u00e1hoz is) valamint az elm\u00e9m is f\u00e1rad, \u00edgy val\u00f3ban lehet\u0151s\u00e9g lehet&nbsp;egy egyedi \u00f6sszegz\u00e9sre, amiben&nbsp;az elm\u00e9m&nbsp;lecsendesedve&nbsp;tud l\u00e9tezni &#8211;&nbsp; volt bennem egy tart\u00e1s az eg\u00e9szt\u0151l, a kardt\u00f3l mag\u00e1t\u00f3l &#8211; \u00e9les \u00e9s mi, lesz, ha kirep\u00fcl a kezemb\u0151l, ha megs\u00e9rt valakit &#8211; \u00e9s hogy sosem volt m\u00e9g a kezemben sem, \u00e9s hogy nem akarok b\u00e9n\u00e1zni, meg hogy is fogok \u00e9n ott vele kin\u00e9zni. F\u00e9lelem, hi\u00fas\u00e1g \u00e9s k\u00edv\u00e1ncsis\u00e1g&#8230;\u00e9s m\u00e9gis, ott volt a magamba vetett hit is, mert &nbsp;meg tudom \u00e9n ezt j\u00f3l csin\u00e1lni!,&nbsp;de akadt helye a&nbsp;megfelel\u00e9snek is ( pl. senseinek val\u00f3 megfelel\u00e9s vagy mit fog sz\u00f3lni Ambrus &#8211; aki megmutatta hogyan kell helyesen fogni a bokent &#8211; ha rosszul tartom a kardot? &#8230;)&nbsp;&#8211;&nbsp;\u00e9s biztos t\u00f6bb m\u00e1s is kavargott bennem, amiket nem tudatos\u00edtottam akkor.<\/p>\n<p class=\"MsoNormal\" style=\"margin-top: 0cm; margin-right: 0cm; margin-bottom: 0pt; margin-left: 0cm; \">N\u00e9ztem a t\u00f6bbieket, ahogy nekiindultak, drukkoltam \u00e9rt\u00fck az \u00fcl\u0151kkel egy\u00fctt, \u00e9s pr\u00f3b\u00e1ltam megjegyezni a bal-jobb l\u00e1bat, mikor emel&nbsp;a kar, \u00e9s hogy emel, hozz\u00e1 apr\u00f3n be-bemozd\u00edtva n\u00e9ha a kart \u00e9s l\u00e1bat&nbsp; \ud83d\ude42 &#8230;. \u00e9s egyre n\u0151tt bennem a fesz\u00fclts\u00e9g.<\/p>\n<p class=\"MsoNormal\" style=\"margin-top: 0cm; margin-right: 0cm; margin-bottom: 0pt; margin-left: 0cm; \">A&nbsp;t\u00f6bbiek figyel\u00e9se sor\u00e1n egy k\u00edv\u00e1ns\u00e1got is megfogalmaztam: t\u00f6bbsz\u00f6ri &#8222;\u00e1t\u00edr\u00e1s&#8221; ut\u00e1n v\u00e9g\u00fcl azt k\u00edv\u00e1ntam, hogy egy sz\u00e1momra fontos embernek boldogan tudjam elmes\u00e9lni,&nbsp;milyen sz\u00e9p \u00e9lm\u00e9ny is volt ez, a v\u00e1g\u00e1sok is j\u00f3k lettek \u00e9s&nbsp;sokat is tudtam v\u00e1gni a gy\u00e9k\u00e9nyb\u0151l.<br \/>&nbsp;<br \/>\u00c9s sz\u00e9p \u00e9lm\u00e9ny lett! M\u00e9g most is \u00e9l bennem.&nbsp;<\/p>\n<p class=\"MsoNormal\" style=\"margin-top: 0cm; margin-right: 0cm; margin-bottom: 0pt; margin-left: 0cm; \">Sz\u00e1momra akkor, velem szemben,&nbsp;egy gy\u00e9k\u00e9nyk\u00f6teg \u00e1llt &#8211;&nbsp;\u00e9rz\u00e9keltem valahol messze, hogy ott vannak a t\u00f6bbiek&nbsp;&#8211;&nbsp;&nbsp;a sensei&nbsp;hangj\u00e1t is hallottam, amikor az els\u0151 alkalommal azt mondta, v\u00e1gjak pr\u00f3bak\u00e9nt a leveg\u0151be a karddal, amit meg is tettem,&nbsp;majd amikor rossz sz\u00f6gben v\u00e1gtam az els\u0151 alkalom m\u00e1sodik v\u00e1g\u00e1sakor, sz\u00f3lt, hogy \u00e1lljak meg, \u00e9s j\u00f6tt Zoli, kiseg\u00edteni, hogy kih\u00fazhassam a kardot&nbsp;&#8211; &nbsp;de magam sz\u00e1m\u00e1ra is meglep\u0151 m\u00f3don, ki tudtam z\u00e1rni mindenkit. Csak arra a k\u00edv\u00fclr\u0151l j\u00f6v\u0151re reag\u00e1ltam, ami akkor \u00e9s ott fontos volt.<\/p>\n<p class=\"MsoNormal\" style=\"margin-top: 0cm; margin-right: 0cm; margin-bottom: 0pt; margin-left: 0cm; \"><\/p>\n<p class=\"MsoNormal\" style=\"margin-top: 0cm; margin-right: 0cm; margin-bottom: 0pt; margin-left: 0cm; \">Az els\u0151 gy\u00e9k\u00e9ny v\u00e1g\u00e1sa ut\u00e1n remegett a kezem \ud83d\ude42 A m\u00e1sodikn\u00e1l m\u00e1r biztosabbnak \u00e9reztem magam, amikor a kezembe vettem &#8211; hab\u00e1r volt bennem egy kis bels\u0151 remeg\u00e9s &#8211; de az\u00e9rt ism\u00e9t&nbsp;megn\u00e9ztem, hogy j\u00f3l fogom-e, n\u00e9ztem a kezem, \u00e9s pr\u00f3b\u00e1ltam felid\u00e9zni azt, amikor Ambrus mutatja, hogy is kell megfogni, tartani a kardot.<\/p>\n<p>A m\u00e1sodik gy\u00e9k\u00e9nyn\u00e9l&nbsp;a 3. v\u00e1g\u00e1s ut\u00e1n kellett azzal kezdenem valamit, hogy h\u00e1t megy ez nekem, m\u00e9gis&nbsp;bek\u00faszott egy&nbsp;\u00e9breszt\u0151 csendes\u00edt\u0151 gondolat:&nbsp;el kell engedni ezt a&nbsp;siker \u00e9rz\u00e9st, s en\u00e9lk\u00fcl kell \u00fajra \u00f6sszpontos\u00edtanom.<\/p>\n<p class=\"MsoNormal\" style=\"margin-top: 0cm; margin-right: 0cm; margin-bottom: 0pt; margin-left: 0cm; \">Hogy ezt a &#8222;m\u00e1s\u00e1llapotot&#8221; , a koncentr\u00e1ci\u00f3t m\u00e1s is meg\u00e9rezte, az k\u00fcl\u00f6n \u00f6r\u00f6m sz\u00e1momra.<\/p>\n<p class=\"MsoNormal\" style=\"margin-top: 0cm; margin-right: 0cm; margin-bottom: 0pt; margin-left: 0cm; \">A v\u00e1g\u00e1spr\u00f3ba tal\u00e1n&nbsp;ink\u00e1bb ez: az \u00e9let elv\u00e9tel\u00e9hez egyetlen v\u00e1g\u00e1s el\u00e9g &#8211; ezt meg\u00e9rezni, az \u00e9let elv\u00e9tel\u00e9nek felel\u0151ss\u00e9g\u00e9t \u00e1t\u00e9rezni, ehhez ad lehet\u0151s\u00e9get a v\u00e1g\u00e1spr\u00f3ba.<br \/>\u00c9n vas\u00e1rnap este ezt nem \u00e9reztem \u00e1t, nekem a gy\u00e9k\u00e9ny val\u00f3ban gy\u00e9k\u00e9ny volt \u00e9s a c\u00e9l pedig ez: se t\u00fal er\u0151sen, se t\u00fal gyeng\u00e9n \u00e9s min\u00e9l t\u00f6bb szeletet lev\u00e1gni.<br \/>Ilyen s\u0171r\u0171&nbsp;sz\u00f6v\u00e9s\u0171 pillanatot m\u00e9g nem \u00e9ltem \u00e1t, az id\u0151 is lelassult, mintha egy m\u00e1sik vil\u00e1gban lettem volna, csak&nbsp;\u00e9n voltam \u00e9s a gy\u00e9k\u00e9ny&nbsp;&#8211; nekem ett\u0151l volt sz\u00e9p \u00e9s ut\u00f3lag visszatekintve j\u00f6n az \u00f6r\u00f6m, hogy k\u00e9pes vagyok ilyen f\u00f3kusz\u00e1lts\u00e1gra. K\u00f6sz\u00f6n\u00f6m a lehet\u0151s\u00e9get ennek \u00e1t\u00e9l\u00e9s\u00e9re, meg\u00e9l\u00e9sre.<\/p>\n<p class=\"MsoNormal\" style=\"margin-top: 0cm; margin-right: 0cm; margin-bottom: 0pt; margin-left: 0cm; \">&nbsp;<\/p>\n<p class=\"MsoNormal\" style=\"margin-top: 0cm; margin-right: 0cm; margin-bottom: 12pt; margin-left: 0cm; \">Most az is a feladatom,&nbsp;hogy a ne b\u00edzzam el magam, a hely\u00e9n kezeljem ezt az \u00e9lm\u00e9nyt \u00e9s megt\u00e1mogassam vele a&nbsp;Munk\u00e1t magamon \u00e9s tudjak \u00e1tadni bel\u0151le m\u00e1soknak.<\/p>\n<p class=\"MsoNormal\" style=\"margin-top: 0cm; margin-right: 0cm; margin-bottom: 12pt; margin-left: 0cm; \">A Yamato j\u00f6v\u0151 \u00e9vi meghirdet\u00e9si anyag\u00e1n tal\u00e1ltam:&nbsp;<br \/>Gamushara<br \/><span>\u00f6sszpontos\u00edt\u00e1s, koncentr\u00e1ci\u00f3.&nbsp;A t\u00f6k\u00e9letes \u00f6n\u00e1tad\u00e1st \u00e9rz\u00e9kelteti, minden m\u00e1s kiz\u00e1r\u00e1s\u00e1t az emberi figyelemb\u0151l, minden \u00e9rzelem \u00e9s \u00e9rz\u00e9kszerv ir\u00e1ny\u00edt\u00e1s\u00e1t egyetlen c\u00e9l megval\u00f3s\u00edt\u00e1sa \u00e9rdek\u00e9ben. A gamushara \u00e1llapot\u00e1ban az ember nem gondolkozik a j\u00f6v\u0151n, a k\u00f6r\u00fclm\u00e9nyek min\u0151s\u00e9g\u00e9n, nem \u00edt\u00e9lkezik \u00e9s nem m\u00e9rlegel, csup\u00e1n al\u00e1veti mag\u00e1t a c\u00e9lhoz vezet\u0151 \u00fat folyamat\u00e1nak.<\/span><\/p>\n<p class=\"MsoNormal\" style=\"margin-top: 0cm; margin-right: 0cm; margin-bottom: 12pt; margin-left: 0cm; \">K\u00f6sz\u00f6n\u00f6m a 2 napot!<\/p>\n<p class=\"MsoNormal\" style=\"text-align: right;margin-top: 0cm; margin-right: 0cm; margin-bottom: 12pt; margin-left: 0cm; \"><i>&nbsp;Guld Andrea<\/i><\/p>\n<hr>\n<p><a name=\"azentaborom\"><\/a><\/p>\n<p><b>&#8222;Az \u00e9n t\u00e1borom&#8230;, f\u00f6l\u00fcl \u00e9s&nbsp;<\/b>alul<b>&#8222;<\/b><o:p><\/o:p><\/p>\n<p><o:p>&nbsp;<\/o:p>A reakci\u00f3kt\u00f3l sarkallva \u00edrok \u00e9n is besz\u00e1mol\u00f3t, mert \u00fagy \u00e9rzem az \u00e9n t\u00e1boromra mindez igaz, amit el\u0151ttem \u00edrt G\u00e1bor \u00e9s Era, de nem teljes. Hossz\u00fa ideje nem \u00edrtam, de most kicsit m\u00e1sk\u00e9pp l\u00e1tom a dolgokat, ez\u00e9rt \u00edrok. Legink\u00e1bb csak saj\u00e1t gondolatokat, \u00e9rz\u00e9seket.<\/p>\n<p><b><o:p><\/o:p><\/b><\/p>\n<p class=\"MsoNormal\"><o:p><b>&nbsp;<\/b><\/o:p>T\u00e1bor el\u0151tt:<\/p>\n<p><o:p><\/o:p><\/p>\n<p>Felmer\u00fclt az \u00f6tlet, hogy legyen saj\u00e1t t\u00e1borunk. \u00d6r\u00f6m, izgalom, lehet\u0151s\u00e9g. G\u00e1bor r\u00e1b\u00f3lintott, sz\u00f3val gyer\u00fcnk, szervezz\u00fck meg! Erika vezet\u00e9s\u00e9vel mindenki foglalkozott a saj\u00e1t feladataival \u00e9s lassan bizonytalanul, n\u00e9ha (magamra gondolok) szarul, de a v\u00e9g\u00e9re \u00f6ssze\u00e1llt a dolog. Fura volt semmir\u0151l sem tudni, de \u00f6sszehangolva dolgozni&nbsp;<span>\ud83d\ude42<\/span>. Izgatottan v\u00e1rtam az utols\u00f3 p\u00e1r napban, hogy mikor indulunk \u00e9s mi is lesz ott, ezerszer gondoltam \u00e1t az \u00e9n feladatom t\u00e9nyleg k\u00e9szen \u00e1ll-e, mit felejtettem el?<span>&nbsp;&nbsp;<\/span>El\u00e9rkezett a nap&#8230;<o:p><\/o:p><\/p>\n<p class=\"MsoNormal\"><o:p>&nbsp;<\/o:p>A t\u00e1borban:<\/p>\n<p class=\"MsoNormal\"><o:p><\/o:p><\/p>\n<p class=\"MsoNormal\">Reggel bepakoltunk \u00e9s elindultunk, izgatott voltam, hiszem fogalmam sem volt mi fog t\u00f6rt\u00e9nni \u00e9s mire lehet sz\u00e1m\u00edtani, de f\u00e9ltem a korai kel\u00e9st\u0151l&#8230;:-)&nbsp;Odafel\u00e9 \u00faton tal\u00e1lkoztunk a nagy z\u00f6ld aut\u00f3val benne: G\u00e1bor, Era, Anik\u00f3, \u00c1d\u00e1m a kanyarg\u00f3s erdei \u00faton, teh\u00e1t m\u00e9g&nbsp;<i>annyira&nbsp;<\/i>nem k\u00e9st\u00fcnk el -(huh)-. Meg\u00e9rkezt\u00fcnk a teremhez, ami nagyon sz\u00e9p helyen volt \u00e9s elkezdt\u00fcnk megismerni, befogadni a terepet \u00e9s felk\u00e9sz\u00fclni az edz\u00e9sre. Hirtelen az \u00f6lt\u00f6zk\u00f6d\u00e9s elej\u00e9n felhangzott a shoujo vez\u00e9nysz\u00f3.<o:p><\/o:p><\/p>\n<p class=\"MsoNormal\"><i>-(Ami m\u00e1r ideget \u00e1ll\u00edtott a gyomromba, hogy tudom, lass\u00fa vagyok, \u00e9s nem tudok elk\u00e9sz\u00fclni gyorsan, de most azt\u00e1n ez meglepett, nem gondoltam, hogy kapkodni kell. A vez\u00e9nysz\u00f3 az vez\u00e9nysz\u00f3, k\u00e9sve \u00e9s emiatt kicsit m\u00e9rgesen magamra \u00e9rkeztem a terembe, ahol kider\u00fclt, hogy csak megbesz\u00e9l\u00e9s.)-<\/i><o:p><\/o:p><\/p>\n<p class=\"MsoNormal\">Nem kellett volna rohanni,&nbsp;<u>annyira<\/u>&nbsp;csak megbesz\u00e9l\u00e9s. A terem felel\u0151sek\u00e9nt mivel pakol\u00e1sban is lemaradtam nem tudtam id\u0151ben felk\u00e9sz\u00fclni \u00e9s nem voltam a helyzet magaslat\u00e1n.<o:p><\/o:p><\/p>\n<p class=\"MsoNormal\"><i><span>&nbsp;<\/span>&#8211;(\u00dajabb negat\u00edv \u00e9rz\u00e9s, hogy a feladatomat nem tudom megfelel\u0151en v\u00e9gezni. Ezeket kezelni m\u00e9g nem tudom, ez\u00e9rt ink\u00e1bb f\u00e9lretettem, majd valamikor magamban foglalkozom vele, kielemzem \u00e9s b\u0171ntudatot \u00e9rezve miatta, gondolkodom, mit \u00e9s hol rontottam el, hogy legk\u00f6zelebb j\u00f3l, jobban csin\u00e1lhassam a dolgom.)-<\/i><o:p><\/o:p><\/p>\n<p class=\"MsoNormal\">V\u00e9g\u00fcl siker\u00fclt a termet r\u00f6vid id\u0151n bel\u00fcl \u00f6sszerakni \u00e9s kezd\u0151dhetett az edz\u00e9s.<o:p><\/o:p><\/p>\n<p class=\"MsoNormal\"><i>&#8211;(M\u00e1r v\u00e1rtam a kendo kat\u00e1kat, mivel m\u00e1r tal\u00e1lkoztam vel\u00fck, de meg\u00e9rtenem magamba sz\u00edvnom a jelent\u00e9s\u00fcket, azonosulni vel\u00fck m\u00e9g nem siker\u00fclt gondoltam, majd most a sok gyakorl\u00e1s sor\u00e1n valamit meg\u00e9rtek, \u00e9rzek bel\u0151le. Nekem fontos, mert \u00edgy tov\u00e1bb tudn\u00e1m adni az unoka\u00f6cs\u00e9imnek.)-<\/i><o:p><\/o:p><\/p>\n<p class=\"MsoNormal\"><span>&nbsp;<\/span>A gyakorl\u00e1s \u00e9pp kezdett form\u00e1t \u00f6lteni, mikor megszakadt.<o:p><\/o:p><\/p>\n<p class=\"MsoNormal\"><i>&#8211;(Nekem fura volt, mert \u00e9n akkor tudom felvenni a ritmust, ha teljesen \u00e1tadom magam a gyakorl\u00e1snak \u00e9s folyamatosan, sokat ism\u00e9telve, kihagy\u00e1s n\u00e9lk\u00fcl tudom meg\u00e9rezni, mit s\u00fag nekem a kata, ez az\u00e9rt van, mert a lass\u00fa felfog\u00e1som ide is kihat.)-<\/i><o:p><\/o:p><\/p>\n<p class=\"MsoNormal\" style=\"text-align: center;\"><img decoding=\"async\" src=\"letoltes\/324\/IMG_1177.JPG\"><\/p>\n<p class=\"MsoNormal\">Gy\u00e9k\u00e9nyk\u00f6t\u00e9s.<o:p><\/o:p><\/p>\n<p class=\"MsoNormal\"><i>&#8211;(Mint felel\u0151s igyekeztem a helyzet magaslat\u00e1n \u00e1llni nem, \u00fagy ahogy eddig ezen a reggelen, ill. kor\u00e1bban a t\u00e9m\u00e1ban nem siker\u00fclt.)-<\/i><o:p><\/o:p><\/p>\n<p class=\"MsoNormal\"><span>&nbsp;<\/span>A gy\u00e9k\u00e9nyeket megk\u00f6t\u00f6tt\u00fck, sokszor kellett \u00fajrak\u00f6tni \u00e9s ellen\u0151rizni, de els\u0151 alkalommal k\u00f6t\u00f6ttek a legt\u00f6bben szerintem ez \u00edgy rendben is van. G\u00e1bor jelezte, hogy legk\u00f6zelebb k\u00f6rbe kellene j\u00e1rni m\u00e1r k\u00f6zben ellen\u0151rizni, hogy ne kelljen f\u00f6l\u00f6slegesen t\u00f6bbsz\u00f6r dolgozni.<o:p><\/o:p><\/p>\n<p class=\"MsoNormal\"><i>&#8211;(A gondolat beker\u00fclt a gy\u00e9k\u00e9nyteker\u00e9s felirat\u00fa gondolati dobozomba, \u00edgy legk\u00f6zelebb m\u00e1r erre is fogok gondolni. )-<\/i><o:p><\/o:p><\/p>\n<p class=\"MsoNormal\">-(Neh\u00e9z megtal\u00e1lni az egyens\u00falyt, hogy mennyire legyek, lehetek f\u0151n\u00f6k \u00e9s mennyire dolgoz\u00f3, mert szerintem ott tartok, hogy G\u00e1bor \u00e9s N\u00e9m\u00f3 elv\u00e1rj\u00e1k, hogy m\u00e1r vezet\u0151k\u00e9nt tudjak gondolkozni \u00e9s dolgozni, de magamr\u00f3l sem hiszem el mindig, hogy ez megy, ill. \u00e9rzem mikor m\u00e1sok n\u00e9znek \u00e9s rosszallanak, az\u00e9rt nem tesznek meg valamit, mert \u00e9n sem teszem. Furcsa, hogy \u00fagy kellene p\u00e9ld\u00e1t mutatnom, hogy t\u00f6bbet dogozom mindenkin\u00e9l, de k\u00f6zben fel\u00fcgyeljek is mindenkit, amire nem \u00e9rzem mindig magam jogosultnak, felk\u00e9sz\u00fcltnek. Egyel\u0151re ezt tanulom, nem l\u00e1tom m\u00e9g mi az igazs\u00e1g\u00e1t a t\u00e9m\u00e1nak.)-<o:p><\/o:p><\/p>\n<p class=\"MsoNormal\"><span>&nbsp;<\/span>A teker\u00e9s ut\u00e1n j\u00f6hetett az \u00e1ztat\u00e1s, siker\u00fclt gyorsan \u00e9s j\u00f3l megoldani.<o:p><\/o:p><\/p>\n<p class=\"MsoNormal\"><i>&#8211;(Mire ki\u00e9rtem \u00e9s nap folyam\u00e1n el\u0151sz\u00f6r \u00e9reztem volna magam kicsit jobban, hogy valami siker\u00fclt kider\u00fclt, hogy addigra a konyhai fronton alakult ki &#8222;kr\u00edzis&#8221;, ki seg\u00edt, ki nem, ki bunk\u00f3, ki nem, ki elfogult, ki nem.)-<\/i><o:p><\/o:p><\/p>\n<p class=\"MsoNormal\"><i>-(A hangulat \u00e9rezhet\u0151en nyomott volt. Nem a felsz\u00ednen csak alatta. Neh\u00e9z az egyens\u00falyt megtal\u00e1lni, hogy mit kell kimondani hangosan, mit nem, de \u00e9n \u00fagy gondolom, hogy amit nem mondok, ki hangosan azt nem \u00e9reztetem, amit kimondok az v\u00e1llalom \u00e9s pr\u00f3b\u00e1lom \u00fagy elmondani, hogy meg\u00e9rts\u00e9k, hogy haszna legyen, ha kell durv\u00e1n \u00e9s fejhangon, ha kell sokat magyar\u00e1zva sokszor, ezt a helyzet a szem\u00e9ly is megszabja. De itt kicsit a szem\u00e9lyes csal\u00f3dotts\u00e1got \u00e9reztem, ill. a sunnyog\u00e1st, hogy ki mi\u00e9rt, ki miatt mit nem csin\u00e1l meg valamit. Rossz \u00e9rz\u00e9s nem szeretem, igyekeztem feloldani. )-<\/i><o:p><\/o:p><\/p>\n<p class=\"MsoNormal\">Ezen is t\u00fal vagyunk Era a dolgok \u00e9l\u00e9re \u00e1llt \u00e9s elmondta, amit el kellett: &#8222;Mindenki maga ut\u00e1n pakol, \u00e9s mindent magunk\u00e9rt tesz\u00fcnk!&#8221;<o:p><\/o:p><\/p>\n<p class=\"MsoNormal\">G\u00e1bor lez\u00e1rta: &#8221;Akkor van v\u00e9ge az eb\u00e9dnek, ha el is pakoltunk magunk ut\u00e1n.&#8221;<o:p><\/o:p><\/p>\n<p class=\"MsoNormal\"><i>-(Egyszer\u0171 gondolatok, de m\u00e9gsem jutnak az ember esz\u00e9be, ha \u00e9pp ott \u00e1ll, j\u00f3 hallani, de neh\u00e9z befogadni, ha \u00fatban van az eg\u00f3nk \u00e9s az \u00f6nbecs\u00fcl\u00e9s\u00fcnk \u00e9s a p\u00f6khendis\u00e9g\u00fcnk.)-<\/i><o:p><\/o:p><\/p>\n<p class=\"MsoNormal\" style=\"text-align: center;\"><i><img decoding=\"async\" src=\"letoltes\/324\/IMG_1265.JPG\"><\/i><\/p>\n<p class=\"MsoNormal\">Eb\u00e9d. Nagyon meglep\u0151dtem, mert nekem nem esett le, hogy ez is k\u00f6z\u00f6s lesz, k\u00f6z\u00f6s p\u00e9nzb\u0151l, azt hittem csak a vacsi lesz ilyen, j\u00f3l esett a gondoskod\u00e1s. J\u00f3 volt j\u00f3 besz\u00e9lget\u00e9sek, nagy r\u00f6h\u00f6g\u00e9sek \u00e9s j\u00f3llakotts\u00e1g a r\u00e1\u00e9r\u0151ss\u00e9g \u00e9rz\u00e9se, a kezdeti probl\u00e9m\u00e1z\u00e1s ut\u00e1n.<o:p><\/o:p><\/p>\n<p class=\"MsoNormal\"><i>-(J\u00f3 volt ebben az \u00e9rz\u00e9sben nyugalmat tal\u00e1lni.)-<\/i><o:p><\/o:p><\/p>\n<p class=\"MsoNormal\"><span>&nbsp;<\/span>Elpakoltunk \u00e9s folytattuk az edz\u00e9st.<o:p><\/o:p><\/p>\n<p class=\"MsoNormal\"><i><span>&nbsp;<\/span>&#8211;(Itt is sz\u00e1momra kev\u00e9s volt az id\u0151, nem tudtam ritmusba \u00e1llni, k\u00f6tetlennek \u00e9s szabadnak \u00e9reztem, ami meghat\u00e1rozta G\u00e1bor kialak\u00edt\u00e1s\u00e1ban a t\u00e1bort)-<\/i><o:p><\/o:p><\/p>\n<p class=\"MsoNormal\" style=\"text-align: center;\"><i><img decoding=\"async\" src=\"letoltes\/324\/IMG_1242.JPG\"><\/i><\/p>\n<p class=\"MsoNormal\">Este vacsora bogr\u00e1csoz\u00e1s, visszaalakul\u00e1s hupik\u00e9k t\u00f6rpik\u00e9b\u0151l emberr\u00e9&nbsp;<span>\ud83d\ude42<\/span>. A t\u00e1bort\u0171z mindig j\u00f3, a hangulatot meghat\u00e1rozza. Rohang\u00e1l\u00e1s f\u00f6l al\u00e1, vinni, ami m\u00e9g kell, k\u00e9rdezni, hogy miben lehet seg\u00edteni?<o:p><\/o:p><\/p>\n<p class=\"MsoNormal\"><i>-(Mert \u00e9reztem, hogy hab\u00e1r a konyha tele van, \u00e9s nem lehet odaf\u00e9rni, ugyanazok az arcok voltak ott \u00e9s gondoltam, hogy ez nem j\u00f3 \u00edgy, mert ebb\u0151l \u0151k nem fognak j\u00f3 \u00e9rz\u00e9ssel kij\u00f6nni. Emberi tulajdons\u00e1g, hogy z\u00e1rt csapatok, k\u00f6z\u00f6ss\u00e9gek a maguk igaz\u00e1t nagyon l\u00e1tj\u00e1k, \u00e9s nem foglalkoznak a k\u00f6r\u00fclm\u00e9nyekkel a t\u00f6bbiek k\u00f6r\u00fcl \u00e9s nem is kommunik\u00e1lnak csak befel\u00e9, \u00edgy a szakad\u00e9k n\u0151 \u00e9s a kij\u00f6v\u0151 inform\u00e1ci\u00f3 m\u00e1r csak negat\u00edv lehet. A m\u00e1sik oldal meg azt gondolja \u0151k z\u00e1rk\u00f3ztak be az \u0151 dolguk, ha nekik ez j\u00f3, azt\u00e1n meg mit panaszkodnak \u00e9s ezzel a k\u00edv\u00fcl l\u00e9v\u0151k is csoportot, k\u00f6z\u00f6ss\u00e9get alkotnak. K\u00f6rbe-k\u00f6rbe.)-<\/i><o:p><\/o:p><\/p>\n<p class=\"MsoNormal\">A vacsi finom volt, nyugalom, nagy nevet\u00e9sek, hideg.&nbsp;<span>\ud83d\ude42<\/span>&nbsp;Bement\u00fcnk a terembe \u00e9s besz\u00e9lget\u00fcnk t\u00e1rsasoztunk, j\u00f3l \u00e9rezt\u00fck magunkat. Besz\u00e9lget\u00e9s a shinkenr\u0151l! R\u00e9g\u00f3ta v\u00e1rt pillanat.<o:p><\/o:p><\/p>\n<p class=\"MsoNormal\"><i>-(\u00cdrni nem tudok j\u00f3l, mert mire le\u00edrom, \u00e1tgondolom \u00e9s megfogalmazom, nem mindig hiteles \u00e9s nagy \u00f6nuralom kell, hozz\u00e1, hogy azt \u00edrjam, \u00e9s ahogy gondolom. \u00c9s ennek ellen\u00e9re, hogy az els\u0151 le\u00edrat is t\u00f6bb sz\u0171r\u00f6n megy \u00e1t, mint a besz\u00e9d, h\u00e1nyszor van olyan, hogy 2-3\u00d7 \u00edrjuk \u00e1t, amit els\u0151re le\u00edrtunk.)-<o:p><\/o:p><\/i><\/p>\n<p class=\"MsoNormal\"><i>-(A besz\u00e9lget\u00e9shez alkalom \u00e9s hangulat kell, ha rosszkor j\u00f6n egy j\u00f3 gondolat nem lesz bel\u0151le semmi, mert nem megy \u00e1t, ez\u00e9rt j\u00f3l kell eltal\u00e1lni a pillanatot.)-<\/i><o:p><\/o:p><\/p>\n<p class=\"MsoNormal\">G\u00e1bor mes\u00e9lt, honnan a kard a tamashigiri-hez \u00e9s kicsit k\u00f6tetlenebb volt, ami mostan\u00e1ban \u00e9szrevehet\u0151. Kihaszn\u00e1lva az alkalmat, belecsemp\u00e9szve egy igeid\u0151t \u00e9s m\u00e9g n\u00e9mi nyelvtant&nbsp;<span>&nbsp;<\/span><span>\ud83d\ude42<\/span>, \u00fagy form\u00e1zom a mondatokat, hogy \u00e9rezhet\u0151 legyen a v\u00e1s\u00e1rl\u00e1s ir\u00e1nti sz\u00e1nd\u00e9kom. Bej\u00f6tt.<o:p><\/o:p><\/p>\n<p class=\"MsoNormal\"><i>-(G\u00e1bor \u00e9s k\u00f6ztem a metakommunik\u00e1ci\u00f3 m\u0171k\u00f6dik, de k\u00f6nnyen f\u00e9lre\u00e9rthet\u0151, ill. kor\u00e1bban le\u00edrtak szerint, hanem figyel oda az ember \u00fagy, ahogy kellene, k\u00f6nnyen elmegy \u00e9szrev\u00e9tlen\u00fcl.)-<\/i><o:p><\/o:p><\/p>\n<p class=\"MsoNormal\">A szemek leragadnak, nem volt kem\u00e9ny nap, de sok volt a t\u00f6rt\u00e9n\u00e9s \u00e9s m\u00e9giscsak h\u00e9tv\u00e9ge van, amikor az ember szeretne felh\u0151tlen\u00fcl pihenni, kivenni a j\u00f3l meg\u00e9rdemelt pihen\u00e9st a h\u00e9t ut\u00e1n.<o:p><\/o:p><\/p>\n<p class=\"MsoNormal\"><i>-(Sz\u00e1momra ez azt jelenti, hogy a magam ritmus\u00e1ban l\u00e9tezhetek, nem a munkahely\u00e9ben \u00e9s egy\u00e9b nyitva tart\u00e1sok szerint)-<\/i><o:p><\/o:p><\/p>\n<p class=\"MsoNormal\" style=\"text-align: center;\"><i><img decoding=\"async\" src=\"letoltes\/324\/IMG_1241.JPG\"><\/i><\/p>\n<p class=\"MsoNormal\">M\u00e1snap reggel kel\u00e9s \u00e9s kifel\u00e9 a friss harmatos f\u0171be, hideg van, de sz\u00e9p a hely \u00e9s tiszta a leveg\u0151, ig\u00e9z\u0151.<o:p><\/o:p><\/p>\n<p class=\"MsoNormal\"><i>-(Kel\u00e9s, az \u00e9bred\u00e9s korai \u00e9s ny\u0171g\u00f6s, mint mindig \u00e9s hosszas folyamat, kik\u00e1sz\u00e1l\u00f3dom az \u00f6lt\u00f6z\u0151be \u00e9s elkezdem a reggeli rutinom, \u00e9bred\u00e9s, v\u00e9gtagok megkeres\u00e9se, a nyak mozgat\u00e1sa, a v\u00e1ll mozgat\u00e1sa, a t\u00e9rdem bemozgat\u00e1sa, ami mostan\u00e1ban sokat rosszalkodik, de erre nincs id\u0151. J\u00f6n Szilveszter \u00e9s k\u00f6zli, ki kell menni na, itt a reggel eluralkodott rajtam \u00e9s morogtam, mert tudtam, hogy ebb\u0151l nekem csak rossz fog sz\u00e1rmazni, Andi arca, ha ki\u00e9r\u00fcnk \u00e9s r\u00e1m n\u00e9z &#8222;Te vagy fanatikus, nem \u00e9n&#8221; \u00e9s a magam r\u00e9sz\u00e9r\u0151l, hogy kint esik \u00e9s hideg van, ami a legrosszabb kombo az \u00edz\u00fcleteimnek. (Nem esett!!! csak hajnalban.) Kifel\u00e9 menet el\u00e9gedetlenkedtem \u00e9s nem tetszik kicsit sem a dolog. Ki\u00e9rek, k\u00e9sve bemeleg\u00edt\u00e9s, amit kihagyok, mert k\u00fcl\u00f6nben nem tudok majd mozogni eg\u00e9sz nap. Az \u00e9n bek\u00e9pzel\u00e9sem G\u00e1bor szerint, de ha bemeleg\u00edtek, akkor a t\u00e9rdem nem szeret \u00e9s bossz\u00fat \u00e1ll, lassan nagyon fokozatosan kell bemozgatnom, ami kint neh\u00e9z feladat, G\u00e1bor r\u00e1m sz\u00f3l, hogy nem v\u00e9gzem megfelel\u0151en a feladatom. Azt hiszem, kezdek fel\u00e9bredni \u00e9s kezd a morg\u00f3 visszavonulni a fejemben, helyt adva, annak, hogy gy\u0151zzem le magam. \u00c9szlelem magam k\u00f6r\u00fcl a dolgokat \u00e9s kezdem egyszerre sz\u00e9gyellni magam \u00e9s felismerni mi a dolgom: p\u00e9ldamutat\u00e1s, \u00e9s \u00e9lvezni, hogy kint vagyunk \u00e9s l\u00e1ss csod\u00e1t a szemem is fel\u00e9bredt \u00e9s m\u00e1r l\u00e1tok nem csak a fejemben, hanem k\u00edv\u00fcl is, csod\u00e1s a t\u00e1j.)-<\/i><o:p><\/o:p><\/p>\n<p class=\"MsoNormal\">Bemegy\u00fcnk \u00e9s edz\u00fcnk tov\u00e1bb, majd reggeli, mikor m\u00e1r biztos mindenki \u00e9hes.<o:p><\/o:p><\/p>\n<p class=\"MsoNormal\"><i>-(M\u00e1r fel\u00e9bredtem \u00e9s \u00e9rtem ez is egy fr\u00e1nya pr\u00f3bat\u00e9tel, basszus ennyi \u00e9v ut\u00e1n m\u00e9g mindig nem veszem \u00e9szre, harag, k\u00e9ts\u00e9gbees\u00e9s, sz\u00e9gyen, ut\u00e1lat, \u00e9s m\u00e9g sorolhatn\u00e1m miket \u00e9reztem \u00e9s \u00e9rzek az \u00f3ta is.)-<o:p><\/o:p><\/i><\/p>\n<p class=\"MsoNormal\"><i>-(Furcsa, hogy egy k\u00f6nnyed hangv\u00e9tel\u0171 t\u00e1borban milyen elv\u00e1r\u00e1sok lehetnek, ha ezek az elv\u00e1r\u00e1sok, fizikailag is megjelenn\u00e9nek \u00e9s katonai kik\u00e9pz\u00e9s rengeteg edz\u00e9smunka, fegyelem m\u00e1s foka lenne, akkor tudn\u00e1m, hova tenni, a kett\u0151ss\u00e9g megzavar. Ez nem ments\u00e9g csak egy \u00fajabb pont, amire meg kell tanulnom odafigyelni!)-<\/i><o:p><\/o:p><\/p>\n<p class=\"MsoNormal\">Reggeli a kor\u00e1bbi \u00e9tkez\u00e9sekhez k\u00e9pest z\u00f6kken\u0151mentesen. Edz\u00e9s \u00fajra, \u00e9s j\u00f6n a lehet\u0151s\u00e9g shinken haszn\u00e1lat. A lehet\u0151s\u00e9g kis h\u00edj\u00e1n levert a l\u00e1bamr\u00f3l, de \u00e9ltem vele, hiszen nem gondoltam, hogy visszat\u00e9r\u0151 alkalom.<o:p><\/o:p><\/p>\n<p class=\"MsoNormal\"><i>-(\u00c9reztem, hogy mivel a kendo kata nem ragadt mag\u00e1val nem tudtam kitart\u00f3an csin\u00e1lni, szerettem volna egy kis m\u00e9lys\u00e9get \u00e9s nyugalmat, ami enyh\u00edthet a rosszul kezdett napon (borzaszt\u00f3an \u00e9reztem magam) \u00e9s legy\u0151zve az elv\u00e1r\u00e1st, hogy \u00e9rdekl\u0151d\u00e9st mutassak a kendo kat\u00e1k ir\u00e1nt elindultam a hazai p\u00e1lya fel\u00e9, iaido-zni. Ekkor jelezett G\u00e1bor, hogy ott a shinken pr\u00f3b\u00e1lhatom, eszm\u00e9letlen\u00fcl j\u00f3l esett, de sz\u00e9gyelltem magam, hogy m\u00e1r csak ezzel lehet szerinte a megfelel\u0151 \u00f6szt\u00f6nz\u00e9st megadni sz\u00e1momra \u00e9s \u00e9szrevettem az \u00f6nb\u00edr\u00e1lat, sajn\u00e1lat levert a l\u00e1bamr\u00f3l a reggel miatt \u00e9s kifel\u00e9, hi\u00e1ba fordult velem a vil\u00e1g \u00e9s az \u00e9rz\u00e9seim 180 fokot nem v\u00e1ltozik semmi, csak kevesebbet morgok. Egy \u00fajabb dolog, amit meg tanultam l\u00e1tni)-<\/i><o:p><\/o:p><\/p>\n<p class=\"MsoNormal\">Az edz\u00e9s v\u00e9g\u00e9n tamashigiri el\u0151k\u00e9sz\u00fclet, el\u0151tte kis pihen\u0151, k\u00e1v\u00e9. A gy\u00e9k\u00e9nyek \u00e1ztak, leeresztett\u00fck r\u00f3la a vizet, m\u00edg a t\u00f6bbiek el\u0151k\u00e9sz\u00edtett\u00e9k az eb\u00e9det. \u00dajra bogr\u00e1cs a f\u0151szerepben, az eb\u00e9d finom volt, de \u00e9rezhet\u0151, hogy mindenki m\u00e1sra v\u00e1r m\u00e1s izgatja. Elj\u00f6tt a pillanat, bek\u00e9sz\u00edtett\u00fck a termet, G\u00e1bor elmondta a f\u0151 instrukci\u00f3kat: &#8222;A biztons\u00e1g az els\u0151, cs\u00f6nd \u00e9s fegyelmezetts\u00e9g kell, hiszen vesz\u00e9lyes \u00fczembe kezd\u00fcnk, Gerg\u0151 a fel\u00fcgyel\u0151 \u00e9s a szab\u00e1lyok&#8230;&#8221;<o:p><\/o:p><\/p>\n<p class=\"MsoNormal\"><i>-(Furcsa \u00e9rz\u00e9s, hogy nem neheztel r\u00e1m l\u00e1tsz\u00f3lag G\u00e1bor, pedig mindent elk\u00f6vettem, ami\u00e9rt lehetne. Engem nevez ki a feladatra, \u00e9n kezelem a shinkent. A feladatot el kell l\u00e1tnom \u00e9s f\u00e9lret\u00e9ve minden \u00e9rzelmemet, v\u00e9gre valamit csin\u00e1lhatok j\u00f3l is. Nem volt bennem bizony\u00edt\u00e1si v\u00e1gy, csak azt gondoltam, ha valaki \u00edgy \u00e1ll hozz\u00e1m, felr\u00fagom pont \u00e9n, amit \u00e9p\u00edteni szeretett volna vagy \u00e9p\u00edtett is csak n\u00e9lk\u00fclem vagy ellenem \u00e9s megbocs\u00e1t, s\u0151t felel\u0151ss\u00e9get ruh\u00e1z r\u00e1m, annak meg kell tudni felelni \u00e9s meg is akarok tiszta sz\u00edvemb\u0151l.)-<\/i><o:p><\/o:p><\/p>\n<p class=\"MsoNormal\">V\u00e1g\u00e1s. Furcsa ki tud v\u00e1gni \u00e9s ki kev\u00e9sb\u00e9. Nem is hinn\u00e9 az ember, de sok mindent megmutat. Pl. Hoz\u00e9 aki nem a legjobb a formak\u00f6vet\u00e9sben, de j\u00f3l v\u00e1g \u00e9s ezt, hogy kezeli, Andi akinek nem szabadott volna tudni v\u00e1gni, m\u00e9gis ment neki \u00e9s koncentr\u00e1ci\u00f3ban \u00e9s hely\u00e9n kezelve a dolgot igazi p\u00e9ld\u00e1t mutatott&#8230; Furcsa volt l\u00e1tni \u00e9s \u00e1t\u00e9lni.<o:p><\/o:p><\/p>\n<p class=\"MsoNormal\">G\u00e1bor a v\u00e9g\u00e9n el\u00e9gedett volt \u00e9s mosolygott.&nbsp;<span>\ud83d\ude42<\/span>&nbsp;Sorakoz\u00f3, m\u00e9g p\u00e1r sz\u00f3, majd v\u00e9ge a v\u00e1g\u00e1snak, de nem a feladatoknak, pakol\u00e1s, tiszt\u00edt\u00e1s. Indul\u00e1s hazafel\u00e9 hidegben \u00e9s es\u0151ben&#8230;.<o:p><\/o:p><\/p>\n<p class=\"MsoNormal\"><o:p>&nbsp;<\/o:p>T\u00e1bor ut\u00e1n:<\/p>\n<p class=\"MsoNormal\"><o:p><\/o:p><\/p>\n<p class=\"MsoNormal\">J\u00f6tt az email G\u00e1bort\u00f3l \u00e9s hab\u00e1r a t\u00e1bor j\u00f3 eml\u00e9ket jelentett nekem, \u00f6sszeszorult a gyomrom a megnyit\u00e1sa el\u0151tt.<o:p><\/o:p><\/p>\n<p class=\"MsoNormal\"><i>-(B\u0171ntudat \u00e9s kiolvas\u00e1s a lev\u00e9lb\u0151l mi vonatkozik r\u00e1m, az els\u0151 gondolat, hogy elrontottam, tudja \u00e9s meg is mondja, mindenki el\u0151tt. \u00cdgy nem fognak komolyan venni, mert \u00e9n sem venn\u00e9m komolyan magam, pedig mindent megpr\u00f3b\u00e1lok beleadni, de azt\u00e1n r\u00e1j\u00f6ttem ez \u00edgy van rendj\u00e9n, hisz a legf\u0151bb, amit tanulhatok \u00e9s tanulnom kell az al\u00e1zat \u00e9s a felel\u0151ss\u00e9g v\u00e1llal\u00e1s, v\u00e1llalom a tetteim \u00e9s magam, nekem ez harcom, megb\u00e9k\u00e9lni a hib\u00e1immal \u00e9s magammal egyar\u00e1nt.)-<\/i><o:p><\/o:p><\/p>\n<p class=\"MsoNormal\">J\u00f6tt Era besz\u00e1mol\u00f3ja \u00e9s azt \u00e9reztem, ez a t\u00e1bor teljes kudarc volt, \u00e9s ez nem tetszett! \u00cdrni akartam, hogy ez a t\u00e1bor j\u00f3 volt \u00e9s tanuls\u00e1gos! Mert val\u00f3ban \u00edgy \u00e9rzem \u00e9s szeretn\u00e9m, ha ez is megmaradna bel\u0151le, nem csak a hideg torokszorongat\u00f3 nyomaszt\u00f3 ideg, hogy lehetett volna jobban is \u00e9s ez\u00e9rt nem merem kimondani, pedig nekem j\u00f3 volt!<o:p><\/o:p><\/p>\n<p class=\"MsoNormal\" style=\"text-align: center;\"><img decoding=\"async\" src=\"letoltes\/324\/IMG_1209.JPG\"><\/p>\n<p class=\"MsoNormal\"><i>-(Elkezdtem \u00edrni \u00e9s j\u00f6ttek a gondolatok \u00e9rz\u00e9sek, amik ki akartak bel\u0151lem rohanni a &#8222;pap\u00edrra&#8221;, m\u00e1r \u00e9n sem gondolom, hogy j\u00f3 volt a t\u00e1bor&nbsp;<span>L<\/span>. De francba az eg\u00e9sszel, hisz j\u00f3 volt, rengeteg j\u00f3 \u00e9lm\u00e9ny \u00e9s rengeteg tanuls\u00e1g! \ud83d\ude00 \ud83d\ude00 \ud83d\ude00 \ud83d\ude00<\/i><o:p><\/o:p><\/p>\n<p class=\"MsoNormal\"><i>A mesterem azt mondta: &#8222;Az iaido olyan mint egy \u00f6rv\u00e9ny, k\u00f6rbe-k\u00f6rbe m\u00e9sz egy-egy k\u00f6r\u00e9n, m\u00edg meg nem tanulod azt a szintet \u00e9s ut\u00e1na tov\u00e1bb \u00e1llsz, hogy a k\u00f6vetkez\u0151 karik\u00e1ban t\u00f6ltsd el neked sz\u00fcks\u00e9ges id\u0151t, soha nem lesz t\u00f6k\u00e9letes, de minden er\u0151ddel t\u00f6rekedned kell r\u00e1!&#8221;<o:p><\/o:p><\/i><\/p>\n<p class=\"MsoNormal\"><i>A hagakure \u00e9s \u00e9n: mikor el\u0151sz\u00f6r olvasni kezdtem azt hiszem a harmadik mondatn\u00e1l megakadtam: &#8222;Amit ma megtehetsz, ne halaszd holnapra&#8221;, itt azt gondoltam nincs \u00e9rtelme tov\u00e1bb olvasni, hiszen ha ezt sem tudom, hogy fogadjam be azt, ami ez ut\u00e1n k\u00f6vetkezik. Tavaly folytattam az olvas\u00e1st most ott tartok, hogy: &#8222;Azok, akik nem sz\u00fclettek j\u00f3nak, de szeretn\u00e9nek azz\u00e1 v\u00e1lni, nincs k\u00f6nny\u0171 dolguk, hisz aki eredend\u0151en j\u00f3nak sz\u00fcletik nem gondolkozik j\u00f3 \u00e9s rossz k\u00f6z\u00f6tti k\u00fcl\u00f6nbs\u00e9gen \u00e9s nem fog\u00e9kony a rosszra. Azonban aki nem sz\u00fcletik eredend\u0151en j\u00f3nak \u00e9s hajlamos a rosszra, annak nehezebb dolga van, mert mindig \u00e1t kell gondolnia mi a j\u00f3 \u00e9s mi a rossz erre nincs, mindig lehet\u0151s\u00e9ge ez\u00e9rt tesz rossz dolgokat, de ha t\u00f6rekszik a j\u00f3ra \u00e9s t\u00f6rekszik a j\u00f3 tettekre, akkor el\u0151bb-ut\u00f3bb j\u00f3v\u00e1 v\u00e1lhat \u00e9s ez a fajta j\u00f3s\u00e1g semmiben sem k\u00fcl\u00f6nb az eredend\u0151en j\u00f3n\u00e1l&#8221;.<o:p><\/o:p><\/i><\/p>\n<p class=\"MsoNormal\"><i>Eln\u00e9z\u00e9st, hogy nem sz\u00f3 szerint id\u00e9zek egyik helyr\u0151l sem!<o:p><\/o:p><\/i><\/p>\n<p class=\"MsoNormal\"><i>Azt hiszem most itt tartok \u00e9s azt hiszem, van rem\u00e9ny, mert van sz\u00e1nd\u00e9k \u00e9s teszek rosszat, de teszek j\u00f3t is, teh\u00e1t j\u00f3 \u00faton haladok. Gondolkozom, amikor csak tudok.)-<o:p><\/o:p><\/i><\/p>\n<p class=\"MsoNormal\"><i>-(H\u00e1l\u00e1s vagyok a t\u00fcrelem\u00e9rt \u00e9s a leck\u00e9k\u00e9rt \u00e9s a lehet\u0151s\u00e9g\u00e9rt, amiket itt megkapok, h\u00e1l\u00e1s vagyok a mesteremnek, G\u00e1bornak! H\u00e1l\u00e1s vagyok&nbsp;<span>&nbsp;<\/span>mindenkinek, akivel tal\u00e1lkozom, mert tanulhatok, de ezt is meg kellett tanulnom \u00e9s nem mindig tudom megtenni.)-<o:p><\/o:p><\/i><\/p>\n<p class=\"MsoNormal\"><i>-(A legnehezebb r\u00e9sze a tan\u00edt\u00e1s elfogad\u00e1sa, mert ehhez a saj\u00e1t g\u00e1tjaimat kell lebontanom, amiket elm\u00e9letileg az\u00e9rt \u00e1ll\u00edtok, hogy megv\u00e9djenek, ilyen g\u00e1tak az ego, \u00f6nbecs\u00fcl\u00e9s, magabiztoss\u00e1g l\u00e1tszata, a harag, a kivet\u00edt\u00e9s, stb.)-<o:p><\/o:p><\/i><\/p>\n<p class=\"MsoNormal\"><i>-(Igyekeztem a g\u00e1jtaimat levetk\u0151zni \u00e9s le\u00edrni, amiket gondolok.)-<\/i><o:p><\/o:p><\/p>\n<p class=\"MsoNormal\" style=\"display: inline !important; \">\n<div style=\"text-align: right;\"><i>Vass Gerg\u0151<\/i><\/div>\n<\/p>\n<\/div>\n<div><b><br \/><\/b><\/div>\n<p><img loading=\"lazy\" decoding=\"async\" class=\"aligncenter wp-image-19438 size-large\" src=\"\/fenykepalbum\/keptar_324_big_2011.07.02-03_pilismarot.jpg\" alt=\"\" width=\"840\" height=\"473\" \/><\/p>\n","protected":false},"excerpt":{"rendered":"<p>1. T\u00e1bor!&nbsp;(Szilva Imre)2. Egy t\u00e1bor \u00e9lm\u00e9nymarg\u00f3j\u00e1ra&nbsp;(Gould Andrea) 3. Az \u00e9n t\u00e1borom&nbsp;(Vass Gergely) 4. Szamur\u00e1j szpirit \u00e9s val\u00f3s\u00e1gshow&nbsp;(essz\u00e9)&nbsp;(V\u00f6r\u00f6s Erika) T\u00e1bor! A korai \u00e9rkez\u00e9st t\u0171zifagy\u0171jt\u00e9s k\u00f6vette, amelyet \u00fagy siker\u00fclt v\u00e9g\u00fcl megoldani, hogy a pilismar\u00f3ti sportcsarnokkal szemben lak\u00f3 lak\u00f3t\u00f3l Andi (2) k\u00e9rt. :&#8211;) A kezd\u00e9st kis megbesz\u00e9l\u00e9ssel kezdt\u00fck (ez nem siker\u00fclt els\u0151re, \u00e9s m\u00e1sodikra..\u00e9s harmadikra sem &#8211; tanuls\u00e1g!), &hellip; <a href=\"https:\/\/shinbukan.hu\/?p=19624\" class=\"more-link\"><span class=\"screen-reader-text\">&#8222;T\u00e1bor Pilismar\u00f3ton (Pilismar\u00f3t)&#8221;<\/span> b\u0151vebben<\/a><\/p>\n","protected":false},"author":2,"featured_media":0,"comment_status":"open","ping_status":"open","sticky":false,"template":"","format":"standard","meta":{"footnotes":""},"categories":[],"tags":[],"class_list":["post-19624","post","type-post","status-publish","format-standard","hentry"],"_links":{"self":[{"href":"https:\/\/shinbukan.hu\/index.php?rest_route=\/wp\/v2\/posts\/19624","targetHints":{"allow":["GET"]}}],"collection":[{"href":"https:\/\/shinbukan.hu\/index.php?rest_route=\/wp\/v2\/posts"}],"about":[{"href":"https:\/\/shinbukan.hu\/index.php?rest_route=\/wp\/v2\/types\/post"}],"author":[{"embeddable":true,"href":"https:\/\/shinbukan.hu\/index.php?rest_route=\/wp\/v2\/users\/2"}],"replies":[{"embeddable":true,"href":"https:\/\/shinbukan.hu\/index.php?rest_route=%2Fwp%2Fv2%2Fcomments&post=19624"}],"version-history":[{"count":0,"href":"https:\/\/shinbukan.hu\/index.php?rest_route=\/wp\/v2\/posts\/19624\/revisions"}],"wp:attachment":[{"href":"https:\/\/shinbukan.hu\/index.php?rest_route=%2Fwp%2Fv2%2Fmedia&parent=19624"}],"wp:term":[{"taxonomy":"category","embeddable":true,"href":"https:\/\/shinbukan.hu\/index.php?rest_route=%2Fwp%2Fv2%2Fcategories&post=19624"},{"taxonomy":"post_tag","embeddable":true,"href":"https:\/\/shinbukan.hu\/index.php?rest_route=%2Fwp%2Fv2%2Ftags&post=19624"}],"curies":[{"name":"wp","href":"https:\/\/api.w.org\/{rel}","templated":true}]}}