{"id":19629,"date":"2011-09-28T12:22:00","date_gmt":"2011-09-28T12:22:00","guid":{"rendered":""},"modified":"-0001-11-30T00:00:00","modified_gmt":"-0001-11-29T22:00:00","slug":"","status":"publish","type":"post","link":"https:\/\/shinbukan.hu\/?p=19629","title":{"rendered":"\u0150szi Iaido Szemin\u00e1rium &#8211; Klubvezet\u0151knek (Budapest)"},"content":{"rendered":"<p style=\" \"><b>Jegyzet a sz\u00e1mok t\u00fckr\u00e9ben<\/b><\/p>\n<p style=\" \"><i>Kedden \u0151szi Sinz\u00e9t k\u00f6sz\u00f6nt\u00f6tt\u00fcnk. Aznap is gondolkodtam azon, hogyan is kell helyesen (\u00e9s sz\u00e9pen) le\u00fclni seiz\u00e1ba, hogy mennyire fontos a bels\u0151 \u00daton halad\u00e1s a technik\u00e1kon t\u00fal &#8211; a v\u00e1laszokat m\u00e1snap kaptam meg.<\/i><\/p>\n<\/p>\n<p><span \u00a0style=\" \">szeptember.<b> 28<\/b>. szerda este <b>18:30\u201020:30 &#8211;&nbsp;<\/b><\/span><span \u00a0style=\" \">MJKK Dojo<\/span><\/p>\n<\/p>\n<p><font \u00a0=\"\"><b>6<\/b>. alkalom! Yamasaki Sensei (Iaido Hanshi<b> 8<\/b>.dan<\/font><font \u00a0=\"\">) bevezet\u0151j\u00e9ben a gerinc\u00fcnk bels\u0151 oldal\u00e1n elhelyezked\u0151 <b>3<\/b> pontr\u00f3l besz\u00e9lt, melyeket elk\u00e9pzelve \u00e9s egyenes vonallal \u00f6sszek\u00f6tve javulni fog a tart\u00e1sunk is. Ezt k\u00f6vet\u0151en l\u00e9gz\u00e9s gyakorlat k\u00f6vetkezett (ezt minden edz\u00e9s el\u0151tt<b> 10<\/b>-szer aj\u00e1nlott elv\u00e9gezni).&nbsp;<\/font><span \u00a0style=\" \">Yamasaki Sensei a kezek \u00f6lben tartott korrekt helyzet\u00e9t is megmutatta &#8211;<\/span><span \u00a0style=\" \">&nbsp;majd miut\u00e1n <b>30<\/b> perc \u00fcl\u00e9s ut\u00e1n fel\u00e1llhattunk mosolyogva n\u00e9zett minket: tudja, hogy eur\u00f3paiknak neh\u00e9z ez a testhelyzet, de f\u00e9l \u00f3r\u00e1t ki kell b\u00edrni, ez is gyakorl\u00e1s!<\/span><\/p>\n<p><span \u00a0style=\" \">Az este folyam\u00e1n az els\u0151<b> 3<\/b> ZNKR kata fontos pontjait vett\u00fck nagy\u00edt\u00f3 al\u00e1.<br \/>Mae (<b>1<\/b>)! Siker\u00fclt azonnal k\u00f6z\u00e9ppontba ker\u00fcln\u00f6m..Sensei egy hib\u00e1mra h\u00edvta fel a figyelmet. Azonnal felvet\u0151d\u00f6tt a k\u00e9rd\u00e9s, hogy kinek a tan\u00edtv\u00e1nya is vagyok..arra gondoltam, hogy most nem lehet r\u00e1m b\u00fcszke a Mesterem..de \u00f6r\u00fcltem is, hiszen foglalkoztak velem, \u00e9s egy ilyen jav\u00edt\u00e1s eml\u00e9kezetes marad \u00e9s jobban be iv\u00f3dik!<br \/>A mae (<b>1<\/b>) \u00e9s az ushiro (<b>2<\/b>) formagyakorlat eset\u00e9ben a furikomi haszn\u00e1lat\u00e1t gyakoroltuk.<\/span><\/p>\n<p style=\" \">Uke nagashi (<b>3<\/b>)! Sensei egy fev\u00e9tel alapj\u00e1n kisz\u00e1m\u00edttatta, hogy az <b>1<\/b> kg-os kard<b> 200 <\/b>km\/\u00f3r\u00e1s sebess\u00e9ge azt jelenti, hogy <b>200&nbsp;<\/b>kg-os csap\u00e1s \u00e9ri a kardot a v\u00e9d\u00e9skor &#8211; ez\u00e9rt is neh\u00e9z ezt egyed\u00fcl j\u00f3l gyakorolni. (Nem teljesen v\u00e9letlen\u00fcl most egy golfoz\u00f3val \u00fct\u00e9s\u00e9vel vont p\u00e1rhuzamot..)<\/p>\n<p style=\" \">Z\u00e1r\u00e1sk\u00e9nt a vizsg\u00e1ztat\u00f3 k\u00e9zik\u00f6nyv&nbsp;<b>7.<\/b> cikkely\u00e9t magyar\u00e1zta el nek\u00fcnk. Kiemelte, hogy min\u00e9l magasabb fokozattal rendelkez\u00fcnk, ann\u00e1l t\u00f6bbet kell mutatni a sz\u00edvb\u0151l, a j\u00f3 technika nem el\u00e9g!<\/p>\n<p>szeptember<b> 29.<\/b> cs\u00fct\u00f6rt\u00f6k &#8211;&nbsp;<span \u00a0style=\" \"><b>10:00\u201013:00<\/b><\/span><\/p>\n<p><span \u00a0style=\" \">Kat\u00e1k <b>4-9<\/b>-ig!<br \/>Az el\u0151z\u0151 naphoz hasonl\u00f3an Sensei el\u0151sz\u00f6r megn\u00e9zte, mit is gondolunk az adott kat\u00e1r\u00f3l, majd besz\u00e9lt nek\u00fcnk a fontos pontokr\u00f3l \u00e9s a hib\u00e1kr\u00f3l. \u00cdgy ker\u00fclt k\u00f6z\u00e9ppontba a Kesa Giri-n\u00e9l a kamai (<b>45<\/b> fok..), \u00edgy kapott \u00faj magyar\u00e1zatot a<b> 6.<\/b> kata (mindenkit nagyon foglalkoztatott a k\u00e9rd\u00e9s, hogy a kissaki milyen \u00edvet \u00edr le, \u00e9s mi\u00e9rt) is.<\/span><\/p>\n<p style=\" \">Z\u00e1r\u00e1sk\u00e9nt a feltett k\u00e9rd\u00e9sre (mi\u00e9rt is m\u0171velj\u00fck ezt, \u00e9s mi ez?) Sensei v\u00e1laszolt: \u00f6nmagunk fejleszt\u00e9se a c\u00e9l, \u00e9s ez\u00e1ltal t\u00f6r\u0151d\u00fcnk a t\u00f6bbi emberrel (az \u00e9let m\u00e1s ter\u00fcletein) is.<\/p>\n<\/p>\n<p>Cs\u00fct\u00f6rt\u00f6k <b>19:00\u201021:00<\/b> &#8211;&nbsp;Budapest F\u0151nix Dojo<\/p>\n<p>Miut\u00e1n \u00e1tism\u00e9telt\u00fck (seiz\u00e1ban) a <b>7<\/b>. cikkely pontjait folytattuk a munk\u00e1t.<br \/>Pontos\u00edtottuk a <b>10.<\/b> kata l\u00e1bmunk\u00e1j\u00e1t \u00e9s a waki kamae-t (a kissaki <b>3<\/b>, de legfeljebb <b>6&nbsp;<\/b>cm-re legyen a t\u00e9rd alatt) \u00e9s v\u00e1laszt kaptunk a k\u00e9rd\u00e9seinkre a <b>1.<\/b>-es form\u00e1val kapcsolatosan is.<br \/>Sensei v\u00e1lasz\u00e1nak l\u00e9nyege t\u00f6bbsz\u00f6r is ez volt: racion\u00e1lis Budo legyen!<\/p>\n<p>szeptember <b>30<\/b>. p\u00e9ntek&nbsp;<b>10:00\u201013:00<\/b> &#8211;&nbsp;Siketek SC Sporttelepe<\/p>\n<p>Kezd\u00e9s ut\u00e1n 6 f\u0151s csoportokban mutattuk be az els\u0151<b>&nbsp;6<\/b>. kat\u00e1t &#8211; a t\u00f6bbiek pedig a hib\u00e1kat kerest\u00e9k.<br \/>Yamasaki Sensei az els\u0151 k\u00f6r ut\u00e1n H\u00e1bermajer Sensei-el foglalkozott els\u0151sorban &#8211; ami nagyon hasznos volt a vizsgafelk\u00e9sz\u00fcl\u00e9se (biztat\u00f3 szavakat is kapott a k\u00f6zeled\u0151 <b>6.<\/b> Danhoz) szempontj\u00e1b\u00f3l is &#8211; de mi is \u00f6r\u00fclt\u00fcnk, hiszen (mivel az \u0151 nyomaiban l\u00e9p\u00fcnk..) ez\u00e1ltal mi is jav\u00edtottuk magunkban a hib\u00e1inkat.&nbsp;<\/p>\n<div>Az esem\u00e9ny N\u00e9m\u00f3 \u00e9s Gerg\u0151 p\u00e1rbaj\u00e1val (egym\u00e1ssal szemben v\u00e9gzett Ipponme Mae) v\u00e9gz\u0151d\u00f6tt! :&#8211;)<\/p>\n<div><\/p>\n<div>szeptember&nbsp;<b>30<\/b>. p\u00e9ntek&nbsp;<b>18:30\u201020:30<\/b>&nbsp;MJKK Dojo<\/div>\n<div><\/div>\n<p>Yamasaki Sensei felt\u00f6lt\u0151dve \u00e9rkezett, hangja bet\u00f6lt\u00f6tte a termet.<br \/>Kezd\u00e9s ut\u00e1n a falhoz kellett \u00e1llnunk..\u00e9s figyelni az \u00fajabb &#8222;p\u00e1rbajt&#8221;! Ez\u00fattal is k\u00e9t Shinbukan-os, H\u00e1bermajer G\u00e1bor Sensei \u00e9s Gallyas G\u00e1bor Sensei \u00fclt egym\u00e1ssal szemben.&nbsp;<br \/>Az els\u0151 k\u00f6r ut\u00e1n Yamasaki Sensei arra h\u00edvta fel a figyelmet a hib\u00e1ra, hogy&nbsp;igaz\u00e1n egym\u00e1sra reag\u00e1ltak,&nbsp;saj\u00e1t bels\u0151 ritmusuk szerint v\u00e9gezt\u00e9k a gyakorlatot, majd ism\u00e9tl\u00e9st k\u00e9rt. A m\u00e1sodikn\u00e1l m\u00e1r nagy energi\u00e1k fesz\u00fcltek egym\u00e1snak (engem magas fokozattal rendelkez\u0151 kend\u00f3sok v\u00edv\u00e1s\u00e1ra eml\u00e9keztetett), majd a kiv\u00e1r\u00e1s ut\u00e1n megt\u00f6rt\u00e9ntek a v\u00e1g\u00e1sok!<\/div>\n<div>Ezt m\u00e1r Sensei is kell\u0151k\u00e9ppen \u00e9rt\u00e9kelte. Ezt k\u00f6vet\u0151en N\u00e9m\u00f3 \u00e9s Gerg\u0151 klubt\u00e1rsaink l\u00e9ptek ism\u00e9t a b\u00edr\u00e1skod\u00e1st tanul\u00f3 t\u00f6bbs\u00e9g el\u00e9, ugyanezen okb\u00f3l &#8211; nek\u00fcnk pedig figyelni \u00e9s alkalmazni kellett az addig tanultakat.<\/div>\n<\/div>\n<div>Yamasaki Sensei ennek ellen\u00e9re felh\u00edvta a figyelm\u00fcnket, hogy el\u0151tt\u00fcnk j\u00e1r\u00f3k hib\u00e1ira (sz\u00f3ban legal\u00e1bbis, \u00e9rtenie kell ha az egym\u00e1s k\u00f6z\u00f6tti viszony megfelel\u0151en m\u00e9ly) nem illik felh\u00edvni a figyelmet&#8230;ism\u00e9t leck\u00e9t kaptunk!<\/div>\n<div>A hossz\u00fara ny\u00falt este utols\u00f3 harmada egyre furcs\u00e1bb lett, amikor k\u00fcl\u00f6nb\u00f6z\u0151 fokozattal rendelkez\u0151 t\u00e1rsaink m\u00e9rt\u00e9k \u00f6ssze (technikai) tud\u00e1sunkat el\u0151tt\u00fcnk..mert nek\u00fcnk \u00e9rt\u00e9kelni kellett, \u00e9s nem mindig a magasabb fokozat\u00fa ir\u00e1ny\u00e1ba emelt\u00fck a karunkat (volt, akinek nem esett j\u00f3l ez a tan\u00edt\u00e1s&#8230;).<\/p>\n<p>Igen, ez is a tud\u00e1s\u00e1tad\u00e1s r\u00e9sze volt, de nagy viharokat kavart benn\u00fcnk, \u00e9s mivel az \u00e9lm\u00e9ny friss, m\u00e9g fel kell dolgoznunk..<\/p>\n<p>H\u00e9tv\u00e9g\u00e9n viszont tov\u00e1bb kell adnunk amit kaptunk!<\/div>\n<p><img loading=\"lazy\" decoding=\"async\" class=\"aligncenter wp-image-19438 size-large\" src=\"\/fenykepalbum\/keptar_333_big_2011.09.28-30_yamasaki.jpg\" alt=\"\" width=\"840\" height=\"473\" \/><\/p>\n","protected":false},"excerpt":{"rendered":"<p>Jegyzet a sz\u00e1mok t\u00fckr\u00e9ben Kedden \u0151szi Sinz\u00e9t k\u00f6sz\u00f6nt\u00f6tt\u00fcnk. Aznap is gondolkodtam azon, hogyan is kell helyesen (\u00e9s sz\u00e9pen) le\u00fclni seiz\u00e1ba, hogy mennyire fontos a bels\u0151 \u00daton halad\u00e1s a technik\u00e1kon t\u00fal &#8211; a v\u00e1laszokat m\u00e1snap kaptam meg. szeptember. 28. szerda este 18:30\u201020:30 &#8211;&nbsp;MJKK Dojo 6. alkalom! Yamasaki Sensei (Iaido Hanshi 8.dan) bevezet\u0151j\u00e9ben a gerinc\u00fcnk bels\u0151 oldal\u00e1n &hellip; <a href=\"https:\/\/shinbukan.hu\/?p=19629\" class=\"more-link\"><span class=\"screen-reader-text\">&#8222;\u0150szi Iaido Szemin\u00e1rium &#8211; Klubvezet\u0151knek (Budapest)&#8221;<\/span> b\u0151vebben<\/a><\/p>\n","protected":false},"author":2,"featured_media":0,"comment_status":"open","ping_status":"open","sticky":false,"template":"","format":"standard","meta":{"footnotes":""},"categories":[],"tags":[],"class_list":["post-19629","post","type-post","status-publish","format-standard","hentry"],"_links":{"self":[{"href":"https:\/\/shinbukan.hu\/index.php?rest_route=\/wp\/v2\/posts\/19629","targetHints":{"allow":["GET"]}}],"collection":[{"href":"https:\/\/shinbukan.hu\/index.php?rest_route=\/wp\/v2\/posts"}],"about":[{"href":"https:\/\/shinbukan.hu\/index.php?rest_route=\/wp\/v2\/types\/post"}],"author":[{"embeddable":true,"href":"https:\/\/shinbukan.hu\/index.php?rest_route=\/wp\/v2\/users\/2"}],"replies":[{"embeddable":true,"href":"https:\/\/shinbukan.hu\/index.php?rest_route=%2Fwp%2Fv2%2Fcomments&post=19629"}],"version-history":[{"count":0,"href":"https:\/\/shinbukan.hu\/index.php?rest_route=\/wp\/v2\/posts\/19629\/revisions"}],"wp:attachment":[{"href":"https:\/\/shinbukan.hu\/index.php?rest_route=%2Fwp%2Fv2%2Fmedia&parent=19629"}],"wp:term":[{"taxonomy":"category","embeddable":true,"href":"https:\/\/shinbukan.hu\/index.php?rest_route=%2Fwp%2Fv2%2Fcategories&post=19629"},{"taxonomy":"post_tag","embeddable":true,"href":"https:\/\/shinbukan.hu\/index.php?rest_route=%2Fwp%2Fv2%2Ftags&post=19629"}],"curies":[{"name":"wp","href":"https:\/\/api.w.org\/{rel}","templated":true}]}}