{"id":19631,"date":"2011-10-06T12:22:00","date_gmt":"2011-10-06T12:22:00","guid":{"rendered":""},"modified":"-0001-11-30T00:00:00","modified_gmt":"-0001-11-29T22:00:00","slug":"","status":"publish","type":"post","link":"https:\/\/shinbukan.hu\/?p=19631","title":{"rendered":"18. Eur\u00f3pai Iaido Bajnoks\u00e1g (Andorra)"},"content":{"rendered":"<p><span class=\"Apple-style-span\" style=\"background-color: rgb(255, 255, 255); \"><\/p>\n<p class=\"MsoNormal\" style=\"margin-top: 0px; margin-right: 0px; margin-bottom: 0px; margin-left: 0px; \"><b>Besz\u00e1mol\u00f3 a MKIJSZ Vezet\u0151s\u00e9g r\u00e9sz\u00e9re a 18. Iaido Eur\u00f3pa Bajnoks\u00e1gr\u00f3l<\/b><\/p>\n<p><\/p>\n<p class=\"MsoNormal\" style=\"margin-top: 0px; margin-right: 0px; margin-bottom: 0px; margin-left: 0px; \">2011 EIC \u2013 18. Iaido Eur\u00f3pa Bajnoks\u00e1g<\/p>\n<p class=\"MsoNormal\" style=\"margin-top: 0px; margin-right: 0px; margin-bottom: 0px; margin-left: 0px; \">Helysz\u00edn: Andorra T\u00e1rshercegs\u00e9g &#8211; Andorra la Vella<\/p>\n<p class=\"MsoNormal\" style=\"margin-top: 0px; margin-right: 0px; margin-bottom: 0px; margin-left: 0px; \">Id\u0151pont: 2011 .09. 05-09.<\/p>\n<p class=\"MsoNormal\" style=\"margin-top: 0px; margin-right: 0px; margin-bottom: 0px; margin-left: 0px; \">&nbsp;<\/p>\n<p class=\"MsoNormal\" style=\"margin-top: 0px; margin-right: 0px; margin-bottom: 0px; margin-left: 0px; \"><b>R\u00e9sztvev\u0151k<\/b><\/p>\n<p class=\"MsoNormal\" style=\"margin-top: 0px; margin-right: 0px; margin-bottom: 0px; margin-left: 0px; \">Mudan: Kov\u00e1cs Bal\u00e1zs (F\u0151nix)<\/p>\n<p class=\"MsoNormal\" style=\"margin-top: 0px; margin-right: 0px; margin-bottom: 0px; margin-left: 0px; \">Shodan: Bartha L\u00e1szl\u00f3 (F\u0151nix)<\/p>\n<p class=\"MsoNormal\" style=\"margin-top: 0px; margin-right: 0px; margin-bottom: 0px; margin-left: 0px; \">Nidan: Budav\u00e1ri Anita (MJKK), V\u00e1rvizi Attila (F\u0151nix)<\/p>\n<p class=\"MsoNormal\" style=\"margin-top: 0px; margin-right: 0px; margin-bottom: 0px; margin-left: 0px; \">Sandan: Varga Zolt\u00e1n (MJKK)<\/p>\n<p class=\"MsoNormal\" style=\"margin-top: 0px; margin-right: 0px; margin-bottom: 0px; margin-left: 0px; \">Godan: H\u00e1bermajer G\u00e1bor (SBK)<\/p>\n<p class=\"MsoNormal\" style=\"margin-top: 0px; margin-right: 0px; margin-bottom: 0px; margin-left: 0px; \">&nbsp;<\/p>\n<p class=\"MsoNormal\" style=\"margin-top: 0px; margin-right: 0px; margin-bottom: 0px; margin-left: 0px; \">A fentieken k\u00edv\u00fcl a csapatot elk\u00eds\u00e9rte Demeczky Jen\u0151 (MJKK) is, aki yondan vizsg\u00e1ra jelentkezett. A versenyben nem vett r\u00e9szt, de seg\u00edts\u00e9g\u00e9vel t\u00e1mogatta a csapat munk\u00e1j\u00e1t.<\/p>\n<p class=\"MsoNormal\" style=\"margin-top: 0px; margin-right: 0px; margin-bottom: 0px; margin-left: 0px; \">&nbsp;<\/p>\n<p class=\"MsoNormal\" style=\"margin-top: 0px; margin-right: 0px; margin-bottom: 0px; margin-left: 0px; \">Mihalik Hunor sensei id\u00e9n els\u0151 alkalommal a b\u00edr\u00f3i g\u00e1rd\u00e1t er\u0151s\u00edtette. Ez fontos el\u0151re l\u00e9p\u00e9s a hazai iaido szempontj\u00e1b\u00f3l. M\u00e1r nem csak a versenyen r\u00e9sztvev\u0151 nemzetek sor\u00e1ba tartozunk, hanem shinpan-t \u00e9s vizsg\u00e1ztat\u00f3t is adunk EKF esem\u00e9ny\u00e9re. B\u00edzom benne, hogy Hunor aktivit\u00e1sa, \u00e9s b\u00edr\u00f3i munk\u00e1ja tov\u00e1bb n\u00f6velte az elismerts\u00e9g\u00fcnket \u00e9s rangunkat, valamint fontos tapasztalatokhoz juttatott benn\u00fcnket a \u201et\u00faloldal\u201d bentr\u0151l t\u00f6rt\u00e9n\u0151 megismer\u00e9se r\u00e9v\u00e9n.<\/p>\n<p class=\"MsoNormal\" style=\"margin-top: 0px; margin-right: 0px; margin-bottom: 0px; margin-left: 0px; \">&nbsp;<\/p>\n<p class=\"MsoNormal\" style=\"margin-top: 0px; margin-right: 0px; margin-bottom: 0px; margin-left: 0px; \"><b>Felk\u00e9sz\u00fcl\u00e9s<\/b><\/p>\n<p class=\"MsoNormal\" style=\"margin-top: 0px; margin-right: 0px; margin-bottom: 0px; margin-left: 0px; \">Tal\u00e1n az eddigi legintenz\u00edvebb, \u00e9s s\u0171r\u00edtett felk\u00e9sz\u00fcl\u00e9s volt az ez \u00e9vi az eddigiek sor\u00e1ban. Az \u00e9v folyam\u00e1n nem k\u00e9sz\u00fclt\u00fcnk folyamatosan, hanem a versenyt megel\u0151z\u0151 id\u0151szakra helyez\u0151d\u00f6tt a f\u00f3kusz. Szeptember 3-4-ei h\u00e9tv\u00e9g\u00e9n a m\u00e1r hagyom\u00e1nyos csom\u00e1di felk\u00e9sz\u00edt\u0151 t\u00e1borban vett\u00fcnk r\u00e9szt, n\u00e9h\u00e1ny egykori v\u00e1logatott taggal kieg\u00e9sz\u00fclve, Hunor sensei vezet\u00e9s\u00e9vel, majd szeptember 28-\u00e1t\u00f3l pedig Yamasaki sensei keze alatt form\u00e1l\u00f3dtunk a Klubvezet\u0151i \u00e9s a ZNKR Iai t\u00e1borban, mely okt\u00f3ber 2-\u00e1n, vas\u00e1rnap \u00e9rt v\u00e9get. 5-\u00e9n, a m\u00e9g le sem \u00fclepedett \u00e9lm\u00e9nyekkel, \u00e9s szinte ki sem h\u0171lt izmokkal neki v\u00e1gtunk az utaz\u00e1snak. Magunkkal vitt\u00fck az intenz\u00edv, friss \u00e9s er\u0151s t\u00e1bori energi\u00e1kat.<\/p>\n<p class=\"MsoNormal\" style=\"margin-top: 0px; margin-right: 0px; margin-bottom: 0px; margin-left: 0px; \">&nbsp;<\/p>\n<p class=\"MsoNormal\" style=\"margin-top: 0px; margin-right: 0px; margin-bottom: 0px; margin-left: 0px; \"><b>Utaz\u00e1s<\/b><\/p>\n<p class=\"MsoNormal\" style=\"margin-top: 0px; margin-right: 0px; margin-bottom: 0px; margin-left: 0px; \">A l\u00e9gi menetrendek saj\u00e1toss\u00e1g\u00e1b\u00f3l ad\u00f3d\u00f3an Pr\u00e1g\u00e1n kereszt\u00fcl utaztunk Barcelon\u00e1ba, annak ellenre, hogy van k\u00f6zvetlen j\u00e1rat Budapestr\u0151l. M\u00e1r az els\u0151 rept\u00e9ri pillanatok emelt\u00e9k a stressz faktort, ami a kardok utaztat\u00e1s\u00e1val kapcsolatban egy\u00e9bk\u00e9nt is jelent\u0151s szint\u0171. Kedves honi l\u00e9git\u00e1rsas\u00e1gunk hat\u00e1sosan bizony\u00edtotta, hogy szolg\u00e1ltat\u00e1si szintj\u00fck cseppet sem magasabb, mint a fapados konkurenci\u00e1k\u00e9, a Nemzeti V\u00e1logatott kifejez\u00e9s \u00e9s a v\u00e1logatott \u00f6lt\u00f6zet pedig semmilyen szint\u0171 szimp\u00e1ti\u00e1t \u00e9s seg\u00edts\u00e9get nem v\u00e1lt ki n\u00e1luk. A tanuls\u00e1got levontuk, legk\u00f6zelebb alaposabban kell a norm\u00e1l l\u00e9git\u00e1rsas\u00e1gok csomagsz\u00e1ll\u00edt\u00e1si szab\u00e1lyzatait is tanulm\u00e1nyozni. A magam r\u00e9sz\u00e9r\u0151l azt hittem, m\u00e1r mindent \u00e1t\u00e9ltem, amit kard utaztat\u00e1ssal kapcsolatban lehet, de a barcelonai rend\u0151rs\u00e9g tudott m\u00e9g sz\u00e1momra ismeretlen helyzetet produk\u00e1lni. Term\u00e9szetesen ezt is menedzselt\u00fck. Az innen a helysz\u00ednre juttat\u00f3, hossz\u00fa, szerpentines buszoz\u00e1ssal v\u00e9gz\u0151 utaz\u00e1sunkat jobban viselt\u00fck, &nbsp;mint arra sz\u00e1m\u00edtottam.<\/p>\n<p class=\"MsoNormal\" style=\"margin-top: 0px; margin-right: 0px; margin-bottom: 0px; margin-left: 0px; \">&nbsp;<\/p>\n<p class=\"MsoNormal\" style=\"margin-top: 0px; margin-right: 0px; margin-bottom: 0px; margin-left: 0px; \">A haza utaz\u00e1s sokkal csendesebben telt, mindannyian probl\u00e9ma mentesen meg\u00e9rkezt\u00fcnk.<\/p>\n<p class=\"MsoNormal\" style=\"margin-top: 0px; margin-right: 0px; margin-bottom: 0px; margin-left: 0px; \">&nbsp;<\/p>\n<p class=\"MsoNormal\" style=\"margin-top: 0px; margin-right: 0px; margin-bottom: 0px; margin-left: 0px; \"><b>ZNKR deleg\u00e1ci\u00f3<\/b><\/p>\n<p class=\"MsoNormal\" style=\"margin-top: 0px; margin-right: 0px; margin-bottom: 0px; margin-left: 0px; \">Deleg\u00e1ci\u00f3 vezet\u0151:<\/p>\n<p class=\"MsoNormal\" style=\"margin-top: 0px; margin-right: 0px; margin-bottom: 0px; margin-left: 0px; \">KAWAGUCHI Toshihiko Sensei&nbsp;<br \/>Iaido Hanshi 8 Dan (72)<\/p>\n<p class=\"MsoNormal\" style=\"margin-top: 0px; margin-right: 0px; margin-bottom: 0px; margin-left: 0px; \">&nbsp;<\/p>\n<p class=\"MsoNormal\" style=\"margin-top: 0px; margin-right: 0px; margin-bottom: 0px; margin-left: 0px; \">KAMIKOKURYO Shuichi Sensei<br \/>Iaido Hanshi 8 Dan (61)<\/p>\n<p class=\"MsoNormal\" style=\"margin-top: 0px; margin-right: 0px; margin-bottom: 0px; margin-left: 0px; \">&nbsp;<\/p>\n<p class=\"MsoNormal\" style=\"margin-top: 0px; margin-right: 0px; margin-bottom: 0px; margin-left: 0px; \">KUSAMA Junichi Sensei<br \/>Iaido Hanshi 8 Dan (61)<\/p>\n<p class=\"MsoNormal\" style=\"margin-top: 0px; margin-right: 0px; margin-bottom: 0px; margin-left: 0px; \">&nbsp;<\/p>\n<p class=\"MsoNormal\" style=\"margin-top: 0px; margin-right: 0px; margin-bottom: 0px; margin-left: 0px; \"><b>Szemin\u00e1rium<\/b><\/p>\n<p class=\"MsoNormal\" style=\"margin-top: 0px; margin-right: 0px; margin-bottom: 0px; margin-left: 0px; \">09.05-06. cs\u00fct\u00f6rt\u00f6k \u2013 p\u00e9ntek<\/p>\n<p class=\"MsoNormal\" style=\"margin-top: 0px; margin-right: 0px; margin-bottom: 0px; margin-left: 0px; \">&nbsp;<\/p>\n<p class=\"MsoNormal\" style=\"margin-top: 0px; margin-right: 0px; margin-bottom: 0px; margin-left: 0px; \">Most is kritikusan v\u00e1rtam &nbsp;a k\u00e9t napos szemin\u00e1riumot, mivel az elm\u00falt p\u00e1r \u00e9vben ezek komoly csal\u00f3d\u00e1st okoztak, azonban mondhatom, nagyon kellemes meglepet\u00e9s volt nem csak sz\u00e1munkra, hanem nemzetk\u00f6zi ismer\u0151seinket hallva, m\u00e1soknak is. Az eddigi kaotikus, le\u00e9p\u00edt\u0151, \u00e9s zavarodotts\u00e1got okoz\u00f3 helyzetek helyett vil\u00e1gos tematik\u00e1val, j\u00f3l fel\u00e9p\u00edtett oktat\u00e1sban r\u00e9szes\u00fclhett\u00fcnk. A r\u00e9sztvev\u0151k h\u00e1rom csoportra osztva gyakorolhattak, egy-egy ZNKR deleg\u00e1ci\u00f3tag vezet\u00e9s\u00e9vel . (mu-1. dan; 2-4. dan; 5-7.dan) K\u00fcl\u00f6n j\u00f3 \u00e9rz\u00e9s volt megtapasztalni, hogy a hazai t\u00e1borban kapott friss adal\u00e9kokkal egybecsengtek a szemin\u00e1riumon elhangzottak. Szinte az volt az \u00e9rz\u00e9sem, Yamasaki sensei t\u00e1bora folytat\u00f3dik. A kellemes meglepet\u00e9sek sor\u00e1ba tartozott m\u00e9g eln\u00f6k\u00fcnk jelenl\u00e9te az EKF k\u00e9pviselet\u00e9ben, akit a nem teljesen alapos helyi szervez\u00e9s miatt elragadtak tolm\u00e1csnak az 1. csoporthoz.<\/p>\n<p class=\"MsoNormal\" style=\"margin-top: 0px; margin-right: 0px; margin-bottom: 0px; margin-left: 0px; \">&nbsp;<\/p>\n<p class=\"MsoNormal\" style=\"margin-top: 0px; margin-right: 0px; margin-bottom: 0px; margin-left: 0px; \"><b>Egy\u00e9ni verseny<\/b><\/p>\n<p class=\"MsoNormal\" style=\"margin-top: 0px; margin-right: 0px; margin-bottom: 0px; margin-left: 0px; \">A verseny n\u00e9gy p\u00e1ly\u00e1n zajlott, ahol a pool-okb\u00f3l egy kiv\u00e9tellel mindannyian kijutottunk az egyenes kies\u00e9sbe.<\/p>\n<p class=\"MsoNormal\" style=\"margin-top: 0px; margin-right: 0px; margin-bottom: 0px; margin-left: 0px; \">Eredm\u00e9nyek<\/p>\n<p class=\"MsoNormal\" style=\"margin-top: 0px; margin-right: 0px; margin-bottom: 0px; margin-left: 0px; \">Nem sz\u00e1m\u00edtunk az eur\u00f3pai mez\u0151ny nagy \u00e9rembetakar\u00edt\u00f3i k\u00f6z\u00e9, de egy-egy helyez\u00e9st szoktunk szerezni, ez \u00edgy t\u00f6rt\u00e9nt most is.<\/p>\n<p class=\"MsoNormal\" style=\"margin-top: 0px; margin-right: 0px; margin-bottom: 0px; margin-left: 0px; \">Nidan kateg\u00f3ria: Budav\u00e1ri Anita (MJKK) \u2013 Fighting Spirit<\/p>\n<p class=\"MsoNormal\" style=\"margin-top: 0px; margin-right: 0px; margin-bottom: 0px; margin-left: 0px; \">Godan kateg\u00f3ria: H\u00e1bermajer G\u00e1bor (SBK) \u2013 3. hely<\/p>\n<p class=\"MsoNormal\" style=\"margin-top: 0px; margin-right: 0px; margin-bottom: 0px; margin-left: 0px; \">&nbsp;<\/p>\n<p class=\"MsoNormal\" style=\"margin-top: 0px; margin-right: 0px; margin-bottom: 0px; margin-left: 0px; \"><b>Csapat verseny<\/b><\/p>\n<p class=\"MsoNormal\" style=\"margin-top: 0px; margin-right: 0px; margin-bottom: 0px; margin-left: 0px; \">Csapatunk \u00f6ssze\u00e1ll\u00edt\u00e1sa<\/p>\n<p class=\"MsoNormal\" style=\"margin-top: 0px; margin-right: 0px; margin-bottom: 0px; margin-left: 0px; \">A klasszikus fel\u00e1ll\u00e1st v\u00e1lasztottuk.<\/p>\n<p class=\"MsoNormal\" style=\"margin-top: 0px; margin-right: 0px; margin-bottom: 0px; margin-left: 36pt; \"><span>1.<span style=\"font: normal normal normal 7pt\/normal 'Times New Roman'; \">&nbsp;&nbsp;&nbsp;&nbsp;&nbsp;&nbsp;&nbsp;<\/span><\/span>V\u00e1rvizi Attila (F\u0151nix) 2.Dan &#8211; Senpo<\/p>\n<p class=\"MsoNormal\" style=\"margin-top: 0px; margin-right: 0px; margin-bottom: 0px; margin-left: 36pt; \"><span>2.<span style=\"font: normal normal normal 7pt\/normal 'Times New Roman'; \">&nbsp;&nbsp;&nbsp;&nbsp;&nbsp;&nbsp;&nbsp;<\/span><\/span>Varga Zolt\u00e1n (MJKK) 3.Dan &#8211; Chuken<\/p>\n<p class=\"MsoNormal\" style=\"margin-top: 0px; margin-right: 0px; margin-bottom: 0px; margin-left: 36pt; \"><span>3.<span style=\"font: normal normal normal 7pt\/normal 'Times New Roman'; \">&nbsp;&nbsp;&nbsp;&nbsp;&nbsp;&nbsp;&nbsp;<\/span><\/span>H\u00e1bermajer G\u00e1bor (SBK) 5.Dan -Taisho<\/p>\n<p class=\"MsoNormal\" style=\"margin-top: 0px; margin-right: 0px; margin-bottom: 0px; margin-left: 36pt; \"><span>4.<span style=\"font: normal normal normal 7pt\/normal 'Times New Roman'; \">&nbsp;&nbsp;&nbsp;&nbsp;&nbsp;&nbsp;&nbsp;<\/span><\/span>Budav\u00e1ri Anita (MJKK) 2.Dan (Tartal\u00e9k)<\/p>\n<p class=\"MsoNormal\" style=\"margin-top: 0px; margin-right: 0px; margin-bottom: 0px; margin-left: 0px; \">&nbsp;<\/p>\n<p class=\"MsoNormal\" style=\"margin-top: 0px; margin-right: 0px; margin-bottom: 0px; margin-left: 0px; \">A pool tov\u00e1bbi k\u00e9t tagja Belgium \u00e9s Franciaorsz\u00e1g voltak. L\u00e1ttunk rem\u00e9nyt a kijut\u00e1sra, mert a franci\u00e1k a belg\u00e1kkal ellent\u00e9tben \u00e9vek \u00f3ta nem tudnak igaz\u00e1n er\u0151s csapatot ki\u00e1ll\u00edtani. A franci\u00e1k ellni m\u00e9rk\u0151z\u00e9s egy hajsz\u00e1lon m\u00falott, chuken-\u00fcnk Varga Zolt\u00e1n felett a l\u00e1tsz\u00f3lag sokkal gyeng\u00e9bb ellenf\u00e9l gy\u0151zedelmeskedett. \u00cdgy nem jutottunk ki az egyenes kies\u00e9sbe. Belg\u00e1kt\u00f3l 3-0, a Franci\u00e1kt\u00f3l 2-1 pontoz\u00e1ssal kaptunk ki. J\u00f6v\u0151re er\u0151sebbek lesz\u00fcnk, \u00e9s \u00fajra megpr\u00f3b\u00e1ljuk!<\/p>\n<p class=\"MsoNormal\" style=\"margin-top: 0px; margin-right: 0px; margin-bottom: 0px; margin-left: 0px; \">&nbsp;<\/p>\n<p class=\"MsoNormal\" style=\"margin-top: 0px; margin-right: 0px; margin-bottom: 0px; margin-left: 0px; \"><b>Vizsg\u00e1k<\/b><\/p>\n<p class=\"MsoNormal\" style=\"margin-top: 0px; margin-right: 0px; margin-bottom: 0px; margin-left: 0px; \">A versenyek ut\u00e1ni vizsg\u00e1kon h\u00e1rom tagunk vett r\u00e9szt.<\/p>\n<p class=\"MsoNormal\" style=\"margin-top: 0px; margin-right: 0px; margin-bottom: 0px; margin-left: 0px; \">Shodan: Kov\u00e1cs Bal\u00e1zs (F\u0151nix) \u2013 Sikeres vizsg\u00e1t tett<\/p>\n<p class=\"MsoNormal\" style=\"margin-top: 0px; margin-right: 0px; margin-bottom: 0px; margin-left: 0px; \">Nidan: Bartha L\u00e1szl\u00f3 (F\u0151nix) \u2013 Sikeres vizsg\u00e1t tett<\/p>\n<p class=\"MsoNormal\" style=\"margin-top: 0px; margin-right: 0px; margin-bottom: 0px; margin-left: 0px; \">Yondan: Demeczky Jen\u0151 (MJKK) &#8211; Sikertelen vizsg\u00e1t tett<\/p>\n<p class=\"MsoNormal\" style=\"margin-top: 0px; margin-right: 0px; margin-bottom: 0px; margin-left: 0px; \">&nbsp;<\/p>\n<p class=\"MsoNormal\" style=\"margin-top: 0px; margin-right: 0px; margin-bottom: 0px; margin-left: 0px; \">M\u00e1r kezd\u00fcnk hozz\u00e1 szokni, hogy a magasabb fokozatok eset\u00e9ben \u00e9vr\u0151l \u00e9vre kevesen jutnak \u00e1t a vizsg\u00e1kon. Id\u00e9n p\u00e9ld\u00e1tlan sz\u00e1m\u00fa sikertelen vizsga volt, a 4-7. dan vizsga oldalon egyetlen 4. dan-os jutott \u00e1t. Az elv\u00e9rzettek k\u00f6z\u00f6tt rendszeres EB \u00e9s taikai bajnokokkal. Ez komolyan el kell gondolkodtasson benn\u00fcnket annak tekintet\u00e9ben, hogy mi is az eur\u00f3pai sztenderd, mit kell k\u00f6vetn\u00fcnk, mire kell k\u00e9pezz\u00fck a hazai gener\u00e1ci\u00f3kat? Eddig is tudhattuk hogy az MKSZ szervez\u00e9s\u00e9ben megh\u00edvott ZNKR oktat\u00f3 nagy kincs, de most m\u00e9g \u00e9rz\u00e9kelhet\u0151bb\u00e9 v\u00e1lt Yamasaki sensei rendszeres tan\u00edt\u00e1s\u00e1nak fontoss\u00e1ga.<\/p>\n<p class=\"MsoNormal\" style=\"margin-top: 0px; margin-right: 0px; margin-bottom: 0px; margin-left: 0px; \">&nbsp;<\/p>\n<p class=\"MsoNormal\" style=\"margin-top: 0px; margin-right: 0px; margin-bottom: 0px; margin-left: 0px; \"><b>Javaslatok \u00e9szrev\u00e9telek<\/b><\/p>\n<p><span>&#8211;<span style=\"font: normal normal normal 7pt\/normal 'Times New Roman'; \">&nbsp;&nbsp;&nbsp;&nbsp;&nbsp;&nbsp;&nbsp;&nbsp;&nbsp;&nbsp;<\/span><\/span>Az esem\u00e9ny kapcs\u00e1n sz\u00e1mos j\u00f6v\u0151be mutat\u00f3 k\u00e9rd\u00e9s, \u00f6tlet, megl\u00e1t\u00e1s sz\u00fcletett, Zsolt, Hunor \u00e9s a magam r\u00e9sz\u00e9r\u0151l is. Ezeket c\u00e9lszer\u0171nek l\u00e1tn\u00e1m egy tal\u00e1lkoz\u00f3n megvitatni.<\/p>\n<p><span>&#8211;<span style=\"font: normal normal normal 7pt\/normal 'Times New Roman'; \">&nbsp;&nbsp;&nbsp;&nbsp;&nbsp;&nbsp;&nbsp;&nbsp;&nbsp;&nbsp;<\/span><\/span>Az elm\u00falt \u00e9vekhez hasonl\u00f3an ism\u00e9t szeretn\u00e9m javasolni az Iaido EB finansz\u00edroz\u00e1si rendszer\u00e9nek \u00e1tgondol\u00e1s\u00e1t.<\/p>\n<p><span>&#8211;<span style=\"font: normal normal normal 7pt\/normal 'Times New Roman'; \">&nbsp;&nbsp;&nbsp;&nbsp;&nbsp;&nbsp;&nbsp;&nbsp;&nbsp;&nbsp;<\/span><\/span>A most megszerzett \u00faj ismeretek birtok\u00e1ban \u00e1ll\u00edtsunk fel strat\u00e9gi\u00e1t a haza iaido j\u00f6v\u0151j\u00e9re.<\/p>\n<p class=\"MsoNormal\" style=\"margin-top: 0px; margin-right: 0px; margin-bottom: 0px; margin-left: 0px; \">&nbsp;<\/p>\n<p class=\"MsoNormal\" style=\"text-align: right;margin-top: 0px; margin-right: 0px; margin-bottom: 0px; margin-left: 0px; \"><i>H\u00e1bermajer G\u00e1bor<\/i><\/p>\n<p class=\"MsoNormal\" style=\"text-align: right;margin-top: 0px; margin-right: 0px; margin-bottom: 0px; margin-left: 0px; \"><i>2011 \u00e9vi Iaido EB deleg\u00e1ci\u00f3 vezet\u0151<\/i><\/p>\n<p class=\"MsoNormal\" style=\"text-align: left;margin-top: 0px; margin-right: 0px; margin-bottom: 0px; margin-left: 0px; \"><b>Kapcsol\u00f3d\u00f3 oldalak:<\/b><br \/>&nbsp;-Az esem\u00e9ny <a href=\"http:\/\/www.kendo-andorra.org\/eic2011\/index.php\" target=\"_blank\">honlapja<\/a><br \/>&#8211;&nbsp;<a href=\"letoltes\/335\/18_eic_andorra_2011_results.pdf\" target=\"_blank\">Eredm\u00e9nyek<\/a><\/p>\n<p><\/span><\/p>\n<p><img loading=\"lazy\" decoding=\"async\" class=\"aligncenter wp-image-19438 size-large\" src=\"\/fenykepalbum\/keptar_335_big_2011.10.06-08_iaido_eic_andorra_csapat.jpg\" alt=\"\" width=\"840\" height=\"473\" \/><\/p>\n<p><img loading=\"lazy\" decoding=\"async\" class=\"aligncenter wp-image-19438 size-large\" src=\"\/fenykepalbum\/keptar_335_big_2011.10.06-08_iaido_eic_andorra_varos.jpg\" alt=\"\" width=\"840\" height=\"473\" \/><\/p>\n<p><img loading=\"lazy\" decoding=\"async\" class=\"aligncenter wp-image-19438 size-large\" src=\"\/fenykepalbum\/keptar_335_big_2011.10.06-08_iaido_eic_andorra_terem.jpg\" alt=\"\" width=\"840\" height=\"473\" \/><\/p>\n<p><img loading=\"lazy\" decoding=\"async\" class=\"aligncenter wp-image-19438 size-large\" src=\"\/fenykepalbum\/keptar_335_big_2011.10.06-08_iaido_eic_andorra_ermesek.jpg\" alt=\"\" width=\"840\" height=\"473\" \/><\/p>\n<p><img loading=\"lazy\" decoding=\"async\" class=\"aligncenter wp-image-19438 size-large\" src=\"\/fenykepalbum\/keptar_335_big_2011.10.06-08_dsc00416.jpg\" alt=\"\" width=\"840\" height=\"473\" \/><\/p>\n<p><img loading=\"lazy\" decoding=\"async\" class=\"aligncenter wp-image-19438 size-large\" src=\"\/fenykepalbum\/keptar_335_big_2011.10.06-08_pa080921_team.jpg\" alt=\"\" width=\"840\" height=\"473\" \/><\/p>\n","protected":false},"excerpt":{"rendered":"<p>Besz\u00e1mol\u00f3 a MKIJSZ Vezet\u0151s\u00e9g r\u00e9sz\u00e9re a 18. Iaido Eur\u00f3pa Bajnoks\u00e1gr\u00f3l 2011 EIC \u2013 18. Iaido Eur\u00f3pa Bajnoks\u00e1g Helysz\u00edn: Andorra T\u00e1rshercegs\u00e9g &#8211; Andorra la Vella Id\u0151pont: 2011 .09. 05-09. &nbsp; R\u00e9sztvev\u0151k Mudan: Kov\u00e1cs Bal\u00e1zs (F\u0151nix) Shodan: Bartha L\u00e1szl\u00f3 (F\u0151nix) Nidan: Budav\u00e1ri Anita (MJKK), V\u00e1rvizi Attila (F\u0151nix) Sandan: Varga Zolt\u00e1n (MJKK) Godan: H\u00e1bermajer G\u00e1bor (SBK) &nbsp; A &hellip; <a href=\"https:\/\/shinbukan.hu\/?p=19631\" class=\"more-link\"><span class=\"screen-reader-text\">&#8222;18. Eur\u00f3pai Iaido Bajnoks\u00e1g (Andorra)&#8221;<\/span> b\u0151vebben<\/a><\/p>\n","protected":false},"author":2,"featured_media":0,"comment_status":"open","ping_status":"open","sticky":false,"template":"","format":"standard","meta":{"footnotes":""},"categories":[],"tags":[],"class_list":["post-19631","post","type-post","status-publish","format-standard","hentry"],"_links":{"self":[{"href":"https:\/\/shinbukan.hu\/index.php?rest_route=\/wp\/v2\/posts\/19631","targetHints":{"allow":["GET"]}}],"collection":[{"href":"https:\/\/shinbukan.hu\/index.php?rest_route=\/wp\/v2\/posts"}],"about":[{"href":"https:\/\/shinbukan.hu\/index.php?rest_route=\/wp\/v2\/types\/post"}],"author":[{"embeddable":true,"href":"https:\/\/shinbukan.hu\/index.php?rest_route=\/wp\/v2\/users\/2"}],"replies":[{"embeddable":true,"href":"https:\/\/shinbukan.hu\/index.php?rest_route=%2Fwp%2Fv2%2Fcomments&post=19631"}],"version-history":[{"count":0,"href":"https:\/\/shinbukan.hu\/index.php?rest_route=\/wp\/v2\/posts\/19631\/revisions"}],"wp:attachment":[{"href":"https:\/\/shinbukan.hu\/index.php?rest_route=%2Fwp%2Fv2%2Fmedia&parent=19631"}],"wp:term":[{"taxonomy":"category","embeddable":true,"href":"https:\/\/shinbukan.hu\/index.php?rest_route=%2Fwp%2Fv2%2Fcategories&post=19631"},{"taxonomy":"post_tag","embeddable":true,"href":"https:\/\/shinbukan.hu\/index.php?rest_route=%2Fwp%2Fv2%2Ftags&post=19631"}],"curies":[{"name":"wp","href":"https:\/\/api.w.org\/{rel}","templated":true}]}}