{"id":19652,"date":"2012-08-31T12:22:00","date_gmt":"2012-08-31T12:22:00","guid":{"rendered":""},"modified":"-0001-11-30T00:00:00","modified_gmt":"-0001-11-29T22:00:00","slug":"","status":"publish","type":"post","link":"https:\/\/shinbukan.hu\/?p=19652","title":{"rendered":"2012 EJC (Br\u00fcsszel)"},"content":{"rendered":"<div>A Jodo Eur\u00f3pa Bajnoks\u00e1gon a Belga Kendo Sz\u00f6vets\u00e9g vend\u00e9gszeretet\u00e9t \u00e9lvezhett\u00fck a Br\u00fcsszelben tal\u00e1lhat\u00f3 ADEPS sport centrumban. Az idei \u00e9vben helyez\u00e9seket nem, de \u00e9lm\u00e9nyeket \u00e9s tud\u00e1st ann\u00e1l t\u00f6bbet hoztunk haza. A 11. Jodo Eur\u00f3pa Bajnoks\u00e1g volt a 4. alkalom, hogy magyar r\u00e9sztvev\u0151k is indultak a versenyen.<\/div>\n<div>(<a href=\"http:\/\/ejc2012.abkfevents.be\/\">Az esem\u00e9ny web oldala<\/a>)&nbsp;<\/div>\n<div><\/div>\n<div>A h\u00e1romnapos esem\u00e9nyen k\u00e9t szemin\u00e1rium ker\u00fclt megrendez\u00e9sre, melyek alatt TOMINAGA Shozo sensei &#8211; Jodo Hanshi 8th Dan vezet\u00e9s\u00e9vel \u00e9s ARAI Hiroshi sensei &#8211; Jodo Hanshi 8th Dan, valamint KUROGO Genji sensei &#8211; Jodo Kyoshi 8th Dan seg\u00edts\u00e9g\u00e9vel csiszoltuk tud\u00e1sunkat. (A ZNKR deleg\u00e1ci\u00f3 tagjai: <a href=\"http:\/\/ejc2012.abkfevents.be\/znkr-delegation\/)\">http:\/\/ejc2012.abkfevents.be\/znkr-delegation\/)<\/a><\/div>\n<div><\/div>\n<div><b>A versenyen r\u00e9sztvev\u0151 magyar v\u00e1logatott tagjai:<\/b><\/div>\n<div><\/div>\n<div>H\u00e1bermajer G\u00e1bor deleg\u00e1ci\u00f3 vezet\u0151 &#8211; Godan kateg\u00f3ria<\/div>\n<div>F\u00e1bos Szilveszter &#8211; Nidan kateg\u00f3ria<\/div>\n<div>Koz\u00e1r Zolt\u00e1n Nidan kateg\u00f3ria<\/div>\n<div>Lovik Anik\u00f3 &#8211; Mudan kateg\u00f3ria<\/div>\n<div><\/div>\n<div>A vizsg\u00e1kon minden magyar kiutaz\u00f3 sikeresen szerepelt, az \u00faj fokozatok:<\/div>\n<div><\/div>\n<div>Lovik Anik\u00f3 &#8211; shodan<\/div>\n<div>Bereczki J\u00f3zsef \u00e9s Kecsk\u00e9s L\u00e1szl\u00f3 &#8211; nidan<br \/>F\u00e1bos Szilveszter \u00e9s Koz\u00e1r Zolt\u00e1n &#8211; sandan\n<\/div>\n<div><\/p>\n<div style=\"text-align: right;\"><i>H\u00e1bermajer G\u00e1bor<\/i><\/div>\n<\/div>\n<p><img loading=\"lazy\" decoding=\"async\" class=\"aligncenter wp-image-19438 size-large\" src=\"\/fenykepalbum\/keptar_384_big_2012.08_ejc_shinbukan_2.jpg\" alt=\"\" width=\"840\" height=\"473\" \/><\/p>\n<p><img loading=\"lazy\" decoding=\"async\" class=\"aligncenter wp-image-19438 size-large\" src=\"\/fenykepalbum\/keptar_384_big_2012.08_ejc_shinbukan_3.jpg\" alt=\"\" width=\"840\" height=\"473\" \/><\/p>\n<p><img loading=\"lazy\" decoding=\"async\" class=\"aligncenter wp-image-19438 size-large\" src=\"\/fenykepalbum\/keptar_384_big_2012.08_ejc_shinbukan_4.jpg\" alt=\"\" width=\"840\" height=\"473\" \/><\/p>\n<p><img loading=\"lazy\" decoding=\"async\" class=\"aligncenter wp-image-19438 size-large\" src=\"\/fenykepalbum\/keptar_384_big_2012.08_ejc_shinbukan_5.jpg\" alt=\"\" width=\"840\" height=\"473\" \/><\/p>\n<p><img loading=\"lazy\" decoding=\"async\" class=\"aligncenter wp-image-19438 size-large\" src=\"\/fenykepalbum\/keptar_384_big_2012.08_ejc_shinbukan_6.jpg\" alt=\"\" width=\"840\" height=\"473\" \/><\/p>\n<p><img loading=\"lazy\" decoding=\"async\" class=\"aligncenter wp-image-19438 size-large\" src=\"\/fenykepalbum\/keptar_384_big_2012.09.01_shinbukan_jodo_brusszel_bar.jpg\" alt=\"\" width=\"840\" height=\"473\" \/><\/p>\n<p><img loading=\"lazy\" decoding=\"async\" class=\"aligncenter wp-image-19438 size-large\" src=\"\/fenykepalbum\/keptar_384_big_2012.08_ejc_shinbukan_csoport.jpg\" alt=\"\" width=\"840\" height=\"473\" \/><\/p>\n<p><img loading=\"lazy\" decoding=\"async\" class=\"aligncenter wp-image-19438 size-large\" src=\"\/fenykepalbum\/keptar_384_big_2012.08.31_ejc06886.jpg\" alt=\"\" width=\"840\" height=\"473\" \/><\/p>\n<p><img loading=\"lazy\" decoding=\"async\" class=\"aligncenter wp-image-19438 size-large\" src=\"\/fenykepalbum\/keptar_384_big_2012.08.31_ejc06904.jpg\" alt=\"\" width=\"840\" height=\"473\" \/><\/p>\n<p><img loading=\"lazy\" decoding=\"async\" class=\"aligncenter wp-image-19438 size-large\" src=\"\/fenykepalbum\/keptar_384_big_2012.08.31_ejc06908.jpg\" alt=\"\" width=\"840\" height=\"473\" \/><\/p>\n<p><img loading=\"lazy\" decoding=\"async\" class=\"aligncenter wp-image-19438 size-large\" src=\"\/fenykepalbum\/keptar_384_big_2012.08.31_ejc07009.jpg\" alt=\"\" width=\"840\" height=\"473\" \/><\/p>\n","protected":false},"excerpt":{"rendered":"<p>A Jodo Eur\u00f3pa Bajnoks\u00e1gon a Belga Kendo Sz\u00f6vets\u00e9g vend\u00e9gszeretet\u00e9t \u00e9lvezhett\u00fck a Br\u00fcsszelben tal\u00e1lhat\u00f3 ADEPS sport centrumban. Az idei \u00e9vben helyez\u00e9seket nem, de \u00e9lm\u00e9nyeket \u00e9s tud\u00e1st ann\u00e1l t\u00f6bbet hoztunk haza. A 11. Jodo Eur\u00f3pa Bajnoks\u00e1g volt a 4. alkalom, hogy magyar r\u00e9sztvev\u0151k is indultak a versenyen. (Az esem\u00e9ny web oldala)&nbsp; A h\u00e1romnapos esem\u00e9nyen k\u00e9t szemin\u00e1rium ker\u00fclt &hellip; <a href=\"https:\/\/shinbukan.hu\/?p=19652\" class=\"more-link\"><span class=\"screen-reader-text\">&#8222;2012 EJC (Br\u00fcsszel)&#8221;<\/span> b\u0151vebben<\/a><\/p>\n","protected":false},"author":2,"featured_media":0,"comment_status":"open","ping_status":"open","sticky":false,"template":"","format":"standard","meta":{"footnotes":""},"categories":[],"tags":[],"class_list":["post-19652","post","type-post","status-publish","format-standard","hentry"],"_links":{"self":[{"href":"https:\/\/shinbukan.hu\/index.php?rest_route=\/wp\/v2\/posts\/19652","targetHints":{"allow":["GET"]}}],"collection":[{"href":"https:\/\/shinbukan.hu\/index.php?rest_route=\/wp\/v2\/posts"}],"about":[{"href":"https:\/\/shinbukan.hu\/index.php?rest_route=\/wp\/v2\/types\/post"}],"author":[{"embeddable":true,"href":"https:\/\/shinbukan.hu\/index.php?rest_route=\/wp\/v2\/users\/2"}],"replies":[{"embeddable":true,"href":"https:\/\/shinbukan.hu\/index.php?rest_route=%2Fwp%2Fv2%2Fcomments&post=19652"}],"version-history":[{"count":0,"href":"https:\/\/shinbukan.hu\/index.php?rest_route=\/wp\/v2\/posts\/19652\/revisions"}],"wp:attachment":[{"href":"https:\/\/shinbukan.hu\/index.php?rest_route=%2Fwp%2Fv2%2Fmedia&parent=19652"}],"wp:term":[{"taxonomy":"category","embeddable":true,"href":"https:\/\/shinbukan.hu\/index.php?rest_route=%2Fwp%2Fv2%2Fcategories&post=19652"},{"taxonomy":"post_tag","embeddable":true,"href":"https:\/\/shinbukan.hu\/index.php?rest_route=%2Fwp%2Fv2%2Ftags&post=19652"}],"curies":[{"name":"wp","href":"https:\/\/api.w.org\/{rel}","templated":true}]}}