{"id":19656,"date":"2012-09-29T12:22:00","date_gmt":"2012-09-29T12:22:00","guid":{"rendered":""},"modified":"-0001-11-30T00:00:00","modified_gmt":"-0001-11-29T22:00:00","slug":"","status":"publish","type":"post","link":"https:\/\/shinbukan.hu\/?p=19656","title":{"rendered":"\u0150szi Iaido Szemin\u00e1rium (Budapest)"},"content":{"rendered":"<p>A tavalyi tan\u00edt\u00e1shoz hasonl\u00f3an fokozatonk\u00e9nti csoportokban gyakorolhattunk azok vezet\u00e9s\u00e9vel, akik az el\u0151z\u0151 napokban k\u00f6zvetlen\u00fcl tanulhattak Yamasaki Sensei-t\u0151l &#8211; a magyar v\u00e1logatott csapat tagjai (n\u00e9h\u00e1ny szerencs\u00e9s iaidok\u00e1-val kieg\u00e9sz\u00fclve) azonban tov\u00e1bbra is szem\u00e9lyes jelleg\u0171 tan\u00edt\u00e1st kaptak.<\/p>\n<div>\n<div style=\"text-align: right;\"><i>Az el\u0151tt\u00fcnk j\u00e1r\u00f3kt\u00f3l tanulunk (term\u00e9szetesen nem csak). Fokozattan igaz ez a szemin\u00e1riumokra is &#8211; \u00e1m semmik\u00e9ppen nem elhanyagolhat\u00f3 t\u00e9ny a fokozatok k\u00f6z\u00f6tt k\u00fcl\u00f6nbs\u00e9g..<\/i><\/div>\n<div style=\"text-align: right;\"><i>A gyakorlatban ez a legt\u00f6bbsz\u00f6r azt jelenti, hogy a kezd\u0151k a mindennapokban egy alacsonyabb dan fokozattal rendelkez\u0151ket k\u00f6vethetnek, nagyobb esem\u00e9nyeken pedig nem k\u00f6zvetlen\u00fcl a vezet\u0151 adja \u00e1t tapasztalatait, hanem magasabb fokozattal rendelkez\u0151 iaidok\u00e1k &#8211; \u00e9s m\u00e1ris el\u00e9rkezt\u00fcnk a l\u00e9nyeghez: ritk\u00e1n kaphatunk k\u00f6zvetlen\u00fcl valamit olyan mestert\u0151l, aki sz\u00e1munkra t\u00e1vol van &#8211; aki a c\u00e9lt, az ide\u00e1lt testes\u00edti meg a v\u00e9gtelen \u00daton.<\/i><\/div>\n<div style=\"text-align: right;\"><i><br \/><\/i><\/div>\n<div style=\"text-align: right;\"><i>Ezen a h\u00e9tv\u00e9g\u00e9n ez a hatalmas t\u00e1vols\u00e1g megsz\u0171nt sz\u00e1momra, hiszem Yamasaki Sensei volt a csoportunk vezet\u0151je, \u0151 mutatta be a gyakorlatokat, \u0151 fogta a shinai-t \u00e9s a bokut\u00f3-t, \u0151 jav\u00edtotta ki a hib\u00e1inkat &#8211; azt hiszem, ez eg\u00e9szen kiv\u00e9teles alkalom volt.<\/i><\/div>\n<div style=\"text-align: right;\"><i><br \/><\/i><\/div>\n<div style=\"text-align: right;\"><i>Sensei a technikai tud\u00e1son t\u00fal fontosnak tartotta Budo felfog\u00e1s szerinti mozdulatokat, \u00e9s &#8222;\u00e9les&#8221; szitu\u00e1ci\u00f3kba helyezett minket, hogy meg\u00e9rts\u00fck ezeket.<\/i><\/div>\n<div style=\"text-align: right;\"><i><br \/><\/i><\/div>\n<div style=\"text-align: right;\"><i>M\u00e9ly nyomot hagyott bennem ez a h\u00e9tv\u00e9ge, tud\u00e1ssal t\u00e1voztam, melyet lassan be\u00e9p\u00edtek a mozdulataimba..<\/i><\/div>\n<div>\n<\/div>\n<p>Az esem\u00e9ny most is vizsg\u00e1kkal z\u00e1rult &#8211; ez\u00faton is gratul\u00e1lunk Farkas Zs\u00f3fia \u00e9s V\u00e1gv\u00f6lgyi G\u00e1bor klubtagjainknak a sikeres 1. Dan fokozat megszerz\u00e9s\u00e9hez!<\/p>\n<\/div>\n<p><img loading=\"lazy\" decoding=\"async\" class=\"aligncenter wp-image-19438 size-large\" src=\"\/fenykepalbum\/keptar_389_big_2012.09.30_yamasaki_7487.jpg\" alt=\"\" width=\"840\" height=\"473\" \/><\/p>\n<p><img loading=\"lazy\" decoding=\"async\" class=\"aligncenter wp-image-19438 size-large\" src=\"\/fenykepalbum\/keptar_389_big_2012.09.30_yamasaki_csoport2_1024.jpg\" alt=\"\" width=\"840\" height=\"473\" \/><\/p>\n<p><img loading=\"lazy\" decoding=\"async\" class=\"aligncenter wp-image-19438 size-large\" src=\"\/fenykepalbum\/keptar_389_big_2012.09.30_shinbukan_1_dan_1dan_0.jpg\" alt=\"\" width=\"840\" height=\"473\" \/><\/p>\n<p><img loading=\"lazy\" decoding=\"async\" class=\"aligncenter wp-image-19438 size-large\" src=\"\/fenykepalbum\/keptar_389_big_2012.09.30_shinbukan_1_dan_1dan_3.jpg\" alt=\"\" width=\"840\" height=\"473\" \/><\/p>\n","protected":false},"excerpt":{"rendered":"<p>A tavalyi tan\u00edt\u00e1shoz hasonl\u00f3an fokozatonk\u00e9nti csoportokban gyakorolhattunk azok vezet\u00e9s\u00e9vel, akik az el\u0151z\u0151 napokban k\u00f6zvetlen\u00fcl tanulhattak Yamasaki Sensei-t\u0151l &#8211; a magyar v\u00e1logatott csapat tagjai (n\u00e9h\u00e1ny szerencs\u00e9s iaidok\u00e1-val kieg\u00e9sz\u00fclve) azonban tov\u00e1bbra is szem\u00e9lyes jelleg\u0171 tan\u00edt\u00e1st kaptak. Az el\u0151tt\u00fcnk j\u00e1r\u00f3kt\u00f3l tanulunk (term\u00e9szetesen nem csak). Fokozattan igaz ez a szemin\u00e1riumokra is &#8211; \u00e1m semmik\u00e9ppen nem elhanyagolhat\u00f3 t\u00e9ny a fokozatok &hellip; <a href=\"https:\/\/shinbukan.hu\/?p=19656\" class=\"more-link\"><span class=\"screen-reader-text\">&#8222;\u0150szi Iaido Szemin\u00e1rium (Budapest)&#8221;<\/span> b\u0151vebben<\/a><\/p>\n","protected":false},"author":2,"featured_media":0,"comment_status":"open","ping_status":"open","sticky":false,"template":"","format":"standard","meta":{"footnotes":""},"categories":[],"tags":[],"class_list":["post-19656","post","type-post","status-publish","format-standard","hentry"],"_links":{"self":[{"href":"https:\/\/shinbukan.hu\/index.php?rest_route=\/wp\/v2\/posts\/19656","targetHints":{"allow":["GET"]}}],"collection":[{"href":"https:\/\/shinbukan.hu\/index.php?rest_route=\/wp\/v2\/posts"}],"about":[{"href":"https:\/\/shinbukan.hu\/index.php?rest_route=\/wp\/v2\/types\/post"}],"author":[{"embeddable":true,"href":"https:\/\/shinbukan.hu\/index.php?rest_route=\/wp\/v2\/users\/2"}],"replies":[{"embeddable":true,"href":"https:\/\/shinbukan.hu\/index.php?rest_route=%2Fwp%2Fv2%2Fcomments&post=19656"}],"version-history":[{"count":0,"href":"https:\/\/shinbukan.hu\/index.php?rest_route=\/wp\/v2\/posts\/19656\/revisions"}],"wp:attachment":[{"href":"https:\/\/shinbukan.hu\/index.php?rest_route=%2Fwp%2Fv2%2Fmedia&parent=19656"}],"wp:term":[{"taxonomy":"category","embeddable":true,"href":"https:\/\/shinbukan.hu\/index.php?rest_route=%2Fwp%2Fv2%2Fcategories&post=19656"},{"taxonomy":"post_tag","embeddable":true,"href":"https:\/\/shinbukan.hu\/index.php?rest_route=%2Fwp%2Fv2%2Ftags&post=19656"}],"curies":[{"name":"wp","href":"https:\/\/api.w.org\/{rel}","templated":true}]}}