{"id":19670,"date":"2013-03-16T12:22:00","date_gmt":"2013-03-16T12:22:00","guid":{"rendered":""},"modified":"-0001-11-30T00:00:00","modified_gmt":"-0001-11-29T22:00:00","slug":"","status":"publish","type":"post","link":"https:\/\/shinbukan.hu\/?p=19670","title":{"rendered":"Jap\u00e1n harcm\u0171v\u00e9szetek &#8211; 2. el\u0151ad\u00e1s (Budapest)"},"content":{"rendered":"<p>Klubtagjaink r\u00e9szt vettek a jap\u00e1n harcm\u0171v\u00e9szetek kialakul\u00e1s\u00e1r\u00f3l, h\u00e1tter\u00e9r\u0151l \u00e9s hat\u00e1sair\u00f3l sz\u00f3l\u00f3 el\u0151ad\u00e1ssorozat 3 r\u00e9sz\u00e9n.<\/p>\n<p><b>Dr. Sakai Toshinobu:&nbsp;&#8222;Bevezet\u00e9s a Budo-elm\u00e9letbe&#8221; (&#27494;&#36947;&#23398;&#27010;&#35542;)<\/b><\/p>\n<p>Sakai Toshinobu a Tsukuba Egyetemen (Jap\u00e1n, Ibaraki) oktat, kutat\u00e1si ter\u00fclete a budo t\u00f6rt\u00e9nete \u00e9s szellemis\u00e9ge (a Jap\u00e1n mentalit\u00e1s a kard fogalm\u00e1val val\u00f3 \u00f6sszef\u00fcgg\u00e9sben).&nbsp;<br \/>A Jap\u00e1n Budo Akad\u00e9mia p\u00e1lyad\u00edj\u00e1t 1995-ben nyerte el, 1997-ben pedig a Komoto-d\u00edjat kapta meg a testnevel\u00e9si, eg\u00e9szs\u00e9g\u00fcgyi- \u00e9s sporttudom\u00e1nyi kutat\u00e1sok el\u0151mozd\u00edt\u00e1s\u00e1\u00e9rt (Tsukuba Egyetem). Gyakorol\u00f3 harcm\u0171v\u00e9sz Kendo st\u00edlusban a 7. dan fokozattal rendelkezik. El\u0151ad\u00e1s\u00e1b\u00f3l a jap\u00e1n harcm\u0171v\u00e9szetek elm\u00e9leti h\u00e1tter\u00e9t ismerhett\u00fck meg.<\/p>\n<p><b>A Tsukuba Egyetem mesterk\u00e9pz\u00e9ses hallgat\u00f3i mutatt\u00e1k be 15-15 percben saj\u00e1t kutat\u00e1saikat:<\/b><\/p>\n<p>1, MITOMA Sae:&#12288;A kamae a kenjutsuban \u00e9s a kend\u00f3ban &#8211; t\u00f6rt\u00e9neti kutat\u00e1s k\u00f6z\u00e9ppontban az Itt&#333;ry&#363;vel (&#21091;&#34899;&#12539;&#21091;&#36947;&#12398;&#27083;&#12360;&#12395;&#38306;&#12377;&#12427;&#21490;&#30340;&#30740;&#31350;)<\/p>\n<p>2, MOTOSHIMA Namika:&nbsp;Az emp\u00e1ti\u00e1t n\u00f6vel\u0151 k\u00f6z\u00e9piskolai kend\u00f3oktat\u00e1si program kifejleszt\u00e9se \u00e9s lelki hat\u00e1sainak vizsg\u00e1lata (&#20849;&#24863;&#12434;&#39640;&#12417;&#12427;&#20013;&#23398;&#26657;&#21091;&#36947;&#25480;&#26989;&#12503;&#12525;&#12464;&#12521;&#12512;&#12398;&#38283;&#30330;&#12392;&#24515;&#29702;&#30340;&#21177;&#26524;&#12398;&#26908;<wbr>&#35342;)<\/p>\n<p>3, KODERA Chihiro:&nbsp;T\u00e9nyfelt\u00e1r\u00f3 kutat\u00e1s azokr\u00f3l a k\u00f6z\u00e9piskol\u00e1kr\u00f3l, ahol a kend\u00f3klub-tev\u00e9kenys\u00e9g k\u00fcl\u00f6n\u00f6sen er\u0151s (&#39640;&#31561;&#23398;&#26657;&#21091;&#36947;&#37096;&#27963;&#36947;&#12395;&#12362;&#12369;&#12427;&#24375;&#35946;&#26657;&#12398;&#23455;&#24907;&#35519;&#26619;)<\/p>\n<p><a href=\"http:\/\/www.tkbf.hu\/budo\" target=\"_blank\">http:\/\/www.tkbf.hu\/budo<\/a><\/p>\n<div><\/div>\n<p><img loading=\"lazy\" decoding=\"async\" class=\"aligncenter wp-image-19438 size-large\" src=\"\/fenykepalbum\/keptar_428_big_eloadas.jpg\" alt=\"\" width=\"840\" height=\"473\" \/><\/p>\n<p><img loading=\"lazy\" decoding=\"async\" class=\"aligncenter wp-image-19438 size-large\" src=\"\/fenykepalbum\/keptar_428_big_eloadas_plakat.jpg\" alt=\"\" width=\"840\" height=\"473\" \/><\/p>\n","protected":false},"excerpt":{"rendered":"<p>Klubtagjaink r\u00e9szt vettek a jap\u00e1n harcm\u0171v\u00e9szetek kialakul\u00e1s\u00e1r\u00f3l, h\u00e1tter\u00e9r\u0151l \u00e9s hat\u00e1sair\u00f3l sz\u00f3l\u00f3 el\u0151ad\u00e1ssorozat 3 r\u00e9sz\u00e9n. Dr. Sakai Toshinobu:&nbsp;&#8222;Bevezet\u00e9s a Budo-elm\u00e9letbe&#8221; (&#27494;&#36947;&#23398;&#27010;&#35542;) Sakai Toshinobu a Tsukuba Egyetemen (Jap\u00e1n, Ibaraki) oktat, kutat\u00e1si ter\u00fclete a budo t\u00f6rt\u00e9nete \u00e9s szellemis\u00e9ge (a Jap\u00e1n mentalit\u00e1s a kard fogalm\u00e1val val\u00f3 \u00f6sszef\u00fcgg\u00e9sben).&nbsp;A Jap\u00e1n Budo Akad\u00e9mia p\u00e1lyad\u00edj\u00e1t 1995-ben nyerte el, 1997-ben pedig a Komoto-d\u00edjat kapta &hellip; <a href=\"https:\/\/shinbukan.hu\/?p=19670\" class=\"more-link\"><span class=\"screen-reader-text\">&#8222;Jap\u00e1n harcm\u0171v\u00e9szetek &#8211; 2. el\u0151ad\u00e1s (Budapest)&#8221;<\/span> b\u0151vebben<\/a><\/p>\n","protected":false},"author":2,"featured_media":0,"comment_status":"open","ping_status":"open","sticky":false,"template":"","format":"standard","meta":{"footnotes":""},"categories":[],"tags":[],"class_list":["post-19670","post","type-post","status-publish","format-standard","hentry"],"_links":{"self":[{"href":"https:\/\/shinbukan.hu\/index.php?rest_route=\/wp\/v2\/posts\/19670","targetHints":{"allow":["GET"]}}],"collection":[{"href":"https:\/\/shinbukan.hu\/index.php?rest_route=\/wp\/v2\/posts"}],"about":[{"href":"https:\/\/shinbukan.hu\/index.php?rest_route=\/wp\/v2\/types\/post"}],"author":[{"embeddable":true,"href":"https:\/\/shinbukan.hu\/index.php?rest_route=\/wp\/v2\/users\/2"}],"replies":[{"embeddable":true,"href":"https:\/\/shinbukan.hu\/index.php?rest_route=%2Fwp%2Fv2%2Fcomments&post=19670"}],"version-history":[{"count":0,"href":"https:\/\/shinbukan.hu\/index.php?rest_route=\/wp\/v2\/posts\/19670\/revisions"}],"wp:attachment":[{"href":"https:\/\/shinbukan.hu\/index.php?rest_route=%2Fwp%2Fv2%2Fmedia&parent=19670"}],"wp:term":[{"taxonomy":"category","embeddable":true,"href":"https:\/\/shinbukan.hu\/index.php?rest_route=%2Fwp%2Fv2%2Fcategories&post=19670"},{"taxonomy":"post_tag","embeddable":true,"href":"https:\/\/shinbukan.hu\/index.php?rest_route=%2Fwp%2Fv2%2Ftags&post=19670"}],"curies":[{"name":"wp","href":"https:\/\/api.w.org\/{rel}","templated":true}]}}