{"id":19674,"date":"2013-05-24T12:22:00","date_gmt":"2013-05-24T12:22:00","guid":{"rendered":""},"modified":"-0001-11-30T00:00:00","modified_gmt":"-0001-11-29T22:00:00","slug":"","status":"publish","type":"post","link":"https:\/\/shinbukan.hu\/?p=19674","title":{"rendered":"Iaido SEN, az 1000 kata napja (Visegr\u00e1d)"},"content":{"rendered":"<div><b>Az \u00e9n SEN-em<\/b><\/div>\n<div>&nbsp;<\/div>\n<div>Napok \u00f3ta tudtam, de p\u00e9ntek reggel k\u00e9ts\u00e9gbevonhatatlanul \u00e9reztem, nem vagyok felk\u00e9sz\u00fclt. Sem a lelkem, sem a testem nem volt j\u00f3 \u00e1llapotban. Munka k\u00f6zben pr\u00f3b\u00e1ltam menteni a menthet\u0151t, igyekeztem harmoniz\u00e1lni magam. A ked\u00e9lyemmel nem volt gond, \u00e9s f\u00e9lsz sem volt bennem. Puszt\u00e1n t\u00f6bbet v\u00e1rtam magamt\u00f3l. A biztat\u00f3 jelek egyike m\u00e9g cs\u00fct\u00f6rt\u00f6k este \u00e9rkezett, mikor a m\u00e1skor zajos \u00e9s klubt\u00e1rsak \u00e1ltal is oly szeretett Csiga k\u00e1v\u00e9z\u00f3 egy csendes zug\u00e1ban elkezdtek csordog\u00e1lni a SEN p\u00e9ntek esti el\u0151k\u00e9sz\u00fcl\u0151 r\u00e9sz\u00e9hez a m\u00e9g hi\u00e1nyz\u00f3 gondolatok. \u00d6ssze \u00e1llt bennem a teljes r\u00edtus, ami bevezet majd minket arra az \u00daTra, melyen m\u00e9g sem j\u00e1rtunk.&nbsp;<\/p>\n<\/div>\n<div style=\"text-align: center;\"><img decoding=\"async\" src=\"letoltes\/1345\/2013.05.25_sen_9685.jpg\"><\/div>\n<div><\/div>\n<div>A 12-dik sorozatn\u00e1l (- egy sorozat, k\u00f6r 12 kat\u00e1-b\u00f3l \u00e1llt- ) (Teh\u00e1t ekkor a sz\u00e1ml\u00e1l\u00f3 \u00e1ll\u00e1sa 144.), ami m\u00e9g nagyon a kezdet volt, \u00e9reztem: nem megy, sz\u00e1momra hamarosan v\u00e9get \u00e9r a kat\u00e1-k sorozata. A k\u00f6vetkez\u0151 sz\u00e9ria alatt nem is tudtam ki vagyok, mi t\u00f6rt\u00e9nik. Valahogy el\u00e9rkezett a 16dik sorozat, \u00e9s ekkor a test jelzett: gyorsan el kell hagynom a termet. \u00cdgy maradtam ki a 19-20 k\u00f6r\u00f6kb\u0151l, amit sz\u00fcnet k\u00f6vetett. Megk\u00eds\u00e9reltem felz\u00e1rk\u00f3zni a csapathoz, + 1 k\u00f6r, majd az ezt a k\u00f6vetkez\u0151 sz\u00fcnetben siker\u00fclt a m\u00e1sodik is. Itt forrtunk \u00f6ssze teljesen, \u00e9s ett\u0151l kezdve az is nyilv\u00e1nval\u00f3v\u00e1 v\u00e1lt egy\u00fctt megy a csapat el\u0151re, a tervezett szabad pihen\u0151k helyett&#8230;.<\/div>\n<div><\/div>\n<div>Mi vitt tov\u00e1bb?<\/div>\n<div>Nagyon sz\u00e9gyelltem volna, ha pont \u00e9n sz\u00e1lltam volna ki, \u00e9s el\u0151vettem k\u00e9t gondolatot: Nem adok le a min\u0151s\u00e9gb\u0151l, \u00e9s harcolok.<\/div>\n<div>Hogy ker\u00fcltem a T\u00e1rnokv\u00f6lgyi csat\u00e1ba? \u00cdgy:<\/div>\n<div><\/div>\n<div><i>&#8222;j\u00e1rt\u00e1l csat\u00e1ban<\/i><\/div>\n<div><i>t\u00e1rnokv\u00f6lgyi csat\u00e1ban<\/i><\/div>\n<div><i>j\u00e1rt\u00e1l csat\u00e1ban<\/i><\/div>\n<div><i>t\u00e1rnokv\u00f6lgyi csat\u00e1ban<\/i><\/div>\n<div><i>\u00e9gsz\u00ednk\u00e9k ruh\u00e1ban<\/i><\/div>\n<div><i>szemek z\u00e1szlaj\u00e1ban<\/i><\/div>\n<div><i>hunok t\u00e1bor\u00e1ban<\/i><\/div>\n<div><i>attila v\u00e1ros\u00e1ban<\/i><\/div>\n<div><i>vil\u00e1g ellen\u00e9ben<\/i><\/div>\n<div><i>isten gy\u00f6trelm\u00e9ben<\/i><\/div>\n<div><i>\u00e9let szerelm\u00e9ben<\/i><\/div>\n<div><i>diadal jegy\u00e9ben<\/i><\/div>\n<div><i>hej! &#8222;<\/i><\/div>\n<div><\/div>\n<div>Ism\u00e9t meger\u0151s\u00f6d\u00f6tt bennem a gondolat, a hit, ezt nem \u00e9n csin\u00e1ltam, ehhez \u00e9n kev\u00e9s lettem volna, kellett m\u00e9g valami&#8230;<\/div>\n<div><\/div>\n<div>Hadijelent\u00e9s:<\/div>\n<div>Az eddigi leger\u0151teljesebb csap\u00e1st m\u00e9rt\u00fck a sz\u00fcrk\u00e9kre, \u00e9s az eg\u00f3nkra.<\/div>\n<div>Egy ilyen napon az allergia is megh\u00e1tr\u00e1lt&#8230;<\/div>\n<div><\/p>\n<div style=\"text-align: center;\"><img decoding=\"async\" src=\"letoltes\/1345\/2013.05.25_sen_9538.jpg\"><\/div>\n<\/div>\n<div>&nbsp;<\/div>\n<div><b>A mi SEN-\u00fcnk<\/b><\/div>\n<div><\/div>\n<div>Csod\u00e1latos Paradoxonok<\/div>\n<div>Hatan, majd \u00f6ten, egy\u00fctt, eggy\u00e9 forrva, \u00e9s m\u00e9gis a saj\u00e1t utakon.<\/div>\n<div>Hal\u00e1losan f\u00e1radtan, \u00e9s er\u0151teljesen iaido-zva.<\/div>\n<div>Elveszetten, de a gy\u0151zelem fel\u00e9.<\/div>\n<div>Harcolni, v\u00e1gni, puszt\u00edt\u00e1s n\u00e9lk\u00fcl, \u00e9p\u00edtve.<\/div>\n<div><\/div>\n<div>A kezd\u0151 \u00e9s z\u00e1r\u00f3szavak \u00f6ssze\u00e9rtek<\/div>\n<div>K\u00edv\u00e1nom, hogy \u00e9ps\u00e9gben t\u00e9rj\u00fcnk meg utunkr\u00f3l, a mi az ismeretlenbe vezet.<\/div>\n<div>Mindannyian \u00e9pen t\u00e9rt\u00fcnk vissza.<\/div>\n<div>Gyarapodottan t\u00e9rj\u00fcnk vissza, t\u00f6bbek legy\u00fcnk kil\u00e9p\u00e9skor, mint bel\u00e9p\u00e9skor.<\/div>\n<div>Mindannyian gazdagabban \u00e9rkezt\u00fcnk meg.<\/div>\n<div>J\u00e1ratlan \u00fatra mer\u00e9szked\u00fcnk, szerezz\u00fcnk tapasztalatokat.<\/div>\n<div>Bej\u00e1rtuk az addig j\u00e1ratlant, \u00e9s tapasztaltabbak lett\u00fcnk.<\/div>\n<div><\/div>\n<div>F\u00e1radts\u00e1gom elvette a lehet\u0151s\u00e9g\u00e9t, hogy a z\u00e1rsz\u00f3n\u00e1l el\u0151hozakodhassak egy meglepet\u00e9snek sz\u00e1nt h\u00edrrel. A SEN napja az egyik legnagyobb buddhista \u00fcnnep napja volt \u00e9s a Tibeti buddhizmus szerint 10milli\u00f3szoros nap. Azaz ami aznap megfogant, az 10milli\u00f3szoros\u00e1ra er\u0151s\u00f6dik.<\/p>\n<\/div>\n<div style=\"text-align: center;\"><img decoding=\"async\" src=\"letoltes\/1345\/2013.05.25_sen_9467.jpg\"><\/div>\n<div><\/div>\n<div>M\u00e9rhetetlen sok pozit\u00edv er\u0151 sz\u00fcletett az nap. Miv\u00e9 duzzadhat&#8230;.?<\/div>\n<div><\/p>\n<div style=\"text-align: right;\"><i>H\u00e1bermajer G\u00e1bor<br \/><\/i><img decoding=\"async\" src=\"letoltes\/1345\/2013.05.25_sen_s.jpg\" width=\"60\"><\/div>\n<\/div>\n<div>\n<hr>\n<\/div>\n<div>(&#8230;)<\/p>\n<\/div>\n<div>\n<div>Ut\u00e1lom, hogy l\u00e9teznek izmaim!<\/div>\n<div><\/div>\n<div>Az els\u0151 edz\u00e9s Sen ut\u00e1n, tegnap este. Kor\u00e1n \u00e9rkeztem, ez\u00e9rt volt id\u0151m a magam rendj\u00e9ben elkezdeni mindent, felmos\u00f3 v\u00f6d\u00f6rt\u00f6lt\u00e9s, Shinze felrak\u00e1sa, els\u0151 cs\u00edk, r\u00e1g\u00f3tlan\u00edt\u00e1s, r\u00e1hangol\u00f3d\u00e1s. A magam idej\u00e9ben, nem sietett senki, nem \u00e9rzek k\u00e9nyszereket, csak megtehetem ami nekem kell, \u00fagy ahogy nekem fontos.<\/div>\n<div><\/div>\n<div>Felemel\u0151 volt, \u00fajra itthon, \u00fajra benne valamiben, amiben otthonosan mozgok, amiben szeretek l\u00e9tezni.<\/div>\n<div><\/div>\n<div>Elkezdtem egy sorozatot, 12 kata \u00e9s arra gondoltam ez m\u00e9g az, ez m\u00e9g a r\u00e9sze a sennek. Az is volt. Le\u00edrhatatlan \u00e9rz\u00e9s a mozg\u00e1s ilyen tudatlanul, m\u00e9gis \u00e9beren \u00e9s mindent \u00e9rezve. Azt\u00e1n elindult! Az izmaim r\u00e1\u00e9bredtek, hogy l\u00e9teznek \u00fajra \u00e9s a rutin, a szok\u00e1s elkezdte \u0151ket mozgatni. K\u00fczd\u00f6ttem ellene, de fokozatosan visszat\u00e9rt minden. Azt hiszem ez \u00edgy volt rendj\u00e9n, ekkor elm\u00falt a sen.<\/p>\n<\/div>\n<div style=\"text-align: center;\"><img decoding=\"async\" src=\"letoltes\/1345\/2013.05.25_sen_9926.jpg\"><\/div>\n<div><\/div>\n<div>A mozg\u00e1som \u00fajra akadoz\u00f3, er\u0151s, tudatos \u00e9s pontokat k\u00f6vet\u0151 lett. Edzettem.<\/div>\n<div><\/div>\n<div>Ezzel sincs bajom, ez is hely\u00e9nval\u00f3!<\/div>\n<\/div>\n<div style=\"text-align: right;\"><i>Vass Gergely<\/i><\/div>\n<div style=\"text-align: right;\"><img decoding=\"async\" src=\"letoltes\/1345\/2013.05.25_sen_g.jpg\" width=\"60\"><\/div>\n<div>\n<hr>\n<p>(&#8230;)<\/p>\n<div>P\u00e9nteken \u00fatnak indultunk. A Visegr\u00e1dra vezet\u0151 egy \u00f3r\u00e1s \u00fat a zajt\u00f3l-munk\u00e1t\u00f3l val\u00f3 elszakad\u00e1st seg\u00edtette.<\/p>\n<p>A v\u00e1ros r\u00e9gi ismer\u0151sk\u00e9nt fogadott minket. A csapat nagy r\u00e9sze az \u00e9ttermi egym\u00e1sra hangol\u00f3d\u00e1st v\u00e1lasztotta, \u00e9n egy hagyom\u00e1nyos cukr\u00e1szdal\u00e1togat\u00e1s ut\u00e1n a szeles Duna parton \u00fcltem a hull\u00e1mokat hallgatva &#8211; \u00e9s v\u00e9g\u00fcl meg\u00e9rkeztem.<\/p>\n<p><img decoding=\"async\" src=\"letoltes\/1345\/2013.05.25_sen_9449.jpg\"><\/p>\n<div>&nbsp;<\/div>\n<div>Elfoglaltuk a termet, alaposan kitakar\u00edtottuk (k\u00e9s\u0151bb a ruh\u00e1inkon l\u00e9v\u0151 nyomokat vizsg\u00e1lva r\u00e1 kellett \u00e9bredn\u00fcnk, hogy ez lehetetlen), kialak\u00edtottuk a k\u00f6zponti helyet, gyerty\u00e1t, m\u00e9csest \u00e9s f\u00fcst\u00f6l\u0151t gy\u00fajtottunk \u00e9s megtiszt\u00edtottuk a helyet &#8211; majd \u00e1t\u00f6lt\u00f6zt\u00fcnk, \u00e9s v\u00e1gtunk.<\/div>\n<div><\/p>\n<div style=\"text-align: center;\"><img decoding=\"async\" src=\"letoltes\/1345\/2013.05.25_sen_9481.jpg\"><\/p>\n<\/div>\n<\/div>\n<div>A korai pihen\u0151 kicsit k\u00e9s\u0151bb kezd\u0151d\u00f6tt..\u00e9s nagyon gyorsan hajnal lett.<\/div>\n<div>&nbsp;<\/div>\n<div>Elkezd\u0151d\u00f6tt.<\/div>\n<div>&nbsp;<\/div>\n<div>120 formagyakorlatot csin\u00e1ltunk egyszerre, ut\u00e1na mindig pihen\u0151t tartottunk. A v\u00e1ros aludt, csak a komp zaja sz\u0171r\u0151d\u00f6tt be &#8211; \u00e9s a harangok.<\/div>\n<div>\u00c9szrev\u00e9tlen\u00fcl lett reggel, majd d\u00e9lel\u0151tt &#8211; az els\u0151 500 kata ut\u00e1n azonban tudtuk, ez az \u00dat k\u00f6nnyebb r\u00e9sze volt.<\/div>\n<div><\/div>\n<div>A pihen\u0151k egyre hosszabbak voltak. Az asztalon ban\u00e1n, izot\u00f3ni\u00e1s (vagy izot\u00f3pos..) por a v\u00edzben, m\u00fczliszeletek &#8211; \u00e9s kuri\u00f3zumk\u00e9nt szlov\u00e1k sajt \u00e9s Koffola &#8211; seg\u00edtett\u00e9k az energiafelv\u00e9telt.<\/div>\n<div>Zoli f\u00e1zott, de rend\u00fcletlen\u00fcl vezette a kis csapatot, \u00e9s egyre ink\u00e1bb nyilv\u00e1nval\u00f3v\u00e1 v\u00e1lt, hogy az egy\u00e9ni sz\u00fcnetek beiktat\u00e1sa nem j\u00e1rhat\u00f3, ezt csak egy\u00fctt vihetj\u00fck v\u00e9ghez..<\/p>\n<div style=\"text-align: center;\"><img decoding=\"async\" src=\"letoltes\/1345\/2013.05.25_sen_9956.jpg\"><\/div>\n<p><\/div>\n<div>K\u00f6zben k\u00e9pek \u00e9s rajzok k\u00e9sz\u00fcltek, volt egy k\u00e1v\u00e9 sz\u00fcnet..f\u00e1radtunk. D\u00e9lut\u00e1n \u00fagy \u00e9reztem, \u00e9g a talpam..volt egy &#8222;k\u00f6r&#8221;, amikor cs\u00fasz\u00e1s helyett ink\u00e1bb l\u00e9ptem..de seg\u00edtett egy kis ragaszt\u00f3.<\/div>\n<div>&nbsp;<\/div>\n<div>\u00c9s 720..840..m\u00e1r sokkal lassabban mozogtunk. Le\u00fclni is f\u00e1jt, \u00e9s j\u00f6tt az utols\u00f3 k\u00f6r.<\/div>\n<div>Egyre kevesebb gondolat volt..de \u00e1tvillant az agyamon, hogy hol van a fizikai teljes\u00edt\u0151k\u00e9pess\u00e9g\u00fcnk hat\u00e1ra? \u00c9s mi t\u00f6rt\u00e9nik ut\u00e1na &#8211; a szellem\u00fcnkkel?<\/div>\n<div>A gondolatn\u00e9lk\u00fclis\u00e9get Zoli egyre er\u0151sebb hangja t\u00f6rte meg, a test\u00fcnk pedig m\u00e1r automatikusan folyt bele a k\u00f6vetkez\u0151 form\u00e1ba..k\u00f6zeledett a v\u00e9g(e)..<\/div>\n<div>\u00c9s az utols\u00f3 pihen\u0151..elmaradt. 14 k\u00f6r lett a t\u00edzb\u0151l, egyek voltunk, m\u00e1r nem volt semmi, \u00e9s m\u00e9g 36..24..12..<\/p>\n<\/div>\n<div style=\"text-align: center;\"><img decoding=\"async\" src=\"letoltes\/1345\/2013.05.25_sen_9953.jpg\"><\/div>\n<div><\/div>\n<div><b>KIAIIIIIIIIIIIII!<\/b><\/div>\n<div><\/div>\n<div>Megcsin\u00e1ltuk!<\/div>\n<div><\/div>\n<div>Lez\u00e1rtuk a napot&#8230;zuhanyoz\u00e1s, vacsora..\u00e9s m\u00e9ly \u00e1lom, a l\u00e1thatatlan Telihold alatt.<\/div>\n<div><\/div>\n<div>Reggel t\u0171zgy\u00fajt\u00e1ssal b\u00facs\u00faztunk &#8211; mert a gyertya v\u00e9gig \u00e9gett.<\/p>\n<div align=\"center\"><img decoding=\"async\" src=\"http:\/\/shinbukan.hu\/letoltes\/1345\/2013.05.26_vegetuz.jpg\" width=\"500\" style=\"text-align: center;\"><\/div>\n<\/div>\n<div><\/div>\n<div>(&#8230;)<\/p>\n<div style=\"text-align: center;\"><\/div>\n<\/div>\n<div>K\u00f6sz\u00f6n\u00f6m Sensei! K\u00f6sz\u00f6n\u00f6m Gerg\u0151, Szilveszter, Zoli, Robi \u00e9s Lucia hogy egym\u00e1st seg\u00edtve eljutottunk ide is..!<\/div>\n<div><\/div>\n<div style=\"text-align: center;\">Persze nem tudom hol ez az &#8222;itt&#8221;.. Innent\u0151l is csak megy\u00fcnk tov\u00e1bb, mint eddig &#8211; egy\u00fctt.<\/div>\n<div style=\"text-align: center;\"><img decoding=\"async\" src=\"http:\/\/shinbukan.hu\/letoltes\/1345\/2013.05.25_sen_9928.jpg\"><\/div>\n<div><\/p>\n<div style=\"text-align: right;\"><i>Szilva Imre<br \/><\/i><img decoding=\"async\" src=\"letoltes\/1345\/2013.05.25_sen_i.jpg\" width=\"60\"><\/div>\n<\/div>\n<div style=\"text-align: right;\"><\/p>\n<hr>\n<\/div>\n<div>(&#8230;)<\/p>\n<p>N\u00e9h\u00e1ny sz\u00e1raz adattal szeretn\u00e9m kezdeni:<\/p>\n<\/div>\n<div>04:48 &#8211; az els\u0151 v\u00e1g\u00e1s<\/div>\n<div>05:51 &#8211; 100. kata<\/div>\n<div>07:18 &#8211; 200. kata<\/div>\n<div>08:38 &#8211; 300. kata<\/div>\n<div>10:18 &#8211; 400. kata<\/div>\n<div>12:25 &#8211; 500. kata<\/div>\n<div>13:38 &#8211; 600. kata<\/div>\n<div>15:38 &#8211; 700. kata<\/div>\n<div>17:08 &#8211; 800. kata<\/div>\n<div>18:58 &#8211; 900. kata<\/div>\n<div>20:00 &#8211; 1000. kata<\/div>\n<div><\/div>\n<div>Kicsit t\u00e1volabb a sz\u00e1razs\u00e1gt\u00f3l, de m\u00e9g mindig adatok:<\/div>\n<div>12. k\u00f6r &#8211; hatan \u00f6sszhangban egy\u00fctt a vil\u00e1gmindens\u00e9ggel<\/div>\n<div>14. k\u00f6r &#8211; 6,5 perc, lesz\u00e1m\u00edtva az pihen\u0151k ut\u00e1ni els\u0151 k\u00f6r\u00f6ket a k\u00f6rid\u0151k 6-7 perc k\u00f6z\u00f6tt mozogtak eg\u00e9sz nap<\/div>\n<div>400. kata tsuka ate, mindenkir\u0151l k\u00e9sz\u00fclt egy k\u00e9p<\/div>\n<div>1000. kata csoportk\u00e9p k\u00e9sz\u00fclt kata k\u00f6zben<\/div>\n<div><\/div>\n<div>T\u00e1volabb az adatokt\u00f3l:<\/div>\n<div>600. kata ut\u00e1n \u00fajra\u00e9leszt\u00e9s \u00e9s k\u00e1v\u00e9 Kov\u00e1cs b\u00e1csin\u00e1l, m\u00e1r csak 400 van h\u00e1tra, egy\u00fctt estetek \u00e1t a holt ponton, n\u00e9zlek Titeket 601, 602, 603&#8230; mintha most kezdt\u00e9tek volna, n\u00e9h\u00e1ny pillanattal k\u00e9s\u0151bb 660.<\/div>\n<div>682. kata az \u00f6sszhang<\/div>\n<div>58. k\u00f6r (684.-696. kat\u00e1k) valami t\u00f6rt\u00e9nt, \u00e9reztem az energi\u00e1t, szinte teljesen egyszerre mozogtok, ushiro nukitsuke \u00f6nk\u00e9ntelen\u00fcl r\u00e1ndul egyet a testem, t\u00f6bb mint \u00f6t m\u00e9terre vagytok m\u00e9gis \u00e9rzem a v\u00e1g\u00e1st, &nbsp;kesagiri, morote tzuki most veszem \u00e9szre, hogy majdnem a falon vagyok eltoltok, ilyen iaidot m\u00e9g nem l\u00e1ttam.<\/div>\n<div>69. k\u00f6r a hal\u00e1l (egyszerre zuhantok a m\u00e9lybe)<\/div>\n<div>70. k\u00f6r ism\u00e9t harcoltok<\/div>\n<div><\/p>\n<div style=\"text-align: center;\"><img decoding=\"async\" src=\"letoltes\/1345\/2013.05.25_sen_9865.jpg\"><\/div>\n<\/div>\n<div><\/div>\n<div>Este 8 \u00f3ra, a lemen\u0151 nap aranys\u00e1rg\u00e1s f\u00e9nyei a Makovecz terem gal\u00e9ri\u00e1j\u00e1t pomp\u00e1s \u00fcnnepi ruh\u00e1ba \u00f6lt\u00f6ztetik. Jobb oldalatokon a nap halv\u00e1ny arany legyez\u0151t rajzol a falra. Eln\u00e9mul a komp, a v\u00e1ros zajai sem hallhat\u00f3k, n\u00e9ma csend. Minden er\u0151met \u00f6sszeszedve mondom ki az ezredik kata nev\u00e9t, b\u00e1r tudom \u00e9s l\u00e1tom is most nincs sz\u00fcks\u00e9getek energi\u00e1ra, sug\u00e1rzik a lelketek. &nbsp;A sz\u00e1zad fordul\u00f3k is szerett\u00e9k a 8-as sz\u00e1mot, \u00e9s mivel p\u00e9ntek est\u00e9t\u0151l a vil\u00e1gegyetemmel \u00f6sszhangban dolgoztok teljesen term\u00e9szetes, hogy az 1000. kata este 8 \u00f3rakor fejez\u0151dik be. Miel\u0151tt kimondhatn\u00e1m a k\u00f6vetkez\u0151 kata nev\u00e9t megsz\u00f3lal a harang, mely a k\u00f6r v\u00e9g\u00e9ig sz\u00fcntelen\u00fcl lelkesen hirdeti az ezer sz\u00f3t. Az utols\u00f3 kata ism\u00e9t n\u00e9ma csendben, nukiuchi, h\u00e1tra majd el\u0151re, s az utols\u00f3 v\u00e1g\u00e1s kiaival egy\u00fctt v\u00e1g v\u00e9get a csendnek, a t\u00e9rnek \u00e9s id\u0151nek, az ezernek. \u00dajra nyugalom \u00e9s csend vesz k\u00f6r\u00fcl titeket.<\/div>\n<div>V\u00e9ge. vagy m\u00e9gsem?<\/div>\n<div><\/p>\n<div style=\"text-align: center;\"><img decoding=\"async\" src=\"letoltes\/1345\/2013.05.25_sen_9521.jpg\"><\/div>\n<\/div>\n<div><\/div>\n<div>K\u00f6sz\u00f6n\u00f6m hogy veletek lehettem!<\/div>\n<div><\/p>\n<div style=\"text-align: right;\"><i>Koz\u00e1r Zolt\u00e1n<\/i><\/div>\n<div style=\"text-align: right;\"><img decoding=\"async\" src=\"letoltes\/1345\/2013.05.25_sen_z.jpg\" width=\"60\"><\/div>\n<hr>\n<div>(&#8230;)<\/div>\n<div>Rettent\u0151 neh\u00e9z szavakba \u00f6nteni az \u00e1t\u00e9lt t\u00f6rt\u00e9n\u00e9seket, s m\u00e9g egyel\u0151re kavarognak bennem az \u00e9rz\u00e9sek&#8230;<\/p>\n<\/div>\n<div>F\u00e9lelemmel vegyes tisztelettel k\u00f6zeledtem az esem\u00e9nyhez, elk\u00e9pzel\u00e9sem nem igaz\u00e1n volt r\u00f3la, hogy milyen is lesz, de azt tudtam, hogy az eddigi egyik legnagyobb er\u0151pr\u00f3ba el\u0151tt \u00e1lok. Az el\u0151tte val\u00f3 napokban a r\u00e1hangol\u00f3d\u00e1s sajnos egy\u00e1ltal\u00e1n nem ment, de p\u00e9ntek este h\u00e1la H\u00e1ber Sensei &#8222;cerem\u00f3ni\u00e1inak&#8221;, azt\u00e1n m\u00e9gis siker\u00fclt. M\u00e1r ott este \u00e9rz\u0151d\u00f6tt, hogy valami \u00f6ssze\u00e1llt nagyon m\u00e1snapra. Meglepet\u00e9semre hajnalban \u00e9breszt\u0151re nem volt sz\u00fcks\u00e9gem, a kijel\u00f6lt kel\u00e9s el\u0151tt 10 perccel magamt\u00f3l \u00e9bredtem.<\/div>\n<div>\n<\/div>\n<div>Az els\u0151 120-as sz\u00e9ria rettent\u0151 furcsa volt, a testem nem \u00e9rtette, hogy mi\u00e9rt kell mozogni hajnalok hajnal\u00e1n. Azt\u00e1n belelend\u00fclt\u00fcnk, majd hanyatlottunk s \u00fajra \u00f6sszeszedt\u00fck magunkat. Minden ciklusban egyszer legal\u00e1bb meghaltam s felt\u00e1madtam. De ahogy \u00e9reztem, a t\u00f6bbiek is. Mindig volt valaki, aki beleadta az extra energi\u00e1t, amikor m\u00e1r nagyon nem ment m\u00e1soknak, s ett\u0151l \u00fajra er\u0151re kaptak az erej\u00fck v\u00e9g\u00e9n l\u00e9v\u0151k, s vissza is t\u00f6lt\u00f6tt\u00e9k a k\u00f6lcs\u00f6nvett energi\u00e1t. Megtapasztaltam, hogy milyen er\u0151 n\u00e9lk\u00fcl, tudattalanul mozogni.<\/div>\n<div>A falra ki volt t\u00e9ve a festm\u00e9ny, az \u00fat mely a hegyekbe visz. Engem az \u00fat el\u0151sz\u00f6r a m\u00e9lybe vitt, ahol meg kellett tapasztalnom a s\u00f6t\u00e9ts\u00e9get s szenved\u00e9st, hogy ut\u00e1na \u00fajra a felsz\u00ednre j\u00f6hessek. Csod\u00e1s dolog az emberi test s elme, amikor m\u00e1r \u00fagy \u00e9rzem, hogy k\u00e9sz v\u00e9ge, ennyi volt, akkor mindig r\u00e1 kellett j\u00f6jjek, hogy m\u00e9g b\u0151ven van a tartal\u00e9kokb\u00f3l, csak el\u0151 kell tudni hozni \u0151ket. Mivel? Akarattal, sz\u00edvvel, l\u00e9lekkel.<\/p>\n<\/div>\n<div>\n<div style=\"text-align: center;\"><img decoding=\"async\" src=\"letoltes\/1345\/2013.05.25_sen_9541.jpg\"><\/div>\n<p><\/div>\n<div>K\u00f6sz\u00f6n\u00f6m Senseinek, Iminek, Gerg\u0151nek, Robinak, Luci\u00e1nak s v\u00e9g\u00fcl de nem utols\u00f3 sorban Zolinak, hogy ott voltak, s t\u00e1mogattak s \u00e9n is t\u00e1mogathattam \u0151ket, s meg\u00e9lt\u00fck ezt a nem mindennapi &#8222;kalandot&#8221;. S a harangok mindig tudt\u00e1k, mikor kell sz\u00f3ljanak&#8230;<\/div>\n<div><\/p>\n<div style=\"text-align: right;\"><i>F\u00e1bos Szilveszter<\/i><\/div>\n<\/div>\n<div style=\"text-align: right;\"><img decoding=\"async\" src=\"letoltes\/1345\/2013.05.25_sen_sz.jpg\" width=\"60\"><\/div>\n<hr>\n<div>(&#8230;)<\/div>\n<div>Hetekig el\u0151re gondolkoztam azon vajon k\u00e9pes vagyok e felvenni a k\u00fczdelmet a Iaido Sen Heggyel.<\/div>\n<div>Nem tal\u00e1ltam v\u00e1laszt.&nbsp;<\/div>\n<div>A edz\u00e9seimben pr\u00f3b\u00e1ltam a Sen r\u00e9szeit felhozni es megerezni milyen is lesz, amikor neki\u00e1llunk.<\/div>\n<div>Ez csak t\u00f6bb k\u00e9telyt hozott sz\u00e1momra: hogy ha ilyen neh\u00e9z egy p\u00e1r sz\u00e1zzal megk\u00fczdeni, hogy lesz lehets\u00e9ges a Sen-nel boldogulni?<\/div>\n<div>&nbsp;<\/div>\n<div>Cs\u00fct\u00f6rt\u00f6k este m\u00e1r alig tudtam aludni, a gondolataim m\u00e1r r\u00e9g elindultak, \u00e9s a Visegr\u00e1d fel\u00e9 mutat\u00f3 \u00faton j\u00e1rtak.&nbsp;<\/div>\n<div>A p\u00e9ntek reggel hamarabb el\u00e9rkezett, mind gondoltam &#8211; \u00e9s mint szerettem volna.&nbsp;<\/div>\n<div>D\u00e9l k\u00f6r\u00fcl elindultam, \u00e9s a GPS t\u00e1mogat\u00e1s\u00e1val 3,5 \u00f3r\u00e1s \u00fat ut\u00e1n meg\u00e9rkeztem a Visegradi Dojo ajtaja el\u00e9.<\/div>\n<div>&nbsp;<\/div>\n<div>Nem tudtam, mit v\u00e1rjak, mi lesz most, hogyan fog lezajlani az este, \u00e9s a k\u00f6vetkez\u0151 hossz\u00fa nap.<\/div>\n<div>&nbsp;<\/div>\n<div>\u00d6sszegy\u0171lt\u00fcnk, szinte \u00e9rezhet\u0151 volt a fesz\u00fclts\u00e9g &#8211; pozit\u00edv fesz\u00fclts\u00e9g, \u00f6r\u00f6mmel kevert.<\/div>\n<div>&nbsp;<\/div>\n<div>Mind az el\u0151k\u00e9sz\u00fclet, amelyik p\u00e9ntek este lezajlott sz\u00e1momra nagy seg\u00edts\u00e9g, hogy a testem es lelkem lenyugodjon, \u00e9s be\u00e1lljon az \u00f6sszhang.<\/div>\n<div>Ahogy \u00edrom ezeket &nbsp;a sorokat, eg\u00e9sz er\u0151mmel pr\u00f3balom felid\u00e9zni az \u00e9rz\u00e9st, nem megy&#8230;<\/div>\n<div>&#8230;a Dojo felmos\u00e1sa, &nbsp;jelek felrak\u00e1sa, kamiza \u00e9p\u00edt\u00e9s, Dojo szellemi tiszt\u00edt\u00e1s, happogiri, kard tiszt\u00edt\u00e1s, alv\u00f3 hely v\u00e1laszt\u00e1s \u00e9s elk\u00e9sz\u00edt\u00e9s \u00e9s a sok besz\u00e9lget\u00e9s, ha az ember ezen elgondolkozik, term\u00e9szetesnek t\u0171nik, hogy m\u00e1r nem lehet ugyanazt \u00e9rezni, mivel egyedi volt az id\u0151.<\/div>\n<div><\/p>\n<div style=\"text-align: center;\"><img decoding=\"async\" src=\"letoltes\/1345\/2013.05.25_sen_9687.jpg\"><\/div>\n<\/div>\n<div>&nbsp;<\/div>\n<div>Gyertyaf\u00e9ny, \u00e1rny\u00e9kok, csend, \u00e9des \u00e1lom.<\/div>\n<div>&nbsp;<\/div>\n<div>Enyhe harangoz\u00e1s a Haber Sensei-t\u0151l sz\u00e1rmaz\u00f3 cseng\u0151t\u0151l. \u00cdgy lettem \u00e9ber \u00e9s az els\u0151 gondolatom: ma elj\u00f6tt a Sen napja.<\/div>\n<div>Gyors, de egyar\u00e1nt nyugodt mosd\u00e1s, \u00f6lt\u00f6zk\u00f6d\u00e9s.<\/div>\n<div>K\u00f6z\u00f6s Rei.<\/div>\n<div>&nbsp;<\/div>\n<div>Majd a kedves Toban-unk &#8211; Zoli &#8211; el\u0151sz\u00f6r a napon visszatartott energi\u00e1val &#8211; ez \u00edgy volt j\u00f3 mert k\u00e9s\u0151bb nagyobb sz\u00fcks\u00e9g\u00fcnk volt r\u00e1 &#8211; Mae-t &#8222;parancsolt&#8221;.&nbsp;<\/div>\n<div>&nbsp;<\/div>\n<div>Elkezd\u0151d\u00f6tt.<\/div>\n<div>&nbsp;<\/div>\n<div>Els\u0151 12 vagy ink\u00e1bb 10&#215;12 kat\u00e1mat furcs\u00e1nak tal\u00e1ltam, \u00e9s nagyon igyekeznem kellett, hogy tartsam magam a k\u00f6z\u00f6s mozg\u00e1sban. Az els\u0151 sz\u00fcnet ut\u00e1n ez v\u00e1ltozott, megereztem az Iai-t, \u00e9s \u00f6r\u00f6met okozott a gyakorl\u00e1s.<\/div>\n<div>400 kata ut\u00e1n m\u00e9g nem igaz\u00e1n \u00e9rtettem, hol van a kih\u00edv\u00e1s, mi lehet ezen neh\u00e9z.<\/div>\n<div>&nbsp;<\/div>\n<div>120 kat\u00e1val k\u00e9s\u0151bb m\u00e1r \u00e9rtettem a dolgot, minden k\u00fcl\u00f6n kat\u00e1nak pr\u00f3b\u00e1ltam er\u0151t, zanshin-t, \u00e9rtelmet \u00e9s a saj\u00e1t Iaido-mat adni. De ezek az er\u0151k fogytak, \u00e9s egyre nehezebbnek \u00e9reztem minden mozdulatomat.<\/div>\n<div>Mi\u00e9rt folytatom? Hiszen ak\u00e1rmikor ki lehet sz\u00e1llni.<\/div>\n<div>Az \u00f6t\u00f6s \u00f6sszhang, ez volt a k\u00f6z\u00f6s er\u0151nk, a hajt\u00f3 energi\u00e1nk. Ha egyik\u00fcnk abbahagyta volna, nem tudom, hogy a t\u00f6bbi k\u00e9pes lett-e volna befejezni. \u00c9n magamat ink\u00e1bb mint egy seg\u00e9ly eszk\u00f6zt l\u00e1ttam, \u00e9s minden er\u0151mb\u0151l akartam \u00e9s pr\u00f3b\u00e1ltam amikor csak tudtam megosztani a marad\u00f3 energi\u00e1mat.&nbsp;<\/div>\n<div>&nbsp;<\/div>\n<div>Minden 120 kata ut\u00e1n helycsere volt, ez nem volt sz\u00e1momra t\u00fal \u00e9rthet\u0151, amikor megvan a helyem, \u00e9s bele\u00e9p\u00fcl\u00f6k a gyakorl\u00e1sba megint v\u00e1ltanom kell..&nbsp;<\/div>\n<div>Amikor az \u00f6t\u00f6dik k\u00f6rben a k\u00f6z\u00e9ps\u0151 poz\u00edci\u00f3ra ker\u00fcltem az \u00f6t\u00f6s form\u00e1ci\u00f3 k\u00f6z\u00e9ppontj\u00e1ba \u00e9rkeztem.<\/div>\n<div>Itt kaptam er\u0151t, szinte \u00fagy lehetne fogalmazni, hogy felt\u00f6lt\u0151dtem, mivel minden oldalr\u00f3l kaptam er\u0151t \u00e9s motiv\u00e1ci\u00f3t.<\/div>\n<div>&nbsp;<\/div>\n<div>800 &#8211; az izmok m\u00e1r nem m\u0171k\u00f6dnek, a tudatom egy-egyeket kihagy, csak a Iai marad bennem. A kat\u00e1ban l\u00e9v\u0151 mozdulatok sohasem t\u0171ntek ilyen term\u00e9szetesnek, nem volt m\u00e1r benn\u00fck sz\u00fcks\u00e9gtelen er\u0151, nem volt nyom\u00e1s, igyekezet, kapkod\u00e1s.<\/div>\n<div><\/p>\n<div style=\"text-align: center;\"><img decoding=\"async\" src=\"letoltes\/1345\/2013.05.25_sen_9798.jpg\"><\/div>\n<\/div>\n<div>&nbsp;<\/div>\n<div>1000 kata &#8211; Gohonme kesagiri, ezt sohasem fogom felejteni.<\/div>\n<div>Majd meg 8 kata, hogy befejezz\u00fck a k\u00f6rt, harangsz\u00f3.<\/div>\n<div>Az id\u0151z\u00edt\u00e9s nem lehetett volna jobb.<\/div>\n<div><\/div>\n<div>Euf\u00f3ria, \u00f6r\u00f6m, hogy k\u00f6z\u00f6sen siker\u00fclt, eszm\u00e9letlen f\u00e1radts\u00e1g, f\u00e1jdalom, lelki gazdags\u00e1g. &nbsp;<\/div>\n<div>R\u00e1tal\u00e1ltunk a harm\u00f3ni\u00e1ra, m\u00e9g ha csak egy pillanatra is: ez a pillanat t\u00f6k\u00e9letes volt.<\/div>\n<div>&nbsp;<\/div>\n<div>Szeretnem megk\u00f6sz\u00f6nni nektek, mindenkinek, aki ott volt azon a napon, azoknak is, akik csak par percre voltak, akik csak n\u00e9ztek &#8211; ti is seg\u00edts\u00e9get ny\u00fajtottatok nek\u00fcnk- , k\u00f6sz\u00f6n\u00f6m t\u00e1rsaimnak, \u00e9s a remek toban-unknak.<\/div>\n<div>&nbsp;<\/div>\n<div>\u0151szint\u00e9n \u00f6r\u00fcl\u00f6k, hogy \u00fajra tal\u00e1lkoztunk!<\/div>\n<div style=\"text-align: right;\"><i>Kulcs\u00e1r R\u00f3bert<br \/><\/i><img decoding=\"async\" src=\"letoltes\/1345\/2013.05.25_sen_r.jpg\" width=\"60\"><\/div>\n<hr>\n<div style=\"text-align: center;\"><img decoding=\"async\" src=\"letoltes\/1345\/2013.05.25_sen_9857.jpg\"><\/p>\n<\/div>\n<div>A Sz\u00fcrkes\u00e9get legy\u0151z\u0151, a Poklokat \u00e9s Mennyeket bej\u00e1r\u00f3, s\u00edrni \u00e9s nevetni tud\u00f3, csontig \u00e9s atomig leny\u00fazott, el\u00fcszk\u00f6s\u00f6d\u00f6tt, hamuv\u00e1 \u00e9gett, azt\u00e1n F\u0151nix mad\u00e1rk\u00e9nt \u00fajra sz\u00fclet\u0151, \u00daJJ\u00c1 SZ\u00dcLET\u0151, csod\u00e1latos, sz\u00e9ps\u00e9ges f\u00e9rfiak, b\u00fcszkes\u00e9ggel t\u00f6lt el, hogy veletek lehettem \u00e9s k\u00f6sz\u00f6n\u00f6m, hogy elk\u00eds\u00e9rhettelek benneteket az \u00daton!<\/div>\n<div>T\u00f6rt\u00e9nelmet alkottunk&#8230;<\/div>\n<div style=\"text-align: right;\"><i>\u00c1rkay Lucia<\/i><\/div>\n<\/div>\n<div style=\"text-align: right;\"><img decoding=\"async\" src=\"letoltes\/1345\/2013.05.25_sen_l.jpg\" width=\"60\"><\/div>\n<hr>\n<div>R\u00f6viden tudtam ott lenni helyben, de t\u00e1volr\u00f3l r\u00e9g\u00f3ta k\u00eds\u00e9rtem ezt a form\u00e1l\u00f3d\u00e1st.<\/div>\n<div>J\u00f3 volt ez \u00edgy, elenged\u00e9sben. \u00c9s j\u00f3 volt ebb\u0151l a t\u00e1vols\u00e1gb\u00f3l \u00e9rezni a h\u00faz\u00e1st, az \u00f6rv\u00e9nyt, amit kavartatok.<\/div>\n<div><\/div>\n<div>Hazaj\u00f6ttem \u00e9s K\u00f6r\u00f6si Csoma mondata v\u00e1rt a h\u00e1l\u00f3n.<\/p>\n<\/div>\n<div style=\"text-align: center;\"><i>&#8222;Az utat \u00e9n akartam, mert engem akart az \u00fat.&#8221;<\/p>\n<p><\/i><\/div>\n<div>R\u00edmel mindenre, amit l\u00e1ttam \u00e9s \u00e9lek a mindennapjaimban: hogy nem kell, de nem is volna el\u00e9g nekem akarnom az \u00fatjaimat&#8230; \u00c9s akkor ezt most nem magyar\u00e1zom tov\u00e1bb.<\/div>\n<\/div>\n<\/div>\n<div style=\"text-align: right;\"><i>Mih\u00e1lyi Patr\u00edcia<\/p>\n<p><\/i><\/div>\n<p><img loading=\"lazy\" decoding=\"async\" class=\"aligncenter wp-image-19438 size-large\" src=\"\/fenykepalbum\/keptar_1345_big_2013.05.25_sen_csoport.jpg\" alt=\"\" width=\"840\" height=\"473\" \/><\/p>\n<p><img loading=\"lazy\" decoding=\"async\" class=\"aligncenter wp-image-19438 size-large\" src=\"\/fenykepalbum\/keptar_1345_big_2013.05.25_sen_kozben1.jpg\" alt=\"\" width=\"840\" height=\"473\" \/><\/p>\n<p><img loading=\"lazy\" decoding=\"async\" class=\"aligncenter wp-image-19438 size-large\" src=\"\/fenykepalbum\/keptar_1345_big_2013.05.25_sen_feny.jpg\" alt=\"\" width=\"840\" height=\"473\" \/><\/p>\n","protected":false},"excerpt":{"rendered":"<p>Az \u00e9n SEN-em &nbsp; Napok \u00f3ta tudtam, de p\u00e9ntek reggel k\u00e9ts\u00e9gbevonhatatlanul \u00e9reztem, nem vagyok felk\u00e9sz\u00fclt. Sem a lelkem, sem a testem nem volt j\u00f3 \u00e1llapotban. Munka k\u00f6zben pr\u00f3b\u00e1ltam menteni a menthet\u0151t, igyekeztem harmoniz\u00e1lni magam. A ked\u00e9lyemmel nem volt gond, \u00e9s f\u00e9lsz sem volt bennem. Puszt\u00e1n t\u00f6bbet v\u00e1rtam magamt\u00f3l. A biztat\u00f3 jelek egyike m\u00e9g cs\u00fct\u00f6rt\u00f6k este &hellip; <a href=\"https:\/\/shinbukan.hu\/?p=19674\" class=\"more-link\"><span class=\"screen-reader-text\">&#8222;Iaido SEN, az 1000 kata napja (Visegr\u00e1d)&#8221;<\/span> b\u0151vebben<\/a><\/p>\n","protected":false},"author":2,"featured_media":0,"comment_status":"open","ping_status":"open","sticky":false,"template":"","format":"standard","meta":{"footnotes":""},"categories":[],"tags":[],"class_list":["post-19674","post","type-post","status-publish","format-standard","hentry"],"_links":{"self":[{"href":"https:\/\/shinbukan.hu\/index.php?rest_route=\/wp\/v2\/posts\/19674","targetHints":{"allow":["GET"]}}],"collection":[{"href":"https:\/\/shinbukan.hu\/index.php?rest_route=\/wp\/v2\/posts"}],"about":[{"href":"https:\/\/shinbukan.hu\/index.php?rest_route=\/wp\/v2\/types\/post"}],"author":[{"embeddable":true,"href":"https:\/\/shinbukan.hu\/index.php?rest_route=\/wp\/v2\/users\/2"}],"replies":[{"embeddable":true,"href":"https:\/\/shinbukan.hu\/index.php?rest_route=%2Fwp%2Fv2%2Fcomments&post=19674"}],"version-history":[{"count":0,"href":"https:\/\/shinbukan.hu\/index.php?rest_route=\/wp\/v2\/posts\/19674\/revisions"}],"wp:attachment":[{"href":"https:\/\/shinbukan.hu\/index.php?rest_route=%2Fwp%2Fv2%2Fmedia&parent=19674"}],"wp:term":[{"taxonomy":"category","embeddable":true,"href":"https:\/\/shinbukan.hu\/index.php?rest_route=%2Fwp%2Fv2%2Fcategories&post=19674"},{"taxonomy":"post_tag","embeddable":true,"href":"https:\/\/shinbukan.hu\/index.php?rest_route=%2Fwp%2Fv2%2Ftags&post=19674"}],"curies":[{"name":"wp","href":"https:\/\/api.w.org\/{rel}","templated":true}]}}