{"id":19676,"date":"2013-05-30T12:22:00","date_gmt":"2013-05-30T12:22:00","guid":{"rendered":""},"modified":"-0001-11-30T00:00:00","modified_gmt":"-0001-11-29T22:00:00","slug":"","status":"publish","type":"post","link":"https:\/\/shinbukan.hu\/?p=19676","title":{"rendered":"Jodo \u00e9s Iaido Szeminarium (VS-Schwenningen)"},"content":{"rendered":"<div>Sz\u00f3val Elnagh (belga Viki) sz\u00e1ll\u00edtott minket \u00e9s kb. az \u00fat elej\u00e9n eldurrant az egyik h\u00e1ts\u00f3ker\u00e9k. Ker\u00e9kcsere, k\u00f6zben vacsoraf\u0151z\u00e9s (nem tudom, Viki milyen volt, de Elnagh konyh\u00e1ja nagyobb, mint az itteni konyh\u00e1nk, sz\u00f3val j\u00f3kat ett\u00fcnk.) Emiatt iszony\u00fa k\u00e9s\u0151n \u00e9rt\u00fcnk Villingenbe \u00e9s Ivan \u00e9s Joc\u00f3 els\u0151 nap zombultak. A seitei nap gyorsan eltelt: d\u00e9lel\u0151tt rengeteg kihon volt, majd a kat\u00e1k sorban. Midare dome ut\u00e1n kett\u00e9v\u00e1lt a csoport \u00e9s a vizsg\u00e1z\u00f3k k\u00fcl\u00f6n k\u00e9sz\u00fcltek. D\u00e9lut\u00e1n voltak a vizsg\u00e1k, az\u00e9rt, hogy a versenyen mindenki az \u00faj fokozata szerint induljon. Ez arra j\u00f3 &#8211; Dannecker sensei magyar\u00e1zta el &#8211; hogy ne \u00fagy induljanak az EB-n, hogy az adott kateg\u00f3ri\u00e1ban nincs semmi tapasztalatuk. Ez annyira be is v\u00e1lt, hogy a yondan versenyt egy egynapos yondan nyerte.<\/div>\n<div><\/div>\n<div>M\u00e1snap d\u00e9lel\u0151tt volt a verseny, el\u0151sz\u00f6r megn\u00e9zt\u00fck a godanokat, majd egyszerre volt a mudan-shodan-nidan verseny, \u00edgy egym\u00e1sb\u00f3l semmit sem l\u00e1ttunk. Ivan a mudanokn\u00e1l m\u00e1sodik lett (nem csoda, a tan\u00e1ra vele k\u00e9sz\u00fcl a yondan vizsg\u00e1j\u00e1ra), Joc\u00f3 pedig az egyenes kies\u00e9s szakaszban kapott ki Steffen Michaelist\u0151l. R\u00e1m lecsapott Marlen, akivel egy\u00fctt vizsg\u00e1ztunk az EB-n, \u00edgy bemeleg\u00edt\u00e9snek be\u00e1lltam tachinak (sim\u00e1n nyert), majd cser\u00e9lt\u00fcnk \u00e9s \u00e9n joztam. Der\u00fclt \u00e9gb\u0151l vill\u00e1mcsap\u00e1sk\u00e9nt \u00e9rt minket, hogy v\u00e9g\u00fcl \u00f6sszeker\u00fclt\u00fcnk az el\u0151d\u00f6nt\u0151ben, amit v\u00e9g\u00fclis \u00e9n nyertem. A d\u00f6nt\u0151ben viszont sim\u00e1n kikaptam Adrian\u00e1t\u00f3l, aki sokkal szebben jozott.<\/div>\n<div><\/div>\n<div>D\u00e9lut\u00e1n j\u00f6tt a jutalom: koryu! Mivel Joc\u00f3val azt besz\u00e9lt\u00fck meg, hogy igyeksz\u00fcnk min\u00e9l t\u00f6bbet idegenekkel jozni, sikeresen p\u00e1r n\u00e9lk\u00fcl maradtam (aki \u00fcgyetlen, az \u00fcgyetlen, na). Ekkor azonban felt\u0171nt Aad sensei \u00e9s r\u00e1m sz\u00e1nta a teljes d\u00e9lut\u00e1nj\u00e1t (\u00e9s innent\u0151l kezdve mindenki engem irigyelt). Mint kider\u00fclt Hayashi sensei Fukuoka-st\u00edlust gyakorol, \u00e9s minden kat\u00e1t bemutatott \u00f6sszehasonl\u00edt\u00e1sk\u00e9ppen (amit a. mindenki lelkesen fogadott b. t\u00e1tott sz\u00e1jjal n\u00e9zett c. egy\u00fctt\u00e9rz\u00e9sb\u0151l sok aucs! \u00e9s juj! is elhangzott.<\/div>\n<div><\/div>\n<div>A harmadik nap ZNKR iaido volt, d\u00e9lel\u0151tt Patrick sensei \u00e9s Ren\u00e9 sensei mutatt\u00e1k be a kat\u00e1k fontos pontjait, majd fokozat szerint csoportokban gyakoroltunk. &nbsp;Vas\u00e1rnap r\u00f6vid nap volt \u00e9s koryut gyakoroltunk, mindenki iskol\u00e1nak\/fokozat\u00e1nak megfelel\u0151en. Az esem\u00e9nyt embu z\u00e1rta, majd egy hossz\u00fa \u00fat Elnagh-gal vissza Belgiumba.<\/div>\n<div><\/div>\n<div style=\"text-align: right;\">Lovik Anik\u00f3<\/div>\n<p><img loading=\"lazy\" decoding=\"async\" class=\"aligncenter wp-image-19438 size-large\" src=\"\/fenykepalbum\/keptar_1347_big_2013.05.30_jodo.jpg\" alt=\"\" width=\"840\" height=\"473\" \/><\/p>\n","protected":false},"excerpt":{"rendered":"<p>Sz\u00f3val Elnagh (belga Viki) sz\u00e1ll\u00edtott minket \u00e9s kb. az \u00fat elej\u00e9n eldurrant az egyik h\u00e1ts\u00f3ker\u00e9k. Ker\u00e9kcsere, k\u00f6zben vacsoraf\u0151z\u00e9s (nem tudom, Viki milyen volt, de Elnagh konyh\u00e1ja nagyobb, mint az itteni konyh\u00e1nk, sz\u00f3val j\u00f3kat ett\u00fcnk.) Emiatt iszony\u00fa k\u00e9s\u0151n \u00e9rt\u00fcnk Villingenbe \u00e9s Ivan \u00e9s Joc\u00f3 els\u0151 nap zombultak. A seitei nap gyorsan eltelt: d\u00e9lel\u0151tt rengeteg kihon volt, &hellip; <a href=\"https:\/\/shinbukan.hu\/?p=19676\" class=\"more-link\"><span class=\"screen-reader-text\">&#8222;Jodo \u00e9s Iaido Szeminarium (VS-Schwenningen)&#8221;<\/span> b\u0151vebben<\/a><\/p>\n","protected":false},"author":2,"featured_media":0,"comment_status":"open","ping_status":"open","sticky":false,"template":"","format":"standard","meta":{"footnotes":""},"categories":[],"tags":[],"class_list":["post-19676","post","type-post","status-publish","format-standard","hentry"],"_links":{"self":[{"href":"https:\/\/shinbukan.hu\/index.php?rest_route=\/wp\/v2\/posts\/19676","targetHints":{"allow":["GET"]}}],"collection":[{"href":"https:\/\/shinbukan.hu\/index.php?rest_route=\/wp\/v2\/posts"}],"about":[{"href":"https:\/\/shinbukan.hu\/index.php?rest_route=\/wp\/v2\/types\/post"}],"author":[{"embeddable":true,"href":"https:\/\/shinbukan.hu\/index.php?rest_route=\/wp\/v2\/users\/2"}],"replies":[{"embeddable":true,"href":"https:\/\/shinbukan.hu\/index.php?rest_route=%2Fwp%2Fv2%2Fcomments&post=19676"}],"version-history":[{"count":0,"href":"https:\/\/shinbukan.hu\/index.php?rest_route=\/wp\/v2\/posts\/19676\/revisions"}],"wp:attachment":[{"href":"https:\/\/shinbukan.hu\/index.php?rest_route=%2Fwp%2Fv2%2Fmedia&parent=19676"}],"wp:term":[{"taxonomy":"category","embeddable":true,"href":"https:\/\/shinbukan.hu\/index.php?rest_route=%2Fwp%2Fv2%2Fcategories&post=19676"},{"taxonomy":"post_tag","embeddable":true,"href":"https:\/\/shinbukan.hu\/index.php?rest_route=%2Fwp%2Fv2%2Ftags&post=19676"}],"curies":[{"name":"wp","href":"https:\/\/api.w.org\/{rel}","templated":true}]}}