{"id":19677,"date":"2013-07-06T12:22:00","date_gmt":"2013-07-06T12:22:00","guid":{"rendered":""},"modified":"-0001-11-30T00:00:00","modified_gmt":"-0001-11-29T22:00:00","slug":"","status":"publish","type":"post","link":"https:\/\/shinbukan.hu\/?p=19677","title":{"rendered":"Az \u00edj\u00e1sz szakoszt\u00e1ly l\u00e1togat\u00e1sa a Kassai-v\u00f6lgyben a lovas\u00edj\u00e1szat fellegv\u00e1r\u00e1ban (Kaposm\u00e9r\u0151)"},"content":{"rendered":"<div>\n<div style=\"text-align: left;\"><b>V\u00f6lgyl\u00e1togat\u00e1s<\/b><\/div>\n<\/div>\n<div><\/div>\n<div>\u00c9n legal\u00e1bb 6 \u00e9ve k\u00e9sz\u00fcl\u00f6k a V\u00f6lgybe, de valahogy az \u00e9let mindig kibillentett e terv megval\u00f3s\u00edt\u00e1s\u00e1b\u00f3l, h\u00e1t meg\u00e9rtettem, hogy igaz\u00e1b\u00f3l csak most \u00e9rtem meg r\u00e1&#8230;. \u00edgy h\u00e1t most megadatott!<\/div>\n<div><\/div>\n<div>Cs\u00f6rg\u00f6tt, zizegett az aut\u00f3, dobogtak a sz\u00edvek, mint s\u00e1m\u00e1ndobok a sz\u00e9lben, nevet\u00e9s\u00fcnk sz\u00f3rta sz\u00e9t a napf\u00e9nyben \u00fasz\u00f3 somogyi dombs\u00e1g, r\u00e1\u00e1lltunk az \u00datra \u00e9s vitt\u00e9k a felh\u0151k is keresztbe-kasul a h\u00edrt, j\u00f6n egy furi csapat&#8230;. dorombolnak, tilink\u00f3znak, danol\u00e1sznak, kiss\u00e9 megsz\u00e1llottak, itt j\u00f3l elf\u00e9rnek majd, ide val\u00f3k!<\/div>\n<div><\/div>\n<div>Azt\u00e1n j\u00f6tt Lajos, er\u0151sen, hat\u00e1rozott szigorral teli l\u00e9ptekkel lefel\u00e9 a lejt\u0151n, \u00e9s az els\u0151 pillant\u00e1sok, \u00fcdv\u00f6zl\u00e9s, igen, igen, ilyen \u0151, ilyennek k\u00e9pzeltem&#8230; \u0151 ilyen!<\/div>\n<div><\/div>\n<div>Azt\u00e1n a t\u00e1jjal egy\u00fctt rezg\u0151, sz\u00e9p rendben tartott porta \u00e9s a lovas bemutat\u00f3 sz\u00edntere, sok feh\u00e9r l\u00f3 szel\u00edden, b\u00e9k\u00e9ben t\u0171rte a farokh\u00fazg\u00e1l\u00e1st, s\u00f6r\u00e9nybe kapaszkod\u00e1st, a f\u00fcl\u00fck mellett els\u00fcv\u00edt\u0151 ny\u00edlz\u00e1port, de kaptak sok simogat\u00e1st, szeretetet, szel\u00edden r\u00e1juk hajl\u00f3 t\u00fcnd\u00e9rkebleket no meg igazi &#8211; nem olyan nyakkend\u0151t\u0171r\u00f6get\u0151s &#8211; f\u00e9rfib\u0151l folyt ver\u00edt\u00e9ket. Gy\u00f6ny\u00f6r\u0171 volt l\u00e1tni, hogy ember \u00e9s l\u00f3 k\u00f6z\u00f6tt oly t\u00e1rskapcsolat is l\u00e9tezik, amilyet ember, ember mell\u00e9 is megirigyelhetne&#8230;<\/div>\n<div><\/div>\n<div>\u00c9s azt\u00e1n j\u00f6tt nyargalva a Kenta\u00far, belesimulva &nbsp;T\u00e9rbe \u00e9s Id\u0151be, \u00e1tv\u00e1ltoztatva maga k\u00f6r\u00fcl &nbsp;a l\u00e9g\u00e1ramlatot, az embereket \u00e9s vel\u00fck egy\u00fctt az arcukat, von\u00e1saikat. A falreped\u00e9sekbe megb\u00fav\u00f3 p\u00f3kok meg\u00e1lltak h\u00e1l\u00f3juk sz\u00f6v\u00e9s\u00e9ben, a ny\u00e1r kifesz\u00fclt egy pillanatra a z\u00f6ldell\u0151 r\u00e9tekre, a l\u00e9legzetem &nbsp;abbamaradt lecsusszanni a sz\u00e1jam sz\u00e9l\u00e9r\u0151l, meg\u00e1llt a pillant\u00e1s is a szememben&#8230; \u00e9s \u00fagy maradt&#8230;<\/div>\n<div><\/div>\n<div>Gy\u00f6ny\u00f6r\u0171, leny\u0171g\u00f6z\u0151 \u00e9lm\u00e9ny volt, mint maga ez az ember is, tud\u00e1s\u00e1val, tapasztalat\u00e1val \u00e9s azzal a kikezdhetetlen\u00fcl elsz\u00e1nt er\u0151vel, amivel kirakta \u00e1lmait maga k\u00f6r\u00e9. T\u00fckr\u00f6t tartva mindenkinek \u00f6nn\u00f6n p\u00e9ld\u00e1j\u00e1val, mire k\u00e9pes valaki, ha igaz\u00e1n komolyan veszi Saj\u00e1t mag\u00e1t!<\/div>\n<div><\/div>\n<div>Hossz\u00fa \u00f3r\u00e1kra r\u00e9v\u00fcletben tartott minket, &#8211; nyilatkozhatok azt hiszem mindenki nev\u00e9ben &#8211; vagy tal\u00e1n tart m\u00e9g mind a mai napig is&#8230;<\/div>\n<div><\/div>\n<div>Az\u00f3ta is magam el\u0151tt l\u00e1tom Az Embert, ahogyan \u00e1tv\u00e1gtat a poros \u00e9vgy\u0171r\u0171k f\u00e1ba z\u00e1rt Hun-Sors\u00e1n, megfesz\u00edtve \u00edj\u00e1t, \u00e9s c\u00e9lra tartva szakadatlan pr\u00f3b\u00e1lva kil\u0151ni a tescos, bankuralmi, online darsan &#8211; os, s\u00f6r \u00e9s virsli m\u00e1jus 1-re lebut\u00edtott m\u00e9dia m\u00e9diumait e zavar\u00e1ban t\u00falp\u00f6rg\u00f6tt Vil\u00e1gnak!<\/div>\n<div><\/div>\n<div>Vajon siker\u00fcl? Nem tudom&#8230;. De azt hiszem \u00e9s vallom, \u00e9s Kassai Lajos p\u00e9ld\u00e1ja is bizonyoss\u00e1g sz\u00e1momra, hogy a &nbsp;sz\u00e1nd\u00e9k, a tiszta sz\u00e1nd\u00e9k, a kikezdhetetlen sz\u00e1nd\u00e9k m\u00e9g mindig a leger\u0151sebb ny\u00edlvessz\u0151 eme Vil\u00e1gon!<\/div>\n<div><\/div>\n<div>( A legyek had\u00e1r\u00f3l besz\u00e9ljen m\u00e1s&#8230;.)<\/div>\n<div><\/div>\n<div style=\"text-align: right;\"><i>\u00c1rkay L\u00facia \u00d6tpata<\/i><\/div>\n<div><\/div>\n<hr>\n<div><\/div>\n<div><b>Visszat\u00e9r\u00e9s a gy\u00f6kerekhez<\/b><\/div>\n<div><\/div>\n<div>A h\u00e9tv\u00e9g\u00e9n kis n\u00e9gyf\u0151s csapatunk indult \u00fatnak, hogy elszakadjon a m\u00e1t\u00f3l a v\u00e1rost\u00f3l a technol\u00f3gi\u00e1t\u00f3l \u00e9s egy r\u00f6vid id\u0151re visszarep\u00fclj\u00f6n az id\u0151ben \u00e9s l\u00e1ssa milyen is volt lovas\u00edj\u00e1sznak lenni \u00fagy 1100 \u00e9vvel ezel\u0151tt.<\/div>\n<div><\/div>\n<div>Szombat r\u00e9v\u00e9n neh\u00e9z volt felkelni. Gyors k\u00e9sz\u00fcl\u0151d\u00e9s \u00e9s szinte semmi reggeli mellett indultam \u00fatnak, hogy a hajnali 7-re id\u0151z\u00edtett indul\u00e1st le ne k\u00e9ssem. T\u00e1sk\u00e1mban p\u00e1r v\u00e1lt\u00f3ruha volt arra az esetre, ha b\u0151rig \u00e1zn\u00e1k \u00e9s \u00fagy 15kg \u00e9tel (+-10dkg), hogy biztosan t\u00fal\u00e9lj\u00fck az utaz\u00e1st \u00e9lelem hi\u00e1ny n\u00e9lk\u00fcl. Mint ut\u00f3lag ki is der\u00fclt \u00e9pp csak egy icipicit terveztem t\u00fal az \u00e9tel mennyis\u00e9g\u00e9t, mert haza\u00fatra a nagy\u00e9tk\u0171 t\u00e1rsas\u00e1g, m\u00e1r, mind\u00f6sszesen, csup\u00e1n, csak 14.5kg hagyott bel\u0151le. Nem gond, legal\u00e1bb tudom, hogy legk\u00f6zelebbre el\u00e9g lesz k\u00e9t zacsk\u00f3 chips \u00e9s egy f\u00fcrt s\u00e1rgar\u00e9pa.<\/div>\n<div><\/div>\n<div>Az indul\u00e1st egy r\u00f6vid kit\u00e9r\u0151vel kezdt\u00fck, ahol felvett\u00fck \u00f6t pat\u00e1t (Luci\u00e1t), majd nem sokkal k\u00e9s\u0151bb m\u00e1r csilingelve sz\u00e1guldottunk az aut\u00f3p\u00e1ly\u00e1n. A csilingel\u00e9st nem v\u00e9letlen \u00edrom, ugyanis megalakult a Shinbukan nem hivatalos Muzsikan egy\u00fcttese. A kis lemez hamarosan kaphat\u00f3 a nagylemezre m\u00e9g v\u00e1rni kell. \ud83d\ude42<\/div>\n<div><\/div>\n<div>11 \u00f3rakor kezd\u0151d\u00f6tt a bemutat\u00f3 \u00edgy \u00e9rkez\u00e9s\u00fcnk ut\u00e1n m\u00e9g volt f\u00e9l \u00f3r\u00e1nk k\u00f6rben\u00e9zni. M\u00e1r messzir\u0151l is l\u00e1tszott, hogy egy igaz\u00e1n fest\u0151i helyre \u00e9rkezt\u00fcnk. Dombok, kisebb-nagyobb tavak, t\u00f6bbnyire szel\u00edd vaddiszn\u00f3k, lovak&#8230; Sajnos fot\u00f3zni tilos volt szavakkal pedig el\u00e9g neh\u00e9z visszaadni azt, amit ott l\u00e1ttunk.<\/div>\n<div><\/div>\n<div>A m\u0171sor, ami egy zenei al\u00e1fest\u00e9ses edz\u00e9s volt, volt hivatott bemutatatni azt mik\u00e9nt tan\u00edtj\u00e1k a csatalovakat. Ezen t\u00f6bb szempontb\u00f3l is meglep\u0151dtem. \u00c9n arra sz\u00e1m\u00edtottam, hogy el\u0151bb fognak a lovak zih\u00e1lni, mint a lovasok, de nagyot t\u00e9vedtem. Az edz\u00e9s els\u0151 fel\u00e9ben a lovaknak az volt a szerepe, hogy egy helyben \u00e1lljanak, m\u00edg a lovasok k\u00fcl\u00f6nb\u00f6z\u0151 mozg\u00e1sokat v\u00e9geztek k\u00f6r\u00fcl\u00f6tt\u00fck \u00e9s rajtuk. Fizikailag nagyon kem\u00e9nynek t\u0171nt. Id\u0151nk\u00e9nt minket a n\u00e9z\u0151ket is bevonta a dologba, amit\u0151l fergeteges hangulat lett. Labd\u00e1ztunk, kiab\u00e1ltunk, tapsoltunk, lovat simogattunk. Nagyszer\u0171 volt.<\/div>\n<div><\/div>\n<div>Azt gondoln\u00e1 az ember, hogy az \u00edj\u00e1szat remek dolog a lovagl\u00e1s remek dolog, akkor a lovas\u00edj\u00e1szat lehet a legeslegjobb id\u0151t\u00f6lt\u00e9s, amit el lehet k\u00e9pzelni. De pont a k\u00e9t dolog egy\u00fctt adja azt a neh\u00e9zs\u00e9get, ami miatt ez nem egy k\u00f6nnyed sz\u00f3rakoz\u00e1s. Ez bizony k\u0151kem\u00e9ny harcm\u0171v\u00e9szet.<\/div>\n<div><\/div>\n<div>D\u00e9lben azt\u00e1n \u00f6ssze\u00fclt\u00fcnk \u00e9s a legyek feket\u00e9n hull\u00e1mz\u00f3 tenger\u00e9nek f\u00e1radhatatlan ostroma alatt megs\u00fct\u00f6tt\u00fck \u00e9s megett\u00fck az eb\u00e9d\u00fcnket. \u00c9n m\u00e9g \u00e9letemben ennyi legyet nem l\u00e1ttam, de m\u00e1sok szerint egy ilyen helyen ez norm\u00e1lis. Legk\u00f6zelebb a sonka mell\u00e9 beteszek k\u00e9t flakon chemotoxot is, biztos, ami biztos. \ud83d\ude09<\/div>\n<div><\/div>\n<div>Mivel mi eg\u00e9szen estig maradtunk \u00edgy volt id\u0151nk l\u0151ni \u00e9s abban a szerencs\u00e9ben is r\u00e9sz\u00fclt\u00fcnk, hogy l\u00e1thattuk a mestert (Kassai Lajos) edz\u00e9s k\u00f6zben. Csup\u00e1n annyit lehet mondani r\u00e1, hogy elk\u00e9peszt\u0151! Nagyj\u00e1b\u00f3l 10 vessz\u0151t l\u0151tt ki egy v\u00e1gta folyam\u00e1n \u00e9s a legutols\u00f3t m\u00e1r j\u00f3 30 m\u00e9terr\u0151l h\u00e1trafel\u00e9! Nem mindennapi teljes\u00edtm\u00e9ny.<\/div>\n<div><\/div>\n<div>Este egy kis gy\u0171l\u00e9st tartottunk, ahol megoszthattuk egym\u00e1ssal a mai napr\u00f3l a gondolatainkat. Itt hangzott el az, hogy egy kult\u00fara fenntart\u00e1sa k\u00e9nyelmetlen, f\u00e1raszt\u00f3 dolog. A mai ember sokkal k\u00e9nyelmesebb. Ink\u00e1bb hagyja veszni, mint hogy id\u0151t sz\u00e1njon r\u00e1. \u00d6r\u00fcl\u00f6k neki, hogy vannak m\u00e9g k\u00f6zt\u00fcnk, akik \u0151rzik ennek a r\u00e9gi kult\u00far\u00e1nak az \u00f6r\u00f6ks\u00e9g\u00e9t.<\/div>\n<div><\/div>\n<div>Mivel a hangulat nagyon j\u00f3 volt, valamint \u00e9hesek is voltunk, nem indultunk egyb\u0151l vissza. Andi csin\u00e1lt lekv\u00e1ros kenyeret, amihez a f\u00e1r\u00f3l szedt\u00fcnk epret(?). Majd sajtot ett\u00fcnk amit v\u00e9g\u00fcl gumimacival koron\u00e1ztunk meg. K\u00f6zben Lucia \u00e9s Sensei zen\u00e9ltek. Hi\u00e1ba, \u00e9lni tudni kell&#8230; \ud83d\ude42<\/div>\n<div><\/div>\n<div style=\"text-align: right;\">&nbsp;<i>V\u00e1gv\u00f6lgyi G\u00e1bor<\/i><\/div>\n<hr>\n<div><b><br \/>Budo?<\/b><\/div>\n<div><\/div>\n<div>Az \u00e9lm\u00e9nymennyis\u00e9g hatalmas, szavakkal nehezen le\u00edrhat\u00f3, ez\u00e9rt csak egyetlen gondolati sz\u00e1lat ragadn\u00e9k meg.<\/div>\n<div><\/div>\n<div>\u00c9n ugyan nem l\u00e1ttam eleink mik\u00e9nt \u00edjazhattak 1000 \u00e9vvel ezel\u0151tt l\u00f3h\u00e1tr\u00f3l, de l\u00e1ttam egy nagyon modern \u00e9s csod\u00e1latos birtokot, iskol\u00e1t, \u00e9s egy fantasztikus vezet\u0151t, aki egyben mestere is \u00datj\u00e1nak. \u00c9s l\u00e1ttam a szerintem ide\u00e1lis &#8222;budo&#8221;-t. Az \u00faj kor eszk\u00f6zrendszer\u00e9vel, technik\u00e1j\u00e1val, \u00e9s m\u00e9gis az \u0151s\u00f6k szellem\u00e9vel. \u00dcvegsz\u00e1las lamin\u00e1lt \u00edjakb\u00f3l kil\u0151tt karbon vessz\u0151k sz\u00e1ntj\u00e1k itt a leveg\u0151t, a napjaink leg\u00e1llatbar\u00e1tabb m\u00f3dszer\u00e9vel kinevelt lovak h\u00e1t\u00e1r\u00f3l \u00edjaz\u00f3 korszer\u0171 edz\u00e9sm\u00f3dszerrel k\u00e9pzett kezekb\u0151l. Ez ami nagyon mai. \u00c1m m\u00e9gis az eg\u00e9sz helyet, a gyakorl\u00e1s menet\u00e9t, mag\u00e1t a lovas\u00edj\u00e1szatot \u00e1titatja a r\u00e9gm\u00falt szelleme is. A honfoglal\u00e1s \u00e9s azt meg\u0151rz\u0151 korra gondol\u00e1s, \u00e9s a klasszikus \u00e9rt\u00e9kek tisztelete. A munka becs\u00fclete, a kitart\u00e1s, az \u00f6sszetartoz\u00e1s, a szellemis\u00e9g, tisztelet&#8230; \u00e9s sorolhatn\u00e9k sz\u00e1mtalan olyan \u00e9rt\u00e9ket m\u00e9g, melyeket napjaink fogyaszt\u00e1sra \u00e9s esztelens\u00e9gre \u00f6szt\u00f6nz\u0151 vil\u00e1ga szeretne h\u00e1tra utas\u00edtani.<\/div>\n<div><\/div>\n<div>Igaz\u00e1n irigylem azokat, akik erre az \u00fatra l\u00e9ptek, \u00e9s haladnak. Sok minden miatt. Mi\u00e9rt?<\/div>\n<div><\/div>\n<div>A jap\u00e1n budo \u00fatj\u00e1n t\u00f6bb mint 20 \u00e9ve haladok, az \u00f6nfejl\u0151d\u00e9s, \u00f6nfejleszt\u00e9s gy\u00fcm\u00f6lcseit megkaphatom, \u00e9lvezhetem, \u00e1m a halad\u00e1s m\u00e9lys\u00e9ge korl\u00e1tos. A kultur\u00e1lis talapzat hi\u00e1nya, a jap\u00e1nt\u00f3l val\u00f3 fizikai \u00e9s kultur\u00e1lis t\u00e1vols\u00e1g er\u0151s kereteket szab a gyakorl\u00f3nak. M\u00e9g ha \u00e9let\u00fcnk ter\u00e9t \u00e1thelyezn\u00e9nk is oda, akkor is csak idegenk\u00e9nt vehetn\u00e9nk benne r\u00e9szt.<\/div>\n<div><\/div>\n<div>&nbsp;A lovas\u00edj\u00e1sz a saj\u00e1t \u0151seink nyomdok\u00e1n haladva, saj\u00e1t \u00e9rt\u00e9keink v\u00e9delm\u00e9ben is k\u00fczd \u00f6nmaga t\u00f6k\u00e9letes\u00edt\u00e9se mellett. Szemben a m\u00e9diaszem\u00e9t sugallataival, fogyaszt\u00f3i antikult\u00fara \u00e1rj\u00e1val, az egyetemes \u00e9rt\u00e9kek puszt\u00edt\u00e1sa ellen. Itthon otthon \u00e9rezheti mag\u00e1t abban, amit m\u0171vel. C\u00e9lja \u00e9s munk\u00e1ja t\u00falmutat azon a n\u00e9h\u00e1ny maroknyi k\u00f6z\u00f6ss\u00e9gen, melyek ezt az Utat k\u00f6vetik. P\u00e9ld\u00e1t mutat, \u00e9rt\u00e9ket \u0151riz \u00e9s teremt a lovastany\u00e1kon k\u00edv\u00fcliek sz\u00e1m\u00e1ra is.<\/div>\n<div><\/div>\n<div>Igen, ezt a dolgot teljesen magam\u00e9nak tudom \u00e9rezni, \u00e9s ezt irigylem is nagyon.<\/div>\n<div><\/div>\n<div>A gyakorl\u00e1s k\u00f6zben hangzott el ez a mondat: Ne te l\u00e9gy b\u00fcszke az \u0151s\u00f6kre, hanem azok legyenek b\u00fcszk\u00e9k r\u00e1d!<\/div>\n<div><\/div>\n<div>Tisztelettel \u00e9s h\u00e1l\u00e1val gondolok Kassai Lajos \u00e9s tan\u00edtv\u00e1nyi munk\u00e1j\u00e1ra. Rem\u00e9lem sokaknak ad &#8222;t\u00e1pl\u00e1l\u00e9kot&#8221; m\u00e9g a j\u00f6v\u0151ben.<\/div>\n<div>\n<div style=\"text-align: right;\"><i>H\u00e1bermajer G\u00e1bor Yojuyon<br \/><\/i><\/div>\n<\/div>\n<p><img loading=\"lazy\" decoding=\"async\" class=\"aligncenter wp-image-19438 size-large\" src=\"\/fenykepalbum\/keptar_1350_big_2013.07.06_10.33.34.jpg\" alt=\"\" width=\"840\" height=\"473\" \/><\/p>\n<p><img loading=\"lazy\" decoding=\"async\" class=\"aligncenter wp-image-19438 size-large\" src=\"\/fenykepalbum\/keptar_1350_big_2013.07.06_10.37.25.jpg\" alt=\"\" width=\"840\" height=\"473\" \/><\/p>\n<p><img loading=\"lazy\" decoding=\"async\" class=\"aligncenter wp-image-19438 size-large\" src=\"\/fenykepalbum\/keptar_1350_big_2013.07.06_10.33.01.jpg\" alt=\"\" width=\"840\" height=\"473\" \/><\/p>\n<p><img loading=\"lazy\" decoding=\"async\" class=\"aligncenter wp-image-19438 size-large\" src=\"\/fenykepalbum\/keptar_1350_big_2013.07.06.saman.jpg\" alt=\"\" width=\"840\" height=\"473\" \/><\/p>\n","protected":false},"excerpt":{"rendered":"<p>V\u00f6lgyl\u00e1togat\u00e1s \u00c9n legal\u00e1bb 6 \u00e9ve k\u00e9sz\u00fcl\u00f6k a V\u00f6lgybe, de valahogy az \u00e9let mindig kibillentett e terv megval\u00f3s\u00edt\u00e1s\u00e1b\u00f3l, h\u00e1t meg\u00e9rtettem, hogy igaz\u00e1b\u00f3l csak most \u00e9rtem meg r\u00e1&#8230;. \u00edgy h\u00e1t most megadatott! Cs\u00f6rg\u00f6tt, zizegett az aut\u00f3, dobogtak a sz\u00edvek, mint s\u00e1m\u00e1ndobok a sz\u00e9lben, nevet\u00e9s\u00fcnk sz\u00f3rta sz\u00e9t a napf\u00e9nyben \u00fasz\u00f3 somogyi dombs\u00e1g, r\u00e1\u00e1lltunk az \u00datra \u00e9s vitt\u00e9k a &hellip; <a href=\"https:\/\/shinbukan.hu\/?p=19677\" class=\"more-link\"><span class=\"screen-reader-text\">&#8222;Az \u00edj\u00e1sz szakoszt\u00e1ly l\u00e1togat\u00e1sa a Kassai-v\u00f6lgyben a lovas\u00edj\u00e1szat fellegv\u00e1r\u00e1ban (Kaposm\u00e9r\u0151)&#8221;<\/span> b\u0151vebben<\/a><\/p>\n","protected":false},"author":2,"featured_media":0,"comment_status":"open","ping_status":"open","sticky":false,"template":"","format":"standard","meta":{"footnotes":""},"categories":[],"tags":[],"class_list":["post-19677","post","type-post","status-publish","format-standard","hentry"],"_links":{"self":[{"href":"https:\/\/shinbukan.hu\/index.php?rest_route=\/wp\/v2\/posts\/19677","targetHints":{"allow":["GET"]}}],"collection":[{"href":"https:\/\/shinbukan.hu\/index.php?rest_route=\/wp\/v2\/posts"}],"about":[{"href":"https:\/\/shinbukan.hu\/index.php?rest_route=\/wp\/v2\/types\/post"}],"author":[{"embeddable":true,"href":"https:\/\/shinbukan.hu\/index.php?rest_route=\/wp\/v2\/users\/2"}],"replies":[{"embeddable":true,"href":"https:\/\/shinbukan.hu\/index.php?rest_route=%2Fwp%2Fv2%2Fcomments&post=19677"}],"version-history":[{"count":0,"href":"https:\/\/shinbukan.hu\/index.php?rest_route=\/wp\/v2\/posts\/19677\/revisions"}],"wp:attachment":[{"href":"https:\/\/shinbukan.hu\/index.php?rest_route=%2Fwp%2Fv2%2Fmedia&parent=19677"}],"wp:term":[{"taxonomy":"category","embeddable":true,"href":"https:\/\/shinbukan.hu\/index.php?rest_route=%2Fwp%2Fv2%2Fcategories&post=19677"},{"taxonomy":"post_tag","embeddable":true,"href":"https:\/\/shinbukan.hu\/index.php?rest_route=%2Fwp%2Fv2%2Ftags&post=19677"}],"curies":[{"name":"wp","href":"https:\/\/api.w.org\/{rel}","templated":true}]}}