{"id":19684,"date":"2013-10-01T12:22:00","date_gmt":"2013-10-01T12:22:00","guid":{"rendered":""},"modified":"-0001-11-30T00:00:00","modified_gmt":"-0001-11-29T22:00:00","slug":"","status":"publish","type":"post","link":"https:\/\/shinbukan.hu\/?p=19684","title":{"rendered":"L\u00e1togat\u00e1s \u00e9s gyakorl\u00e1s a Honbu dojo-ban&#8230; (Jap\u00e1n)"},"content":{"rendered":"<p>Klubunk vezet\u0151je H\u00e1bermajer G\u00e1bor Sensei Jap\u00e1nban tett utaz\u00e1sa sor\u00e1n l\u00e1togat\u00e1st tett a Shinbukan honbu dojo-ban!<br \/>Az al\u00e1bbiakban az utaz\u00e1s napl\u00f3j\u00e1b\u00f3l id\u00e9z\u00fcnk:<\/p>\n<div>&#8222;4. nap, kedd<\/div>\n<div>Ez a nap is elj\u00f6tt. Volt, amikor v\u00e1gytam r\u00e1, amikor \u00e1lmodtam, amikor f\u00e9ltem t\u0151le, amikor t\u00e1volinak t\u0171nt, amikor k\u00f6zelinek, volt ez m\u00e1r mindenf\u00e9le, csak ennyire konkr\u00e9t \u00e9s hal\u00e1losan visszavonhatatlan nem.&nbsp;<\/div>\n<div>Nehezen reggeliztem, mert tegnap este el\u00e9g k\u00e9s\u0151n, \u00fagy kett\u0151 fel\u00e9 \u00e9rt\u00fcnk haza a kend\u00f3 edz\u00e9sr\u0151l, enni is kellett \u00e9s teli gyomorral aludtam (\u00e1jultam) \u00e9s azzal is \u00e9bredtem. Pr\u00f3b\u00e1ltam leer\u0151szakolni a finom falatokat, de nehezen ment. Azt\u00e1n pakoltam aj\u00e1nd\u00e9kot \u00e9s felszerel\u00e9st. Titkon arra gondoltam, betoppanunk Arival, megkapom a heti menetrendemet, \u00e9s d\u00e9lut\u00e1n vissza kell mennem, addig meg alhatok. \u00cdgy indultam neki a val\u00f3s\u00e1gban sose&#8217;, de a n\u00e9zeget\u0151 rendszeren l\u00e1tott utc\u00e1knak. Errefel\u00e9 m\u00e1r kish\u00e1zak vannak, eg\u00e9szen kis utc\u00e1kkal. A t\u00e1vot nem tudtam felbecs\u00fclni, meg azt sem hogy els\u0151re odatal\u00e1lok-e, de ism\u00e9t minden olyan egyszer\u0171 volt. A hangomon es a gyomromon ereztem, izgulok, b\u00e1r a pulzusom maradt, de h\u00e1t ez a pillanat p\u00e1r h\u00f3napja is a hihetetlen kateg\u00f3ria volt. Kicsit h\u00faztuk az id\u0151t, v\u00e9g\u00fcl is negyed \u00f3r\u00e1val kor\u00e1bban becs\u00f6ngettem. Azt\u00e1n j\u00f6jjenek a mai meglepet\u00e9sek: a kaputelefonban megsz\u00f3lal\u00f3 n\u0151i hangnak ijedtemben jap\u00e1nul k\u00f6sz\u00f6ntem, \u00e9s bemutatkoztam. Ne k\u00e9rdezz\u00e9tek, hogy&#8217; csin\u00e1ltam, mert nem tudom. Sensei nyitott ajt\u00f3t be\u00f6lt\u00f6zve, majd szinte kiestem a fejemb\u0151l. Csak nem Miuki san sensei \u00fcl a bej\u00e1ratn\u00e1l kiskoszt\u00fcmben \u00e9s vigyorogva k\u00e1v\u00e9zik? De. Perceken bel\u00fcl fels\u0151kateg\u00f3ri\u00e1s k\u00e9tf\u0151s nanadan-k\u00e9pz\u00e9sbe cs\u00f6ppenek. &nbsp;Az edz\u00e9s h\u00e1romig tart. Alig \u00e1llok a l\u00e1bamon, ez az eb\u00e9dsz\u00fcnettel is 5 \u00f3ra volt.<\/div>\n<div>(&#8230;)<\/div>\n<div>A dojoba nagyon kor\u00e1n \u00e9rkezem, ezzel egy k\u00e9r\u00e9s el\u00e9be megyek, mert szerettem volna megn\u00e9zni itt, hogy megy a gyerekedz\u00e9s. Sensei fia \u00e9pp egy bemutat\u00f3 m\u00e9rk\u0151z\u00e9st figyel, a k\u00e9t gyerek el\u00e9g kicsi, m\u00e9gis t\u00fcrelmes, sz\u00e9p v\u00edv\u00e1st mutatnak.<\/div>\n<div>Le vagyok ny\u0171g\u00f6zve.&nbsp;<\/div>\n<div>(&#8230;)<\/div>\n<div>Az atmoszf\u00e9ra nagyon j\u00f3, nyugalom van, h\u00e1rman osztjuk fel az eg\u00e9sz teret, sensei igazgat n\u00e9ha, \u00e9s van id\u0151m jav\u00edtgatnom ezeket. Tartunk egy k\u00e1v\u00e9sz\u00fcnetet, ami nagyon j\u00f3l esik, ut\u00e1na kicsit k\u00f6nnyebb. Valahol &#8211; azt hiszem soetetsuki-n\u00e9l &#8211; elhagy minden er\u0151m, \u00e9s bev\u00e1ltok egy laza \u00fczemm\u00f3dra, de m\u00e9gis \u00e9lesebb leszek. A <a href=\"?naplo=hai&amp;sorszam=1345\">sen <\/a>jut eszembe: ugyanez t\u00f6rt\u00e9nt ott is, csak most pluszk\u00e9nt \u00e9rzem a dojo hangulat\u00e1t, sensei k\u00f6zels\u00e9get \u00e9s term\u00e9szetess\u00e9get. Ez mind \u00f6sszegz\u0151dik, \u00e9s tal\u00e1n a legszebb kata-\u00e9lm\u00e9nyeim sz\u00fcletnek meg itt. A marad\u00e9k egy \u00f3ra gyorsan elsz\u00e1ll, hajtogatok \u00e9s hazaindulok.&nbsp;<\/div>\n<div>(&#8230;)<\/div>\n<div>D\u00e9lut\u00e1ni edz\u00e9s<\/div>\n<div>Szerda a jodo napja a nyilv\u00e1nos edz\u00e9seken. Kor\u00e1n \u00e9rkezem \u00e9s egy m\u00e1r k\u00e9peken valaha l\u00e1tott nagyon \u00f6reg sensei kihonoztat egy \u00fariembert. H\u00e1traosonok az \u00f6lt\u00f6z\u0151be, k\u00fczd\u00f6k a biztos\u00edt\u00f3t\u0171kkel, hogy felk\u00fczdjem a zekkent, amit erre az \u00fatra k\u00e9sz\u00edttettem.&nbsp;<\/div>\n<div>(&#8230;)&nbsp;<\/div>\n<div>A sors \u00f6sszerendez egy eszkim\u00f3vad\u00e1szra eml\u00e9keztet\u0151 nagyon kedves, de igen szeles fiatal l\u00e1nnyal. Gyer\u00fcnk. Az els\u0151 kat\u00e1ban lecsap r\u00e1m az \u00f6reg b\u00e1csi, \u00e9s igazgatja a kardpoz\u00edci\u00f3imat. Folyamatosan ontja a mondand\u00f3t, egy\u00e1ltal\u00e1n nem zavarja, hogy nem \u00e9rtem. Minden idegsz\u00e1lammal koncentr\u00e1lok r\u00e1, pr\u00f3b\u00e1lom felvenni az \u00e1ltala mutatott \u00e1ll\u00e1sokat, de nem \u00e9rtem, mikor mutatja a j\u00f3t \u00e9s mikor a helytelent. A h\u00f6lgyre n\u00e9zek seg\u00edts\u00e9g k\u00e9r\u0151leg, de \u00edgy sem egy\u00e9rtelm\u0171. Azt\u00e1n valahogy megsz\u00fclj\u00fck az eredm\u00e9nyt. A b\u00e1csi m\u00e1r csak azt ism\u00e9telgeti: &nbsp;godan hahahaha, godan haaaahahahaha. J\u00f3t nevet. (&#8230;)<\/div>\n<div>Sensei fia el\u00e9m l\u00e9p, onegaishimasu. \u00c9s elkezd\u00fcnk haladni a kat\u00e1kban. Valahol 4-5 k\u00f6r\u00fcl j\u00e1rhatunk, amikor Ishido sensei kiab\u00e1l a terem m\u00e1sik sark\u00e1b\u00f3l; Haber&#8230;&#8230;, Haber&#8230;. Persze mindig csak a nevemet \u00e9rtem, odamegyek. Azt k\u00e9rdezi h\u00e1ny danos vagyok? Godan. Nevet a fia, hehe, \u00e9n is.<\/div>\n<div>Folytatjuk.<br \/>J\u00f3 vele gyakorolni, \u00e9s nagyon \u00f6r\u00fcl\u00f6k, hogy vele lehetek.<\/div>\n<div>Gyorsan elr\u00f6p\u00fcl az id\u0151, v\u00e9ge az edz\u00e9snek.&#8221;&nbsp;<\/p>\n<\/div>\n<p>A k\u00f6z\u00f6s gyakorl\u00e1sok Ishido Sensei-el felejthetetlen eml\u00e9kk\u00e9 v\u00e1ltak..<\/p>\n<p><img loading=\"lazy\" decoding=\"async\" class=\"aligncenter wp-image-19438 size-large\" src=\"\/fenykepalbum\/keptar_1366_big_Honbu_dojo.jpg\" alt=\"\" width=\"840\" height=\"473\" \/><\/p>\n","protected":false},"excerpt":{"rendered":"<p>Klubunk vezet\u0151je H\u00e1bermajer G\u00e1bor Sensei Jap\u00e1nban tett utaz\u00e1sa sor\u00e1n l\u00e1togat\u00e1st tett a Shinbukan honbu dojo-ban!Az al\u00e1bbiakban az utaz\u00e1s napl\u00f3j\u00e1b\u00f3l id\u00e9z\u00fcnk: &#8222;4. nap, kedd Ez a nap is elj\u00f6tt. Volt, amikor v\u00e1gytam r\u00e1, amikor \u00e1lmodtam, amikor f\u00e9ltem t\u0151le, amikor t\u00e1volinak t\u0171nt, amikor k\u00f6zelinek, volt ez m\u00e1r mindenf\u00e9le, csak ennyire konkr\u00e9t \u00e9s hal\u00e1losan visszavonhatatlan nem.&nbsp; Nehezen reggeliztem, &hellip; <a href=\"https:\/\/shinbukan.hu\/?p=19684\" class=\"more-link\"><span class=\"screen-reader-text\">&#8222;L\u00e1togat\u00e1s \u00e9s gyakorl\u00e1s a Honbu dojo-ban&#8230; (Jap\u00e1n)&#8221;<\/span> b\u0151vebben<\/a><\/p>\n","protected":false},"author":2,"featured_media":0,"comment_status":"open","ping_status":"open","sticky":false,"template":"","format":"standard","meta":{"footnotes":""},"categories":[],"tags":[],"class_list":["post-19684","post","type-post","status-publish","format-standard","hentry"],"_links":{"self":[{"href":"https:\/\/shinbukan.hu\/index.php?rest_route=\/wp\/v2\/posts\/19684","targetHints":{"allow":["GET"]}}],"collection":[{"href":"https:\/\/shinbukan.hu\/index.php?rest_route=\/wp\/v2\/posts"}],"about":[{"href":"https:\/\/shinbukan.hu\/index.php?rest_route=\/wp\/v2\/types\/post"}],"author":[{"embeddable":true,"href":"https:\/\/shinbukan.hu\/index.php?rest_route=\/wp\/v2\/users\/2"}],"replies":[{"embeddable":true,"href":"https:\/\/shinbukan.hu\/index.php?rest_route=%2Fwp%2Fv2%2Fcomments&post=19684"}],"version-history":[{"count":0,"href":"https:\/\/shinbukan.hu\/index.php?rest_route=\/wp\/v2\/posts\/19684\/revisions"}],"wp:attachment":[{"href":"https:\/\/shinbukan.hu\/index.php?rest_route=%2Fwp%2Fv2%2Fmedia&parent=19684"}],"wp:term":[{"taxonomy":"category","embeddable":true,"href":"https:\/\/shinbukan.hu\/index.php?rest_route=%2Fwp%2Fv2%2Fcategories&post=19684"},{"taxonomy":"post_tag","embeddable":true,"href":"https:\/\/shinbukan.hu\/index.php?rest_route=%2Fwp%2Fv2%2Ftags&post=19684"}],"curies":[{"name":"wp","href":"https:\/\/api.w.org\/{rel}","templated":true}]}}