{"id":19688,"date":"2013-10-31T12:22:00","date_gmt":"2013-10-31T12:22:00","guid":{"rendered":""},"modified":"-0001-11-30T00:00:00","modified_gmt":"-0001-11-29T22:00:00","slug":"","status":"publish","type":"post","link":"https:\/\/shinbukan.hu\/?p=19688","title":{"rendered":"20. Eur\u00f3pai Iaido Bajnoks\u00e1g (M\u00e9ze)"},"content":{"rendered":"<div><b>A kiutazott v\u00e1logatott keret:<\/b><\/div>\n<div>&nbsp;<\/div>\n<div>Mudan: Kov\u00e1cs Tam\u00e1s (MJKK)<\/div>\n<div>Shodan: Bodn\u00e1r Tam\u00e1s (Juunanshin)<\/div>\n<div>Nidan: Kov\u00e1cs Bal\u00e1zs (F\u0151nix)<\/div>\n<div>Sandan: Budav\u00e1ri Anita (MJKK), V\u00e1rvizi Attila (F\u0151nix)<\/div>\n<div>Yondan: Varga Zolt\u00e1n (MJKK)<\/div>\n<div>Godan: Stadler Gyula (TRIK)&nbsp;deleg\u00e1ci\u00f3 vezet\u0151<\/div>\n<div>H\u00e1bermajer G\u00e1bor (SBK)<\/div>\n<div>&nbsp;<\/div>\n<div><b>Hivatalosan<\/b><\/div>\n<div>&nbsp;<\/div>\n<div>Az elsz\u00e1nt 9 f\u0151s deleg\u00e1ci\u00f3, a 8 v\u00e1logatott \u00e9s Mihalik Hunor sensei (ki shinpan-k\u00e9nt j\u00f6tt az esem\u00e9nyre), szlov\u00e1k rendsz\u00e1m\u00fa kisbusszal (nagy \u00far a racionalit\u00e1s), \u00e9s a lelkekben nagy lend\u00fclettel v\u00e1gott neki az \u00fatnak, hogy nyomot hagyjon az Eur\u00f3pai iaido t\u00f6rt\u00e9nelemben. Ha t\u00f6m\u00f6ren akarn\u00e1m \u00f6sszegezni a n\u00e9gy napban t\u00f6rt\u00e9nteket, \u00edgy fogalmazn\u00e1m meg: &nbsp;A t\u00e1rnokv\u00f6lgyi csat\u00e1ba indultunk, \u00e9s Moh\u00e1csr\u00f3l t\u00e9rt\u00fcnk haza.<\/div>\n<div><\/div>\n<div><b>Kev\u00e9sb\u00e9 hivatalosan<\/b><\/div>\n<div>&nbsp;<\/div>\n<div>Minden eddigit meghalad\u00f3 spiritu\u00e1lis t\u00f6ltettel \u00e9s t\u00e1mogat\u00e1ssal k\u00e9sz\u00fcltem erre az \u00fatra. Egyszer\u0171en \u00edgy alakult. Akkor ez egy spiritu\u00e1lis utaz\u00e1s lesz? &#8211; B\u00fajt el\u0151 a k\u00e9rd\u00e9s bennem, s nyomban a replika is: Mi\u00e9rt? Melyik nem az?<\/div>\n<div>&nbsp;<\/div>\n<div>Eb-kre szinte m\u00e1r valamennyi k\u00f6zleked\u00e9si eszk\u00f6zzel utaztunk, most a r\u00e9gi id\u0151ket eml\u00e9keztetve ism\u00e9t kisbuszba sz\u00e1llt a v\u00e1logatott. V\u00f6r\u00f6s, szlov\u00e1k rendsz\u00e1mos Ford tranzitunkkal tervezt\u00fck megt\u00e9veszteni az \u00fatvonalon minket \u00e9szlel\u0151ket \u00e9s leplezni igazi kelet-eur\u00f3pai viselked\u00e9s\u00fcnket.<\/div>\n<div>&nbsp;<\/div>\n<div>A t\u00e1gas bels\u0151 t\u00e9r ellen\u00e9re az utaz\u00e1si k\u00f6r\u00fclm\u00e9nyek az inkviz\u00edci\u00f3s m\u00f3dszereket juttatt\u00e1k eszembe. Volt hogy \u00e1lltunk az utast\u00e9rben, \u00fclt\u00fcnk, \u00fclt\u00fcnk csomagon, fek\u00fcdt\u00fcnk el\u0151re, h\u00e1tra,&#8230; Konkl\u00fazi\u00f3m: ez sehogy se j\u00f3. Ki kell b\u00edrni, tal\u00e1n 16-18 \u00f3ra alatt oda \u00e9r\u00fcnk. A sof\u0151r\u00f6k h\u0151siesen \u00e1llj\u00e1k a sarat, r\u00f3ttuk az aszfaltcs\u00edkot.<\/div>\n<div>&nbsp;<\/div>\n<div>A Monaco felirat\u00fa t\u00e1bl\u00e1n\u00e1l hirtelen \u00fatvonalat m\u00f3dos\u00edtunk. Ezt m\u00e9gsem hagyhatjuk ki! F1 szak\u00e9rt\u0151nk, Zoli keresi a v\u00e1rosban zajl\u00f3 futam nyomvonalat. Buszunk kering a kis belv\u00e1rosi utc\u00e1kban, a helyi rend\u0151r\u00f6k fej\u00e9ben pedig csak sejtj\u00fck, milyen gondolatok sz\u00fcletnek a ki tudja h\u00e1nyadszor el\u0151tt\u00fck elhalad\u00f3 j\u00e1rm\u0171v\u00fcnk l\u00e1tt\u00e1n. Arr\u00f3l nem is besz\u00e9lve, nem hogy titkoln\u00e1nk, ny\u00edltan v\u00e1llaljuk, egy keleti vad horda lesz\u00e1rmazottjai vagyunk.<\/div>\n<div>&nbsp;<\/div>\n<div>Megn\u00e9zz\u00fck &#8216;A KANYAR-t&#8217;, \u00e9s a kik\u00f6t\u0151ben is b\u00e1m\u00e9szkodunk, majd bet\u00e9r\u00fcnk egy teraszra hogy elmondhassuk, Montecarlo-ban is ittunk egy italt. N\u00e9zz\u00fck a tengert, a yacht-okat, a parton sorakoz\u00f3 f\u00e9lelmetesen visszatasz\u00edt\u00f3 vid\u00e1mpark elemeket. Lassan s\u00e9t\u00e1lgatunk a l\u00e9pcs\u0151sorokon, n\u00e9zz\u00fck a f\u00f6l\u00e9nk borul\u00f3 hegyeket, \u00e9s p\u00e1rhuzamokat vonunk Andorr\u00e1-val. A parkol\u00f3 id\u0151nk lej\u00e1r, \u00e9s am\u00fagy is temp\u00f3zni kell, meg p\u00e1r sz\u00e1z km el\u0151tt\u00fcnk \u00e1ll.<\/div>\n<div>&nbsp;<\/div>\n<div>Meze &nbsp;kijel\u00f6lt pontj\u00e1n egy r\u00e9gi ismer\u0151s francia bar\u00e1t fogad, azonnal \u00fatba igaz\u00edtja csapatunkat. Kitessz\u00fck Hunor sensei-t a birok sz\u00e1ll\u00e1s\u00e1n \u00e9s kis csapatunk elindul felkutatni sz\u00e1ll\u00e1shelyet. Egy igazi p\u00e9nzbedob\u00f3s \u00fatsz\u00e9li minim\u00e1l-motel lesz az otthonunk e p\u00e1r napban. A mellett\u00fcnk terpeszked\u0151 multiban friss sushi-dobozokkal pr\u00f3b\u00e1ljuk zil\u00e1lt \u00e1llapotunkat gy\u00f3gy\u00edtani. M\u00e1r csak egy j\u00f3 alv\u00e1s sz\u00fcks\u00e9ges.<\/div>\n<div>&nbsp;<\/div>\n<div>Azt\u00e1n k\u00e9t nap szemin\u00e1rium gyalul-t\u00f6m\u00f6r\u00edt minket, ami szokott m\u00f3don h\u00e1rom fokozat szerinti csoportban zajlik. A sandan-ok \u00f6r\u00fclnek, Kusama sensei ismer\u0151sk\u00e9nt tekint r\u00e1juk, \u00e9s fokozand\u00f3 a helyzet pikant\u00e9ri\u00e1j\u00e1t, n\u00e9ha egy-egy magyar sz\u00f3t dob be: jobbra, b\u00e9na.. stb.<\/div>\n<div>&nbsp;<\/div>\n<div>A nanadan, rokudan, godan csoport hangulat\u00e1t k\u00e9t dolog hat\u00e1rozza meg: az igen nagy l\u00e9tsz\u00e1m\u00fa vizsg\u00e1ra k\u00e9sz\u00fcl\u0151 (csak rokudan-ra 20-an vagyunk) \u00e9s trib\u00fcn\u00f6n \u00e9ppen folyamatosan rohamban l\u00e9v\u0151 Turet-szindrom\u00e1s sr\u00e1c.<\/div>\n<div>&nbsp;<\/div>\n<div>Este elmer\u00fcl\u00fcnk a helyi kult\u00fara m\u00e9lys\u00e9geiben, a nyers kagyl\u00f3 b\u00e1rban, ahol t\u00f6bb kil\u00f3 osztriga, r\u00e1k \u00e9s csiga jut gyomrainkba, majd a telep\u00fcl\u00e9s egyetlen romos kocsm\u00e1j\u00e1ba t\u00e9r\u00fcnk be. Itt m\u00e1sodpercek alatt \u00e9p\u00fcl fel a nemzetek k\u00f6z\u00f6tti bar\u00e1ts\u00e1g. Az \u00f6rd\u00f6gnek \u00f6lt\u00f6z\u00f6tt n\u0151 f\u00e9rje, a b\u0151rdzsekis ki\u00e9hezett k\u00e9s\u0151i hajadon, az ujjatlan asztalos, az ujjatlan hal\u00e1sz, a r\u00e9szeg pultos-mami, \u00e9s a pal\u00e1stos &#8222;h\u00fclyegyerek&#8221; azonnal befogad minket. Fogynak az italok, em\u00e9szt\u0151dik a kagyl\u00f3, \u00e9s emelkedik a hanger\u0151. Erre minden \u00f6szt\u00f6nz\u0151 er\u0151 meg is van a helyiekben. Szerint\u00fck semmi sem t\u00f6rt\u00e9nik ebben a porf\u00e9szekben, csak n\u0151nek a kagyl\u00f3k. DE mikor megj\u00f6n a hun er\u0151kkel felt\u00f6lt\u00f6tt magyar nemzeti iai horda, akkor megcsillan az \u00e9let \u00edze, \u00e9s \u0151k is f\u00e9nyesebbnek l\u00e1tj\u00e1k az \u00e9gen reszket\u0151 csillagokat, szebbnek asszonyaik szem\u00e9t. \u00c9s mikor egy\u00fctt ord\u00edtunk az \u00e9g fel\u00e9, \u0151k is meg\u00e9rzik az ereinkben l\u00fcktet\u0151 er\u0151ket, \u00e9s az \u00f6sszetartoz\u00e1s egyetemes \u00e9rz\u00e9s\u00e9t.<\/div>\n<div>&nbsp;<\/div>\n<div><b>A versenynap<\/b><\/div>\n<div>&nbsp;<\/div>\n<div>M\u00e1r el\u0151z\u0151 este \u00e9rz\u0151dik ez az EB nem a versenyz\u0151 szem\u00e9vel szervez\u0151dik. 8.30 as sorakoz\u00f3 \u00fczenet\u00e9vel \u00e9rkeznek a meetingr\u0151l \u00e9rkez\u0151k. Ehhez ha meleg\u00edteni is szeretn\u00e9nk, 7.30 k\u00f6r\u00fcli \u00e9rkez\u00e9s kell, reggelink 7-t\u0151l van a sz\u00e1ll\u00e1sok. Nem kell magyar\u00e1zni milyen reggelt jelent ez egy versenyre indul\u00f3nak. Mindenki rutinos, ez\u00e9rt lehets\u00e9ges hogy els\u0151k\u00e9nt \u00e1llunk be a termet elfoglalni. T\u00e1sk\u00e1t a pinc\u00e9be, kardtokot nem a terembe, f\u00e9l trib\u00fcn a n\u00e9z\u0151knek. Ilyen \u00e9rtelmetlen dolgoknak kellene eleget tegy\u00fcnk. Mindent az\u00e9rt nem! A kardtokra csak annyit v\u00e1laszolok: NO! This is with me all the time. A trib\u00fcnt meg egyszer\u0171en elfoglaljuk. Ekkor m\u00e9g \u00e9l benn\u00fcnk az \u0151s\u00f6k adta er\u0151, lelkesed\u00e9s. Azt\u00e1n j\u00f6nnek a csat\u00e1k, \u00e9s hullnak legjobbjaink. Ha van igaz\u00e1n rossz \u00e9rz\u00e9s egy EB-n akkor az az, mikor nem jut ki senki a pool-b\u00f3l. \u00c9s 7-b\u0151l senki. Godan-k\u00e9nt utols\u00f3k\u00e9nt sz\u00e1llok versenybe. Pool els\u0151k\u00e9nt kijutok, \u00e9s tervezet, mik\u00e9nt- kivel- milyen \u00e1gon- meddig, de az els\u0151 m\u00e9rk\u0151z\u00e9s meg\u00e1ll\u00edt. De ki, mi\u00e9rt\u2026..<\/div>\n<div>&nbsp;<\/div>\n<div><b>Majd a csapat.<\/b><\/div>\n<div>\u00c9s igen, ez egy sz\u00e9p nap lesz. Er\u0151t\u0151l duzzadnak csapattagjaink, nem l\u00e1tszik rajtuk semmi a tegnap s\u00f6t\u00e9t \u00e1rnyaib\u00f3l,\u00e9s sz\u00e9p iai-t mutatnak. Rem\u00e9ny teljes az indul\u00e1s. Felsejlenek bennem a csapat tagok r\u00e9gi mozdulatai. Istenem, milyen messze ker\u00fcltek, mennyit fejl\u0151dtek. (Budav\u00e1ri, V\u00e1rvizi, Varga) \u00c9s milyen gy\u00f6ny\u00f6r\u0171 ezt l\u00e1tni. Ez k\u00e1rp\u00f3tol minden\u00e9rt. Tal\u00e1n m\u00e9g az\u00e9rt is, hogy a franci\u00e1k ellen \u201ekoncepci\u00f3s perben\u201d v\u00e9rz\u00fcnk ki. Milyen k\u00e1r. A valahai legszebb csapatmunk\u00e1t l\u00e1tom a mieinkben. Tudom, tudom, nem lenne szabad a b\u00edr\u00f3i m\u0171k\u00f6d\u00e9ssel t\u00f6r\u0151dn\u00f6m, vagy kritik\u00e1t form\u00e1lnom, de ez nagyon l\u00e1tv\u00e1nyos volt, \u00e9s nagyon f\u00e1jt. M\u00e9g most is, ha felid\u00e9zem magamban. Nem jutunk tov\u00e1bb.<\/div>\n<div>(Olvasom soraim, \u00edgy \u00edr\u00e1s k\u00f6zben, \u00e9s elcsod\u00e1lkozom: de h\u00e1t mi is a verseny szerepe munk\u00e1nkban, utunkon? Ne t\u00e9vesszen meg senkit \/magamat se\/, nem sporttud\u00f3s\u00edt\u00e1s, de nem is sport a t\u00e9ma.)<\/div>\n<div>&nbsp;<\/div>\n<div><b>\u00c9s elj\u00f6tt a vizsg\u00e1k ideje<\/b><\/div>\n<div>\u00c9rdekes. A vizsg\u00e1ra r\u00e1j\u00f6ttek a szervez\u0151k, hogy a terem megford\u00edtva praktikusabb. Vagy sz\u00f3ltak nekik?<\/div>\n<div>L\u00e1tjuk \u00e9s \u00e1t\u00e9lj\u00fck az egyre nehezed\u0151 vizsg\u00e1kat. J\u00f3 \u00e9rz\u00e9ssel \u00e1llok a 20 rokudan jel\u00f6lt k\u00f6z\u00e9 hetedikk\u00e9nt. Majd mindent a bizotts\u00e1g el\u00e9 t\u00e1rok, mit tudok, \u00f6r\u00f6m\u00f6mre olyan dolgokat is amit az utols\u00f3 \u00f3r\u00e1k teremtenek meg bennem. Nem el\u00e9g, de nem tudok t\u00f6bbet jelenleg. Az egyetlen sikeres vizsg\u00e1z\u00f3 viszont sz\u00e9pen kijel\u00f6li, mi lehet az \u00e9vek \u00f3ta hom\u00e1lyba vesz\u0151 ir\u00e1ny. Ha \u0151 sem ment volna \u00e1t biztos l\u00e1zad\u00e1st sz\u00edtok, de nem kellett.<\/div>\n<div>&nbsp;<\/div>\n<div>Moh\u00e1cs ut\u00e1n is volt valahogy, mondan\u00e1m, de ez szomor\u00fa v\u00e9gsz\u00f3 lenne. A csapat egy\u00e1ltal\u00e1n nem t\u00f6rt meg. Mindenki a tov\u00e1bb fel\u00e9 fordult, a bent maradt er\u0151k utakat keresnek. Nem \u00e1llunk meg! Heeeeeeeeeeeejjj!<\/div>\n<p><img loading=\"lazy\" decoding=\"async\" class=\"aligncenter wp-image-19438 size-large\" src=\"\/fenykepalbum\/keptar_1370_big_2013_iec_081.jpg\" alt=\"\" width=\"840\" height=\"473\" \/><\/p>\n<p><img loading=\"lazy\" decoding=\"async\" class=\"aligncenter wp-image-19438 size-large\" src=\"\/fenykepalbum\/keptar_1370_big_2013_iec_199.jpg\" alt=\"\" width=\"840\" height=\"473\" \/><\/p>\n<p><img loading=\"lazy\" decoding=\"async\" class=\"aligncenter wp-image-19438 size-large\" src=\"\/fenykepalbum\/keptar_1370_big_2013.11.21_1.jpg\" alt=\"\" width=\"840\" height=\"473\" \/><\/p>\n<p><img loading=\"lazy\" decoding=\"async\" class=\"aligncenter wp-image-19438 size-large\" src=\"\/fenykepalbum\/keptar_1370_big_2013.11.21_2.jpg\" alt=\"\" width=\"840\" height=\"473\" \/><\/p>\n<p><img loading=\"lazy\" decoding=\"async\" class=\"aligncenter wp-image-19438 size-large\" src=\"\/fenykepalbum\/keptar_1370_big_2013.11.21_3.jpg\" alt=\"\" width=\"840\" height=\"473\" \/><\/p>\n<p><img loading=\"lazy\" decoding=\"async\" class=\"aligncenter wp-image-19438 size-large\" src=\"\/fenykepalbum\/keptar_1370_big_2013.11.21_4.jpg\" alt=\"\" width=\"840\" height=\"473\" \/><\/p>\n","protected":false},"excerpt":{"rendered":"<p>A kiutazott v\u00e1logatott keret: &nbsp; Mudan: Kov\u00e1cs Tam\u00e1s (MJKK) Shodan: Bodn\u00e1r Tam\u00e1s (Juunanshin) Nidan: Kov\u00e1cs Bal\u00e1zs (F\u0151nix) Sandan: Budav\u00e1ri Anita (MJKK), V\u00e1rvizi Attila (F\u0151nix) Yondan: Varga Zolt\u00e1n (MJKK) Godan: Stadler Gyula (TRIK)&nbsp;deleg\u00e1ci\u00f3 vezet\u0151 H\u00e1bermajer G\u00e1bor (SBK) &nbsp; Hivatalosan &nbsp; Az elsz\u00e1nt 9 f\u0151s deleg\u00e1ci\u00f3, a 8 v\u00e1logatott \u00e9s Mihalik Hunor sensei (ki shinpan-k\u00e9nt j\u00f6tt az &hellip; <a href=\"https:\/\/shinbukan.hu\/?p=19688\" class=\"more-link\"><span class=\"screen-reader-text\">&#8222;20. Eur\u00f3pai Iaido Bajnoks\u00e1g (M\u00e9ze)&#8221;<\/span> b\u0151vebben<\/a><\/p>\n","protected":false},"author":2,"featured_media":0,"comment_status":"open","ping_status":"open","sticky":false,"template":"","format":"standard","meta":{"footnotes":""},"categories":[],"tags":[],"class_list":["post-19688","post","type-post","status-publish","format-standard","hentry"],"_links":{"self":[{"href":"https:\/\/shinbukan.hu\/index.php?rest_route=\/wp\/v2\/posts\/19688","targetHints":{"allow":["GET"]}}],"collection":[{"href":"https:\/\/shinbukan.hu\/index.php?rest_route=\/wp\/v2\/posts"}],"about":[{"href":"https:\/\/shinbukan.hu\/index.php?rest_route=\/wp\/v2\/types\/post"}],"author":[{"embeddable":true,"href":"https:\/\/shinbukan.hu\/index.php?rest_route=\/wp\/v2\/users\/2"}],"replies":[{"embeddable":true,"href":"https:\/\/shinbukan.hu\/index.php?rest_route=%2Fwp%2Fv2%2Fcomments&post=19688"}],"version-history":[{"count":0,"href":"https:\/\/shinbukan.hu\/index.php?rest_route=\/wp\/v2\/posts\/19688\/revisions"}],"wp:attachment":[{"href":"https:\/\/shinbukan.hu\/index.php?rest_route=%2Fwp%2Fv2%2Fmedia&parent=19688"}],"wp:term":[{"taxonomy":"category","embeddable":true,"href":"https:\/\/shinbukan.hu\/index.php?rest_route=%2Fwp%2Fv2%2Fcategories&post=19688"},{"taxonomy":"post_tag","embeddable":true,"href":"https:\/\/shinbukan.hu\/index.php?rest_route=%2Fwp%2Fv2%2Ftags&post=19688"}],"curies":[{"name":"wp","href":"https:\/\/api.w.org\/{rel}","templated":true}]}}