{"id":19702,"date":"2014-03-16T12:22:00","date_gmt":"2014-03-16T12:22:00","guid":{"rendered":""},"modified":"-0001-11-30T00:00:00","modified_gmt":"-0001-11-29T22:00:00","slug":"","status":"publish","type":"post","link":"https:\/\/shinbukan.hu\/?p=19702","title":{"rendered":"\u00cdj\u00e1sz szakoszt\u00e1ly \u00e9vadnyit\u00f3 \u00e9s Tavasz \u00fcnnep ()"},"content":{"rendered":"<div>A m\u00e1rcius 15-\u00e9t megel\u0151z\u0151 ver\u0151f\u00e9nyes napok folytat\u00e1s\u00e1t v\u00e1rtuk az \u00fcnnepnapra, melyen kis k\u00f6z\u00f6ss\u00e9g\u00fcnk az \u00edj\u00e1sz\u00e9vad nyit\u00e1s\u00e1t \u00e9s a tavasz el\u00e9rkez\u00e9s\u00e9t tervezte \u00fcnnepelni. A meteorol\u00f3giai oldalak &nbsp;v\u00e1rakoz\u00e1ssal \u00e9s izgalommal teli figyel\u00e9se bizonytalans\u00e1got \u00edg\u00e9rt. Lehet, hogy bor\u00fa, es\u0151, vagy t\u00e1n vihar \u00e9rkezik? Lelkesed\u00e9s\u00fcnket egyikkel sem hagytuk be\u00e1rny\u00e9kolni. Lelkesen k\u00e9sz\u00fcl\u0151dt\u00fcnk, mert fontos dolgokat kellett elv\u00e9gezz\u00fcnk. A m\u00e1r hagyom\u00e1nny\u00e1 alakul\u00f3 szabad \u00e9g alatti lakoma nem maradhat el, \u00e9s Lucia frissen \u00e9rkezett \u00edj\u00e1t is fel kellett avassuk.<\/div>\n<div>&nbsp;<\/div>\n<div>A csod\u00e1s id\u0151 ugyan elmaradt, de n\u00e9mi halad\u00e9kot kapott kis t\u00e1rsas\u00e1gunk, hogy a d\u00e9lel\u0151tt a tervezett esem\u00e9nyek megt\u00f6rt\u00e9nhessenek. El\u0151gurult a malomker\u00e9knyi keny\u00e9r, a h\u00e1zi tejfel, a nemzetk\u00f6zi girosz, a borscs, \u00e9s m\u00e9g sz\u00e1mos falat. Felker\u00fcltek r\u00e9g\u00f3ta pihen\u0151, \u00e9s az \u00faj, el\u0151sz\u00f6r k\u00e9zbe ker\u00fcl\u0151 \u00edjainkra a felavat\u00e1st jelk\u00e9pez\u0151 az\u00far szalagok. Am\u00edg a szelek ura engedte, rep\u00fcltek a vessz\u0151k, hogy felkelts\u00e9k v\u00e1gyunkat az eg\u00e9sz \u00e9ves \u00edj\u00e1szat folytat\u00e1s\u00e1ra. Megpend\u00fcltek a dombra \u00e9s citera h\u00farjai, el\u0151ker\u00fcltek a t\u00e1vol-k\u00f6zeli n\u00e9pek, s honi dalaink. Besz\u00edvtuk az \u00e9lettel megtel\u0151 tavaszi illatokat, \u00e1lltuk a sz\u00e9l er\u0151teljes l\u00f6k\u00e9seit, n\u00e9zt\u00fck egym\u00e1s sug\u00e1rz\u00f3 szemeit. Tudtuk, m\u00e1r visszaford\u00edthatatlanul elj\u00f6tt a tavaszi \u00e9led\u00e9s ideje. Er\u0151vel telt\u00fcnk.<\/div>\n<div style=\"text-align: right;\"><i>H\u00e1bermajer G\u00e1bor<\/i><\/div>\n<div>&nbsp;<\/div>\n<hr>\n<p><\/p>\n<div><b>Ut\u00f3hangok<\/b><\/div>\n<div>\n<div style=\"text-align: right;\"><\/div>\n<\/div>\n<div>Ahogy hazaj\u00f6ttem tegnap, gondolkodtam rajta, fogom-e valaha is \u00edgy tudni, \u00e9rezni ezt a gy\u00f6ny\u00f6r\u0171 dalt, amit ott gyakorolgattam&#8230;.azt\u00e1n ahogy n\u00e9ztem-n\u00e9ztem a vide\u00f3t, egy vers sz\u00fcletett meg bennem. Kapcsolj\u00e1tok be a vide\u00f3t \u00e9s \u00fagy olvass\u00e1tok mell\u00e9&#8230;.var\u00e1zslatos dombra dal:<\/p>\n<\/div>\n<div><iframe loading=\"lazy\" width=\"560\" height=\"315\" src=\"\/\/www.youtube.com\/embed\/MLzAgZKa22Y\" frameborder=\"0\" allowfullscreen=\"\"><\/iframe><\/div>\n<div>&nbsp;<\/div>\n<div>Ez nem az, amit l\u00e1tsz,<\/div>\n<div>Nem az amit n\u00e9zel,<\/div>\n<div>Csak ha belel\u00e1tsz<\/div>\n<div>Lesz az, amit \u00e9rzel&#8230;<\/div>\n<div>&nbsp;<\/div>\n<div>Ez nem az, amit l\u00e1tsz,<\/div>\n<div>nem is, amit \u00e9rzel,<\/div>\n<div>mesebeli t\u00e1nc,<\/div>\n<div>\u00e1ltala ig\u00e9zel!<\/div>\n<div>&nbsp;<\/div>\n<div>Ha \u00e1lmodik a szem<\/div>\n<div>s vele a tekintet,<\/div>\n<div>hallod dallam\u00e1t,<\/div>\n<div>sz\u00edveden \u00e1t l\u00fcktet.<\/div>\n<div>&nbsp;<\/div>\n<div>Hisz \u00e1lom Itt minden,<\/div>\n<div>tovat\u0171n\u0151 l\u00e1gys\u00e1g,<\/div>\n<div>csak az \u00c1lmod\u00f3<\/div>\n<div>egyed\u00fcl val\u00f3s\u00e1g!<\/div>\n<div>&nbsp;<\/div>\n<div>Ez nem az, amit l\u00e1tsz,<\/div>\n<div>csak az, amit \u00e9rzel,<\/div>\n<div>vil\u00e1gokon \u00e1t<\/div>\n<div>viszi a sz\u00e9l sz\u00e9jjel&#8230;<\/div>\n<div><i style=\"text-align: right;\"><br \/><\/i><\/div>\n<div><i style=\"text-align: right;\">\u00c1rkay Lucia<\/i><\/div>\n<div><i style=\"text-align: right;\"><br \/><\/i><\/div>\n<div>\n<hr>\n<\/div>\n<div><\/div>\n<div>Visszaid\u00e9ztem a szombatot &#8211; ami most el\u0151j\u00f6n<\/div>\n<div>egy\u00fctt isten szabad ege alatt (r\u00e9szben Luci\u00e1nak \u00edrt dalb\u00f3l is id\u00e9zve .-)&nbsp;<\/div>\n<div>\u00f6r\u00fclni egym\u00e1snak, a napsug\u00e1rnak, a term\u00e9szetben lenni, nevet\u00e9s<\/div>\n<div>tavaszillat&nbsp;<\/div>\n<div>szelecske, sz\u00e9l, er\u0151s sz\u00e9l, viharos h\u0171v\u00f6s sz\u00e9l<\/div>\n<div>egyszer\u0171 finom \u00e9tkek<\/div>\n<div>az apr\u00f3 g\u00e1zf\u0151z\u0151 ereje \ud83d\ude42<\/div>\n<div>a meleg z\u00f6ld tea \u00f6r\u00f6me a szeles, h\u0171v\u00f6s\u00f6d\u0151 id\u0151ben<\/div>\n<div>a szomsz\u00e9d\u00e9k bogr\u00e1cs alati t\u00fcz\u00e9nek megkap\u00f3 f\u00fcstillata<\/div>\n<div>t\u00e1volban s\u00e9t\u00e1l\u00f3 lovasok<\/div>\n<div>Pat j\u00f3kedvre der\u00edt\u0151 ruh\u00e1ja<\/div>\n<div>kerge kuty\u00e1kok<\/div>\n<div>\u00faj \u00edj felavat\u00e1sa &#8211; annak tudatosul\u00e1sa, hogy az \u00edj szinte piros-feh\u00e9r-z\u00f6ldbe van \u00f6lt\u00f6zve &#8211; piros band\u00e1zs,feh\u00e9r-halv\u00e1nybarna szarvak \u00e9s markolat &nbsp;&#8211; z\u00f6ld b\u0151r az \u00edjtesten<\/div>\n<div>k\u00e9sz\u00fcl\u0151 Buddha szobor m\u00e9g robosztus, faragatlan, de m\u00e1r mosolyg\u00f3s alakja<\/div>\n<div>szilvafa h\u00farl\u00e1b &#8211; hidacska: sz\u00e9p fa, apr\u00f3 s\u00f6t\u00e9t foltocsk\u00e1kkal<\/div>\n<div>h\u00farl\u00e1b-farag\u00e1s: minden h\u00farl\u00e1b alak\u00edt a dombra hangj\u00e1n<\/div>\n<div>citera \u00e9s dombrazene, \u00e9nek \u00e9s \u00f6nmagunk boldog kinevet\u00e9se, amikor elrontjuk &#8211; h\u00e1t \u00fajrakezdj\u00fck<\/div>\n<div>keresem a dombr\u00e1s dal hangjait a kis has\u00e1bciter\u00e1n, gyerekn\u00e9z\u0151 is akad hozz\u00e1. egym\u00e1s ut\u00e1n k\u00e9t kisgyerek is meg\u00e1ll \u00e9s figyeli, h\u00edvom az egyiket, pr\u00f3b\u00e1lja ki, de nem meri<\/div>\n<div>meghitts\u00e9g<\/div>\n<div>k\u00e9k szalag &#8211; Indulunk!<\/div>\n<div>nemzeti sz\u00edn\u0171 szalag &#8211; tisztelg\u00e9s<\/div>\n<div>ibolya \u00e9s szeder \u00edze a Tur\u00e1n nev\u0171 borban<\/div>\n<div>\u00edj\u00e1szat &#8211; &nbsp;egy l\u00f6v\u00e9s teljess\u00e9g<\/div>\n<div>besz\u00e9lget\u00e9s &#8211; m\u00e9lys\u00e9gek<\/div>\n<div><\/div>\n<div>&#8230; \u00e9s a m\u00e1rc. 15-i &nbsp;vir\u00e1goskert az Evowine borban, amir\u0151l G\u00e1bor besz\u00e9lt:<\/div>\n<div>&nbsp;<\/div>\n<div>&#8222;Fantasztikus illat \u00e9s \u00edzvil\u00e1ggal rendelkez\u0151 v\u00f6r\u00f6sbor. Sz\u00edn\u00e9ben m\u00e9lyb\u00edbor, lil\u00e1s \u00e1rnyalatokkal. Illata gy\u00f6ngyvir\u00e1gos, iboly\u00e1s, viol\u00e1s, par\u00e1nyit liliomos, de mellette erdei gy\u00fcm\u00f6lcs\u00f6s karakterek is \u00e9rezhet\u0151ek. \u00cdz\u00e9ben koncentr\u00e1lt, t\u00f6k\u00e9letes egyens\u00falyt mutat, \u00e9rett, lekerekedett tanninnal, v\u00e9gtelen ut\u00f3\u00edzzel.<\/div>\n<div>&nbsp;<\/div>\n<div>A tur\u00e1n (korai fest\u0151) magyar v\u00f6r\u00f6sborsz\u0151l\u0151fajta, amely Egerben t\u00f6bbsz\u00f6r\u00f6s keresztez\u00e9s eredm\u00e9nyek\u00e9nt j\u00f6tt l\u00e9tre. &nbsp;Haz\u00e1nk v\u00f6r\u00f6sborsz\u0151l\u0151t termel\u0151 borvid\u00e9kein fest\u0151sz\u0151l\u0151k\u00e9nt is elterjedt fajta. Bora nagyon m\u00e9ly sz\u00edn\u0171, csersavtartalma magas, tanninja finom b\u00e1rsonyos. V\u00f6r\u00f6sborokt\u00f3l elt\u00e9r\u0151en j\u00f3l \u00e9rezhet\u0151 benne a k\u00e9kmedoct\u00f3l sz\u00e1rmaz\u00f3 vir\u00e1g- vagy m\u00e9zillat. Finom zamat\u00e1t a Csaba gy\u00f6ngy\u00e9t\u0151l \u00e9s a k\u00e9kmedoct\u00f3l \u00f6r\u00f6k\u00f6lte. Harmonikus vagy l\u00e1gy, gyors \u00e9r\u00e9s\u0171, jav\u00edtja a h\u00e1zas\u00edtott v\u00f6r\u00f6sborok min\u0151s\u00e9g\u00e9t.&#8221;<\/div>\n<div><\/div>\n<div style=\"text-align: right;\"><i>Guld Andrea<\/i><\/div>\n<p><img loading=\"lazy\" decoding=\"async\" class=\"aligncenter wp-image-19438 size-large\" src=\"\/fenykepalbum\/keptar_1396_big_2014.03.16._shinbukan_ijasz_evnyito_3.jpg\" alt=\"\" width=\"840\" height=\"473\" \/><\/p>\n<p><img loading=\"lazy\" decoding=\"async\" class=\"aligncenter wp-image-19438 size-large\" src=\"\/fenykepalbum\/keptar_1396_big_2014.03.16._shinbukan_ijasz_evnyito_1.jpg\" alt=\"\" width=\"840\" height=\"473\" \/><\/p>\n<p><img loading=\"lazy\" decoding=\"async\" class=\"aligncenter wp-image-19438 size-large\" src=\"\/fenykepalbum\/keptar_1396_big_2014.03.16._shinbukan_ijasz_evnyito_2.jpg\" alt=\"\" width=\"840\" height=\"473\" \/><\/p>\n<p><img loading=\"lazy\" decoding=\"async\" class=\"aligncenter wp-image-19438 size-large\" src=\"\/fenykepalbum\/keptar_1396_big_2014.03.16._shinbukan_ijasz_evnyito_4.jpg\" alt=\"\" width=\"840\" height=\"473\" \/><\/p>\n","protected":false},"excerpt":{"rendered":"<p>A m\u00e1rcius 15-\u00e9t megel\u0151z\u0151 ver\u0151f\u00e9nyes napok folytat\u00e1s\u00e1t v\u00e1rtuk az \u00fcnnepnapra, melyen kis k\u00f6z\u00f6ss\u00e9g\u00fcnk az \u00edj\u00e1sz\u00e9vad nyit\u00e1s\u00e1t \u00e9s a tavasz el\u00e9rkez\u00e9s\u00e9t tervezte \u00fcnnepelni. A meteorol\u00f3giai oldalak &nbsp;v\u00e1rakoz\u00e1ssal \u00e9s izgalommal teli figyel\u00e9se bizonytalans\u00e1got \u00edg\u00e9rt. Lehet, hogy bor\u00fa, es\u0151, vagy t\u00e1n vihar \u00e9rkezik? Lelkesed\u00e9s\u00fcnket egyikkel sem hagytuk be\u00e1rny\u00e9kolni. Lelkesen k\u00e9sz\u00fcl\u0151dt\u00fcnk, mert fontos dolgokat kellett elv\u00e9gezz\u00fcnk. A m\u00e1r hagyom\u00e1nny\u00e1 &hellip; <a href=\"https:\/\/shinbukan.hu\/?p=19702\" class=\"more-link\"><span class=\"screen-reader-text\">&#8222;\u00cdj\u00e1sz szakoszt\u00e1ly \u00e9vadnyit\u00f3 \u00e9s Tavasz \u00fcnnep ()&#8221;<\/span> b\u0151vebben<\/a><\/p>\n","protected":false},"author":2,"featured_media":0,"comment_status":"open","ping_status":"open","sticky":false,"template":"","format":"standard","meta":{"footnotes":""},"categories":[],"tags":[],"class_list":["post-19702","post","type-post","status-publish","format-standard","hentry"],"_links":{"self":[{"href":"https:\/\/shinbukan.hu\/index.php?rest_route=\/wp\/v2\/posts\/19702","targetHints":{"allow":["GET"]}}],"collection":[{"href":"https:\/\/shinbukan.hu\/index.php?rest_route=\/wp\/v2\/posts"}],"about":[{"href":"https:\/\/shinbukan.hu\/index.php?rest_route=\/wp\/v2\/types\/post"}],"author":[{"embeddable":true,"href":"https:\/\/shinbukan.hu\/index.php?rest_route=\/wp\/v2\/users\/2"}],"replies":[{"embeddable":true,"href":"https:\/\/shinbukan.hu\/index.php?rest_route=%2Fwp%2Fv2%2Fcomments&post=19702"}],"version-history":[{"count":0,"href":"https:\/\/shinbukan.hu\/index.php?rest_route=\/wp\/v2\/posts\/19702\/revisions"}],"wp:attachment":[{"href":"https:\/\/shinbukan.hu\/index.php?rest_route=%2Fwp%2Fv2%2Fmedia&parent=19702"}],"wp:term":[{"taxonomy":"category","embeddable":true,"href":"https:\/\/shinbukan.hu\/index.php?rest_route=%2Fwp%2Fv2%2Fcategories&post=19702"},{"taxonomy":"post_tag","embeddable":true,"href":"https:\/\/shinbukan.hu\/index.php?rest_route=%2Fwp%2Fv2%2Ftags&post=19702"}],"curies":[{"name":"wp","href":"https:\/\/api.w.org\/{rel}","templated":true}]}}