{"id":19709,"date":"2014-06-13T12:22:00","date_gmt":"2014-06-13T12:22:00","guid":{"rendered":""},"modified":"-0001-11-30T00:00:00","modified_gmt":"-0001-11-29T22:00:00","slug":"","status":"publish","type":"post","link":"https:\/\/shinbukan.hu\/?p=19709","title":{"rendered":"35. Shinbukan \u00c9vfordul\u00f3 \u00e9s 7. Tokubetsu Monjin Geiko (Vyckov)"},"content":{"rendered":"<p>A sok-sok \u00e9v alatt sz\u00fclettek fokozatok \u00e9s \u00e9rmek, de mindez nem fontos. Ami fontos, \u00e9rdekes \u00e9s sz\u00e9p, az a k\u00f6z\u00f6s utaz\u00e1s, ahol nincsenek meg\u00e1llok \u00e9s v\u00e9g\u00e1llom\u00e1s sem. <\/p>\n<div style=\"text-align: right;\"><i>Vic sensei<\/i><\/div>\n<p>\u00c9vekkel ezel\u0151tt az iaido miatt ismert\u00fck meg egym\u00e1st azut\u00e1n bar\u00e1tokk\u00e1 lett\u00fcnk, ma pedig m\u00e1r a bar\u00e1ts\u00e1g miatt tal\u00e1lkozunk, \u00e9s mellesleg iaido-zunk is.<\/p>\n<div style=\"text-align: right;\"><i>John Piper<\/i><\/div>\n<\/p>\n<p><!--\n\n<div><b>A sok-sok \u00e9v alatt sz\u00fclettek fokozatok \u00e9s \u00e9rmek, de mindez nem fontos. Ami fontos, \u00e9rdekes \u00e9s sz\u00e9p, az a k\u00f6z\u00f6s utaz\u00e1s, ahol nincsenek meg\u00e1llok \u00e9s v\u00e9g\u00e1llom\u00e1s sem. (Vic sensei)<\/b><\/div>\n\n\n\n<div><\/div>\n\n\n\n<div><i>&nbsp;\u00c9vekkel ezel\u0151tt az iaido miatt ismert\u00fck meg egym\u00e1st azut\u00e1n bar\u00e1tokk\u00e1 lett\u00fcnk, ma pedig m\u00e1r a bar\u00e1ts\u00e1g miatt tal\u00e1lkozunk, \u00e9s mellesleg iaido-zunk is. (John Piper)<\/i><\/div>\n\n\n\n<div><i><br \/><\/i><\/div>\n\n\n\n<div><i>&nbsp;-Tony, eml\u00e9kszel, p\u00e1r \u00e9ve pr\u00f3b\u00e1ltad elmagyar\u00e1zni nekem , hogy lehet az, hogy kis termet\u0171 emberek nagyobbnak l\u00e1tszanak enbu alatt, mint amekkor\u00e1k val\u00f3j\u00e1ban?<\/i><\/div>\n\n\n\n<div><i>- Yes, I remember.<\/i><\/div>\n\n\n\n<div><i>- Tal\u00e1n kezdem \u00e9rteni, hogy nem a test nagy hanem a sz\u00edv...<\/i><\/div>\n\n\n\n<div><i>- Yessss... \ud83d\ude42<\/i><\/div>\n\n\n\n<div><i>(p\u00e1rbesz\u00e9d id\u00e9zet)<\/i><\/div>\n\n\n\n<div><\/div>\n\n\n\n<div>Ritka, hogy a monjin tal\u00e1lkoz\u00f3kr\u00f3l besz\u00e1mol\u00f3 legyen, most is csak par sor erej\u00e9ig mes\u00e9lem el n\u00e9h\u00e1ny \u00e9lm\u00e9ny\u00fcnket. A mostani esem\u00e9ny kiss\u00e9 elt\u00e9rt a szokv\u00e1nyos monjin tal\u00e1lkoz\u00f3kt\u00f3l. Cook sensei 35 eves dojo-j\u00e1rol is megeml\u00e9kezt\u00fcnk, a monjin tal\u00e1lkoz\u00f3k sor\u00e1ban pedig ez a hetedik volt.<\/div>\n\n\n\n<div><\/div>\n\n\n\n<div>Az el\u0151zm\u00e9nyek 2004-re, meg dojo-nk megalakul\u00e1sa el\u00e9 vezetnek vissza, ekkor volt a magast\u00e1ra egyik hotel\u00e9ben a 25 \u00e9ves \u00fcnneps\u00e9g. Sz\u00e9p sz\u00e1mmal \u00e9rkeztek brit bar\u00e1tok is ekkor, akikkel &nbsp;csak ritk\u00e1n, vagy sosem tudunk egy\u00fctt gyakorolni. &nbsp; 30. \u00e9ves megeml\u00e9kez\u00e9st a vil\u00e1gv\u00e1ls\u00e1g k\u00f6vetkezm\u00e9nyeit\u0151l tart\u00f3 felelem elt\u00f6r\u00f6lte. V\u00e1rakoz\u00e1ssal n\u00e9zt\u00fcnk az \u00fajabb d\u00e1tum el\u00e9be, vajon van-e most realit\u00e1sa egy &nbsp;a szok\u00e1sosn\u00e1l nagyobb tal\u00e1lkoz\u00f3nak ebben az \u00e9vben. A szervez\u00e9s megkezd\u0151d\u00f6tt a cseh bar\u00e1tok \u00e1ltal, \u00e9s \u00fajfent el\u00e9g nagy brit deleg\u00e1ci\u00f3 \u00e1llt \u00f6ssze. \u00c9s elj\u00f6tt a nap, mit m\u00e1r r\u00e9g\u00f3ta v\u00e1rtunk, \u00e9s elj\u00f6tt a tal\u00e1lkoz\u00e1s.<\/div>\n\n\n\n<div><\/div>\n\n\n\n<div>P\u00e9nteken egy k\u00f6zeli v\u00e1roska arbor\u00e9tum\u00e1t \u00e9s ap\u00e1ts\u00e1gi pinc\u00e9szet\u00e9t l\u00e1togattuk meg, a majd teljes csoporttal. Mi\u00e9rt pont ezeket? Tal\u00e1n mindegy mi maga az esem\u00e9nysor, amiben reszt vesz\u00fcnk. Mindegy mit csin\u00e1lunk, hol tessz\u00fck, a l\u00e9nyeg az Egy\u00fctt. Ez f\u00e9nylett meg el\u0151tt\u00fcnk a szombati, rendk\u00edv\u00fcl intenz\u00edv gyakorl\u00e1s alatt is. Hihetetlen, mennyire m\u00e1s j\u00f3 k\u00f6z\u00f6ss\u00e9gben, er\u0151teljesen gyakorolni. Milyen nagyszer\u0171, mikor Sensei b\u00e1rmilyen k\u00e9rd\u00e9s felmer\u00fcl\u00e9sekor r\u00f6gt\u00f6n megk\u00e9rdezhet\u0151, az adott instrukci\u00f3 azonnal kipr\u00f3b\u00e1lhat\u00f3, korrig\u00e1lhat\u00f3, begyakorolhat\u00f3. Kell ezt ecsetelnem?<\/div>\n\n\n\n<div><\/div>\n\n\n\n<div>Nem\u00f3 elragadtatva szeml\u00e9li, Tony kata-it, John munk\u00e1lkod\u00e1s\u00e1t. Mindkett\u0151j\u00fck besz\u00e9des p\u00e9lda valamir\u0151l, de m\u00e1sk\u00e9nt. Hogy mir\u0151l, azt a k\u00edv\u00e1ncsi egy b\u00e9k\u00e9s esti besz\u00e9lget\u00e9skor megk\u00e9rdezheti t\u0171l\u00fcnk. Vitt\u00fcnk feliratot is az esem\u00e9nyre, mert a k\u00fcls\u0151s\u00e9gek is mondanak valamit, erre \u00e9bresztett r\u00e1 a t\u00f6bb sz\u00e1z r\u00e9gi k\u00e9p \u00e1tn\u00e9z\u00e9se, mikor a Sensei-nek sz\u00e1nt foto albumot szerkesztett\u00fck.<\/div>\n\n\n\n<div><\/div>\n\n\n\n<div>Rem\u00e9lj\u00fck, lesz m\u00e9g valamikor tal\u00e1lkoz\u00f3. Biztos tal\u00e1lunk valami \u00e9vfordul\u00f3t, minek ok\u00e1n ism\u00e9t egy\u00fctt t\u00f6lthet\u00fcnk p\u00e1r \u00f3r\u00e1t.<\/div>\n\n\n\n<div><\/div>\n\n\n\n<div>Am\u00edg Vic sensei alapgondolata \u00e9l a lelk\u00fcnkben, addig fog \u00e9lni e k\u00f6z\u00f6ss\u00e9g.<\/div>\n\n\n\n<div><\/div>\n\n\n\n<div style=\"text-align: right;\"><i>H\u00e1bermajer G\u00e1bo<\/i>r<\/div>\n\n--><\/p>\n<p><img loading=\"lazy\" decoding=\"async\" class=\"aligncenter wp-image-19438 size-large\" src=\"\/fenykepalbum\/keptar_1409_big_2014.06.13-15.shinbukan35.jpg\" alt=\"\" width=\"840\" height=\"473\" \/><\/p>\n","protected":false},"excerpt":{"rendered":"<p>A sok-sok \u00e9v alatt sz\u00fclettek fokozatok \u00e9s \u00e9rmek, de mindez nem fontos. Ami fontos, \u00e9rdekes \u00e9s sz\u00e9p, az a k\u00f6z\u00f6s utaz\u00e1s, ahol nincsenek meg\u00e1llok \u00e9s v\u00e9g\u00e1llom\u00e1s sem. Vic sensei \u00c9vekkel ezel\u0151tt az iaido miatt ismert\u00fck meg egym\u00e1st azut\u00e1n bar\u00e1tokk\u00e1 lett\u00fcnk, ma pedig m\u00e1r a bar\u00e1ts\u00e1g miatt tal\u00e1lkozunk, \u00e9s mellesleg iaido-zunk is. John Piper<\/p>\n","protected":false},"author":2,"featured_media":0,"comment_status":"open","ping_status":"open","sticky":false,"template":"","format":"standard","meta":{"footnotes":""},"categories":[],"tags":[],"class_list":["post-19709","post","type-post","status-publish","format-standard","hentry"],"_links":{"self":[{"href":"https:\/\/shinbukan.hu\/index.php?rest_route=\/wp\/v2\/posts\/19709","targetHints":{"allow":["GET"]}}],"collection":[{"href":"https:\/\/shinbukan.hu\/index.php?rest_route=\/wp\/v2\/posts"}],"about":[{"href":"https:\/\/shinbukan.hu\/index.php?rest_route=\/wp\/v2\/types\/post"}],"author":[{"embeddable":true,"href":"https:\/\/shinbukan.hu\/index.php?rest_route=\/wp\/v2\/users\/2"}],"replies":[{"embeddable":true,"href":"https:\/\/shinbukan.hu\/index.php?rest_route=%2Fwp%2Fv2%2Fcomments&post=19709"}],"version-history":[{"count":0,"href":"https:\/\/shinbukan.hu\/index.php?rest_route=\/wp\/v2\/posts\/19709\/revisions"}],"wp:attachment":[{"href":"https:\/\/shinbukan.hu\/index.php?rest_route=%2Fwp%2Fv2%2Fmedia&parent=19709"}],"wp:term":[{"taxonomy":"category","embeddable":true,"href":"https:\/\/shinbukan.hu\/index.php?rest_route=%2Fwp%2Fv2%2Fcategories&post=19709"},{"taxonomy":"post_tag","embeddable":true,"href":"https:\/\/shinbukan.hu\/index.php?rest_route=%2Fwp%2Fv2%2Ftags&post=19709"}],"curies":[{"name":"wp","href":"https:\/\/api.w.org\/{rel}","templated":true}]}}