{"id":19710,"date":"2014-09-13T12:22:00","date_gmt":"2014-09-13T12:22:00","guid":{"rendered":""},"modified":"-0001-11-30T00:00:00","modified_gmt":"-0001-11-29T22:00:00","slug":"","status":"publish","type":"post","link":"https:\/\/shinbukan.hu\/?p=19710","title":{"rendered":"Iaido Szemin\u00e1rium (Vyckov)"},"content":{"rendered":"<p>\u00dajra <b>Vyskov<\/b>!<\/p>\n<div>\u00c9vek \u00f3ta visszat\u00e9r\u0151 vend\u00e9gek vagyunk a cseh kisv\u00e1rosban, amir\u0151l szinte semmit sem tudunk &#8211; kiv\u00e9ve a Dino Parkot \u00e9s a s\u00f6rgy\u00e1rat &#8211; most p\u00f3toljuk &#8211; igaz ut\u00f3lag (de megfogadjuk Sensei-nek, hogy legk\u00f6zelebb megl\u00e1togatjuk a rep\u00fcl\u0151g\u00e9peket..).<\/p>\n<\/div>\n<div style=\"text-align: right;\"><i>&#8222;(&#8230;)<br \/>A v\u00e1ros fontos szerepet t\u00f6lt\u00f6tt be m\u00e1r a kora k\u00f6z\u00e9pkorban is. Vy\u00b9kov a Brno \u00e9s Olomouc illetve Krom\u00ec\u00f8\u00ed\u00be k\u00f6zti kereskedelmi \u00fatvonal egy kiemelten fontos meg\u00e1ll\u00f3hely\u00e9nek sz\u00e1m\u00edtott.&nbsp;<\/i><\/div>\n<div style=\"text-align: right;\"><i>Vy\u00b9kovnak a harminc \u00e9ves h\u00e1bor\u00fa sor\u00e1n sem kegyelmeztek, k\u00e9t alkalommal is elfoglalt\u00e1k \u00e9s kifosztott\u00e1k a sv\u00e9d seregek. Vy\u00b9kov azonban \u00fajra \u00e9s \u00fajra fel\u00e9ledt olyannyira, hogy a XVII. sz\u00e1zad v\u00e9g\u00e9n a legf\u00e9nyesebb id\u0151szak\u00e1t \u00e9l\u0151 v\u00e1rost Morva Versailles-k\u00e9nt is emlegett\u00e9k. A sz\u00e9p id\u0151knek azonban 1753-ban v\u00e9ge szakadt. Ebben az \u00e9vben hatalmas t\u0171zv\u00e9sz puszt\u00edtotta v\u00e9gig a v\u00e1rost, \u00e9s hossz\u00fa \u00e9vtizedeknek kellett eltelnie, hogy Vy\u00b9kov elkezdjen mag\u00e1hoz t\u00e9rni. A t\u00fczet a legenda szerint egy l\u00e1ny okozta, aki \u00edgy k\u00edv\u00e1nt munk\u00e1t szerezni \u00e1cs mesters\u00e9get \u0171z\u0151 szerelm\u00e9nek.<br \/>&nbsp;<\/i><\/div>\n<div style=\"text-align: right;\"><i>(&#8230;)<br \/>&nbsp;<\/i><img decoding=\"async\" src=\"letoltes\/1411\/2014.09.13-14_vyckov_3951.jpg\"><\/div>\n<div style=\"text-align: right;\"><i>1917-ben egy \u00fajabb t\u0171zv\u00e9sz romba d\u00f6nt\u00f6tte a f\u0151t\u00e9r \u00f6sszes \u00e9p\u00fclet\u00e9t. (&#8230;) A telep\u00fcl\u00e9s legimpoz\u00e1nsabb r\u00e9sze a jellegzetes h\u00e1romsz\u00f6g alak\u00fa f\u0151t\u00e9r, amelyet ural az eredetileg 1569-ben \u00e9p\u00fclt, 57 m\u00e9ter magas torny\u00fa V\u00e1rosh\u00e1za \u00e9p\u00fclete. A t\u00e9r k\u00f6zep\u00e9n \u00e1ll az 1730-ben \u00e9p\u00edtett impoz\u00e1ns barokk k\u00fat, valamint az 1718-as pestis oszlop. (&#8230;)<\/i><\/div>\n<div style=\"text-align: right;\"><i>A Masaryk nevet visel\u0151 t\u00e9ren \u00e1ll, igen nagy meglepet\u00e9sre az egykori zsinag\u00f3ga \u00e9p\u00fclete is.<br \/>(&#8230;)<\/i><i>&nbsp;<br \/><\/i><img decoding=\"async\" src=\"letoltes\/1411\/2014.09.13-14_vyckov_3952.jpg\"><\/div>\n<div style=\"text-align: right;\"><i><br \/>A v\u00e1ros tov\u00e1bbi f\u0151 l\u00e1tv\u00e1nyoss\u00e1gai k\u00f6z\u00e9 tartozik az eredetileg a XV. sz\u00e1zad m\u00e1sodik fel\u00e9b\u0151l sz\u00e1rmaz\u00f3, de a t\u0171zv\u00e9szek ut\u00e1n barokk st\u00edlusban helyre\u00e1ll\u00edtott M\u00e1ria Mennybemenetele Templom. Tov\u00e1bbi nevezetes \u00e9p\u00fclet a Region\u00e1lis M\u00fazeumnak helyet ad\u00f3 kast\u00e9ly, a sz\u00e9pen kialak\u00edtott kast\u00e9lykerttel, a Szent Anna K\u00e1polna, illetve a koncerteknek is helyet ad\u00f3 XVII. sz\u00e1zadi Sz\u0171z M\u00e1ria Temet\u0151k\u00e1polna. A v\u00e1ros t\u00f6bb pontj\u00e1n, \u00edgy a Pivovarsk\u00e1 (S\u0151rf\u0151zde) utc\u00e1ban is l\u00e1that\u00f3ak a XV. sz\u00e1zadi v\u00e1rosfalak, er\u0151d\u00edtm\u00e9nyek maradv\u00e1nyai.<\/i><\/div>\n<div style=\"text-align: right;\"><img decoding=\"async\" src=\"letoltes\/1411\/2014.09.13-14_vyckov_3953.jpg\"><i><\/p>\n<p><\/i><\/div>\n<div style=\"text-align: right;\"><i>Vy\u00b9kov nem csup\u00e1n a t\u00f6rt\u00e9nelmi esem\u00e9nyeit \u0151rzi meg eml\u00e9kezet\u00e9ben, de az \u00e9vsz\u00e1zados n\u00e9pi hagyom\u00e1nyait is. A v\u00e1rosban \u00e9vente sz\u00e1mos folkl\u00f3r rendezv\u00e9nyre ker\u00fcl sor, ahol az idel\u00e1togat\u00f3 turista megismerkedhet a han\u00e1 n\u00e9pcsoport n\u00e9pviselet\u00e9vel, zen\u00e9j\u00e9vel, t\u00e1ncaival.<\/p>\n<p><\/i><img decoding=\"async\" src=\"letoltes\/1411\/2014.09.13-14_vyckov_3963.jpg\"><i><br \/>(&#8230;)<\/i><\/div>\n<div>\n<div style=\"text-align: right;\"><i>A v\u00e1rosban&nbsp;<span style=\"text-align: justify;\">tal\u00e1lhat\u00f3 a <a href=\"http:\/\/www.wings.hu\/muzeum\/vyskov\/\">m\u00e1sodik legnagyobb cseh rep\u00fcl\u0151g\u00e9p-m\u00fazeum<\/a>.<\/span>&#8222;<\/i><\/div>\n<p><i><\/p>\n<div style=\"text-align: right;\"><i><br \/>forr\u00e1s:&nbsp;<a href=\"http:\/\/nemcsakpraga.blogspot.hu\/2013\/04\/vyskov-tortenelem-hagyomany-es-dinok.html\">nemcsakpraga.blogspot.hu<\/a><\/i><\/div>\n<p><\/i><\/div>\n<div>Az \u00fatra ez\u00fattal sem aut\u00f3 karav\u00e1n indult \u00fatnak, de most legal\u00e1bb kit\u00f6lt\u00f6tt\u00fck a Mazda rendelkez\u00e9sre \u00e1ll\u00f3 utas- \u00e9s csomagter\u00e9t. Este \u00e9rkezt\u00fcnk meg a kihalt \u00e1llatok szomsz\u00e9ds\u00e1g\u00e1ban \u00e1ll\u00f3 hotelbe, ahol a csapatunk kett\u00e9v\u00e1lt.<br \/>Ir\u00e1ny a dojo! A mozi mellett, kis patak, S\u00e1ndor szobra..de az ajt\u00f3 z\u00e1rva volt. K\u00f6sz\u00f6nhet\u0151en ostoba telefonjainknak r\u00e1j\u00f6tt\u00fcnk, hogy ez\u00fattal m\u00e1shol fogunk aludni..<br \/>A hely k\u00f6zelebb volt a hotelhez is, \u00edgy visszakanyarodtunk, \u00e9s birtokba vett\u00fck..a padl\u00f3t. Tatami ez\u00fattal nem volt a felszerel\u00e9s k\u00f6z\u00f6tt, k\u00fcl\u00f6n k\u00f6sz\u00f6net az egyik r\u00e9sztvev\u0151nek, hogy megsz\u00e1nt minket k\u00e9t v\u00e9kony szivaccsal, hogy tudjuk aludni..<\/div>\n<div><\/p>\n<div style=\"text-align: center;\"><img decoding=\"async\" src=\"letoltes\/1411\/2014.09.13-14_vyckov_onyi.jpg\" width=\"561\"><\/div>\n<\/div>\n<div>M\u00e1snap id\u0151ben \u00e9rkezt\u00fcnk a megszokott terembe, k\u00f6sz\u00f6ntve a r\u00e9gi (akiket 9 \u00e9ve..10 \u00e9ve..ezer \u00e9ve ismer\u00fcnk) bar\u00e1tainkat.<\/div>\n<div>Cook Sensei \u00fcdv\u00f6z\u00f6lt, majd csoportokba osztott minket, fokozatonk\u00e9nt &#8211; \u00edgy ker\u00fclhett\u00fcnk h\u00e1rman is a 3-4 danosok k\u00f6z\u00e9, akikkel Sensei foglalkozott 2 napig! :&#8211;)<\/div>\n<div>Azt hiszem, mi mozogtunk a legkevesebbet, viszont Sensei minket l\u00e1tott el a legt\u00f6bb plusz adal\u00e9kkal, inform\u00e1ci\u00f3val az egyes kat\u00e1kat illet\u0151en&#8230;k\u00fcl\u00f6n k\u00f6sz\u00f6net, hogy s\u00e9r\u00fclt k\u00e9zzel is nagyon sokat mozgott a fejl\u0151d\u00e9s\u00fcnk \u00e9rdek\u00e9ben!<\/div>\n<div>Az esti sayonara parti ut\u00e1n m\u00e9g besz\u00e9lgett\u00fcnk szigor\u00faan bizalmas dolgokr\u00f3l..term\u00e9szetesen sz\u00f3ba ker\u00fclt a nehezen defini\u00e1lhat\u00f3, meghat\u00e1rozhatatlan bizonytalans\u00e1gi fokkal rendelkez\u0151 j\u00f6v\u0151 is..<\/p>\n<p><img decoding=\"async\" src=\"letoltes\/1411\/2014.09.13-14_vyckov_3934.jpg\"><\/div>\n<div>Az alv\u00e1s ut\u00e1ni vas\u00e1rnap r\u00f6vidre, de ann\u00e1l szem\u00e9lyesebbre siker\u00fclt..<\/p>\n<p>Hazafel\u00e9 esett.<br \/>\u00c9s volt sziv\u00e1rv\u00e1ny, \u00e9s egy dupla sziv\u00e1rv\u00e1ny-kezdem\u00e9ny is.. \u00c9s persze k\u00e9t z\u00e1por k\u00f6z\u00f6tt egy kicsit zuhogott az es\u0151 is.<\/p>\n<p>Felv\u00e1s\u00e1rolt \u00e9dess\u00e9g (narancsos f\u0171r\u00e9szpor, \u00faj\u00edz-fidorka, k\u00f3kuszos \u00e9s geszteny\u00e9s-iz\u00e9) k\u00e9szleteinket fogyasztva \u00e9lm\u00e9nyekkel robogtunk haza&#8230;<\/p><\/div>\n<p><img loading=\"lazy\" decoding=\"async\" class=\"aligncenter wp-image-19438 size-large\" src=\"\/fenykepalbum\/keptar_1411_big_2014.09.13-14_vyckov_csoport.jpg\" alt=\"\" width=\"840\" height=\"473\" \/><\/p>\n<p><img loading=\"lazy\" decoding=\"async\" class=\"aligncenter wp-image-19438 size-large\" src=\"\/fenykepalbum\/keptar_1411_big_2014.09.13-14_vyckov_3923.jpg\" alt=\"\" width=\"840\" height=\"473\" \/><\/p>\n<p><img loading=\"lazy\" decoding=\"async\" class=\"aligncenter wp-image-19438 size-large\" src=\"\/fenykepalbum\/keptar_1411_big_2014.09.13-14_vyckov_onyi.jpg\" alt=\"\" width=\"840\" height=\"473\" \/><\/p>\n<p><img loading=\"lazy\" decoding=\"async\" class=\"aligncenter wp-image-19438 size-large\" src=\"\/fenykepalbum\/keptar_1411_big_2014.09.13-14_vyckov_terem.jpg\" alt=\"\" width=\"840\" height=\"473\" \/><\/p>\n<p><img loading=\"lazy\" decoding=\"async\" class=\"aligncenter wp-image-19438 size-large\" src=\"\/fenykepalbum\/keptar_1411_big_2014.09.13-14_vyckov_mi.jpg\" alt=\"\" width=\"840\" height=\"473\" \/><\/p>\n<p><img loading=\"lazy\" decoding=\"async\" class=\"aligncenter wp-image-19438 size-large\" src=\"\/fenykepalbum\/keptar_1411_big_2014.09.13-14_vyckov_nagcsoport.jpg\" alt=\"\" width=\"840\" height=\"473\" \/><\/p>\n","protected":false},"excerpt":{"rendered":"<p>\u00dajra Vyskov! \u00c9vek \u00f3ta visszat\u00e9r\u0151 vend\u00e9gek vagyunk a cseh kisv\u00e1rosban, amir\u0151l szinte semmit sem tudunk &#8211; kiv\u00e9ve a Dino Parkot \u00e9s a s\u00f6rgy\u00e1rat &#8211; most p\u00f3toljuk &#8211; igaz ut\u00f3lag (de megfogadjuk Sensei-nek, hogy legk\u00f6zelebb megl\u00e1togatjuk a rep\u00fcl\u0151g\u00e9peket..). &#8222;(&#8230;)A v\u00e1ros fontos szerepet t\u00f6lt\u00f6tt be m\u00e1r a kora k\u00f6z\u00e9pkorban is. Vy\u00b9kov a Brno \u00e9s Olomouc illetve Krom\u00ec\u00f8\u00ed\u00be &hellip; <a href=\"https:\/\/shinbukan.hu\/?p=19710\" class=\"more-link\"><span class=\"screen-reader-text\">&#8222;Iaido Szemin\u00e1rium (Vyckov)&#8221;<\/span> b\u0151vebben<\/a><\/p>\n","protected":false},"author":2,"featured_media":0,"comment_status":"open","ping_status":"open","sticky":false,"template":"","format":"standard","meta":{"footnotes":""},"categories":[],"tags":[],"class_list":["post-19710","post","type-post","status-publish","format-standard","hentry"],"_links":{"self":[{"href":"https:\/\/shinbukan.hu\/index.php?rest_route=\/wp\/v2\/posts\/19710","targetHints":{"allow":["GET"]}}],"collection":[{"href":"https:\/\/shinbukan.hu\/index.php?rest_route=\/wp\/v2\/posts"}],"about":[{"href":"https:\/\/shinbukan.hu\/index.php?rest_route=\/wp\/v2\/types\/post"}],"author":[{"embeddable":true,"href":"https:\/\/shinbukan.hu\/index.php?rest_route=\/wp\/v2\/users\/2"}],"replies":[{"embeddable":true,"href":"https:\/\/shinbukan.hu\/index.php?rest_route=%2Fwp%2Fv2%2Fcomments&post=19710"}],"version-history":[{"count":0,"href":"https:\/\/shinbukan.hu\/index.php?rest_route=\/wp\/v2\/posts\/19710\/revisions"}],"wp:attachment":[{"href":"https:\/\/shinbukan.hu\/index.php?rest_route=%2Fwp%2Fv2%2Fmedia&parent=19710"}],"wp:term":[{"taxonomy":"category","embeddable":true,"href":"https:\/\/shinbukan.hu\/index.php?rest_route=%2Fwp%2Fv2%2Fcategories&post=19710"},{"taxonomy":"post_tag","embeddable":true,"href":"https:\/\/shinbukan.hu\/index.php?rest_route=%2Fwp%2Fv2%2Ftags&post=19710"}],"curies":[{"name":"wp","href":"https:\/\/api.w.org\/{rel}","templated":true}]}}