{"id":19719,"date":"2015-02-07T12:22:00","date_gmt":"2015-02-07T12:22:00","guid":{"rendered":""},"modified":"-0001-11-30T00:00:00","modified_gmt":"-0001-11-29T22:00:00","slug":"","status":"publish","type":"post","link":"https:\/\/shinbukan.hu\/?p=19719","title":{"rendered":"3. Tomoachi no Iaido Keiko (Kassa)"},"content":{"rendered":"<p>E t\u00e9li szombati napon Kass\u00e1n, klubunk vezet\u0151j\u00e9nek, H\u00e1bermajer G\u00e1bornak az ir\u00e1ny\u00edt\u00e1sa alatt egy egy napos szemin\u00e1riumon fejl\u0151dhett\u00fcnk tov\u00e1bb.<\/p>\n<p>A r\u00e9sztvev\u0151k: N\u00e9meth Zolt\u00e1n, Vass Gergely, Szilva Imre, Koz\u00e1r Zolt\u00e1n \u00e9s M\u00e9hesfalvi Edna.<\/p>\n<div>\n<hr>\n<div>\n<div><\/div>\n<div><b>Milyen volt?<\/b><\/p>\n<p>M\u00e1r h\u00f3napokkal az esem\u00e9ny el\u0151tt tudtuk, hogy Kass\u00e1n &#8211; imm\u00e1r harmadik alkalommal &#8211; lesz egy r\u00f6vid, h\u00e9tv\u00e9gi szemin\u00e1rium a <a target=\"_blank\" href=\"http:\/\/www.junsui.sk\/\">Shin Junsui Do<\/a> &#8211; azaz Kulcs\u00e1r Robi bar\u00e1tunk szervez\u00e9s\u00e9ben, az utols\u00f3 napokig azonban m\u00e9gsem volt kialakult k\u00e9p a r\u00e9sztvev\u0151k sz\u00e1m\u00e1r\u00f3l \u00e9s az utaz\u00e1s m\u00f3dj\u00e1r\u00f3l.<\/div>\n<div><\/div>\n<div>\n<div>\n<div style=\"text-align: right;\"><i>&#8222;<a target=\"_blank\" href=\"http:\/\/hu.wikipedia.org\/wiki\/Kassa\">Kassa<\/a>&nbsp;(szlov\u00e1kul: Ko\u00b9ice, n\u00e9met\u00fcl: Kaschau) Szlov\u00e1kia m\u00e1sodik legnagyobb v\u00e1rosa, az egykori Aba\u00faj-Torna v\u00e1rmegye sz\u00e9khelye, ma a r\u00f3la elnevezett ker\u00fclet \u00e9s j\u00e1r\u00e1s k\u00f6zpontja, katolikus \u00e9rseki \u00e9s evang\u00e9likus p\u00fcsp\u00f6ki sz\u00e9khely.&#8221;<\/i><\/div>\n<\/div>\n<\/div>\n<div><i><br \/><\/i><\/div>\n<div>A kirak\u00f3s darabjai v\u00e9g\u00fcl \u00f6ssze\u00e1lltak, Sensei, Gerg\u0151, Zoli \u00e9s Edna egy k\u00f6lcs\u00f6n <b>Oroszl\u00e1n<\/b>nal indultak \u00fatnak d\u00e9lut\u00e1n (hogy min\u00e9l hamarabb \u00e9lvezhess\u00e9k Robi \u00e9s Erika vend\u00e9gszeretet\u00e9t), N\u00e9m\u00f3 \u00e9s j\u00f3magam pedig m\u00e1r s\u00f6t\u00e9ted\u00e9s ut\u00e1n indultunk \u00fatnak <b>B\u00f6lcs \u00dar<\/b>ral.<\/p>\n<div style=\"text-align: right;\"><\/div>\n<\/div>\n<div style=\"text-align: right;\"><i>&#8222;Az <a target=\"_blank\" href=\"http:\/\/hu.wikipedia.org\/wiki\/Peugeot\">Peugeot<\/a> c\u00e9g t\u00f6rt\u00e9nete Jean-Pierre Peugeot-val kezd\u0151d\u00f6tt, aki textilipari tev\u00e9kenys\u00e9gbe kezdett.&#8221;&nbsp;<\/i><\/div>\n<div style=\"text-align: right;\"><i><br \/><\/i><\/div>\n<div style=\"text-align: right;\"><i>&#8222;A <a target=\"_blank\" href=\"http:\/\/www.mazdaklub.hu\/magazin\/90-eves-a-mazda-a-vallalat-tortenete\">Mazda<\/a> elnevez\u00e9s az \u0151si perzsa f\u00e9nyistenre, Ahura Mazda-ra utal. Ahura <a target=\"_blank\" href=\"http:\/\/www.mazdablog.hu\/2014\/12\/bolcs-ur\/\">Mazda <\/a>a b\u00f6lcsess\u00e9g, az intelligencia \u00e9s a harm\u00f3nia istene, \u00e9s egy\u00fattal a szimb\u00f3luma minden keleti \u00e9s nyugati kult\u00fara sz\u00fclet\u00e9s\u00e9nek. Az elnevez\u00e9sben persze szerepet j\u00e1tszott az is, hogy az akkori eln\u00f6k, Matsuda nev\u00e9t jap\u00e1nul hasonl\u00f3an ejtik ki, mint a Mazda sz\u00f3t.&#8221;<\/i><\/div>\n<div><\/div>\n<div>A tiszta \u00e9g alatt robogtunk, \u00e9s \u00f6r\u00fclt\u00fcnk, hogy j\u00f3l l\u00e1tszik &#8211; mindkett\u0151nk kedvence &#8211; az <b>Orion <\/b>csillagk\u00e9p is.<\/div>\n<div>Besz\u00e9lgett\u00fcnk &#8211; \u00e9s hallgattunk is.<\/div>\n<div><\/div>\n<div style=\"text-align: right;\"><i>A g\u00f6r\u00f6g mitol\u00f3gi\u00e1ban <a target=\"_blank\" href=\"http:\/\/hu.wikipedia.org\/wiki\/Orion_csillagk%C3%A9p\">\u00d3ri\u00f3n <\/a>Poszeid\u00f3n fia, \u00f3ri\u00e1s termet\u0171 vad\u00e1sz, aki Atlasz h\u00e9t le\u00e1ny\u00e1t addig \u00fcld\u00f6zte szerelm\u00e9vel, am\u00edg azok csillagokk\u00e1 nem v\u00e1ltoztak: \u0151k lettek a Plej\u00e1dok h\u00e9t csillaga. K\u00e9s\u0151bb Artemisz, a vad\u00e1szat sz\u0171z istenn\u0151je ir\u00e1nt lobbant szerelemre, aki azonban \u00edj\u00e1val lel\u0151tte \u0151t.&nbsp;<\/i><\/div>\n<div style=\"text-align: center;\"><\/div>\n<div>A j\u00f3solt id\u0151pontban \u00e9rt\u00fcnk a hideg v\u00e1rosba, ahol a <a target=\"_blank\" href=\"https:\/\/www.waze.com\/hu\/livemap\">Waze <\/a>(k\u00f3dn\u00e9v: Jessica) navig\u00e1ci\u00f3s program fagyott j\u00e9ggel bor\u00edtott mell\u00e9kutc\u00e1kba kalauzolt minket.. A kil\u00e1t\u00e1s a v\u00e1rosra kiv\u00e1l\u00f3 volt, de egy 45 fokos emelked\u0151 t\u00fal cs\u00fasz\u00f3snak bizonyult, ez\u00e9rt kis ker\u00fcl\u0151vel \u00e9rt\u00fcnk csak c\u00e9lt.<\/div>\n<div><\/div>\n<div>\n<div style=\"text-align: right;\"><i>&#8222;A technik\u00e1ban a <a target=\"_blank\" href=\"http:\/\/hu.wikipedia.org\/wiki\/Sz%C3%A1zal%C3%A9k\">meredeks\u00e9get <\/a>szint\u00e9n sz\u00e1zal\u00e9kban adj\u00e1k meg. A sz\u00e1zal\u00e9kban megadott \u00e9rt\u00e9k a szintk\u00fcl\u00f6nbs\u00e9g \u00e9s a v\u00edzszintes szakasz h\u00e1nyadosa. A 10%-os meredeks\u00e9g azt jelenti, hogy 100 m\u00e9teren 10 m\u00e9ter az emelked\u00e9s (10m\/100m=0,1=10%). \u00dcgyelni kell a m\u00e9rt\u00e9kegys\u00e9gekre; ha 100 m\u00e9teren 6 centim\u00e9ter (=0,06 m\u00e9ter) a szintk\u00fcl\u00f6nbs\u00e9g, akkor az emelked\u00e9s 0,06%-os lesz (0,06m\/100m=0,0006=0,06%). Az \u00edgy megadott meredeks\u00e9g tulajdonk\u00e9ppen az emelked\u00e9si sz\u00f6g tangense; p\u00e9ld\u00e1ul, ha az emelked\u00e9si sz\u00f6g 45 fok, akkor a meredeks\u00e9g 100%, a tangens pedig 1.<\/i><\/div>\n<div style=\"text-align: right;\"><i>Az utakon a jelz\u0151t\u00e1bl\u00e1kra nem az \u00fatszakasz \u00e1tlagos meredeks\u00e9g\u00e9t, hanem a legnagyobb meredeks\u00e9g\u00e9t \u00edrj\u00e1k fel.&#8221;<\/i><\/div>\n<div style=\"text-align: right;\"><\/div>\n<\/div>\n<div style=\"text-align: right;\"><\/div>\n<div><b>Vend\u00e9gl\u00e1t\u00f3ink <\/b>(kuty\u00e1val, papag\u00e1jokkal, k\u00edgy\u00f3kkal) vacsor\u00e1val \u00e9s vetett \u00e1ggyal v\u00e1rtak minket.<\/div>\n<div><\/div>\n<div>M\u00e1snap 9-kor kezdt\u00fcnk volna, de el\u00e9g lassan t\u00e9rt\u00fcnk magunkhoz (vagy csak a megszokott, 10 \u00f3rai kezd\u00e9sre volt m\u00e9g be\u00e1ll\u00edtva a biol\u00f3giai \u00f3r\u00e1nk..). Reggeli ut\u00e1n &#8211; az els\u0151re \u00e9s m\u00e1sodik l\u00e1t\u00e1sra is \u00e1ttekinthetetlen utakon &#8211; elgurultunk a teremig, \u00e9s kis bemeleg\u00edt\u00e9s ut\u00e1n kezd\u0151d\u00f6tt ..<b>valami m\u00e1s \u00e9s szokatlan.<\/b><\/div>\n<div><\/div>\n<div>A f\u0151 program a <b>vizsg\u00e1ra val\u00f3 felk\u00e9sz\u00fcl\u00e9s <\/b>volt. Nem hallgattuk v\u00e9gig az \u00f6sszes kata le\u00edr\u00e1s\u00e1t valamint a <b>ZNKR b\u00edr\u00f3i \u00e9s vizsga szemponto<\/b>kat a <b>&nbsp;k\u00e9zik\u00f6nyv<\/b>b\u0151l, de \u00edzel\u0151t kaptunk bel\u0151le az Ippon-me Mae kapcs\u00e1n &#8211; \u00e9s hogy \u00e9rts\u00fck a pontokat, \u00e9s az azokat \u00f6sszek\u00f6t\u0151 (legr\u00f6videbb &#8211; Budo logikus) vonal l\u00e9nyeg\u00e9t, el\u0151ker\u00fclt egy megsz\u00e1mozott pontokkal telerajzolt pap\u00edr, amelyet <b>k\u00f6z\u00f6sen <\/b>tett\u00fcnk k\u00e9pp\u00e9.<\/div>\n<div><\/div>\n<div style=\"text-align: right;\"><i>&#8222;A kard elrak\u00e1sa sor\u00e1n a bal k\u00e9z k\u00f6z\u00e9ps\u0151&nbsp;ujj\u00e1val tartjuk a koi&#8208;guchit, a h\u00fcvelyk \u00e9s mutat\u00f3ujjak fog\u00e1s\u00e1t<br \/>\npedig meglaz\u00edtjuk. Jobb k\u00e9zzel a mune (Ld. a kardszerel\u00e9kek \u00e1br\u00e1j\u00e1t &#8211; a ford.) tsub\u00e1hoz k\u00f6zel es\u0151&nbsp;<br \/>\nr\u00e9sz\u00e9t a bal k\u00e9z h\u00fcvelykujj\u00e1nak \u00e9s behajtott mutat\u00f3 ujj\u00e1nak \u00e1rk\u00e1hoz emelj\u00fck, majd a jobb k\u00f6ny\u00f6k\u00f6t<br \/>\nhar\u00e1nt el\u0151refel\u00e9 kiny\u00fajtva a kard hegy\u00e9t a bal cs\u00edp\u0151&nbsp;k\u00f6zel\u00e9be hozzuk. Ezalatt a bal k\u00e9z \u00e1ltal tartott<br \/>\nkoi&#8208;guchit is az obi bal oldal\u00e1hoz h\u00fazva a kard hegy\u00e9t behelyezz\u00fck a saya ny\u00edl\u00e1s\u00e1ba. A say\u00e1t bal<br \/>\nk\u00e9zzel kiss\u00e9 el\u0151re h\u00fazva fogadjuk a h\u00fcvelybe tolt kardot. Miut\u00e1n k\u00e9t k\u00e9zzel, finoman eltett\u00fck a<br \/>\nkardot, a bal k\u00e9z h\u00fcvelykujja a tsub\u00e1n, a tsuba a k\u00f6ld\u00f6k el\u0151tt, a kard pedig megk\u00f6zel\u00edt\u0151leg<br \/>\nv\u00edzszintesen helyezkedik el.&#8221;<br \/>(Zen Nihon Kend&#333;&nbsp;Renmei Iaid&#333;&nbsp;&nbsp;<br \/>\nk\u00e9zik\u00f6nyv, magyar kiad\u00e1s)<\/i><\/div>\n<div><\/div>\n<div>M\u00e1s \u00e9lm\u00e9ny a megszokott k\u00f6rnyezetben, a megszokott t\u00e1rsakkal gyakorolni &#8211; ebb\u0151l a z\u00f3n\u00e1b\u00f3l siker\u00fclt azonnal kiz\u00f6kkenni ezen a h\u00e9tv\u00e9g\u00e9n. T\u00e1rsat kellett v\u00e1lasztanunk, majd \u0151ket is s\u0171r\u0171n cser\u00e9lgett\u00fck, \u00edgy seg\u00edtett\u00fcnk egym\u00e1snak: <b>t\u00fckr\u00f6t tartottunk a m\u00e1siknak<\/b>!<\/div>\n<div>A d\u00e9lel\u0151tti gyakorl\u00e1sba m\u00e9g belef\u00e9rt a 12 kata &#8211; de ezek sem a megszokott m\u00f3don, hiszen egy csomagban melegedhett\u00fcnk bele..!<\/div>\n<div><\/div>\n<div>Az ir\u00e1nyvonal a nap h\u00e1tral\u00e9v\u0151 r\u00e9sz\u00e9ben is folytat\u00f3dott, enbu-taikia-vizsga szimul\u00e1ci\u00f3k ut\u00e1n szabad gyakorl\u00e1s \u00e9s z\u00e1r\u00f3 gondolatok b\u00facs\u00faztatt\u00e1k az esem\u00e9nyt: &#8222;<b>Akkor gyakoroljatok, ha \u00e9lvezitek azt, amit csin\u00e1ltok!<\/b>&#8222;<\/div>\n<div><\/div>\n<div><\/div>\n<div>A k\u00f6z\u00f6s terem-vissza\u00e1ll\u00edt\u00e1s ut\u00e1n h\u00e1rman elb\u00facs\u00faztunk a t\u00f6bbekt\u0151l, hogy ism\u00e9t hazak\u00eds\u00e9rjen minket az Orion, \u00e9s a Hold&#8230;<\/div>\n<\/div>\n<\/div>\n<div><\/div>\n<div style=\"text-align: right;\"><i>Szilva Imre<\/i><\/div>\n<p><img loading=\"lazy\" decoding=\"async\" class=\"aligncenter wp-image-19438 size-large\" src=\"\/fenykepalbum\/keptar_1432_big_2015.02.07_kassa_shinbukan_a6.jpg\" alt=\"\" width=\"840\" height=\"473\" \/><\/p>\n<p><img loading=\"lazy\" decoding=\"async\" class=\"aligncenter wp-image-19438 size-large\" src=\"\/fenykepalbum\/keptar_1432_big_2015.02.07_kassa_shinbukan_csop.jpg\" alt=\"\" width=\"840\" height=\"473\" \/><\/p>\n<p><img loading=\"lazy\" decoding=\"async\" class=\"aligncenter wp-image-19438 size-large\" src=\"\/fenykepalbum\/keptar_1432_big_2015.02.07_kassa_shinbukan_a27.jpg\" alt=\"\" width=\"840\" height=\"473\" \/><\/p>\n<p><img loading=\"lazy\" decoding=\"async\" class=\"aligncenter wp-image-19438 size-large\" src=\"\/fenykepalbum\/keptar_1432_big_2015.02.07_kassa_shinbukan_a37.jpg\" alt=\"\" width=\"840\" height=\"473\" \/><\/p>\n<p><img loading=\"lazy\" decoding=\"async\" class=\"aligncenter wp-image-19438 size-large\" src=\"\/fenykepalbum\/keptar_1432_big_2015.02.07_kassa_shinbukan_a46.jpg\" alt=\"\" width=\"840\" height=\"473\" \/><\/p>\n","protected":false},"excerpt":{"rendered":"<p>E t\u00e9li szombati napon Kass\u00e1n, klubunk vezet\u0151j\u00e9nek, H\u00e1bermajer G\u00e1bornak az ir\u00e1ny\u00edt\u00e1sa alatt egy egy napos szemin\u00e1riumon fejl\u0151dhett\u00fcnk tov\u00e1bb. A r\u00e9sztvev\u0151k: N\u00e9meth Zolt\u00e1n, Vass Gergely, Szilva Imre, Koz\u00e1r Zolt\u00e1n \u00e9s M\u00e9hesfalvi Edna. Milyen volt? M\u00e1r h\u00f3napokkal az esem\u00e9ny el\u0151tt tudtuk, hogy Kass\u00e1n &#8211; imm\u00e1r harmadik alkalommal &#8211; lesz egy r\u00f6vid, h\u00e9tv\u00e9gi szemin\u00e1rium a Shin Junsui Do &hellip; <a href=\"https:\/\/shinbukan.hu\/?p=19719\" class=\"more-link\"><span class=\"screen-reader-text\">&#8222;3. Tomoachi no Iaido Keiko (Kassa)&#8221;<\/span> b\u0151vebben<\/a><\/p>\n","protected":false},"author":2,"featured_media":0,"comment_status":"open","ping_status":"open","sticky":false,"template":"","format":"standard","meta":{"footnotes":""},"categories":[],"tags":[],"class_list":["post-19719","post","type-post","status-publish","format-standard","hentry"],"_links":{"self":[{"href":"https:\/\/shinbukan.hu\/index.php?rest_route=\/wp\/v2\/posts\/19719","targetHints":{"allow":["GET"]}}],"collection":[{"href":"https:\/\/shinbukan.hu\/index.php?rest_route=\/wp\/v2\/posts"}],"about":[{"href":"https:\/\/shinbukan.hu\/index.php?rest_route=\/wp\/v2\/types\/post"}],"author":[{"embeddable":true,"href":"https:\/\/shinbukan.hu\/index.php?rest_route=\/wp\/v2\/users\/2"}],"replies":[{"embeddable":true,"href":"https:\/\/shinbukan.hu\/index.php?rest_route=%2Fwp%2Fv2%2Fcomments&post=19719"}],"version-history":[{"count":0,"href":"https:\/\/shinbukan.hu\/index.php?rest_route=\/wp\/v2\/posts\/19719\/revisions"}],"wp:attachment":[{"href":"https:\/\/shinbukan.hu\/index.php?rest_route=%2Fwp%2Fv2%2Fmedia&parent=19719"}],"wp:term":[{"taxonomy":"category","embeddable":true,"href":"https:\/\/shinbukan.hu\/index.php?rest_route=%2Fwp%2Fv2%2Fcategories&post=19719"},{"taxonomy":"post_tag","embeddable":true,"href":"https:\/\/shinbukan.hu\/index.php?rest_route=%2Fwp%2Fv2%2Ftags&post=19719"}],"curies":[{"name":"wp","href":"https:\/\/api.w.org\/{rel}","templated":true}]}}