{"id":19721,"date":"2015-02-28T12:22:00","date_gmt":"2015-02-28T12:22:00","guid":{"rendered":""},"modified":"-0001-11-30T00:00:00","modified_gmt":"-0001-11-29T22:00:00","slug":"","status":"publish","type":"post","link":"https:\/\/shinbukan.hu\/?p=19721","title":{"rendered":"Alapt\u00e1bor 3.0 (Visegr\u00e1d)"},"content":{"rendered":"<p>A gondolat nemzed\u00e9keken \u00e1t \u00edvel, Cook Sensei is sokszor megosztotta ezt vel\u00fcnk:<\/p>\n<div style=\"text-align: right;\">&#8222;A Budo r\u00f3lunk, emberekr\u0151l sz\u00f3l&#8221;.<\/div>\n<div style=\"text-align: left;\"><\/div>\n<div>Sok \u00e9v telt el az\u00f3ta, hogy el\u0151sz\u00f6r kardot \u00e9s jo-t fogtunk a kez\u00fcnkbe. Ezen id\u0151 alatt a gyakorl\u00e1s maradt az \u00e1lland\u00f3 ebben a folyamatosan v\u00e1ltoz\u00f3 egyenletben &#8211; mert gyerekek sz\u00fclettek, tanulm\u00e1nyok fejez\u0151dtek be \u00e9s \u00e9letek v\u00e1ltottak ir\u00e1nyt.<br \/>A gyakorl\u00e1son k\u00edv\u00fcl egy\u00fctt t\u00f6lt\u00f6tt id\u0151 \u00edgy egyre kevesebb lett, elmaradtak a p\u00e9ntek est\u00e9k, a t\u00e1borok, ahov\u00e1 t\u00f6bb aut\u00f3val \u00e9rkezt\u00fcnk..de az ig\u00e9ny mindig is megvolt benn\u00fcnk a bar\u00e1ti besz\u00e9lget\u00e9sekre, ez\u00e9rt ment\u00fcnk \u00f6r\u00f6mmel ezen h\u00e9tv\u00e9g\u00e9n egy t\u00e1borba, Visegr\u00e1dra!<\/p>\n<p>A Duna parti v\u00e1ros mindig hazav\u00e1r, mindig otthonos. A tornaterem ez\u00fattal meleg is volt, h\u00edvogat\u00f3, hamar belaktuk. A k\u00f6z\u00f6s reggeli ut\u00e1n lassan el\u0151ker\u00fcltek a c\u00e9lt\u00e1bl\u00e1k, ny\u00edlvessz\u0151k, hogy kezd\u0151dj\u00f6n az \u00f6r\u00f6m-l\u00f6v\u00e9szet!<\/p><\/div>\n<div><\/div>\n<div>A csapat nem volt teljes. Volt aki betegs\u00e9g miatt maradt otthon, volt, akit csal\u00e1di \u00fcgyek marasztaltak &#8211; \u00e9s biztos volt, akit ezen a napon is az \u00e9let forg\u00e1csolt ezer fel\u00e9, ez\u00e9rt nem tudott elj\u00f6nni..ez\u00e9rt is \u00f6r\u00fclt\u00fcnk egy r\u00e9gi bar\u00e1tnak, aki \u00f6r\u00f6mmel fogadta a megh\u00edv\u00e1st &#8211; a nap csal\u00e1di jelleg\u00e9t pedig \u00e9n adtam meg azzal, hogy a l\u00e1nyom is elk\u00eds\u00e9rt az \u00fatra.<\/p>\n<p>\u00d6r\u00fcltem a friss leveg\u0151nek, a v\u00edz illat\u00e1nak, a hull\u00e1mok zaj\u00e1nak, az ismer\u0151s utc\u00e1knak, az erd\u0151nek, a cukr\u00e1szd\u00e1nak, a bar\u00e1tok mosoly\u00e1nak, a becsap\u00f3d\u00f3 ny\u00edlvessz\u0151k hangj\u00e1nak.<\/p><\/div>\n<div>\u00d6r\u00fcltem, hogy a l\u00e1nyom l\u00e1thatja ezt, hogy a kez\u00e9vel v\u00e9gigsim\u00edthatja a tollakat, hogy megv\u00e1rja az utols\u00f3 vessz\u0151 kil\u00f6v\u00e9s\u00e9t, hogy ut\u00e1na k\u00f6z\u00f6sen a c\u00e9lt\u00e1bl\u00e1khoz s\u00e9t\u00e1ljon vel\u00fcnk..<\/p>\n<\/div>\n<div>Azt hiszem, ez a l\u00e9nyeg.<\/div>\n<div>P\u00e9ld\u00e1t mutatni, elsz\u00f3rni a magokat, megmutatni annak a lehet\u0151s\u00e9g\u00e9t, hogy ebben a rengetegben is tal\u00e1lhatunk olyan \u00f6sv\u00e9nyt, amelyen \u00e9rdemes j\u00e1rni.<\/div>\n<div>(Igen, lehet, hogy egy-egy vessz\u0151 n\u00e9ha a t\u00e1bla mellett sz\u00e1ll el..de l\u00e9nyeg az ir\u00e1ny, \u00e9s hogy soha ne vesz\u00edts\u00fck szem el\u0151l a c\u00e9lt&#8230;)<\/div>\n<div><\/p>\n<div style=\"text-align: right;\"><i>Szilva Imre<\/i><\/div>\n<\/div>\n<div>\n<hr>\n<\/div>\n<p>Mindig, amikor k\u00f6zeledek Visegr\u00e1d fel\u00e9 elkezd valami zizegni bennem, g\u00f6nd\u00f6r\u00f6dik, fodroz\u00f3dik, kanyarb\u00e1l k\u00e9t pirceg\u00e9s k\u00f6z\u00f6tt&#8230; A barn\u00e1k narancss\u00e1rg\u00e1ra v\u00e1ltanak, a s\u00f6t\u00e9tek kivil\u00e1gosodnak, a piros elm\u00e9ly\u00fcl, a z\u00f6ldek rikkantanak egyet, a k\u00e9kek meg nagy, sziv\u00e1rv\u00e1nyos \u00edvvel szemembe \u00fasznak, \u00e9s m\u00e1r Ott is vagyok!!!!<\/p>\n<p>Hogy hol is az az Ott?&#8230; H\u00e1t mindig ott, ahol&nbsp;<b>Mi<\/b>&nbsp;vagyunk!!!<\/p>\n<div>Vihogunk k\u00e9t tsuki k\u00f6z\u00f6tt, mister suigets h\u00f6r\u00f6gve f\u00f6ldig hajol, kaishi tsukin\u00e1l megbesz\u00e9lj\u00fck, hogy az eke mennyivel jobban sz\u00e1ntott \u00e9s jap\u00e1n hakam\u00e1ban sztrapacsk\u00e1t esz\u00fcnk, majd j\u00f3llakott sz\u00e9tzil\u00e1lts\u00e1ggal az esti hom\u00e1lyban kitartott r\u00e9szeink r\u00e1t\u00e1madnak a k\u00ednai ledekre hun \u00edjjakkal.<\/p>\n<p>H\u00e1t ezek vagyunk&nbsp;<b>Mi<\/b>.<\/p>\n<div><\/div>\n<div style=\"text-align: right;\"><i>\u00c1rkay Lucia<\/i><\/div>\n<\/div>\n<p><img loading=\"lazy\" decoding=\"async\" class=\"aligncenter wp-image-19438 size-large\" src=\"\/fenykepalbum\/keptar_1435_big_2015.02.28_visegrad-1.jpg\" alt=\"\" width=\"840\" height=\"473\" \/><\/p>\n<p><img loading=\"lazy\" decoding=\"async\" class=\"aligncenter wp-image-19438 size-large\" src=\"\/fenykepalbum\/keptar_1435_big_2015.02.28_visegrad-2.jpg\" alt=\"\" width=\"840\" height=\"473\" \/><\/p>\n","protected":false},"excerpt":{"rendered":"<p>A gondolat nemzed\u00e9keken \u00e1t \u00edvel, Cook Sensei is sokszor megosztotta ezt vel\u00fcnk: &#8222;A Budo r\u00f3lunk, emberekr\u0151l sz\u00f3l&#8221;. Sok \u00e9v telt el az\u00f3ta, hogy el\u0151sz\u00f6r kardot \u00e9s jo-t fogtunk a kez\u00fcnkbe. Ezen id\u0151 alatt a gyakorl\u00e1s maradt az \u00e1lland\u00f3 ebben a folyamatosan v\u00e1ltoz\u00f3 egyenletben &#8211; mert gyerekek sz\u00fclettek, tanulm\u00e1nyok fejez\u0151dtek be \u00e9s \u00e9letek v\u00e1ltottak ir\u00e1nyt.A gyakorl\u00e1son &hellip; <a href=\"https:\/\/shinbukan.hu\/?p=19721\" class=\"more-link\"><span class=\"screen-reader-text\">&#8222;Alapt\u00e1bor 3.0 (Visegr\u00e1d)&#8221;<\/span> b\u0151vebben<\/a><\/p>\n","protected":false},"author":2,"featured_media":0,"comment_status":"open","ping_status":"open","sticky":false,"template":"","format":"standard","meta":{"footnotes":""},"categories":[],"tags":[],"class_list":["post-19721","post","type-post","status-publish","format-standard","hentry"],"_links":{"self":[{"href":"https:\/\/shinbukan.hu\/index.php?rest_route=\/wp\/v2\/posts\/19721","targetHints":{"allow":["GET"]}}],"collection":[{"href":"https:\/\/shinbukan.hu\/index.php?rest_route=\/wp\/v2\/posts"}],"about":[{"href":"https:\/\/shinbukan.hu\/index.php?rest_route=\/wp\/v2\/types\/post"}],"author":[{"embeddable":true,"href":"https:\/\/shinbukan.hu\/index.php?rest_route=\/wp\/v2\/users\/2"}],"replies":[{"embeddable":true,"href":"https:\/\/shinbukan.hu\/index.php?rest_route=%2Fwp%2Fv2%2Fcomments&post=19721"}],"version-history":[{"count":0,"href":"https:\/\/shinbukan.hu\/index.php?rest_route=\/wp\/v2\/posts\/19721\/revisions"}],"wp:attachment":[{"href":"https:\/\/shinbukan.hu\/index.php?rest_route=%2Fwp%2Fv2%2Fmedia&parent=19721"}],"wp:term":[{"taxonomy":"category","embeddable":true,"href":"https:\/\/shinbukan.hu\/index.php?rest_route=%2Fwp%2Fv2%2Fcategories&post=19721"},{"taxonomy":"post_tag","embeddable":true,"href":"https:\/\/shinbukan.hu\/index.php?rest_route=%2Fwp%2Fv2%2Ftags&post=19721"}],"curies":[{"name":"wp","href":"https:\/\/api.w.org\/{rel}","templated":true}]}}