{"id":19722,"date":"2015-03-28T12:22:00","date_gmt":"2015-03-28T12:22:00","guid":{"rendered":""},"modified":"-0001-11-30T00:00:00","modified_gmt":"-0001-11-29T22:00:00","slug":"","status":"publish","type":"post","link":"https:\/\/shinbukan.hu\/?p=19722","title":{"rendered":"Shinbukan Jodo (Visegr\u00e1d)"},"content":{"rendered":"<p>A napos-szeles h\u00e9tv\u00e9g\u00e9n ism\u00e9t Visegr\u00e1d adott otthont a Jo t\u00e1bornak.<br \/>A hagyom\u00e1nyt\u00f3l elt\u00e9r\u0151en H\u00e1bermajer G\u00e1bor Sensei vezette a lelkes csapatot!<\/p>\n<p>M\u00e9hesfalvi Edna \u00e9s Fekete G\u00e1bor klubt\u00e1rsunk nikyu fokozatot szerzett, gratul\u00e1lunk!<\/p>\n<div>\n<hr id=\"null\">\n<div><\/div>\n<div>A vizsga el\u0151tt \u00e1ll\u00f3kat sokszor \u00e1tj\u00e1rja a k\u00e9ts\u00e9g, az oktat\u00f3, szervez\u0151, edz\u0151t\u00e1rs igyekszik b\u00e1tor\u00edtani, eloszlatni a k\u00e9telyt. N\u00e9ha a vizsg\u00e1t lebonyol\u00edt\u00f3kat is elfogja a bizonytalans\u00e1g. \u00cdgy bukkant egyszer csak el\u0151 a taijo kontra ijo k\u00e9rd\u00e9sk\u00f6re, melyben Ad\u00e9l adott kimer\u00edt\u0151 seg\u00edts\u00e9get, melyet mindannyian k\u00f6sz\u00f6n\u00fcnk neki.<\/div>\n<div><\/div>\n<div>\n<div>&#8222;Tegnap felmer\u00fclt a k\u00e9rd\u00e9s, hogy &#8222;ijou&#8221; (&#20197;&#19978;) vagy &#8222;taijou&#8221; (&#36864;&#22580;).&nbsp;<\/div>\n<div>\n<div>\n<p style=\"margin: 6px 0px;\">Ebben a form\u00e1j\u00e1ban az ijou m\u00e1sodlagos jelent\u00e9sek\u00e9nt haszn\u00e1lj\u00e1k, hogy &#8222;v\u00e9ge&#8221; pl: Nem tudok tov\u00e1bb v\u00e1rni. (&#12418;&#12358;&#12371;&#12428;&#20197;&#19978;&#24453;&#12390;&#12414;&#12379;&#12435;. &#8211; Mou kore ijou mattemasen.), vagyis azt jelzi, hogy valaminek v\u00e9ge szakad. Az ijou desu (&#20197;&#19978;&#12391;&#12377;), a mondatok v\u00e9g\u00e9n, ink\u00e1bb \u00fagy ford\u00edthat\u00f3, hogy: Ez volt minden. Ennyi volt. Kijelenti, hogy nincs t\u00f6bb mondani-tennival\u00f3.&nbsp;<br \/>A taijou sokkal ink\u00e1bb felsz\u00f3l\u00edt\u00e1sk\u00e9nt \u00e9rtelmezhet\u0151, amely az adott&nbsp;hely elhagy\u00e1s\u00e1ra vonatkozik. Kev\u00e9sb\u00e9 gyakori az \u00e9l\u0151besz\u00e9dben, mint az ijou.<\/p>\n<\/div>\n<div>\n<p style=\"margin: 6px 0px;\">Teh\u00e1t lehet mindkett\u0151 (f\u0151leg, ha j\u00f3 jap\u00e1n szok\u00e1s szerint leharapj\u00e1k az elej\u00e9t, \u00e9s csak annyit hallunk, hogy &#8222;jou&#8221;, ahogy az aikidon\u00e1l el\u0151fordul, hogy az ikyou, nikyou, sankyo-b\u00f3l csak annyit lehet hallani, hogy &#8222;kyou&#8221;.) A l\u00e9nyeg term\u00e9szetesen nem v\u00e1ltozik, ha vizsga, taikai v\u00e9g\u00e9n van, akkor az egy\u00e9rtelm\u0171en azt jelenti, hogy v\u00e9ge, f\u00fcggetlen\u00fcl att\u00f3l, hogy &#8222;ijou&#8221; vagy &#8222;taijou&#8221;. :)&#8221;<\/p>\n<hr id=\"null\">\n<div>Jodo t\u00e1bor 2015 tavasz<\/div>\n<div>Imm\u00e1ron sokadik \u00e9ve adott otthont a tavaszi jodo t\u00e1bornak Visegr\u00e1d. A visegr\u00e1di Makovecz terem, a v\u00e1ros utc\u00e1i, a Kov\u00e1cs-kert \u00c9tterem mind-mind ismer\u0151s helyek. P\u00e9nteken, a hegyi \u00faton haladva meg\u00e1lltunk a Gyula-forr\u00e1sn\u00e1l, sz\u00e1momra ekkor kezd\u0151d\u00f6tt a t\u00e1bor. Meg\u00e9rkez\u00e9s\u00fcnk ut\u00e1n teremrendez\u00e9s, hangol\u00f3d\u00e1s, egy kis jodo \u00e9s az aznap \u00e9rkez\u0151 bar\u00e1taink fogad\u00e1sa volt a program. &nbsp;Szombaton \u00e9s vas\u00e1rnap kev\u00e9s besz\u00e9ddel \u00e9s sok mozg\u00e1ssal teltek az edz\u00e9sek. Sokszor forogtunk, aminek k\u00f6sz\u00f6nhet\u0151en sok bar\u00e1ttal tudtunk gyakorolni a k\u00e9t nap alatt. H\u00e1bermajer G\u00e1bor Sensei vezet\u00e9se mellett gyorsan \u00e9s vid\u00e1man teltek a gyakorl\u00e1ssal teli \u00f3r\u00e1k. Gyakoroltuk a kihonokat p\u00e1rokban \u00e9s p\u00e1r n\u00e9lk\u00fcl, majd kezd\u0151dtek a kat\u00e1k. Az els\u0151 nap v\u00e9gigment\u00fcnk mind a 12 darab ZNKR kat\u00e1n. R\u00f6vid magyar\u00e1zatok, \u00e9s csoportos jav\u00edt\u00e1sok ut\u00e1n sok-sok kata, mik\u00f6zben sensei jav\u00edtotta a hib\u00e1inkat. Vas\u00e1rnap \u00e9l\u0151halottk\u00e9nt \u00e9bredtem, de mint az egyik seg\u00edt\u0151 tudtam gyorsan \u00e9szhez kell t\u00e9rnem. F\u00e1bos Szilveszter jodos testv\u00e9remmel t\u00f6rt\u00e9nt p\u00e9nteki \u00f6nellen\u0151rz\u00e9s\u00fcnknek k\u00f6sz\u00f6nhet\u0151en a szervez\u00e9shez vas\u00e1rnapra m\u00e1r nem kellett haszn\u00e1lnom az agyamat, minden el\u0151 volt k\u00e9sz\u00edtve. \u00c1tvonszoltam magamat a terembe \u00e9s nem sokkal k\u00e9s\u0151bb m\u00e1r fel is sorakoztunk a kezd\u00e9shez. Kider\u00fclt nem csak \u00e9n kezdtem a vas\u00e1rnapot zombik\u00e9nt, \u00edgy kellett egy kis id\u0151 mire a hangulat el\u00e9rte a jodohoz sz\u00fcks\u00e9ges h\u0151fokot. Vas\u00e1rnap k\u00e9t csoportban gyakoroltunk, vizsg\u00e1z\u00f3k \u00e9s koryu-sok. Az els\u0151 sz\u00e9ria kat\u00e1it gyakorolhattuk. Oh igen azok a csod\u00e1latos koryu kat\u00e1k. Ez a nap is, mint ahogyan az eg\u00e9sz h\u00e9tv\u00e9ge vid\u00e1man, lelkesen \u00e9s j\u00f3 hangulatban, de sok-sok munk\u00e1val telt. Vas\u00e1rnap d\u00e9lut\u00e1n vizsga k\u00f6vetkezett, majd az elk\u00f6sz\u00f6n\u00e9s. A t\u00e1bor koh\u00f3 hat\u00e1s\u00e1t m\u00e9g a keddi edz\u00e9sen is lehetet \u00e9rezni, extra energi\u00e1kkal \u00e9rkezt\u00fcnk a N\u00e9met utc\u00e1ba.<\/div>\n<div><\/div>\n<div style=\"text-align: right;\"><i>Koz\u00e1r Zolt\u00e1n<\/i><\/div>\n<\/div>\n<\/div>\n<\/div>\n<\/div>\n<p><img loading=\"lazy\" decoding=\"async\" class=\"aligncenter wp-image-19438 size-large\" src=\"\/fenykepalbum\/keptar_1437_big_2015.03.28-29_visegrad_shinbukan_jodo_29_1.jpg\" alt=\"\" width=\"840\" height=\"473\" \/><\/p>\n<p><img loading=\"lazy\" decoding=\"async\" class=\"aligncenter wp-image-19438 size-large\" src=\"\/fenykepalbum\/keptar_1437_big_2015.03.28-29_visegrad_shinbukan_jodo_28_3.jpg\" alt=\"\" width=\"840\" height=\"473\" \/><\/p>\n<p><img loading=\"lazy\" decoding=\"async\" class=\"aligncenter wp-image-19438 size-large\" src=\"\/fenykepalbum\/keptar_1437_big_2015.03.28-29_visegrad_shinbukan_jodo_28_2.jpg\" alt=\"\" width=\"840\" height=\"473\" \/><\/p>\n","protected":false},"excerpt":{"rendered":"<p>A napos-szeles h\u00e9tv\u00e9g\u00e9n ism\u00e9t Visegr\u00e1d adott otthont a Jo t\u00e1bornak.A hagyom\u00e1nyt\u00f3l elt\u00e9r\u0151en H\u00e1bermajer G\u00e1bor Sensei vezette a lelkes csapatot! M\u00e9hesfalvi Edna \u00e9s Fekete G\u00e1bor klubt\u00e1rsunk nikyu fokozatot szerzett, gratul\u00e1lunk! A vizsga el\u0151tt \u00e1ll\u00f3kat sokszor \u00e1tj\u00e1rja a k\u00e9ts\u00e9g, az oktat\u00f3, szervez\u0151, edz\u0151t\u00e1rs igyekszik b\u00e1tor\u00edtani, eloszlatni a k\u00e9telyt. N\u00e9ha a vizsg\u00e1t lebonyol\u00edt\u00f3kat is elfogja a bizonytalans\u00e1g. \u00cdgy &hellip; <a href=\"https:\/\/shinbukan.hu\/?p=19722\" class=\"more-link\"><span class=\"screen-reader-text\">&#8222;Shinbukan Jodo (Visegr\u00e1d)&#8221;<\/span> b\u0151vebben<\/a><\/p>\n","protected":false},"author":2,"featured_media":0,"comment_status":"open","ping_status":"open","sticky":false,"template":"","format":"standard","meta":{"footnotes":""},"categories":[],"tags":[],"class_list":["post-19722","post","type-post","status-publish","format-standard","hentry"],"_links":{"self":[{"href":"https:\/\/shinbukan.hu\/index.php?rest_route=\/wp\/v2\/posts\/19722","targetHints":{"allow":["GET"]}}],"collection":[{"href":"https:\/\/shinbukan.hu\/index.php?rest_route=\/wp\/v2\/posts"}],"about":[{"href":"https:\/\/shinbukan.hu\/index.php?rest_route=\/wp\/v2\/types\/post"}],"author":[{"embeddable":true,"href":"https:\/\/shinbukan.hu\/index.php?rest_route=\/wp\/v2\/users\/2"}],"replies":[{"embeddable":true,"href":"https:\/\/shinbukan.hu\/index.php?rest_route=%2Fwp%2Fv2%2Fcomments&post=19722"}],"version-history":[{"count":0,"href":"https:\/\/shinbukan.hu\/index.php?rest_route=\/wp\/v2\/posts\/19722\/revisions"}],"wp:attachment":[{"href":"https:\/\/shinbukan.hu\/index.php?rest_route=%2Fwp%2Fv2%2Fmedia&parent=19722"}],"wp:term":[{"taxonomy":"category","embeddable":true,"href":"https:\/\/shinbukan.hu\/index.php?rest_route=%2Fwp%2Fv2%2Fcategories&post=19722"},{"taxonomy":"post_tag","embeddable":true,"href":"https:\/\/shinbukan.hu\/index.php?rest_route=%2Fwp%2Fv2%2Ftags&post=19722"}],"curies":[{"name":"wp","href":"https:\/\/api.w.org\/{rel}","templated":true}]}}