{"id":19723,"date":"2015-05-16T12:22:00","date_gmt":"2015-05-16T12:22:00","guid":{"rendered":""},"modified":"-0001-11-30T00:00:00","modified_gmt":"-0001-11-29T22:00:00","slug":"","status":"publish","type":"post","link":"https:\/\/shinbukan.hu\/?p=19723","title":{"rendered":"Iaido szemin\u00e1rium (Modena)"},"content":{"rendered":"<p class=\"MsoNormal\" style=\"margin: 0px;\">Porszemek egy bennem j\u00e1rt &nbsp;vihar ut\u00e1n<\/p>\n<p class=\"MsoNormal\" style=\"margin: 0px;\">&nbsp;<\/p>\n<p class=\"MsoNormal\" style=\"margin: 0px;\">Neh\u00e9z ezt a besz\u00e1mol\u00f3t elkezdenem, t\u00f6bb okb\u00f3l is, de legink\u00e1bb mert nem tudom mikor kezd\u0151d\u00f6tt ez az esem\u00e9ny. T\u00e9nylegesen szombaton 10.00-kor, \u00fatra kel\u00e9s szerint p\u00e9nteken reggel, a k\u00e9sz\u00fcl\u0151d\u00e9s m\u00e1r szerd\u00e1n, koncentr\u00e1l\u00e1s \u00e9s \u00fatkijel\u00f6l\u00e9s m\u00e1r m\u00e1rciusban, &#8230; val\u00f3j\u00e1ban valamikor m\u00e1rcius elej\u00e9n d\u00f6nt\u00f6ttem, c\u00e9lba veszem ezt az esem\u00e9nyt \u00e9s itt vizsg\u00e1zom \u00fajb\u00f3l.<\/p>\n<p class=\"MsoNormal\" style=\"margin: 0px;\">&nbsp;<\/p>\n<p class=\"MsoNormal\" style=\"margin: 0px;\">Soha m\u00e9g ennyi befektet\u00e9st nem tettem felk\u00e9sz\u00fcl\u00e9s v\u00e9gs\u0151 szakasz\u00e1ba. \u00c1trendeztem a lak\u00e1somat, hogy otthon is gyakorolhassak, a napirendemet \u00e1t\u00edrtam, m\u00e1s kardot kellett v\u00e1lasztanom az olasz t\u00f6rv\u00e9nyek miatt. M\u00e9g a gondolataimat is r\u00f6videbb gyepl\u0151re fogtam&#8230; &nbsp;A Vight szigeti l\u00e1togat\u00e1som \u00f3ta egy-egy napot kiv\u00e9ve mindennap gyakoroltam,&nbsp; \u00e9s mindent a gyakorl\u00e1s szolg\u00e1lat\u00e1ba \u00e1ll\u00edtottam. (Ut\u00f3lag k\u00e9rdezem magamt\u00f3l: t\u00e9nyleg mindent?) Ennek k\u00f6sz\u00f6nhet\u0151en \u00e9rdekes kapcsolat alakult ki a kard \u00e9s k\u00f6ztem. (Ennek \u00edgy kellene lennie mindig.) Bevetettem a technikai seg\u00edts\u00e9g\u00e9t is, enbu-k \u00e9s kat\u00e1-k tucatjait r\u00f6gz\u00edtettem \u00e9s n\u00e9ztem vissza. Az els\u0151k egyike adta a legnagyobb r\u00fag\u00e1s \u00e9nemnek. Sz\u00f6rny\u0171 volt l\u00e1tni. \u00dajra \u00e9s \u00fajra \u00e1tgondoltan&nbsp;&nbsp;pr\u00f3b\u00e1ltam a mozdulatokat csiszolni.&nbsp; A legnagyobb kih\u00edv\u00e1s persze nem ez volt. Most is az attit\u0171d,&nbsp; a lelkem gy\u00far\u00e1sa volt a legnehezebb. Sok-sok m\u00e9lypont \u00e9s igen neh\u00e9z pillanat vezetett a vizsg\u00e1t megel\u0151z\u0151 t\u00e1borig. Itt m\u00e9g j\u00f6ttek tov\u00e1bbi benyom\u00e1sok, amiket vagy siker\u00fclt felvennem, vagy m\u00e1r nem. Minden esetre az utols\u00f3 percig kaptam em\u00e9szteni val\u00f3t. Azt\u00e1n elj\u00f6tt a perc, mit m\u00e1r annyira v\u00e1rtam, \u00e9s megmutathattam mi van bennem. A bizotts\u00e1gban \u00fcl\u0151 mesterek szerint ez m\u00e9g kev\u00e9s volt rokudan fokozat el\u00e9r\u00e9s\u00e9hez.<\/p>\n<p class=\"MsoNormal\" style=\"margin: 0px;\">&nbsp;<\/p>\n<p class=\"MsoNormal\" style=\"margin: 0px;\">Voltak akiknek siker\u00fclt, \u00e9s mivel k\u00f6zt\u00fck van k\u00f6zt\u00fck r\u00e9gi ismer\u0151s \u00e9s bar\u00e1t is, \u00f6r\u00fcl\u00f6k.&nbsp; Nanadan-ok is sz\u00fclettek, ami vagy a rosta szigor\u00fas\u00e1g\u00e1nak enyh\u00fcl\u00e9s\u00e9t jelenti, vagy a sz\u00ednvonal emelked\u00e9s\u00e9t, vagy az olasz jap\u00e1n bar\u00e1ts\u00e1g elm\u00e9ly\u00fcl\u00e9s\u00e9t. Teh\u00e1t nem igaz, hogy nem lehet \u00e1tmenni ezeken a vizsg\u00e1kon.<\/p>\n<p class=\"MsoNormal\" style=\"margin: 0px;\">&nbsp;<\/p>\n<p class=\"MsoNormal\" style=\"margin: 0px;\">Eln\u00e9ztem Yamazaki sensei mozdulatait, ki a deleg\u00e1ci\u00f3t \u00e9s a godan feletti csoportot vezette. Mindig rabul ejt mikor egy hanshi mozdulatait l\u00e1tom,&nbsp; olyan mintha a kard nem k\u00fcl\u00f6n\u00fclne el a haszn\u00e1l\u00f3j\u00e1t\u00f3l. Ez a term\u00e9szetess\u00e9g fantasztikus.&nbsp; Rengeteg frissen pap\u00edrt\u00e1bl\u00e1ra vetett kanji-val \u00e9s hozz\u00e1juk tartoz\u00f3 elm\u00e9lettel halmozott el benn\u00fcnket a sensei. Gyakorlat elm\u00e9let v\u00e1ltakozott v\u00e9gig a h\u00e1rom edz\u00e9salkalom alatt. Mindv\u00e9gig ott kopogott a fejemben a feltehetetlen k\u00e9rd\u00e9s: Hanshi-k, ti, az iaido fejl\u0151d\u00e9s\u00e9t meghat\u00e1roz\u00f3k, vajon mi\u00e9rt tan\u00edtj\u00e1tok ezt a hipersteril iaido-t nek\u00fcnk? S ebb\u0151l milyen j\u00f6v\u0151 bontakozik ki majd? Azt hiszem nincs is m\u00e1s v\u00e1laszt\u00e1som, mint a benn\u00fck rejl\u0151 m\u00faltra \u00e9s b\u00f6lcsess\u00e9g\u00fckre hagyatkozva b\u00edznom benn\u00fck.<\/p>\n<p class=\"MsoNormal\" style=\"margin: 0px;\">&nbsp;<\/p>\n<p class=\"MsoNormal\" style=\"margin: 0px;\">Sok a tanuls\u00e1g \u00e9s sok a feldolgozni val\u00f3. A gyakorl\u00e1s\u00e1hoz, lett ism\u00e9t b\u0151ven feldolgozni val\u00f3 nyersanyag. Ezek forr\u00e1sa nem csak e k\u00e9t modenai nap, hanem az elm\u00falt h\u00e1rom h\u00f3nap minden pillanata.<\/p>\n<p class=\"MsoNormal\" style=\"margin: 0px;\"><\/p>\n<p class=\"MsoNormal\" style=\"margin: 0px;\">ui.: A t\u00f6bbi porszemr\u0151l sz\u00f3l\u00f3 mese a szokott helyeken kel \u00e9letre nektek.<\/p>\n<p><img loading=\"lazy\" decoding=\"async\" class=\"aligncenter wp-image-19438 size-large\" src=\"\/fenykepalbum\/keptar_1440_big_2015.05.16-17_modena1.jpg\" alt=\"\" width=\"840\" height=\"473\" \/><\/p>\n<p><img loading=\"lazy\" decoding=\"async\" class=\"aligncenter wp-image-19438 size-large\" src=\"\/fenykepalbum\/keptar_1440_big_2015.05.16-17_modena2.jpg\" alt=\"\" width=\"840\" height=\"473\" \/><\/p>\n","protected":false},"excerpt":{"rendered":"<p>Porszemek egy bennem j\u00e1rt &nbsp;vihar ut\u00e1n &nbsp; Neh\u00e9z ezt a besz\u00e1mol\u00f3t elkezdenem, t\u00f6bb okb\u00f3l is, de legink\u00e1bb mert nem tudom mikor kezd\u0151d\u00f6tt ez az esem\u00e9ny. T\u00e9nylegesen szombaton 10.00-kor, \u00fatra kel\u00e9s szerint p\u00e9nteken reggel, a k\u00e9sz\u00fcl\u0151d\u00e9s m\u00e1r szerd\u00e1n, koncentr\u00e1l\u00e1s \u00e9s \u00fatkijel\u00f6l\u00e9s m\u00e1r m\u00e1rciusban, &#8230; val\u00f3j\u00e1ban valamikor m\u00e1rcius elej\u00e9n d\u00f6nt\u00f6ttem, c\u00e9lba veszem ezt az esem\u00e9nyt \u00e9s itt &hellip; <a href=\"https:\/\/shinbukan.hu\/?p=19723\" class=\"more-link\"><span class=\"screen-reader-text\">&#8222;Iaido szemin\u00e1rium (Modena)&#8221;<\/span> b\u0151vebben<\/a><\/p>\n","protected":false},"author":2,"featured_media":0,"comment_status":"open","ping_status":"open","sticky":false,"template":"","format":"standard","meta":{"footnotes":""},"categories":[],"tags":[],"class_list":["post-19723","post","type-post","status-publish","format-standard","hentry"],"_links":{"self":[{"href":"https:\/\/shinbukan.hu\/index.php?rest_route=\/wp\/v2\/posts\/19723","targetHints":{"allow":["GET"]}}],"collection":[{"href":"https:\/\/shinbukan.hu\/index.php?rest_route=\/wp\/v2\/posts"}],"about":[{"href":"https:\/\/shinbukan.hu\/index.php?rest_route=\/wp\/v2\/types\/post"}],"author":[{"embeddable":true,"href":"https:\/\/shinbukan.hu\/index.php?rest_route=\/wp\/v2\/users\/2"}],"replies":[{"embeddable":true,"href":"https:\/\/shinbukan.hu\/index.php?rest_route=%2Fwp%2Fv2%2Fcomments&post=19723"}],"version-history":[{"count":0,"href":"https:\/\/shinbukan.hu\/index.php?rest_route=\/wp\/v2\/posts\/19723\/revisions"}],"wp:attachment":[{"href":"https:\/\/shinbukan.hu\/index.php?rest_route=%2Fwp%2Fv2%2Fmedia&parent=19723"}],"wp:term":[{"taxonomy":"category","embeddable":true,"href":"https:\/\/shinbukan.hu\/index.php?rest_route=%2Fwp%2Fv2%2Fcategories&post=19723"},{"taxonomy":"post_tag","embeddable":true,"href":"https:\/\/shinbukan.hu\/index.php?rest_route=%2Fwp%2Fv2%2Ftags&post=19723"}],"curies":[{"name":"wp","href":"https:\/\/api.w.org\/{rel}","templated":true}]}}