{"id":19726,"date":"2015-04-24T12:22:00","date_gmt":"2015-04-24T12:22:00","guid":{"rendered":""},"modified":"-0001-11-30T00:00:00","modified_gmt":"-0001-11-29T22:00:00","slug":"","status":"publish","type":"post","link":"https:\/\/shinbukan.hu\/?p=19726","title":{"rendered":"Ny\u00edlt Iaido Taikai (Budakal\u00e1sz)"},"content":{"rendered":"<p>A&nbsp;8. Ny\u00edlt Iaido Taikai ez\u00fattal \u00faj helysz\u00ednen, <a href=\"http:\/\/www.budakalasz.hu\/a-telepules-tortenete\" target=\"_blank\">Budakal\u00e1szon<\/a>&nbsp;ker\u00fclt megrendez\u00e9sre a&nbsp;<span style=\"text-align: center;\">Magyar Kendo, Iaido \u00e9s Jodo Sz\u00f6vets\u00e9g szervez\u00e9s\u00e9ben.<\/span><br \/>A hely kiv\u00e1l\u00f3 adotts\u00e1gokkal rendelkezik. J\u00f3 a padl\u00f3 min\u0151s\u00e9ge, szell\u0151ztethet\u0151 a terem, t\u00f6bb \u00f6lt\u00f6z\u0151 \u00e1ll rendelkez\u00e9sre..r\u00e1ad\u00e1sul a k\u00f6zeli t\u00f3 \u00e9s a naps\u00fct\u00e9s is j\u00f3kedv-n\u00f6vel\u0151 hozz\u00e1adott \u00e9rt\u00e9k.<\/p>\n<div style=\"text-align: center;\"><img decoding=\"async\" src=\"letoltes\/1443\/20150425_12_59_23_Pro.jpg\" width=\"500\"><\/p>\n<\/div>\n<p>Nagy \u00f6r\u00f6m\u00fcnkre ez\u00fattal is &#8211; k\u00f6vetve a hagyom\u00e1nyt &#8211; <b>Victor&nbsp;<\/b><span style=\"text-align: justify;\"><b>Cook&nbsp;sensei <\/b>(Iaido Kjoshi 7. Dan) \u00e9s&nbsp;<b>Patrik Demuynck&nbsp;sensei<\/b> (Iaido Renshi 7. Dan)<\/span><span style=\"text-align: justify;\">&nbsp;ir\u00e1ny\u00edt\u00e1sa alatt&nbsp;t\u00f6lthett\u00fck a h\u00e9tv\u00e9g\u00e9t.<br \/><\/span><\/p>\n<div>A felk\u00e9sz\u00fcl\u00e9st id\u0151ben elkezdt\u00fck, felfriss\u00edtett\u00fck elm\u00e9leti ismereteinket, kipr\u00f3b\u00e1ltuk a Sensei \u00e1ltal k\u00e9sz\u00edtett mobil p\u00e1ly\u00e1t..\u00e9s gyakoroltunk!<\/div>\n<div>A k\u00e9tp\u00e1ly\u00e1s, id\u0151m\u00e9r\u0151s &#8222;verseny&#8221; mindig megoszt\u00f3, egyeseket l\u00e1zba, hoz, de akad olyan is, aki menek\u00fclne a kih\u00edv\u00e1s el\u0151l..de mivel minden ilyen alkalom kiv\u00e1l\u00f3 gyakorl\u00e1si lehet\u0151s\u00e9g, r\u00e1ad\u00e1sul tal\u00e1lkoz\u00e1si pont a t\u00f6bbi dojo iaidok\u00e1ival \u00e9s megh\u00edvott mesterekkel, nem is lehet k\u00e9rd\u00e9s, hogy jelentkez\u00fcnk-e. :&#8211;)<\/div>\n<div><\/div>\n<div><b>Az els\u0151 napon <\/b>a kat\u00e1kkal ismerkedt\u00fcnk &#8211; legnagyobb \u00f6r\u00f6m\u00fcnkre<b> a gyakorl\u00e1son volt a hangs\u00faly!<\/b><\/p>\n<p>Szombaton az <b>egy\u00e9ni versenyek<\/b>en zajlottak.<\/p>\n<div>Egyes\u00fclet\u00fcnk Vass Gergelyt,&nbsp;Szilva Imr\u00e9t,&nbsp;M\u00e9hesfalvi Edn\u00e1t, Farkas Zs\u00f3fi\u00e1t \u00e9s P\u00e1link\u00f3 Tibort \u00e1ll\u00edtotta hadrendbe.<\/div>\n<div>\n<div><b>Az egy\u00e9ni versenyben el\u00e9rt eredm\u00e9nyeink:<\/b><\/div>\n<div><b>Farkas Zs\u00f3fia:&nbsp;<\/b>1 kyu-1 Dan kateg\u00f3ria, Figthing Spirit d\u00edj<br \/><b>Lovik Anik\u00f3:&nbsp;<\/b>2 Dan kateg\u00f3ria, Figthing Spirit d\u00edj<\/div>\n<div><b>Vass Gergely:&nbsp;<\/b>3-4 Dan kateg\u00f3ria, 1 helyezett<\/div>\n<\/div>\n<\/div>\n<div><b><br \/><\/b><\/div>\n<div>A szombat f\u00e1rads\u00e1got egy indiai \u00e9tteremben pihent\u00fck ki.<\/div>\n<div><\/p>\n<div style=\"text-align: center;\"><img decoding=\"async\" src=\"letoltes\/1443\/20150425_etterem.jpg\" width=\"500\"><\/div>\n<p><\/div>\n<div>A csapatversenyre \u00f6ssze\u00e1llt k\u00e9t Shinbukan nevez\u00e9s is &#8211; de a folyamatos v\u00e1ltoz\u00e1sok ut\u00e1n az utols\u00f3 napra csak k\u00e9t f\u0151 \u00e1llt k\u00e9szen..\u00edgy egy k\u00fcls\u0151s taggal siker\u00fclt v\u00e9g\u00fcl nevezn\u00fcnk, \u00e9s dobog\u00f3n szerepeln\u00fcnk!<\/div>\n<div>\n<div>\n<div><\/div>\n<div><b>Csapat versenyben el\u00e9rt eredm\u00e9ny\u00fcnk:<\/b><\/div>\n<div><b>Vass Gergely, Szilva Imre:&nbsp;<\/b>3 helyezett<b><br \/><\/b><\/p>\n<div style=\"text-align: center;\"><img decoding=\"async\" src=\"letoltes\/1443\/20150425_erem.jpg\" width=\"500\"><\/div>\n<p>A vas\u00e1rnap d\u00e9lut\u00e1n<b>&nbsp;<\/b>els\u0151 r\u00e9sze vizsgafelk\u00e9sz\u00fcl\u00e9ssel telt &#8211; a szerencs\u00e9s nem vizsg\u00e1z\u00f3k ezalatt Cook Sensei szem\u00e9lyes tan\u00edt\u00e1s\u00e1t \u00e9lvezhett\u00e9k.<\/p>\n<p><b>M\u00e9hesfalvi Edna \u00e9s Fekete G\u00e1bor <\/b>klubt\u00e1rsunk ezt k\u00f6vet\u0151en&nbsp;<b>sikeres vizsg\u00e1t<\/b> tett &#8211; nekik gratul\u00e1lunk a&nbsp;<b>2 kyu<\/b> fokozatok megszerz\u00e9s\u00e9hez!<\/p>\n<\/div>\n<\/div>\n<\/div>\n<p><img loading=\"lazy\" decoding=\"async\" class=\"aligncenter wp-image-19438 size-large\" src=\"\/fenykepalbum\/keptar_1443_big_2015.04.25-26_taikia_egyeni.jpg\" alt=\"\" width=\"840\" height=\"473\" \/><\/p>\n<p><img loading=\"lazy\" decoding=\"async\" class=\"aligncenter wp-image-19438 size-large\" src=\"\/fenykepalbum\/keptar_1443_big_2015.04.25-26_taikai_csoport.jpg\" alt=\"\" width=\"840\" height=\"473\" \/><\/p>\n<p><img loading=\"lazy\" decoding=\"async\" class=\"aligncenter wp-image-19438 size-large\" src=\"\/fenykepalbum\/keptar_1443_big_2015.04.25-26_taikia_csapat.jpg\" alt=\"\" width=\"840\" height=\"473\" \/><\/p>\n<p><img loading=\"lazy\" decoding=\"async\" class=\"aligncenter wp-image-19438 size-large\" src=\"\/fenykepalbum\/keptar_1443_big_2015.04.25-26_taikia_vizsga.jpg\" alt=\"\" width=\"840\" height=\"473\" \/><\/p>\n<p><img loading=\"lazy\" decoding=\"async\" class=\"aligncenter wp-image-19438 size-large\" src=\"\/fenykepalbum\/keptar_1443_big_2015.04.25-26_taikia_4703.jpg\" alt=\"\" width=\"840\" height=\"473\" \/><\/p>\n<p><img loading=\"lazy\" decoding=\"async\" class=\"aligncenter wp-image-19438 size-large\" src=\"\/fenykepalbum\/keptar_1443_big_2015.04.25-26_taikia_4713.jpg\" alt=\"\" width=\"840\" height=\"473\" \/><\/p>\n<p><img loading=\"lazy\" decoding=\"async\" class=\"aligncenter wp-image-19438 size-large\" src=\"\/fenykepalbum\/keptar_1443_big_2015.04.25-26_taikia_4714.jpg\" alt=\"\" width=\"840\" height=\"473\" \/><\/p>\n<p><img loading=\"lazy\" decoding=\"async\" class=\"aligncenter wp-image-19438 size-large\" src=\"\/fenykepalbum\/keptar_1443_big_2015.04.25-26_taikia_4754.jpg\" alt=\"\" width=\"840\" height=\"473\" \/><\/p>\n<p><img loading=\"lazy\" decoding=\"async\" class=\"aligncenter wp-image-19438 size-large\" src=\"\/fenykepalbum\/keptar_1443_big_2015.04.25-26_taikia_4766.jpg\" alt=\"\" width=\"840\" height=\"473\" \/><\/p>\n<p><img loading=\"lazy\" decoding=\"async\" class=\"aligncenter wp-image-19438 size-large\" src=\"\/fenykepalbum\/keptar_1443_big_2015.04.25-26_taikia_4826.jpg\" alt=\"\" width=\"840\" height=\"473\" \/><\/p>\n<p><img loading=\"lazy\" decoding=\"async\" class=\"aligncenter wp-image-19438 size-large\" src=\"\/fenykepalbum\/keptar_1443_big_2015.04.25-26_taikia_4867.jpg\" alt=\"\" width=\"840\" height=\"473\" \/><\/p>\n<p><img loading=\"lazy\" decoding=\"async\" class=\"aligncenter wp-image-19438 size-large\" src=\"\/fenykepalbum\/keptar_1443_big_2015.04.25-26_taikia_4904.jpg\" alt=\"\" width=\"840\" height=\"473\" \/><\/p>\n<p><img loading=\"lazy\" decoding=\"async\" class=\"aligncenter wp-image-19438 size-large\" src=\"\/fenykepalbum\/keptar_1443_big_2015.04.25-26_taikia_4939.jpg\" alt=\"\" width=\"840\" height=\"473\" \/><\/p>\n<p><img loading=\"lazy\" decoding=\"async\" class=\"aligncenter wp-image-19438 size-large\" src=\"\/fenykepalbum\/keptar_1443_big_2015.04.25-26_taikia_4949.jpg\" alt=\"\" width=\"840\" height=\"473\" \/><\/p>\n<p><img loading=\"lazy\" decoding=\"async\" class=\"aligncenter wp-image-19438 size-large\" src=\"\/fenykepalbum\/keptar_1443_big_2015.04.25-26_taikia_5027.jpg\" alt=\"\" width=\"840\" height=\"473\" \/><\/p>\n","protected":false},"excerpt":{"rendered":"<p>A&nbsp;8. Ny\u00edlt Iaido Taikai ez\u00fattal \u00faj helysz\u00ednen, Budakal\u00e1szon&nbsp;ker\u00fclt megrendez\u00e9sre a&nbsp;Magyar Kendo, Iaido \u00e9s Jodo Sz\u00f6vets\u00e9g szervez\u00e9s\u00e9ben.A hely kiv\u00e1l\u00f3 adotts\u00e1gokkal rendelkezik. J\u00f3 a padl\u00f3 min\u0151s\u00e9ge, szell\u0151ztethet\u0151 a terem, t\u00f6bb \u00f6lt\u00f6z\u0151 \u00e1ll rendelkez\u00e9sre..r\u00e1ad\u00e1sul a k\u00f6zeli t\u00f3 \u00e9s a naps\u00fct\u00e9s is j\u00f3kedv-n\u00f6vel\u0151 hozz\u00e1adott \u00e9rt\u00e9k. Nagy \u00f6r\u00f6m\u00fcnkre ez\u00fattal is &#8211; k\u00f6vetve a hagyom\u00e1nyt &#8211; Victor&nbsp;Cook&nbsp;sensei (Iaido Kjoshi 7. Dan) &hellip; <a href=\"https:\/\/shinbukan.hu\/?p=19726\" class=\"more-link\"><span class=\"screen-reader-text\">&#8222;Ny\u00edlt Iaido Taikai (Budakal\u00e1sz)&#8221;<\/span> b\u0151vebben<\/a><\/p>\n","protected":false},"author":2,"featured_media":0,"comment_status":"open","ping_status":"open","sticky":false,"template":"","format":"standard","meta":{"footnotes":""},"categories":[],"tags":[],"class_list":["post-19726","post","type-post","status-publish","format-standard","hentry"],"_links":{"self":[{"href":"https:\/\/shinbukan.hu\/index.php?rest_route=\/wp\/v2\/posts\/19726","targetHints":{"allow":["GET"]}}],"collection":[{"href":"https:\/\/shinbukan.hu\/index.php?rest_route=\/wp\/v2\/posts"}],"about":[{"href":"https:\/\/shinbukan.hu\/index.php?rest_route=\/wp\/v2\/types\/post"}],"author":[{"embeddable":true,"href":"https:\/\/shinbukan.hu\/index.php?rest_route=\/wp\/v2\/users\/2"}],"replies":[{"embeddable":true,"href":"https:\/\/shinbukan.hu\/index.php?rest_route=%2Fwp%2Fv2%2Fcomments&post=19726"}],"version-history":[{"count":0,"href":"https:\/\/shinbukan.hu\/index.php?rest_route=\/wp\/v2\/posts\/19726\/revisions"}],"wp:attachment":[{"href":"https:\/\/shinbukan.hu\/index.php?rest_route=%2Fwp%2Fv2%2Fmedia&parent=19726"}],"wp:term":[{"taxonomy":"category","embeddable":true,"href":"https:\/\/shinbukan.hu\/index.php?rest_route=%2Fwp%2Fv2%2Fcategories&post=19726"},{"taxonomy":"post_tag","embeddable":true,"href":"https:\/\/shinbukan.hu\/index.php?rest_route=%2Fwp%2Fv2%2Ftags&post=19726"}],"curies":[{"name":"wp","href":"https:\/\/api.w.org\/{rel}","templated":true}]}}