{"id":19739,"date":"2015-09-23T12:22:00","date_gmt":"2015-09-23T12:22:00","guid":{"rendered":""},"modified":"-0001-11-30T00:00:00","modified_gmt":"-0001-11-29T22:00:00","slug":"","status":"publish","type":"post","link":"https:\/\/shinbukan.hu\/?p=19739","title":{"rendered":"\u0150szi Iaido Szemin\u00e1rium (Budapest)"},"content":{"rendered":"<p>Vas\u00e1rnap \u00e9jjel \u00e9rt\u00fcnk haza <a href=\"http:\/\/shinbukan.hu\/?naplo=hai&amp;sorszam=1459\" target=\"_blank\">Pr\u00e1g\u00e1b\u00f3l.<\/a>&nbsp;Csak egyetlen este, kedden volt alkalmunk csiszolgatni az ott szerezett ismereteket, mert szerd\u00e1n <a href=\"http:\/\/shinbukan.hu\/?naplo=hai&amp;sorszam=1413\" target=\"_blank\">ism\u00e9t <\/a>ott \u00e1lltunk az MJKK dojo-ban, hogy &#8211; imm\u00e1r harmadik alkalommal &#8211; t\u00f6bb napot t\u00f6lts\u00fcnk el Kusama Junichi (Hanshi 8 Dan Iaido) Sensei-el!<\/p>\n<div>A t\u00f6bb napos szemin\u00e1rium most is a magas danosok \u00e9s vezet\u0151k r\u00e9sz\u00e9re szervezett programmal indult.<\/div>\n<div>Az els\u0151 tal\u00e1lkoz\u00e1skor Sensei ism\u00e9t magyarul k\u00f6sz\u00f6nt\u00f6tt minket. :&#8211;)<br \/>Kihon gyakorlatokkal kezdt\u00fck, \u0151 pedig ek\u00f6zben hosszasan \u00edrt a f\u00fczet\u00e9be&#8230;majd megn\u00e9zte az is, milyen elk\u00e9pzel\u00e9seink vannak a 12 ZNKR kat\u00e1r\u00f3l.<br \/>Ezut\u00e1n &#8211; bevezet\u00e9sk\u00e9nt &#8211; elmondta, hogy \u00f6r\u00fcl, hogy eml\u00e9ksz\u00fcnk a tan\u00edt\u00e1s\u00e1ra, de vannak m\u00e9g &#8222;kicsi hib\u00e1k&#8221;, amit jav\u00edtani kell..<br \/>Az est m\u00e1sodik fel\u00e9ben ezeket a technikai &#8211; id\u0151z\u00edt\u00e9sbeli hib\u00e1kat <a href=\"http:\/\/shinbukan.hu\/?naplo=hai&amp;sorszam=1458\" target=\"_blank\">magyar v\u00e1logatott <\/a>csapattagokon kereszt\u00fcl &nbsp;(Vass Gergely, Budav\u00e1ri Anita, V\u00e1rvizi Attila) mutatta meg.<\/div>\n<div>Kusama Sensei m\u00e9g mindig t\u00f6k\u00e9letes term\u00e9szetess\u00e9ggel kezeli a Kardot.. Most is kerest\u00fck a v\u00e1laszt, amikor megmutatta, hogy markolat fog\u00e1sa kulcsfontoss\u00e1g\u00fa ebben a k\u00e9rd\u00e9sben!<\/div>\n<div>M\u00e1snap d\u00e9lel\u0151tt az els\u0151 8 formagyakorlatot boncolgattuk egy \u00faj helysz\u00ednen, a <a href=\"http:\/\/tuskecsarnok.hu\/\" target=\"_blank\">T\u00fcskecsarnokban<\/a>!<br \/>\u00dajra j\u00f3kedv\u0171en \u00e1llt el\u00e9nk \u00e9s azt mondta, hogy a tavaly tan\u00edtottakat be\u00e9p\u00edtett\u00fck a gyakorl\u00e1sunkba, ami sz\u00e1m\u00e1ra nagy \u00f6r\u00f6met okoz. Ezzel lehet\u0151s\u00e9get teremtett\u00fcnk magunknak, hogy \u00fajabb tan\u00edt\u00e1sokat kaphassunk.<\/p>\n<p>A p\u00e9nteki &#8211; \u0151szi, es\u0151s &#8211; nap kihon gyakorlatokkal kezdt\u00fck. \u00c9n (is) szem\u00e9lyes tan\u00e1csot kaptam Kusama Sensei-t\u0151l az Omori chiburui-val kapcsolatban.. (P\u00e1r \u00e9ve Yamasaki sensei jav\u00edtotta ugyanezt n\u00e1lam, mindkett\u0151 eml\u00e9kezetes marad &#8211; \u00e9s nem, nem tan\u00edtanak m\u00e1st, nem is akarnak \u00f6sszezavarni, csak m\u00e1s utat mutatnak 2 r\u00f6gz\u00edtett pont k\u00f6z\u00f6tt.)<\/p>\n<p>A d\u00e9lel\u0151tt m\u00e1sodik fel\u00e9ben a 3 danos csoport adott tan\u00e1csokat a 2 danosok sz\u00e1m\u00e1ra.<br \/>A 4-6 danosok z\u00e1r\u00f3 enbu-ja ut\u00e1n Kusama sensei a tan\u00edt\u00e1s fontoss\u00e1g\u00e1r\u00f3l \u00e9s haszn\u00e1r\u00f3l besz\u00e9lt nek\u00fcnk.<\/p>\n<p>Este enbu-k voltak &#8211; valamilyen furcsa okn\u00e1l fogva ahogyan emelkedtek a fokozatok, egyre t\u00f6bb tan\u00e1csra volt sz\u00fcks\u00e9g..<\/p>\n<div style=\"text-align: center;\">K\u00f6sz\u00f6nj\u00fck!<\/div>\n<\/p>\n<hr id=\"null\">Szombaton ism\u00e9t szakad\u00f3 es\u0151 v\u00e1rt minket a h\u00e9tv\u00e9gi, n\u00e9pesebb t\u00e1borban.<\/p>\n<p>Sensei sokat besz\u00e9lt a fog\u00e1s fontoss\u00e1g\u00e1r\u00f3l &#8211; \u00e9s arr\u00f3l, hogy kell azokat v\u00e1ltoztatni is megfelel\u0151 helyeken, ha pontosak szeretn\u00e9nk lenni.&nbsp;<br \/>Kiemelte &#8211; \u00e9s k\u00f6zben sz\u00ednesen illusztr\u00e1lta -, hogy a Kardot \u00fagy kell haszn\u00e1lnunk, mintha saj\u00e1t meghosszabb\u00edt\u00e1sunk lenne!<br \/>A k\u00e9rd\u00e9sre, hogy &#8222;hol is kezd\u0151dik a v\u00e1ratlan helyzetre \u00e9p\u00fcl\u0151 8-as kata?&#8221; azt v\u00e1laszolta, hogy m\u00e1r az els\u0151 l\u00e9p\u00e9sn\u00e9l \u00e9rezz\u00fck..de a gyakorl\u00e1s m\u00e1r a to rein\u00e9l kezd\u0151dik..s\u0151t, akkor, amikor a terembe l\u00e9p\u00fcnk.<\/div>\n<div>\n<div style=\"text-align: center;\"><\/div>\n<p>D\u00e9lut\u00e1n is t\u00f6bb k\u00e9rd\u00e9s \u00e9rkezett Sensei fel\u00e9, aki ekkor m\u00e1r rengeteg humorral f\u0171szerezte a v\u00e1lasz\u00e1t &#8211; mik\u00f6zben pl. a k\u00e9rdez\u0151 a f\u00f6ld\u00f6n fekve, k\u00f6zvetlen\u00fcl tapasztalhatta a v\u00e1laszt, hogy a kardot \u00fagy kell haszn\u00e1lnunk, hogy b\u00e1rmikor v\u00e1ghassunk vele! Ez ut\u00f3bbin\u00e1l egy egyszer\u0171 k\u00e9zfog\u00e1ssal is szeml\u00e9ltette, hogy milyen a laza, de mindenre k\u00e9sz k\u00e9z.<\/p><\/div>\n<div><\/div>\n<div>Sz\u00f3 esett a gyakorl\u00e1s min\u0151s\u00e9g\u00e9r\u0151l is. Sensei elmondta, hogy ne csak magunknak gyakoroljunk, akkor dolgozunk j\u00f3l, ha a &#8222;k\u00f6z\u00f6ns\u00e9g&#8221; nagy r\u00e9sze is elismer\u0151en fog &#8222;tapsolni&#8221;.<br \/>&#8222;Legy\u00fcnk specialist\u00e1k!&#8221; &#8211; mondta.<\/div>\n<div><\/div>\n<div>Szombat este csal\u00e1dias hangulat\u00fa, k\u00f6tetlen besz\u00e9lget\u0151s, anekdot\u00e1z\u00f3s, \u00f6lt\u00f6zk\u00f6dni tanul\u00f3s \u00f3r\u00e1kat t\u00f6lthett\u00fcnk Sensei t\u00e1rsas\u00e1g\u00e1ban!<\/p>\n<p>Az utols\u00f3 nap k\u00f6zel k\u00e9t \u00f3r\u00e1s elm\u00e9leti tud\u00e1s \u00e1tad\u00e1ssal indult. A tiszteletad\u00e1si form\u00e1k \u00e1lltak a k\u00f6z\u00e9ppontban, Kusama Sensei hosszasan besz\u00e9lt a fekete- \u00e9s feh\u00e9r ruh\u00e1k jelent\u00e9s\u00e9r\u0151l \u00e9s haszn\u00e1lat\u00e1r\u00f3l, megmutatta a helyes to rei-t, amit ut\u00e1na p\u00e1rban gyakorolhattunk.<\/p>\n<p>A d\u00e9lel\u0151tt k\u00f6z\u00f6s f\u00e9nyk\u00e9pez\u00e9ssel z\u00e1rult (Sensei minden nap hivatalosan feljegyezte a r\u00e9sztvev\u0151k sz\u00e1m\u00e1t fokozatonk\u00e9nt, \u00e9s fot\u00f3k is k\u00e9sz\u00fcltek).<\/p><\/div>\n<div><\/div>\n<div>D\u00e9lut\u00e1n a kev\u00e9s sz\u00e1m\u00fa vizsg\u00e1z\u00f3 \u00e1llt a k\u00f6z\u00e9ppontban, Halmos Szabolcs klubt\u00e1rsunk megszerezte a 2 kyu fokozatot!<br \/>Gratul\u00e1lunk!<\/div>\n<div><\/div>\n<div>\u00daj gondolatokkal, friss &#8222;hibalist\u00e1val&#8221;, f\u00e1radtan t\u00e1voztunk. Kis pihen\u00e9s ut\u00e1n j\u00f6n a munka: be\u00e9p\u00edteni a mozdulatainkba Kusama Sensei tan\u00e1csait!<\/p>\n<p>K\u00f6sz\u00f6nj\u00fck az egy\u00fctt t\u00f6lt\u00f6tt id\u0151t!<\/p>\n<p><\/div>\n<div style=\"text-align: right;\"><i>Figyelmetekbe aj\u00e1nljuk <a href=\"http:\/\/www.iaido.hu\/content\/oszi-edzotabor-kusama-senseiel-2015\" target=\"_blank\">Gyurcsok Vir\u00e1g<\/a>&nbsp;\u00e9s <a href=\"http:\/\/www.iaido.hu\/content\/oszi-iaido-tabor-kusama-sensei-vezetesevel\" target=\"_blank\">Nagy P\u00e9ter<\/a> \u00e9lm\u00e9nyeit is!<\/i><\/div>\n<p><img loading=\"lazy\" decoding=\"async\" class=\"aligncenter wp-image-19438 size-large\" src=\"\/fenykepalbum\/keptar_1464_big_2015.09.23-27_oszi_tabor_5237.jpg\" alt=\"\" width=\"840\" height=\"473\" \/><\/p>\n<p><img loading=\"lazy\" decoding=\"async\" class=\"aligncenter wp-image-19438 size-large\" src=\"\/fenykepalbum\/keptar_1464_big_2015.09.23-27_oszi_tabor_5240.jpg\" alt=\"\" width=\"840\" height=\"473\" \/><\/p>\n<p><img loading=\"lazy\" decoding=\"async\" class=\"aligncenter wp-image-19438 size-large\" src=\"\/fenykepalbum\/keptar_1464_big_2015.09.23-27_oszi_tabor_5271.jpg\" alt=\"\" width=\"840\" height=\"473\" \/><\/p>\n<p><img loading=\"lazy\" decoding=\"async\" class=\"aligncenter wp-image-19438 size-large\" src=\"\/fenykepalbum\/keptar_1464_big_2015.09.23-27_oszi_tabor_shinbu_s.jpg\" alt=\"\" width=\"840\" height=\"473\" \/><\/p>\n","protected":false},"excerpt":{"rendered":"<p>Vas\u00e1rnap \u00e9jjel \u00e9rt\u00fcnk haza Pr\u00e1g\u00e1b\u00f3l.&nbsp;Csak egyetlen este, kedden volt alkalmunk csiszolgatni az ott szerezett ismereteket, mert szerd\u00e1n ism\u00e9t ott \u00e1lltunk az MJKK dojo-ban, hogy &#8211; imm\u00e1r harmadik alkalommal &#8211; t\u00f6bb napot t\u00f6lts\u00fcnk el Kusama Junichi (Hanshi 8 Dan Iaido) Sensei-el! A t\u00f6bb napos szemin\u00e1rium most is a magas danosok \u00e9s vezet\u0151k r\u00e9sz\u00e9re szervezett programmal indult. &hellip; <a href=\"https:\/\/shinbukan.hu\/?p=19739\" class=\"more-link\"><span class=\"screen-reader-text\">&#8222;\u0150szi Iaido Szemin\u00e1rium (Budapest)&#8221;<\/span> b\u0151vebben<\/a><\/p>\n","protected":false},"author":2,"featured_media":0,"comment_status":"open","ping_status":"open","sticky":false,"template":"","format":"standard","meta":{"footnotes":""},"categories":[],"tags":[],"class_list":["post-19739","post","type-post","status-publish","format-standard","hentry"],"_links":{"self":[{"href":"https:\/\/shinbukan.hu\/index.php?rest_route=\/wp\/v2\/posts\/19739","targetHints":{"allow":["GET"]}}],"collection":[{"href":"https:\/\/shinbukan.hu\/index.php?rest_route=\/wp\/v2\/posts"}],"about":[{"href":"https:\/\/shinbukan.hu\/index.php?rest_route=\/wp\/v2\/types\/post"}],"author":[{"embeddable":true,"href":"https:\/\/shinbukan.hu\/index.php?rest_route=\/wp\/v2\/users\/2"}],"replies":[{"embeddable":true,"href":"https:\/\/shinbukan.hu\/index.php?rest_route=%2Fwp%2Fv2%2Fcomments&post=19739"}],"version-history":[{"count":0,"href":"https:\/\/shinbukan.hu\/index.php?rest_route=\/wp\/v2\/posts\/19739\/revisions"}],"wp:attachment":[{"href":"https:\/\/shinbukan.hu\/index.php?rest_route=%2Fwp%2Fv2%2Fmedia&parent=19739"}],"wp:term":[{"taxonomy":"category","embeddable":true,"href":"https:\/\/shinbukan.hu\/index.php?rest_route=%2Fwp%2Fv2%2Fcategories&post=19739"},{"taxonomy":"post_tag","embeddable":true,"href":"https:\/\/shinbukan.hu\/index.php?rest_route=%2Fwp%2Fv2%2Ftags&post=19739"}],"curies":[{"name":"wp","href":"https:\/\/api.w.org\/{rel}","templated":true}]}}