{"id":19742,"date":"2015-10-23T12:22:00","date_gmt":"2015-10-23T12:22:00","guid":{"rendered":""},"modified":"-0001-11-30T00:00:00","modified_gmt":"-0001-11-29T22:00:00","slug":"","status":"publish","type":"post","link":"https:\/\/shinbukan.hu\/?p=19742","title":{"rendered":"22. Eur\u00f3pai Iaido Bajnoks\u00e1g (Berlin)"},"content":{"rendered":"<div>E.I.C. 2015 Germany \u2013 Berlin (<a href=\"http:\/\/www.eic2015.de\" target=\"_blank\">http:\/\/www.eic2015.de<\/a>)<\/div>\n<div><\/div>\n<div>ZNKR Deleg\u00e1ci\u00f3:<\/div>\n<div>YAMAZAKI, Takashige Iaido Hanshi 8 Dan, Saitama<\/div>\n<div>KUSAMA Junichi, Iaido Hanshi 8 Dan, Niigata<\/div>\n<div>AZUMA Yoshinobu, Iaido Hanshi 8 Dan, Oita<\/div>\n<div>&nbsp;<\/div>\n<div>Fot\u00f3k az esem\u00e9nyr\u0151l: <a href=\"https:\/\/www.picdrop.de\/chrisweberpics\/E.I.C+BERLIN+2015\" target=\"_blank\">picdrop.de<\/a><\/div>\n<div>Vide\u00f3k p\u00e1r m\u00e9rk\u0151z\u00e9sr\u0151l: <a href=\"https:\/\/www.youtube.com\/playlist?list=PLA2Cv4SzESClHRpHUeKbG9L9WKosSvDJX\" target=\"_blank\">youtube.com<\/a><\/div>\n<div>&nbsp;<\/div>\n<div><b>A Magyar Iaido V\u00e1logatott utaz\u00e1sa T\u00fck\u00f6rorsz\u00e1gba<\/b><\/div>\n<div>&nbsp;<\/div>\n<div>Kilencf\u0151s v\u00e1logatottunk utazott ki Berlinbe, hogy r\u00e9szt vegyen az Iaido Eur\u00f3pa Bajnoks\u00e1gon. T\u00f6bb, mint egy teljes \u00e9v kihagy\u00e1sa ut\u00e1n, id\u00e9n ny\u00e1ron \u00e1llt \u00f6ssze a v\u00e9gleges v\u00e1logatott, \u00e9s kezdett k\u00f6z\u00f6s munk\u00e1hoz. Szeptemberben \u00f6t napot \u00e9rlel\u0151dt\u00fcnk a n\u00e1lunk vend\u00e9gesked\u0151 <a href=\"http:\/\/shinbukan.hu\/?naplo=hai&amp;sorszam=1464\" target=\"_blank\">Kusama sensei keze alatt <\/a>, majd a az \u00fat el\u0151tti h\u00e9tv\u00e9g\u00e9n kov\u00e1csol\u00f3dtunk v\u00e9gleges form\u00e1ra <a href=\"http:\/\/shinbukan.hu\/?naplo=hai&amp;sorszam=1468\" target=\"_blank\">Visegr\u00e1don<\/a>.<\/div>\n<div>&nbsp;<\/div>\n<div>A h\u00e9t marad\u00e9k napjai vill\u00e1m gyorsan elteltek sz\u00e1munkra az utaz\u00e1s utols\u00f3 szervez\u00e9si mozzanataival, majd egyszer csak a rept\u00e9ri forgatagban tal\u00e1ltuk magunkat b\u0151r\u00f6ndjeinkkel \u00e9s karsz\u00e1ll\u00edt\u00f3 dobozainkkal, sz\u00edv\u00fcnkben pedig a szok\u00e1sos izgalommal \u00e9s v\u00e1rakoz\u00e1ssal.<\/div>\n<div>&nbsp;<\/div>\n<div>Term\u00e9szetesen \u00f6r\u00f6k\u00f6s t\u00e1rsunk \u00e9s tan\u00edt\u00f3mester\u00fcnk a neh\u00e9zs\u00e9g is csatlakozott hozz\u00e1nk, biztos\u00edtva minket arr\u00f3l, hogy egyetlen utaz\u00e1sunk \u00e9s v\u00e1llalkoz\u00e1sunk sem n\u00e9lk\u00fcl\u00f6zheti \u0151t. Az elm\u00falt \u00e9vekben t\u00f6bbnyire \u00f6nk\u00e9nt v\u00e1llaltuk, hogy ne a sokszor k\u00f6lts\u00e9gesebb k\u00f6zponti sz\u00e1ll\u00e1son verj\u00fcnk tany\u00e1t. Id\u00e9n ezt a szervez\u0151k osztott\u00e1k r\u00e9sz\u00fcnkre a jelentkez\u00e9sek k\u00f6r\u00fcli adminisztrat\u00edv hib\u00e1kkal. \u00cdgy jutott r\u00e9sz\u00fcnk\u00fcl az 5.45\u00f6s \u00e9breszt\u0151, a reggel 6os reggeli a sarki p\u00e9ks\u00e9gben, a villamos utak a f\u0151-sz\u00e1ll\u00e1sra \u00e9s az esem\u00e9ny helysz\u00edn\u00e9hez, rengeteg futkos\u00e1s \u00e9s plusz utaz\u00e1s, villamos jegyek\u00e9rt, eb\u00e9dcsomagok\u00e9rt, \u00e9lelem\u00e9rt, elveszett t\u00e1rgyak\u00e9rt\u2026 Mindezekkel nem kis plusz terheket vett\u00fcnk v\u00e1llunkra. Mindezek ellen\u00e9re j\u00f3 hangulatban \u00e9s tettre k\u00e9szen v\u00e1rtuk, hogy kardjaink markolat\u00e1t v\u00e9gre ism\u00e9t a kez\u00fcnkben \u00e9rezhess\u00fck.<\/div>\n<div>&nbsp;<\/div>\n<div>A hagyom\u00e1nyokhoz h\u00edven egy napos szemin\u00e1rium el\u0151zte meg a verseng\u00e9st. Yamasaki sensei vezet\u00e9s\u00e9vel \u00e9s Kusama sensei bemutat\u00e1s\u00e1ban \u00e1ttekintett\u00fck a ZNKR kat\u00e1-kat, majd h\u00e1rom csoportban a Jap\u00e1n deleg\u00e1ci\u00f3 sensei-ei foglalkoztak a tov\u00e1bbi k\u00e9pz\u00e9ssel. \u00d6r\u00f6mmel l\u00e1ttuk viszont, most m\u00e1r r\u00e9gi ismer\u0151sk\u00e9nt, Kusama sensei-t, aki a 3-4.dan csoportj\u00e1t k\u00e9pezte, \u00e9s eml\u00e9kezet\u00e9ben m\u00e9g mindig \u0151rizte a magyar k\u00f6sz\u00f6n\u00e9seket. A k\u00e9s\u0151 d\u00e9lut\u00e1ni \u00f3r\u00e1kban m\u00e9g egy r\u00f6pke b\u00edr\u00f3i szemin\u00e1rium zajlott le, tal\u00e1n a szok\u00e1sosn\u00e1l jobban borzolva a ked\u00e9ly\u00fcnket. Neh\u00e9z volt nyugodtnak maradni a sz\u00e1mtalan b\u00edr\u00f3i esetlens\u00e9g \u00e9s szerencs\u00e9tlenked\u00e9s l\u00e1tt\u00e1n. M\u00e9g a gyakorlott, hossz\u00fa \u00e9vek \u00f3ta b\u00edr\u00e1skod\u00f3kt\u00f3l is l\u00e1ttunk meglep\u0151 helyzeteket. (\u00c9s sajnos, nagyon sajnos, hogy m\u00e9g mindig nincs helye a d\u00f6nt\u00e9si mechanizmus k\u00e9pz\u00e9s\u00e9nek, m\u00e9g mindig csak a verseny mechanikus m\u0171k\u00f6d\u00e9s\u00e9re jut id\u0151 \u00e9s figyelem.) K\u00e9telyeinket \u00e9s bizonytalans\u00e1gunkat az sem oszlatta el, hogy az esem\u00e9ny v\u00e9g\u00e9n Kusama sensei kis el\u0151ad\u00e1s\u00e1ban firtatta a gyenge b\u00edr\u00f3i munka toler\u00e1l\u00e1s\u00e1nak lehet\u0151s\u00e9geit \u00e9s az udvarias viselked\u00e9s form\u00e1it.<\/div>\n<div>&nbsp;<\/div>\n<div>Elj\u00f6tt a m\u00e1r r\u00e9g\u00f3ta v\u00e1rt nap, szombat, az egy\u00e9ni versenyek napja. Valamit v\u00e1rtunk. Tal\u00e1n valami kis sikert, mely \u00e9vek \u00f3ta nem volt r\u00e9sz\u00fcnk. \u00c9s ezt nem is felt\u00e9tlen\u00fcl \u00e9rem form\u00e1j\u00e1ban v\u00e1rtuk. Ez \u00e9ltetett benn\u00fcnket. Az erre v\u00e1rakoz\u00e1s. Ez er\u0151t adott, hogy kitartsunk a neh\u00e9zs\u00e9gek k\u00f6z\u00f6tt. Azt\u00e1n megkezd\u0151dtek a m\u00e9rk\u0151z\u00e9sek, \u00e9s sorra veszt\u00fcnk el. Ha van frusztr\u00e1l\u00f3 dolog, akkor a poll-b\u00f3l ki nem jut\u00e1s az az. \u00c9s sorra ez t\u00f6rt\u00e9nt. Ketten (a k\u00e9t \u00fajoncunk) az\u00e9rt kijutottak az egyenes kies\u00e9sbe, de nem jutottak sokkal tov\u00e1bb (R\u00e1juk legal\u00e1bb b\u00fcszk\u00e9k lehetett\u00fcnk). M\u00e1snap, vas\u00e1rnap, m\u00e9g \u00e9lt egy halv\u00e1ny rem\u00e9ny benn\u00fcnk, tal\u00e1n a csapatnak m\u00e1s jut oszt\u00e1lyr\u00e9sz\u00fcl. De nem, \u0151k is elvesztek a pool-ban.<\/div>\n<div>&nbsp;<\/div>\n<div>Nem maradt m\u00e1r m\u00e1s csak, a let\u00f6rts\u00e9g\u00fcnk, \u00e9s k\u00e9telyeink. Ekkor \u00faszott be el\u00e9m egy hatalmas t\u00fck\u00f6r, mely m\u00e9rete nem volt kisebb, mint az \u00f3ri\u00e1si terem falai. Szembe kellett n\u00e9zzek magammal, szembe kellett n\u00e9zz\u00fcnk magunkkal, l\u00e1tni azt, amit eddig nem. Van \u00fagy, hogy amit a t\u00fck\u00f6rben l\u00e1tunk, az nem tetszik, de igaz. A t\u00fck\u00f6r soha sem hazudik. (Ez\u00e9rt is gyakorlunk vele, ha van lehet\u0151s\u00e9g\u00fcnk r\u00e1.)<\/div>\n<div>Sz\u00f3val l\u00e1tnunk kellett p\u00e1r dolgot \u00e9s szembes\u00fclni vel\u00fck:<\/div>\n<div>Kicsit m\u00e1s iaido-t mutatunk, mint a sikeresek.<\/div>\n<div>Kiss\u00e9 le vagyunk maradva m\u00e1s orsz\u00e1gokt\u00f3l.<\/div>\n<div>Nem a b\u00edr\u00f3k a sikertelens\u00e9g\u00fcnk okai, mint az sokszor felvetj\u00fck els\u0151 indulatb\u00f3l.<\/div>\n<div>V\u00e1logatottjaink nem iaido-znak rosszul, de legy\u0151z\u0151ink n\u00e1lunk jobbak.<\/div>\n<div>&nbsp;<\/div>\n<div>\u00c9s k\u00e9rd\u00e9seket kell feltenn\u00fcnk magunknak, m\u00e9gpedig sz\u00e9p sz\u00e1mmal:<\/div>\n<div>&nbsp;<\/div>\n<div>Akarunk eredm\u00e9nyt el\u00e9rni?<\/div>\n<div>Hol a versenyz\u00e9s helye \u00e9rt\u00e9k\u00edt\u00e9let\u00fcnkben?<\/div>\n<div>T\u00e9nyleg ki tudjuk v\u00e1logatni a legjobbjainkat?<\/div>\n<div>Mindent megtesz\u00fcnk a sikeres versenyr\u00e9szv\u00e9tel\u00e9rt?<\/div>\n<div>Tudjuk, hogy merre haladjunk tov\u00e1bb?<\/div>\n<div>Mi az, amit a felt\u00f6rekv\u0151k m\u00e1sk\u00e9nt csin\u00e1lnak?<\/div>\n<div>A p\u00e1r \u00e9ve ismeretlen szerepl\u0151b\u0151l konstans eredm\u00e9nyess\u00e9 v\u00e1ltak mit tettek sikereik\u00e9rt?<\/div>\n<div>A valaha az EB-ken meghat\u00e1roz\u00f3 \u00e9s most eredm\u00e9nytelen nemzetekn\u00e9l mi t\u00f6rt\u00e9nt\/t\u00f6rt\u00e9nik?<\/div>\n<div>\u2026<\/div>\n<div>\u00c9s m\u00e9g folytathatn\u00e1m.<\/div>\n<div>&nbsp;<\/div>\n<div>Milyen \u00e9rdekes \u00e9rz\u00e9s, mikor a k\u00e9tely, a lelkesed\u00e9s, a tov\u00e1bbhalad\u00e1s keres\u00e9se, \u00e9s a tov\u00e1bbhalad\u00e1s akar\u00e1sa vegy\u00fcl egy id\u0151ben, egyszerre. Ezt \u00e9rzem most, ez kavarog bens\u0151mben. (<a href=\"https:\/\/www.youtube.com\/watch?v=bjpdt1X0fjI\" target=\"_blank\">Tal\u00e1n \u00edgy<\/a>)<\/div>\n<div>&nbsp;<\/div>\n<div>De menni kell tov\u00e1bb \u00e9s megy\u00fcnk is, mert a t\u00fck\u00f6r \u00fajragondol\u00e1sra \u00e9s \u00faj tervekre inspir\u00e1l!<\/div>\n<p><img loading=\"lazy\" decoding=\"async\" class=\"aligncenter wp-image-19438 size-large\" src=\"\/fenykepalbum\/keptar_1469_big_2015.10.13_eic_shinbukan_08519.jpg\" alt=\"\" width=\"840\" height=\"473\" \/><\/p>\n<p><img loading=\"lazy\" decoding=\"async\" class=\"aligncenter wp-image-19438 size-large\" src=\"\/fenykepalbum\/keptar_1469_big_2015.10.13_eic_shinbukan_08474.jpg\" alt=\"\" width=\"840\" height=\"473\" \/><\/p>\n<p><img loading=\"lazy\" decoding=\"async\" class=\"aligncenter wp-image-19438 size-large\" src=\"\/fenykepalbum\/keptar_1469_big_2015.10.13_eic_shinbukan_09218.jpg\" alt=\"\" width=\"840\" height=\"473\" \/><\/p>\n<p><img loading=\"lazy\" decoding=\"async\" class=\"aligncenter wp-image-19438 size-large\" src=\"\/fenykepalbum\/keptar_1469_big_2015.10.13_eic_shinbukan_0910.jpg\" alt=\"\" width=\"840\" height=\"473\" \/><\/p>\n<p><img loading=\"lazy\" decoding=\"async\" class=\"aligncenter wp-image-19438 size-large\" src=\"\/fenykepalbum\/keptar_1469_big_2015.10.13_eic_shinbukan_09.jpg\" alt=\"\" width=\"840\" height=\"473\" \/><\/p>\n","protected":false},"excerpt":{"rendered":"<p>E.I.C. 2015 Germany \u2013 Berlin (http:\/\/www.eic2015.de) ZNKR Deleg\u00e1ci\u00f3: YAMAZAKI, Takashige Iaido Hanshi 8 Dan, Saitama KUSAMA Junichi, Iaido Hanshi 8 Dan, Niigata AZUMA Yoshinobu, Iaido Hanshi 8 Dan, Oita &nbsp; Fot\u00f3k az esem\u00e9nyr\u0151l: picdrop.de Vide\u00f3k p\u00e1r m\u00e9rk\u0151z\u00e9sr\u0151l: youtube.com &nbsp; A Magyar Iaido V\u00e1logatott utaz\u00e1sa T\u00fck\u00f6rorsz\u00e1gba &nbsp; Kilencf\u0151s v\u00e1logatottunk utazott ki Berlinbe, hogy r\u00e9szt vegyen az &hellip; <a href=\"https:\/\/shinbukan.hu\/?p=19742\" class=\"more-link\"><span class=\"screen-reader-text\">&#8222;22. Eur\u00f3pai Iaido Bajnoks\u00e1g (Berlin)&#8221;<\/span> b\u0151vebben<\/a><\/p>\n","protected":false},"author":2,"featured_media":0,"comment_status":"open","ping_status":"open","sticky":false,"template":"","format":"standard","meta":{"footnotes":""},"categories":[],"tags":[],"class_list":["post-19742","post","type-post","status-publish","format-standard","hentry"],"_links":{"self":[{"href":"https:\/\/shinbukan.hu\/index.php?rest_route=\/wp\/v2\/posts\/19742","targetHints":{"allow":["GET"]}}],"collection":[{"href":"https:\/\/shinbukan.hu\/index.php?rest_route=\/wp\/v2\/posts"}],"about":[{"href":"https:\/\/shinbukan.hu\/index.php?rest_route=\/wp\/v2\/types\/post"}],"author":[{"embeddable":true,"href":"https:\/\/shinbukan.hu\/index.php?rest_route=\/wp\/v2\/users\/2"}],"replies":[{"embeddable":true,"href":"https:\/\/shinbukan.hu\/index.php?rest_route=%2Fwp%2Fv2%2Fcomments&post=19742"}],"version-history":[{"count":0,"href":"https:\/\/shinbukan.hu\/index.php?rest_route=\/wp\/v2\/posts\/19742\/revisions"}],"wp:attachment":[{"href":"https:\/\/shinbukan.hu\/index.php?rest_route=%2Fwp%2Fv2%2Fmedia&parent=19742"}],"wp:term":[{"taxonomy":"category","embeddable":true,"href":"https:\/\/shinbukan.hu\/index.php?rest_route=%2Fwp%2Fv2%2Fcategories&post=19742"},{"taxonomy":"post_tag","embeddable":true,"href":"https:\/\/shinbukan.hu\/index.php?rest_route=%2Fwp%2Fv2%2Ftags&post=19742"}],"curies":[{"name":"wp","href":"https:\/\/api.w.org\/{rel}","templated":true}]}}