{"id":19743,"date":"2015-11-14T12:22:00","date_gmt":"2015-11-14T12:22:00","guid":{"rendered":""},"modified":"-0001-11-30T00:00:00","modified_gmt":"-0001-11-29T22:00:00","slug":"","status":"publish","type":"post","link":"https:\/\/shinbukan.hu\/?p=19743","title":{"rendered":"Koryu szemin\u00e1rium (Stubnyaf\u00fcrd\u0151)"},"content":{"rendered":"<div>Szerencs\u00e9sen haza\u00e9rkezt\u00fcnk.<\/div>\n<div>Hogy mi volt el\u0151tte? Mi volt m\u00e1s, mint az elm\u00falt \u00e9vtizedben minden novemberben..?<\/div>\n<div>(&#8230;)<\/p>\n<\/div>\n<div>Azt hiszem, m\u00e9g mindig keser\u0171 sz\u00e1j\u00edzzel vessz\u00fck tudom\u00e1sul, hogy m\u00e1r csak n\u00e9gyen indulunk \u00fatnak egy ilyen &#8222;K\u00f6z\u00e9p-Eur\u00f3pai Shinbukan koryu tal\u00e1lkoz\u00f3ra&#8221; &#8211; de tudom\u00e1sul vessz\u00fck.<\/div>\n<div>A kis csapat szerencs\u00e9re \u00f6ssze\u00e1llt. El\u0151sz\u00f6r kiv\u00e1lasztottuk az aut\u00f3 sz\u00edn\u00e9t &#8211; ami nem volt neh\u00e9z, mivel mindkett\u0151 ez\u00fcst met\u00e1l -, majd a Nautilus (sz\u00fcletett Lancia Phedra) gy\u0151z\u00f6tt.<\/div>\n<div>A tervezett id\u0151ben bepakoltunk&#8230;\u00e9s elindultunk!<\/p>\n<\/div>\n<div style=\"text-align: center;\"><img decoding=\"async\" src=\"letoltes\/1470\/20151113_15_47_50_Pro.jpg\" width=\"300\"><\/div>\n<div><\/div>\n<div style=\"text-align: right;\"><i>Az indul\u00e1s el\u0151tti utols\u00f3 gyakorl\u00e1s ijeszt\u0151 volt. Kevesen voltunk&#8230;p\u00e1ran k\u00e9sve \u00e9rkeztek, \u00e9s akkor nyugodtabb lettem&#8230;<\/i><\/div>\n<div style=\"text-align: right;\"><i>Mi\u00f3ta tart ez? Mi\u00e9rt vagyunk csak ennyien? Hov\u00e1 tartunk? Mindennapos k\u00e9rd\u00e9sek. Felh\u0151k vannak felett\u00fcnk, az ok pedig lehet, nem f\u0151leg k\u00fcls\u0151..<\/i><\/div>\n<div style=\"text-align: right;\"><i>F\u00e9lelmek, k\u00e9ts\u00e9gek, bizonytalans\u00e1g &#8211; ez mind benn\u00fcnk van.<\/i><\/div>\n<div>\n<div style=\"text-align: right;\"><i>Vissz\u00fck ezeket erre az \u00fatra is?<\/i><\/div>\n<p><\/div>\n<div style=\"text-align: center;\"><img decoding=\"async\" src=\"letoltes\/1470\/20151113_16_41_31_Pro.jpg\"><\/div>\n<div><\/div>\n<div>Az utaz\u00e1s..eltelt. (Sajnos a t\u00e9m\u00e1kr\u00f3l itt nem \u00edrhatok ;&#8211;)). Este \u00e9rkezt\u00fcnk meg. Robi \u00e9s csapata m\u00e1r v\u00e1rt minket, \u00e9s kb. 1 napra val\u00f3 \u00e9telt (\u00fcdv\u00f6z\u00f6lj\u00fck az \u00faj Fidork\u00e1t!) siker\u00fclt megenn\u00fcnk a t\u00e1rsas\u00e1gukban&#8230;<\/p>\n<\/div>\n<div style=\"text-align: center;\"><img decoding=\"async\" src=\"letoltes\/1470\/20151113_21_30_13_Pro.jpg\"><\/div>\n<div><\/div>\n<div>A szakmai r\u00e9sz koryu enbu-k megtekint\u00e9se volt..de sz\u00f3ba ker\u00fclt t\u00f6bb \u00e9rdekes t\u00e9ma &#8211; pl. \u00e1llatok (kecske, mammut, zsir\u00e1f, teve) \u00e9s a szlov\u00e1k nyelv kimondhatatlan \u00e9rdekess\u00e9gei.<\/div>\n<div>F\u00e1radtan \u00e9s k\u00e9s\u0151n fek\u00fcdt\u00fcnk le. Mivel Gerg\u0151vel z\u00e1rva tal\u00e1ltuk a dojo ajt\u00f3t, ez\u00e9rt a f\u00f6ldszinti kanap\u00e9n aludhattunk&#8230;de \u00edgy legal\u00e1bb egy\u00fctt volt a csapat (a kast\u00e9lyban)!<\/p>\n<\/div>\n<div style=\"text-align: center;\"><img decoding=\"async\" src=\"letoltes\/1470\/20151114_07_48_29_Pro.jpg\"><\/div>\n<div><\/div>\n<div>Az \u00e1gy kem\u00e9ny volt, az \u00e9jszaka r\u00f6vid. \u00d6r\u00fclt\u00fcnk, hogy csak 10-kor kezd\u00fcnk&#8230; Az \u00e9bred\u00e9st reggeli k\u00f6vette, a megbesz\u00e9lt id\u0151pontban az ajt\u00f3ban \u00e1llt Robi \u00e9s leg\u00e9nys\u00e9ge t\u00f6bb t\u00e1ny\u00e9rnyi ennival\u00f3val..<\/div>\n<div>Ett\u00fcnk (ekkor gondoltam azt, hogy m\u00e1r vas\u00e1rnapig j\u00f3l laktunk&#8230;)!<\/p>\n<div style=\"text-align: center;\"><img decoding=\"async\" src=\"letoltes\/1470\/20151114_08_00_36_Pro.jpg\" width=\"300\"><\/div>\n<p><\/div>\n<div>\u00c9s \u00e1taut\u00f3ztunk Stubnyaf\u00fcrd\u0151be.<\/div>\n<div><\/div>\n<div>A szokatlan meleg id\u0151ben szok\u00e1sos terem fogadott minket, ismer\u0151s arcokkal&#8230; R\u00e9szemr\u0151l nehezen indult a nap. Furcsa volt a t\u00f6meg Furcsa volt, hogy p\u00e1ran a biztons\u00e1got figyelmen k\u00edv\u00fcl hagyva s\u00e9t\u00e1lnak el egy shinken-nel gyakorl\u00f3 m\u00f6g\u00f6tt..<\/div>\n<div>Szerencs\u00e9re az \u00e1lland\u00f3 most is Cook sensei volt ebben az egyenletben, aki k\u00f6sz\u00f6nt\u00e9se ut\u00e1n bemeleg\u00edtette az izmainkat &#8211; azt hiszem mindenkinek f\u00e1jt a keze ut\u00e1na!<\/div>\n<div>Sensei az elm\u00e9leti bevezet\u0151ben felh\u00edvta a figyelm\u00fcnket a saj\u00e1t felel\u0151ss\u00e9g\u00fcnkre a gyakorl\u00e1sunk sor\u00e1n. K\u00e9rte, hogy l\u00e9pj\u00fcnk \u00e1t a saj\u00e1t korl\u00e1tainkon, jav\u00edtsuk a hib\u00e1inkat, hogy ne ragadjunk le egy szinten.<br \/>Ezut\u00e1n a koryu-ZNKR gyakorlatok k\u00f6z\u00f6tti kapcsolatr\u00f3l is besz\u00e9lt. \u00d6sszefonta az ujjait, ezzel mutatta, hogyan gondolkodjunk a kat\u00e1kr\u00f3l: a pontoss\u00e1got vigy\u00fck \u00e1t az iskol\u00e1nk form\u00e1iba, az &#8222;\u00e9rz\u00e9seket&#8221; pedig a ZNKR kat\u00e1kba!<\/div>\n<div><\/div>\n<div>A szombati men\u00fc &#8211; az ut\u00f3bbi \u00e9vek gyakorlat\u00e1hoz hasonl\u00f3an &#8211; Okuden volt (persze miut\u00e1n megk\u00e9rte az iskol\u00e1k vezet\u0151it, hogy a Shoden \u00e9s Chuden szekci\u00f3t adj\u00e1k \u00e1t nek\u00fcnk).&nbsp;<\/div>\n<div>Ez mindig \u00f6r\u00f6m sz\u00e1munkra (f\u0151leg annak f\u00e9ny\u00e9ben, hogy Jap\u00e1nban ezzel csak magas fokozattal rendelkez\u0151 iaid\u00f3k\u00e1k&nbsp;&nbsp;ismerkedhetnek&#8230;)!<\/div>\n<div><\/div>\n<div>Sokan voltunk. Zavart a t\u00f6meg &#8211; b\u00e1r nem kellett volna, hogy \u00edgy legyen. Gondolatok cik\u00e1ztak a fejemben. Felh\u0151k&#8230; Hol is vagyok? Mit csin\u00e1lok? Ezer probl\u00e9m\u00e1nk van&#8230; \u00d6regsz\u00fcnk, betegek vagyunk, f\u00e1radtak vagyunk, sokat ett\u00fcnk, mi lesz az egyes\u00fclettel&#8230;<\/div>\n<div>Hol a jelen? A tiszta pillanat a v\u00e1g\u00e1sban, a csend, hov\u00e1 lett?<\/div>\n<div>(&#8230;)<\/div>\n<div>Eb\u00e9dsz\u00fcnetben Cook sensei saj\u00e1t kez\u0171leg helyezte fel az &#8222;\u00faj&#8221; kardomra a mon-t!<\/div>\n<div>Naps\u00fct\u00e9s!<\/div>\n<div><\/div>\n<div>D\u00e9lut\u00e1n tov\u00e1bb j\u00f6ttek a sz\u00e9p koryu form\u00e1k, az ismert \u00e9s ismeretlen (de nagyon kedvelt) kai waz\u00e1k&#8230; \u00c9s persze egy k\u00e9t felh\u0151 is.<\/div>\n<div><\/div>\n<div>\u00c9s v\u00e9ge lett. \u00c9s pihent\u00fcnk, \u00e9n olvastam (A beavatott)&#8230;majd k\u00f6z\u00f6s f\u00fcrd\u00e9s \u00e9s Suzanka-vacsora j\u00f6tt, k\u00f6vetve a hagyom\u00e1nyt!<\/p>\n<\/div>\n<div style=\"text-align: center;\"><img decoding=\"async\" src=\"letoltes\/1470\/20151114_20_39_46_Pro.jpg\" width=\"300\"><\/p>\n<p><img decoding=\"async\" src=\"letoltes\/1470\/20151114_21_09_13_Pro.jpg\" width=\"300\"><\/div>\n<div style=\"text-align: center;\"><\/div>\n<div style=\"text-align: center;\"><img decoding=\"async\" src=\"letoltes\/1470\/20151114_22_20_45_Pro.jpg\"><\/div>\n<div><\/div>\n<div>Vas\u00e1rnap ism\u00e9t megjelent a h\u00e1rom bar\u00e1t sok-sok virslivel \u00e9s finoms\u00e1ggal..ez m\u00e1r a h\u00e9tf\u0151i adag volt&#8230;<\/div>\n<div>Majd csomagoltunk \u00e9s indult a(z el\u0151rehozott kezd\u00e9s\u0171) m\u00e1sodik nap!<\/div>\n<div>D\u00e9lel\u0151tt pontot tett\u00fcnk az okuden v\u00e9g\u00e9re, majd wasabis pizz\u00e1t \u00e9s egy\u00e9b \u00e9rdekes dolgokat ett\u00fcnk&#8230;<\/div>\n<div><\/div>\n<div style=\"text-align: center;\"><img decoding=\"async\" src=\"letoltes\/1470\/20151115_11_49_34_Pro.jpg\" width=\"250\">&nbsp; &nbsp;<img decoding=\"async\" src=\"letoltes\/1470\/20151115_11_49_56_Pro.jpg\" width=\"250\"><\/div>\n<div><\/div>\n<div>A nap m\u00e1sodik fel\u00e9ben t\u00f6bb csoport j\u00f6tt l\u00e9tre. H\u00e1bermajer sensei vezette be a legnagyobb t\u00f6meget a Shoden titkaiba, voltak, akik Okuden \u00fcl\u0151 kat\u00e1kat tanulhattak Cook Sensei-t\u0151l &#8211; \u00e9s volt a k\u00edv\u00fcl\u00e1ll\u00f3k eg\u00e9szen kicsi csapata, akik \u00fagy gondolt\u00e1k, tudj\u00e1k amit kel, \u00e9s sz\u00edvesen gyakorolj\u00e1k a nehezebb kat\u00e1kat egyed\u00fcl.<\/p>\n<\/div>\n<div>Igen, \u00e9n is!<\/p>\n<\/div>\n<div>V\u00e9gre volt el\u00e9g hely! Azonnal fejest ugrottam az ukigumo-ba (besz\u00e9des n\u00e9v: sodr\u00f3d\u00f3 felh\u0151 &#8211; tal\u00e1n a tudatalattim v\u00e1lasztotta), \u00e9s hi\u00e1ba lett odakint egyre s\u00f6t\u00e9tebb, ez igazi felh\u0151oszlat\u00e1s volt! V\u00e9gre izzadtam! Ut\u00e1na k\u00f6vetkezett a yamaoroshi (hegyr\u0151l les\u00fcv\u00edt\u0151 sz\u00e9l)..!<\/div>\n<div><\/div>\n<div style=\"text-align: right;\"><i>Mik\u00f6zben kiz\u00e1rtuk a k\u00fclvil\u00e1got, emberek haltak meg.<br \/>Mer\u00e9nyletek, t\u00e1mad\u00e1sok h\u00e1bor\u00fak zajlottak t\u00e1vol t\u0151l\u00fcnk.<br \/>T\u00f6bb ezer ember szenved, menek\u00fcl a f\u00e1jdalom el\u0151l &#8211; \u00e9s ek\u00f6zben mi gyakorlunk.<br \/>Mit kellene tennem? Megmenthetn\u00e9m \u0151ket?<br \/>Mindig \u00fagy gondoltam, hogy az Utunk medit\u00e1ci\u00f3. Megismerem \u00e9s fejlesztem magam,<br \/>seg\u00edtek a t\u00e1rsaimnak, eg\u00e9szs\u00e9gesebb \u00e9s tudatosabb leszek &#8211; \u00e9s mosolygok!<br \/>Hiszem, hogy ez hat\u00e1ssal van a k\u00f6rnyezetemre. Hiszem, hogy ezzel tudok seg\u00edteni!<br \/>Hiszem, hogy min\u00e9l t\u00f6bb ember v\u00e1lasztja ezt az \u00f6nzetlen elm\u00e9ly\u00fcl\u00e9st,<br \/>ann\u00e1l kevesebb h\u00e1bor\u00fa \u00e9s er\u0151szak lesz a vil\u00e1gon.<br \/>Ennyit tehetek. Gyakorlok!<\/i><\/div>\n<div><\/div>\n<div>&#8222;Good&#8221; &#8211; s\u00e9t\u00e1lt el mellettem sensei l\u00e1tva az er\u0151fesz\u00edt\u00e9st, az elm\u00e9ly\u00fcl\u00e9semet.. \u00c9s nem \u00e1lltam meg. \u00c9reztem ugyan, hogy f\u00e1jni fog a bal l\u00e1bam de j\u00f6ttek sorba az okuden kat\u00e1k, \u00e9s csak j\u00f6ttek sorban&#8230;<\/div>\n<div>Sz\u00e1momra akkor kezd\u0151d\u00f6tt el a szemin\u00e1rium! Nem voltak m\u00e1r k\u00f6r\u00fcl\u00f6ttem, nem volt test, ami f\u00e1jjon, nem voltak k\u00e9ts\u00e9gek \u00e9s ismeretlen j\u00f6v\u0151! Ez\u00e9rt vagyok itt&#8230;!<\/div>\n<div><\/div>\n<div>A m\u00e1sodik baleset ut\u00e1n sajnos sensei v\u00e9gett vetett a szemin\u00e1riumnak&#8230;.<\/div>\n<div><\/div>\n<div>\u00c9s \u00e9n vezettem. Es\u0151, havas es\u0151&#8230;de mit sz\u00e1m\u00edt?<\/div>\n<div>K\u00e9t \u00f3ra ut\u00e1n hozz\u00e1szoktam a g\u00e9phez, teszteltem a t\u00e9li gumikat, \u00e9s el\u00e9rkezt\u00fcnk a t\u00f6rt\u00e9net elej\u00e9hez (ism\u00e9t) haza\u00e9rt\u00fcnk.<\/div>\n<div>F\u00e1jt a l\u00e1bam (is).<\/div>\n<div><\/div>\n<div>Ma is felh\u0151s az \u00e9g, de l\u00e1tni a napot. Ki melyik r\u00e9szt l\u00e1tja hangs\u00falyosabbnak?<br \/>\u00d6regsz\u00fcnk, betegsz\u00fcnk &#8211; Cook sensei-t l\u00e1tva nem panaszkodhatunk&#8230;<br \/>Kevesen vagyunk &#8211; van hely gyakorolni&#8230;<br \/>L\u00e1tjuk az Utat m\u00e9g? Hov\u00e1 vezet?<br \/>Kell-e agg\u00f3dnunk, ha a jelen a legfontosabb?<\/p>\n<\/div>\n<div>Megtal\u00e1ljuk-e (\u00fajra \u00e9s \u00fajra..) a jelent itt \u00e9s most &#8211; ebben a r\u00e9gi iaido formagyakorlatban?<\/div>\n<div><\/div>\n<div style=\"text-align: center;\"><img decoding=\"async\" src=\"letoltes\/1470\/20151114_13_30_23_Pro.jpg\"><\/div>\n<p><img loading=\"lazy\" decoding=\"async\" class=\"aligncenter wp-image-19438 size-large\" src=\"\/fenykepalbum\/keptar_1470_big_20151114_12_44_15_Pro.jpg\" alt=\"\" width=\"840\" height=\"473\" \/><\/p>\n<p><img loading=\"lazy\" decoding=\"async\" class=\"aligncenter wp-image-19438 size-large\" src=\"\/fenykepalbum\/keptar_1470_big_2015.11.14-15_csoport_2770.jpg\" alt=\"\" width=\"840\" height=\"473\" \/><\/p>\n","protected":false},"excerpt":{"rendered":"<p>Szerencs\u00e9sen haza\u00e9rkezt\u00fcnk. Hogy mi volt el\u0151tte? Mi volt m\u00e1s, mint az elm\u00falt \u00e9vtizedben minden novemberben..? (&#8230;) Azt hiszem, m\u00e9g mindig keser\u0171 sz\u00e1j\u00edzzel vessz\u00fck tudom\u00e1sul, hogy m\u00e1r csak n\u00e9gyen indulunk \u00fatnak egy ilyen &#8222;K\u00f6z\u00e9p-Eur\u00f3pai Shinbukan koryu tal\u00e1lkoz\u00f3ra&#8221; &#8211; de tudom\u00e1sul vessz\u00fck. A kis csapat szerencs\u00e9re \u00f6ssze\u00e1llt. El\u0151sz\u00f6r kiv\u00e1lasztottuk az aut\u00f3 sz\u00edn\u00e9t &#8211; ami nem volt neh\u00e9z, &hellip; <a href=\"https:\/\/shinbukan.hu\/?p=19743\" class=\"more-link\"><span class=\"screen-reader-text\">&#8222;Koryu szemin\u00e1rium (Stubnyaf\u00fcrd\u0151)&#8221;<\/span> b\u0151vebben<\/a><\/p>\n","protected":false},"author":2,"featured_media":0,"comment_status":"open","ping_status":"open","sticky":false,"template":"","format":"standard","meta":{"footnotes":""},"categories":[],"tags":[],"class_list":["post-19743","post","type-post","status-publish","format-standard","hentry"],"_links":{"self":[{"href":"https:\/\/shinbukan.hu\/index.php?rest_route=\/wp\/v2\/posts\/19743","targetHints":{"allow":["GET"]}}],"collection":[{"href":"https:\/\/shinbukan.hu\/index.php?rest_route=\/wp\/v2\/posts"}],"about":[{"href":"https:\/\/shinbukan.hu\/index.php?rest_route=\/wp\/v2\/types\/post"}],"author":[{"embeddable":true,"href":"https:\/\/shinbukan.hu\/index.php?rest_route=\/wp\/v2\/users\/2"}],"replies":[{"embeddable":true,"href":"https:\/\/shinbukan.hu\/index.php?rest_route=%2Fwp%2Fv2%2Fcomments&post=19743"}],"version-history":[{"count":0,"href":"https:\/\/shinbukan.hu\/index.php?rest_route=\/wp\/v2\/posts\/19743\/revisions"}],"wp:attachment":[{"href":"https:\/\/shinbukan.hu\/index.php?rest_route=%2Fwp%2Fv2%2Fmedia&parent=19743"}],"wp:term":[{"taxonomy":"category","embeddable":true,"href":"https:\/\/shinbukan.hu\/index.php?rest_route=%2Fwp%2Fv2%2Fcategories&post=19743"},{"taxonomy":"post_tag","embeddable":true,"href":"https:\/\/shinbukan.hu\/index.php?rest_route=%2Fwp%2Fv2%2Ftags&post=19743"}],"curies":[{"name":"wp","href":"https:\/\/api.w.org\/{rel}","templated":true}]}}