{"id":19744,"date":"2015-11-20T12:22:00","date_gmt":"2015-11-20T12:22:00","guid":{"rendered":""},"modified":"-0001-11-30T00:00:00","modified_gmt":"-0001-11-29T22:00:00","slug":"","status":"publish","type":"post","link":"https:\/\/shinbukan.hu\/?p=19744","title":{"rendered":"Iaido Szemin\u00e1rium (Budapest)"},"content":{"rendered":"<div>Mindig nagy \u00f6r\u00f6m \u00fajra tal\u00e1lkozni Patrick Demuynk sensei-el. K\u00f6zhelyes \u00e9s elcs\u00e9pelt mondat ez, de mit tegyek ha t\u00e9nyleg \u00edgy \u00e9rzem. Szombat esti besz\u00e9lget\u00e9s\u00fcnk vele ism\u00e9t m\u00e9lyen elgondolkodtatott az iaido \u00e9s a budo m\u00e9lys\u00e9geir\u0151l. Arr\u00f3l az id\u0151szakr\u00f3l volt sz\u00f3, mikor m\u0171t\u00e9te ut\u00e1n, m\u00e1r testileg nagyj\u00e1b\u00f3l rendben volt, \u00e1m szem\u00e9lyis\u00e9g\u00e9t kellet \u00fajra megtal\u00e1lja, \u00e9s teljesen alapvet\u0151, h\u00e9tk\u00f6znapi dolgokat kellett \u00fajratanuljon. &nbsp;Ez a f\u00e9rfi micsoda harcot vitt v\u00e9gi, micsoda er\u0151fesz\u00edt\u00e9st tett az \u00e9let\u00e9\u00e9rt, \u00e9s az\u00e9rt hogy vissza ker\u00fclj\u00f6n az \u00e9let menet\u00e9be, szerettei k\u00f6z\u00e9, \u00e9s a budo vil\u00e1g\u00e1ba. M\u00e9g mindig hihetetlen sz\u00e1momra micsoda veszedelemb\u0151l ker\u00fclt ki, \u00e9s micsoda utat j\u00e1rt be, hogy \u00fajra teljes emberk\u00e9nt tudjon m\u0171k\u00f6dni. Mindezt a t\u00f6bb \u00e9vtizedes gyakorl\u00e1sban meger\u0151s\u00f6d\u00f6tt akarat\u00e1ra t\u00e1maszkodva vitte v\u00e9gig. Tiszteletet parancsol\u00f3, \u00e9s p\u00e9ldak\u00e9nt \u00e1ll\u00f3 amit v\u00e9gigvitt.<\/div>\n<div>&nbsp;<\/div>\n<div>.. \u00c9s itt volt vel\u00fcnk, ami t\u00f6bb mint nagyszer\u0171!<\/div>\n<div>Vel\u00fcnk volt p\u00e1r napig \u00e9s szok\u00e1sa szerint nagyon intenz\u00edv szemin\u00e1riumot tartott ism\u00e9t. Mi szombaton csatlakoztunk a Tamiya ryu-ban m\u00e1r egy napja kov\u00e1csol\u00f3d\u00f3 t\u00e1rsainkhoz, hogy bele vess\u00fck magunkat a ZNKR kat\u00e1-k vil\u00e1g\u00e1ba a h\u00e9tv\u00e9g\u00e9re. A met\u00f3dus a Sensei-t\u0151l megszokott volt ez\u00fattal is. \u00c1tvett\u00fck a kat\u00e1-kat, r\u00e9szletesen n\u00e9zve a f\u0151bb pontokat, majd j\u00f6tt az egy\u00e9ni gyakorl\u00e1s, hosszan. \u00cdgy jutott id\u0151 a pontok kidolgoz\u00e1s\u00e1ra, \u00e9s a Sensei-t\u0151l kapott egy\u00e9ni instrukci\u00f3k feldolgoz\u00e1s\u00e1ra, amiben egyik\u00fcnk sem szenvedett hi\u00e1nyt. Mindannyian rengeteg szem\u00e9lyes figyelmet kaptunk, ki-ki szintj\u00e9nek, egyedi saj\u00e1toss\u00e1gainak megfelel\u0151en. \u00dagyhogy maradt munk\u00e1lkodni val\u00f3nk b\u0151ven a gyakorl\u00e1s h\u00e9tk\u00f6znapjaira is.&nbsp;<\/div>\n<div>&nbsp;<\/div>\n<div>K\u00f6sz\u00f6nj\u00fck Patrick senseinek az oktat\u00e1st, azt pedig k\u00fcl\u00f6n\u00f6sen, hogy el\u0151t\u00e9rbe helyezte a szem\u00e9lyes tan\u00edt\u00e1st, ami nagy kincs, mert a nagy l\u00e9tsz\u00e1m\u00fa szemin\u00e1riumokon csak elv\u00e9tve jut r\u00e9sz\u00fcnk\u00fcl.<\/div>\n<div>A Yunanshin g\u00e1rd\u00e1j\u00e1nak pedig K\u00f6sz\u00f6nj\u00fck a szervez\u00e9st!<\/div>\n<p><img loading=\"lazy\" decoding=\"async\" class=\"aligncenter wp-image-19438 size-large\" src=\"\/fenykepalbum\/keptar_1471_big_2015.11.20-21_iaido_szeminarium_2216.jpg\" alt=\"\" width=\"840\" height=\"473\" \/><\/p>\n<p><img loading=\"lazy\" decoding=\"async\" class=\"aligncenter wp-image-19438 size-large\" src=\"\/fenykepalbum\/keptar_1471_big_2015.11.20-21_iaido_szeminarium_2292.jpg\" alt=\"\" width=\"840\" height=\"473\" \/><\/p>\n<p><img loading=\"lazy\" decoding=\"async\" class=\"aligncenter wp-image-19438 size-large\" src=\"\/fenykepalbum\/keptar_1471_big_2015.11.20-21_iaido_szeminarium_2244.jpg\" alt=\"\" width=\"840\" height=\"473\" \/><\/p>\n","protected":false},"excerpt":{"rendered":"<p>Mindig nagy \u00f6r\u00f6m \u00fajra tal\u00e1lkozni Patrick Demuynk sensei-el. K\u00f6zhelyes \u00e9s elcs\u00e9pelt mondat ez, de mit tegyek ha t\u00e9nyleg \u00edgy \u00e9rzem. Szombat esti besz\u00e9lget\u00e9s\u00fcnk vele ism\u00e9t m\u00e9lyen elgondolkodtatott az iaido \u00e9s a budo m\u00e9lys\u00e9geir\u0151l. Arr\u00f3l az id\u0151szakr\u00f3l volt sz\u00f3, mikor m\u0171t\u00e9te ut\u00e1n, m\u00e1r testileg nagyj\u00e1b\u00f3l rendben volt, \u00e1m szem\u00e9lyis\u00e9g\u00e9t kellet \u00fajra megtal\u00e1lja, \u00e9s teljesen alapvet\u0151, h\u00e9tk\u00f6znapi &hellip; <a href=\"https:\/\/shinbukan.hu\/?p=19744\" class=\"more-link\"><span class=\"screen-reader-text\">&#8222;Iaido Szemin\u00e1rium (Budapest)&#8221;<\/span> b\u0151vebben<\/a><\/p>\n","protected":false},"author":2,"featured_media":0,"comment_status":"open","ping_status":"open","sticky":false,"template":"","format":"standard","meta":{"footnotes":""},"categories":[],"tags":[],"class_list":["post-19744","post","type-post","status-publish","format-standard","hentry"],"_links":{"self":[{"href":"https:\/\/shinbukan.hu\/index.php?rest_route=\/wp\/v2\/posts\/19744","targetHints":{"allow":["GET"]}}],"collection":[{"href":"https:\/\/shinbukan.hu\/index.php?rest_route=\/wp\/v2\/posts"}],"about":[{"href":"https:\/\/shinbukan.hu\/index.php?rest_route=\/wp\/v2\/types\/post"}],"author":[{"embeddable":true,"href":"https:\/\/shinbukan.hu\/index.php?rest_route=\/wp\/v2\/users\/2"}],"replies":[{"embeddable":true,"href":"https:\/\/shinbukan.hu\/index.php?rest_route=%2Fwp%2Fv2%2Fcomments&post=19744"}],"version-history":[{"count":0,"href":"https:\/\/shinbukan.hu\/index.php?rest_route=\/wp\/v2\/posts\/19744\/revisions"}],"wp:attachment":[{"href":"https:\/\/shinbukan.hu\/index.php?rest_route=%2Fwp%2Fv2%2Fmedia&parent=19744"}],"wp:term":[{"taxonomy":"category","embeddable":true,"href":"https:\/\/shinbukan.hu\/index.php?rest_route=%2Fwp%2Fv2%2Fcategories&post=19744"},{"taxonomy":"post_tag","embeddable":true,"href":"https:\/\/shinbukan.hu\/index.php?rest_route=%2Fwp%2Fv2%2Ftags&post=19744"}],"curies":[{"name":"wp","href":"https:\/\/api.w.org\/{rel}","templated":true}]}}