{"id":19758,"date":"2016-07-08T12:22:00","date_gmt":"2016-07-08T12:22:00","guid":{"rendered":""},"modified":"-0001-11-30T00:00:00","modified_gmt":"-0001-11-29T22:00:00","slug":"","status":"publish","type":"post","link":"https:\/\/shinbukan.hu\/?p=19758","title":{"rendered":"Shinbukan &#8211; ShinJunsuiDo k\u00f6z\u00f6s h\u00e9tv\u00e9ge (Pilisszentl\u00e1szl\u00f3 )"},"content":{"rendered":"<div><\/div>\n<div>\n<div style=\"text-align: center;\"><img decoding=\"async\" src=\"letoltes\/1494\/kovek_20160621.jpg\" width=\"80%\"><\/div>\n<div style=\"text-align: right;\"><i><br \/><\/i><\/div>\n<\/div>\n<div style=\"text-align: right;\"><i>Panna l\u00e1nyommal p\u00e1r hete k\u0151tornyokat kezdt\u00fcnk \u00e9p\u00edteni.<br \/>Amikor elfogytak a szebb darabok, elaut\u00f3ztunk a Duna partra, \u00e9s egy \u00f3ri\u00e1si halomb\u00f3l egyenk\u00e9nt<br \/>v\u00e1logattunk ki 10 kg folyami kavicsot &#8211; \u00e9s \u00e9p\u00edtett\u00fcnk tov\u00e1bb<\/i>.<i><br \/>T\u00fcrelem-j\u00e1t\u00e9k-koncentr\u00e1ci\u00f3-medit\u00e1ci\u00f3.<\/i><\/div>\n<div><\/div>\n<div>H\u00e9tv\u00e9g\u00e9re a&nbsp;<a href=\"http:\/\/www.junsui.sk\/index2eng.html\" target=\"_blank\" style=\"text-align: justify; margin: 0px; padding: 0px; border-width: 0px; transform-origin: left top 0px;\">Shin Junsui Do<\/a><span style=\"text-align: justify;\">&nbsp;tagjai \u00e9rkeztek hozz\u00e1nk!<br \/>P\u00e9nteken&nbsp;<\/span>birtokba vett\u00fck a Pilisszentl\u00e1szl\u00f3&nbsp;<span class=\"il\">Waldorf<\/span>&nbsp;Iskol\u00e1t, amely pozit\u00edv energi\u00e1kkal seg\u00edtett minket. Kialak\u00edt\u00e1sra ker\u00fclt egy \u00f6lt\u00f6z\u0151, edz\u0151- \u00e9s 2 h\u00e1l\u00f3terem, \u00e9tkez\u0151 is.<br \/>Az esti gyakorl\u00e1st ut\u00e1n \u00e9jszak\u00e1ba ny\u00fal\u00f3 besz\u00e9lget\u00e9s vette kezdet\u00e9t&#8230;<br \/>\u00c9n szombaton csatlakoztam a csapathoz, \u00e9s azonnal belevetettem magam a v\u00e1g\u00e1s-medit\u00e1ci\u00f3ba.<\/p>\n<p>Az eb\u00e9det k\u00f6vet\u0151en Tameshigiri k\u00f6vetkezett &#8211; a gy\u00e9k\u00e9nyek m\u00e1r vizesen v\u00e1rt\u00e1k a v\u00e9get.<br \/>\u00c9s csend lett. Sorban fogtuk k\u00e9zbe a Shinken-t, \u00e9s v\u00e1gtunk. Mindannyian k\u00fcl\u00f6nb\u00f6z\u0151 m\u00f3don k\u00f6zel\u00edtett\u00fcnk a kardhoz \u00e9s a gy\u00e9k\u00e9nyhez is, a z\u00e1r\u00f3 besz\u00e9lget\u00e9sben mindenki el is mondhatta az \u00e9lm\u00e9ny\u00e9t. \u00c9n a pillanatot \u00e1t\u00e9rezve n\u00e9ztem a t\u00e1rsaimat, figyeltem, n\u00e1luk hogyan t\u0171nik el \u00e9s olvad \u00f6ssze egy pillanatra minden&#8230;.<br \/>Sokat tanultunk egym\u00e1s v\u00e1g\u00e1saib\u00f3l.<\/p>\n<\/div>\n<div>Az esti bogr\u00e1csvacsora az Ap\u00e1t-k\u00fati-patakn\u00e1l ker\u00fclt elfogyaszt\u00e1sra, a Hoboji Zen templom k\u00f6zel\u00e9ben. Sz\u00fclet\u00e9snapi tort\u00e1k \u00e9s egy \u00daj-Z\u00e9landr\u00f3l frissen \u00e9rkezett meglepet\u00e9s Judy ker\u00fcltek el\u0151, \u00edgy minden okunk megvolt r\u00e1, hogy j\u00f3l \u00e9rezz\u00fck magunkat!<\/div>\n<div>\n<div style=\"width:500px;margin:10px 10px 10px auto\">\n<div style=\"text-align: right;\"><img decoding=\"async\" src=\"http:\/\/shinbukan.hu\/letoltes\/1494\/kohalom_20160708.jpg\" width=\"200\"><\/div>\n<p><i><i><br \/>R\u00e9k\u00e1val ism\u00e9t tornyokat \u00e9p\u00edtett\u00fcnk &#8211; ez\u00fattal a patakban!&nbsp;<\/i><i>A g\u00f6mb\u00f6ly\u0171 folyami kaviccsal ellent\u00e9tben az itt tal\u00e1lt &#8222;form\u00e1tlan&#8221; k\u00f6vekb\u0151l nagyszer\u0171 \u00e9p\u00edtm\u00e9nyek k\u00e9sz\u00fcltek &#8211; folytattuk,&nbsp;amit m\u00e1sok el\u0151tt\u00fcnk elkezdtek &#8211; \u00e9s nem is mi voltunk az utols\u00f3k a h\u00e9tv\u00e9g\u00e9n, akik k\u00f6vek lettek&#8230;<\/i><\/i><\/div>\n<div>Vas\u00e1rnap csapat\u00e9p\u00edt\u0151 program vette kezdet\u00e9t, k\u00f6vetkezett az <a href=\"https:\/\/www.facebook.com\/kijaratprojekt\/\" target=\"_blank\">\u00c1rkonbokron program a Kij\u00e1ratProjekt szervez\u00e9s\u00e9ben<\/a>!<br \/>Szem\u00fcnket bek\u00f6tve l\u00e9pkedt\u00fcnk az \u00faton, m\u00e1sztunk felfel\u00e9, k\u00e9sz\u00edtett\u00fcnk hord\u00e1gyat, voltunk csapat, kerest\u00fcnk \u00e9lelmet, ett\u00fcnk m\u00e1ln\u00e1t, hangzottak el \u00fajabb sz\u00e1ll\u00f3ige mondatok (&#8222;Itt demokr\u00e1cia van? Mind meg fogunk halni!&#8221;, &#8222;Fogd a botomat, megh\u00fazlak!&#8221;) \u00e9s j\u00f3 \u00e9tv\u00e1ggyal ett\u00fck meg a magunk f\u0151zte eb\u00e9det!<\/div>\n<div>K\u00f6sz\u00f6nj\u00fck!<\/p>\n<\/div>\n<div style=\"text-align: right;\"><i>Szerencs\u00e9sek vagyunk, mert vannak k\u00f6veink! <br \/>Tudunk \u00e9p\u00edtkezni bel\u0151l\u00fck, tudunk Egy\u00fctt \u00e9p\u00edteni! <br \/>Ha a k\u00f6veink elborulnak, tanulunk a hib\u00e1b\u00f3l, \u00e9s kezdj\u00fck \u00fajra, \u00e9s \u00fajra&#8230;<br \/>Eggy\u00e9 v\u00e1lunk a k\u0151vel, a patakkal &#8211; mi lesz\u00fcnk a k\u0151.<\/i><\/div>\n<\/div>\n<p><img loading=\"lazy\" decoding=\"async\" class=\"aligncenter wp-image-19438 size-large\" src=\"\/fenykepalbum\/keptar_1494_big_2016.07.08-10_szeminarium_arkombokron_4981.jpg\" alt=\"\" width=\"840\" height=\"473\" \/><\/p>\n<p><img loading=\"lazy\" decoding=\"async\" class=\"aligncenter wp-image-19438 size-large\" src=\"\/fenykepalbum\/keptar_1494_big_2016.07.08-10_szeminarium_arkombokron_1.jpg\" alt=\"\" width=\"840\" height=\"473\" \/><\/p>\n<p><img loading=\"lazy\" decoding=\"async\" class=\"aligncenter wp-image-19438 size-large\" src=\"\/fenykepalbum\/keptar_1494_big_2016.07.08-10_szeminarium_arkombokron_4970.jpg\" alt=\"\" width=\"840\" height=\"473\" \/><\/p>\n<p><img loading=\"lazy\" decoding=\"async\" class=\"aligncenter wp-image-19438 size-large\" src=\"\/fenykepalbum\/keptar_1494_big_2016.07.08-10_szeminarium_arkombokron_tuz.jpg\" alt=\"\" width=\"840\" height=\"473\" \/><\/p>\n","protected":false},"excerpt":{"rendered":"<p>Panna l\u00e1nyommal p\u00e1r hete k\u0151tornyokat kezdt\u00fcnk \u00e9p\u00edteni.Amikor elfogytak a szebb darabok, elaut\u00f3ztunk a Duna partra, \u00e9s egy \u00f3ri\u00e1si halomb\u00f3l egyenk\u00e9ntv\u00e1logattunk ki 10 kg folyami kavicsot &#8211; \u00e9s \u00e9p\u00edtett\u00fcnk tov\u00e1bb.T\u00fcrelem-j\u00e1t\u00e9k-koncentr\u00e1ci\u00f3-medit\u00e1ci\u00f3. H\u00e9tv\u00e9g\u00e9re a&nbsp;Shin Junsui Do&nbsp;tagjai \u00e9rkeztek hozz\u00e1nk!P\u00e9nteken&nbsp;birtokba vett\u00fck a Pilisszentl\u00e1szl\u00f3&nbsp;Waldorf&nbsp;Iskol\u00e1t, amely pozit\u00edv energi\u00e1kkal seg\u00edtett minket. Kialak\u00edt\u00e1sra ker\u00fclt egy \u00f6lt\u00f6z\u0151, edz\u0151- \u00e9s 2 h\u00e1l\u00f3terem, \u00e9tkez\u0151 is.Az esti gyakorl\u00e1st &hellip; <a href=\"https:\/\/shinbukan.hu\/?p=19758\" class=\"more-link\"><span class=\"screen-reader-text\">&#8222;Shinbukan &#8211; ShinJunsuiDo k\u00f6z\u00f6s h\u00e9tv\u00e9ge (Pilisszentl\u00e1szl\u00f3 )&#8221;<\/span> b\u0151vebben<\/a><\/p>\n","protected":false},"author":2,"featured_media":0,"comment_status":"open","ping_status":"open","sticky":false,"template":"","format":"standard","meta":{"footnotes":""},"categories":[],"tags":[],"class_list":["post-19758","post","type-post","status-publish","format-standard","hentry"],"_links":{"self":[{"href":"https:\/\/shinbukan.hu\/index.php?rest_route=\/wp\/v2\/posts\/19758","targetHints":{"allow":["GET"]}}],"collection":[{"href":"https:\/\/shinbukan.hu\/index.php?rest_route=\/wp\/v2\/posts"}],"about":[{"href":"https:\/\/shinbukan.hu\/index.php?rest_route=\/wp\/v2\/types\/post"}],"author":[{"embeddable":true,"href":"https:\/\/shinbukan.hu\/index.php?rest_route=\/wp\/v2\/users\/2"}],"replies":[{"embeddable":true,"href":"https:\/\/shinbukan.hu\/index.php?rest_route=%2Fwp%2Fv2%2Fcomments&post=19758"}],"version-history":[{"count":0,"href":"https:\/\/shinbukan.hu\/index.php?rest_route=\/wp\/v2\/posts\/19758\/revisions"}],"wp:attachment":[{"href":"https:\/\/shinbukan.hu\/index.php?rest_route=%2Fwp%2Fv2%2Fmedia&parent=19758"}],"wp:term":[{"taxonomy":"category","embeddable":true,"href":"https:\/\/shinbukan.hu\/index.php?rest_route=%2Fwp%2Fv2%2Fcategories&post=19758"},{"taxonomy":"post_tag","embeddable":true,"href":"https:\/\/shinbukan.hu\/index.php?rest_route=%2Fwp%2Fv2%2Ftags&post=19758"}],"curies":[{"name":"wp","href":"https:\/\/api.w.org\/{rel}","templated":true}]}}