{"id":19761,"date":"2016-09-17T12:22:00","date_gmt":"2016-09-17T12:22:00","guid":{"rendered":""},"modified":"-0001-11-30T00:00:00","modified_gmt":"-0001-11-29T22:00:00","slug":"","status":"publish","type":"post","link":"https:\/\/shinbukan.hu\/?p=19761","title":{"rendered":"Iaido Szemin\u00e1rium Kaneda sensei-el (Budapest)"},"content":{"rendered":"<p class=\"MsoNormal\" style=\"margin: 0px;\"><span lang=\"HU\">Kaneda senseiel volt lehet\u0151s\u00e9g\u00fcnk egy r\u00f6vid h\u00e9tv\u00e9gi edz\u00e9sre.<\/span><\/p>\n<p class=\"MsoNormal\" style=\"margin: 0px;\"><span lang=\"HU\">&nbsp;<\/span><\/p>\n<p class=\"MsoNormal\" style=\"margin: 0px;\"><span lang=\"HU\">Azok sz\u00e1mra akik nem ismern\u00e9k a <b>Kaneda sensei<\/b> nev\u00e9t egy kis \u00f6sszefoglal\u00f3:<\/span><\/p>\n<p class=\"MsoNormal\" style=\"margin: 0px;\"><span lang=\"HU\">Kaneda sensei 8. dan kyoshi, <b>jap\u00e1n legeredm\u00e9nyesebb iaido versenyz\u0151je<\/b>, 5-6-7 dan fokozatban egym\u00e1st k\u00f6vet\u0151en 3-3-3 alkalommal \u00e9rt el els\u0151 helyez\u00e9st.&nbsp;<\/span><\/p>\n<p class=\"MsoNormal\" style=\"margin: 0px;\"><span lang=\"HU\">K\u00fcl\u00f6nlegess\u00e9ge az esem\u00e9nynek, hogy Abe Tetsushi sensei k\u00f6zrem\u0171k\u00f6d\u00e9s\u00e9nek k\u00f6sz\u00f6nhetj\u00fck, hogy el\u0151sz\u00f6r Eur\u00f3p\u00e1ban Magyarorsz\u00e1gra l\u00e1togatott el!! K\u00f6sz\u00f6nj\u00fck Abe sensei!<\/span><\/p>\n<p class=\"MsoNormal\" style=\"margin: 0px;\"><span lang=\"HU\">&nbsp;<\/span><\/p>\n<p class=\"MsoNormal\" style=\"margin: 0px;\"><span lang=\"HU\">Szombat kora reggel <b>Dunabogd\u00e1ny <\/b>rendk\u00edv\u00fcl sz\u00e9p iskol\u00e1j\u00e1ban tal\u00e1lkoztunk, hogy a sensei k\u00fcl\u00f6n\u00edtm\u00e9ny meg\u00e9rkezt\u00e9ig a termet el\u0151k\u00e9sz\u00edts\u00fck \u00e9s magunkat is \u00e1tadjuk a gyakorl\u00e1s hangulat\u00e1nak \u00e9s v\u00e1rva v\u00e1rt t\u00e1bornak.<\/span><\/p>\n<p class=\"MsoNormal\" style=\"margin: 0px;\"><span lang=\"HU\">&nbsp;<\/span><\/p>\n<p class=\"MsoNormal\" style=\"margin: 0px;\"><span lang=\"HU\">El\u0151sz\u00f6r <b>alapgyakorlatok<\/b>at v\u00e9gezt\u00fcnk, melyek ut\u00e1n \u00e9g\u0151 combokkal, karokkal, lihegve \u00e1lltunk meg egy pillanatra, m\u00edg sensei elmondta, minden edz\u00e9s el\u0151tt ezt gyakorolja otthon is. Mi harminc alkalommal ism\u00e9telt\u00fcnk egy form\u00e1t, sensei tan\u00edtv\u00e1nyai \u00f6tvenszer ism\u00e9telnek, Kaneda sensei pedig SZ\u00c1Z alkalommal. (Az alaphangulat m\u00e1r meg is j\u00f6tt! Durva lesz, sehol nem vagyunk, \u00f6ssze k\u00e9ne kapni magunkat!)<\/span><\/p>\n<p class=\"MsoNormal\" style=\"margin: 0px;\"><span lang=\"HU\">A bemeleg\u00edt\u00e9s ut\u00e1n minden ZNKR kat\u00e1t 3 alkalommal ism\u00e9telt\u00fcnk annak \u00e9rdek\u00e9ben, hogy fel tudja m\u00e9rni (els\u0151 l\u00e1t\u00e1sra), hogy <b>hol is tartunk mi az \u00faton<\/b>. Elismer\u0151en csak annyit mondott, hogy az alapok rendben vannak, \u00edgy lehet \u00e9p\u00edtkezni, de vannak k\u00f6z\u00f6s hib\u00e1ink. A nap h\u00e1tralev\u0151 r\u00e9sz\u00e9ben ezeket kat\u00e1r\u00f3l, kat\u00e1ra vett\u00fck \u00e1t pr\u00f3b\u00e1ltuk jav\u00edtani.<\/span><\/p>\n<p class=\"MsoNormal\" style=\"margin: 0px;\"><span lang=\"HU\">Igaz\u00e1b\u00f3l meglep\u0151en \u00faj inform\u00e1ci\u00f3kat nem hallottunk t\u0151le, de m\u00e9gis minden megv\u00e1ltozott. <b>Olyan m\u00f3don magyar\u00e1zott, hogy az eddig kicsit \u00e9rtetlen, de betartott szab\u00e1lyok kezdtek \u00f6sszef\u0171z\u0151dni \u00e9s egy eg\u00e9szet alkotni.<\/b> Sokszor m\u00e9g azt is meg tudta mondani a technik\u00e1nk alapj\u00e1n, hogy mit mondhattak nek\u00fcnk a senseiek, akik tan\u00edtottak \u00e9s mi\u00e9rt \u00e9rtett\u00fck f\u00e9lre.<\/span><\/p>\n<p class=\"MsoNormal\" style=\"margin: 0px;\"><span lang=\"HU\">Az edz\u00e9st k\u00e9s\u0151n 7 \u00f3ra k\u00f6r\u00fcl fejezt\u00fck be este, <b>elf\u00e1radtunk, de lelkesek voltunk<\/b>. A nap v\u00e9g\u00e9n \u00fajra elmondta, hogy az alapjaink megvannak \u00e9s stabilak, ez\u00e9rt j\u00f3l \u00e9s gyorsan tudjuk alkalmazni az \u00e1ltala mondottakat.<\/span><\/p>\n<p class=\"MsoNormal\" style=\"margin: 0px;\"><span lang=\"HU\">&nbsp;<\/span><\/p>\n<p class=\"MsoNormal\" style=\"margin: 0px;\"><span lang=\"HU\">Este <b>k\u00f6z\u00f6s vacsora<\/b> mellett besz\u00e9lgett\u00fcnk, ahol megmutatta fia rockegy\u00fcttes\u00e9nek vide\u00f3j\u00e1t, ked\u00e9lyesen besz\u00e9lgetett vel\u00fcnk \u00e9s b\u00e1rmennyit k\u00e9rdezhett\u00fcnk, mindig \u00e9s mindenre \u00f6r\u00f6mmel v\u00e1laszolt \u00e9s k\u00e9rte, hogy k\u00e9rdezz\u00fcnk m\u00e9g. Megtudhattuk t\u0151le, hogy \u0150 <b>hogyan kezelte a taikai stresszt<\/b> \u00e9s milyen \u00e9rz\u00e9sekkel, technik\u00e1val gyakorolt, hogy ki\u00e9rdemelje az &#8222;Iaido Hercege&#8221; becenevet jap\u00e1nban. A Magyar Iaido V\u00e1logatott felk\u00e9sz\u00fclts\u00e9g\u00e9t j\u00f3nak tal\u00e1lta, de azt mondta l\u00e1that\u00f3 az iaidonkban, hogy nincs \u00f6nbizalmunk! Sajn\u00e1lattal kellett bel\u00e1tni, hogy e n\u00e9lk\u00fcl az er\u00e9ny n\u00e9lk\u00fcl nem is \u00e9rdemes elindulni az EB-re! <b>A feladatot megkaptuk!<\/b> \ud83d\ude00&nbsp;<\/span><\/p>\n<p class=\"MsoNormal\" style=\"margin: 0px;\"><span lang=\"HU\">&nbsp;<\/span><\/p>\n<p class=\"MsoNormal\" style=\"margin: 0px;\"><span lang=\"HU\"><b>Vas\u00e1rnap az egy\u00e9ni tan\u00e1csok k\u00f6vetkeztek<\/b>, fokozatonk\u00e9nt \u00e1lltunk fel \u00e9s a kat\u00e1kat k\u00e9tszer mutatta be minden csapat, majd Kaneda sensei egy\u00e9nileg elmondta, mit kell benne jav\u00edtani. Voltak akik megtudhatt\u00e1k er\u0151ss\u00e9g\u00fcket is, amely seg\u00edts\u00e9get jelenthet az EB-n, voltak akik hasznos tan\u00e1csokat kaptak, mit \u00e9s hogyan kell m\u00e9g csiszolni.<\/span><\/p>\n<p class=\"MsoNormal\" style=\"margin: 0px;\"><span lang=\"HU\">\u00d6sszefoglalva a nekem mondottakat: gyenge, nem el\u00e9g \u00e9les, nincs benne \u00e9rz\u00e9s.<\/span><\/p>\n<p class=\"MsoNormal\" style=\"margin: 0px;\"><span lang=\"HU\">Azt hiszem mindent kipip\u00e1ltunk amit \u00e9n szeretn\u00e9k az iaido-mban. A legrosszabb, hogy visszan\u00e9zve magam, teljes m\u00e9rt\u00e9kben igaza van, TERM\u00c9SZETESEN!&nbsp;<\/span><\/p>\n<p class=\"MsoNormal\" style=\"margin: 0px;\"><span lang=\"HU\">&nbsp;<\/span><\/p>\n<p class=\"MsoNormal\" style=\"margin: 0px;\"><span lang=\"HU\">Sz\u00f3val gatya felk\u00f6t \u00e9s el\u0151re! T\u00f6bbet, jobban, \u00f6sszeszedettebben kell gyakorolnom!<\/span><\/p>\n<p class=\"MsoNormal\" style=\"margin: 0px;\"><span lang=\"HU\">&nbsp;<\/span><\/p>\n<p class=\"MsoNormal\" style=\"margin: 0px;\"><span lang=\"HU\">A b\u00facs\u00fa a nap v\u00e9g\u00e9n gyors volt, de az itthagyottak m\u00e9g sok\u00e1ig fognak k\u00eds\u00e9rni minket!<\/span><\/p>\n<p class=\"MsoNormal\" style=\"margin: 0px;\"><span lang=\"HU\"><b>K\u00f6sz\u00f6nj\u00fck Kaneda sensei tan\u00edt\u00e1sait <\/b>\u00e9s rem\u00e9lj\u00fck l\u00e1thatjuk m\u00e9g, nem ennyire siet\u0151s k\u00f6r\u00fclm\u00e9nyek k\u00f6z\u00f6tt is!<\/span><\/p>\n<p><img loading=\"lazy\" decoding=\"async\" class=\"aligncenter wp-image-19438 size-large\" src=\"\/fenykepalbum\/keptar_1499_big_2016.08.17-18_kaneda_1.jpg\" alt=\"\" width=\"840\" height=\"473\" \/><\/p>\n<p><img loading=\"lazy\" decoding=\"async\" class=\"aligncenter wp-image-19438 size-large\" src=\"\/fenykepalbum\/keptar_1499_big_2016.08.17-18_kaneda_6.jpg\" alt=\"\" width=\"840\" height=\"473\" \/><\/p>\n<p><img loading=\"lazy\" decoding=\"async\" class=\"aligncenter wp-image-19438 size-large\" src=\"\/fenykepalbum\/keptar_1499_big_2016.08.17-18_kaneda_7.jpg\" alt=\"\" width=\"840\" height=\"473\" \/><\/p>\n","protected":false},"excerpt":{"rendered":"<p>Kaneda senseiel volt lehet\u0151s\u00e9g\u00fcnk egy r\u00f6vid h\u00e9tv\u00e9gi edz\u00e9sre. &nbsp; Azok sz\u00e1mra akik nem ismern\u00e9k a Kaneda sensei nev\u00e9t egy kis \u00f6sszefoglal\u00f3: Kaneda sensei 8. dan kyoshi, jap\u00e1n legeredm\u00e9nyesebb iaido versenyz\u0151je, 5-6-7 dan fokozatban egym\u00e1st k\u00f6vet\u0151en 3-3-3 alkalommal \u00e9rt el els\u0151 helyez\u00e9st.&nbsp; K\u00fcl\u00f6nlegess\u00e9ge az esem\u00e9nynek, hogy Abe Tetsushi sensei k\u00f6zrem\u0171k\u00f6d\u00e9s\u00e9nek k\u00f6sz\u00f6nhetj\u00fck, hogy el\u0151sz\u00f6r Eur\u00f3p\u00e1ban Magyarorsz\u00e1gra l\u00e1togatott &hellip; <a href=\"https:\/\/shinbukan.hu\/?p=19761\" class=\"more-link\"><span class=\"screen-reader-text\">&#8222;Iaido Szemin\u00e1rium Kaneda sensei-el (Budapest)&#8221;<\/span> b\u0151vebben<\/a><\/p>\n","protected":false},"author":2,"featured_media":0,"comment_status":"open","ping_status":"open","sticky":false,"template":"","format":"standard","meta":{"footnotes":""},"categories":[],"tags":[],"class_list":["post-19761","post","type-post","status-publish","format-standard","hentry"],"_links":{"self":[{"href":"https:\/\/shinbukan.hu\/index.php?rest_route=\/wp\/v2\/posts\/19761","targetHints":{"allow":["GET"]}}],"collection":[{"href":"https:\/\/shinbukan.hu\/index.php?rest_route=\/wp\/v2\/posts"}],"about":[{"href":"https:\/\/shinbukan.hu\/index.php?rest_route=\/wp\/v2\/types\/post"}],"author":[{"embeddable":true,"href":"https:\/\/shinbukan.hu\/index.php?rest_route=\/wp\/v2\/users\/2"}],"replies":[{"embeddable":true,"href":"https:\/\/shinbukan.hu\/index.php?rest_route=%2Fwp%2Fv2%2Fcomments&post=19761"}],"version-history":[{"count":0,"href":"https:\/\/shinbukan.hu\/index.php?rest_route=\/wp\/v2\/posts\/19761\/revisions"}],"wp:attachment":[{"href":"https:\/\/shinbukan.hu\/index.php?rest_route=%2Fwp%2Fv2%2Fmedia&parent=19761"}],"wp:term":[{"taxonomy":"category","embeddable":true,"href":"https:\/\/shinbukan.hu\/index.php?rest_route=%2Fwp%2Fv2%2Fcategories&post=19761"},{"taxonomy":"post_tag","embeddable":true,"href":"https:\/\/shinbukan.hu\/index.php?rest_route=%2Fwp%2Fv2%2Ftags&post=19761"}],"curies":[{"name":"wp","href":"https:\/\/api.w.org\/{rel}","templated":true}]}}