{"id":19763,"date":"2016-09-28T12:22:00","date_gmt":"2016-09-28T12:22:00","guid":{"rendered":""},"modified":"-0001-11-30T00:00:00","modified_gmt":"-0001-11-29T22:00:00","slug":"","status":"publish","type":"post","link":"https:\/\/shinbukan.hu\/?p=19763","title":{"rendered":"\u0150szi Iaido Szemin\u00e1rium (Budapest)"},"content":{"rendered":"<p>Eltelt <a href=\"http:\/\/www.shinbukan.hu\/blog.php?sorszam=1464\" target=\"_blank\">egy \u00e9v<\/a>.<br \/>Furcsa h\u00edrek \u00e9rkeztek az \u0151szi t\u00e1borr\u00f3l, miszerint az id\u00e9n nem <a href=\"https:\/\/www.facebook.com\/kusama.junichi1021?fref=ts\" target=\"_blank\">Kusama Junichi Sensei <\/a>j\u00f6n hozz\u00e1nk &#8211; majd kider\u00fclt, hogy (val\u00f3sz\u00edn\u0171leg mindenf\u00e9le vezet\u0151k k\u00f6z\u00f6tti-titkos-jap\u00e1n -sz\u00e1munkra felfoghatatlan folyamat ut\u00e1n) m\u00e9gis!<\/p>\n<div><\/div>\n<div>A <a href=\"http:\/\/www.shinbukan.hu\/blog.php?sorszam=1500\" target=\"_blank\">pr\u00e1gai taikia<\/a>-ra sajnos nem tudtam elmenni, \u00edgy v\u00e1rtam a k\u00f6vetkez\u0151 alkalmat a k\u00f6z\u00f6s tanul\u00e1sra.<br \/>\u00c9s el\u00e9rkezett!<\/p>\n<\/div>\n<div>Szerda este Sensei azonnal meg\u00e1llap\u00edtotta, hogy az eltelt id\u0151 alatt nem sokat saj\u00e1t\u00edtottunk el abb\u00f3l, amit \u00e1tadott nek\u00fcnk &#8211; \u00edgy <b>az alapokt\u00f3l kezdt\u00fck \u00fajra.<\/b><br \/>A<b> helyes k\u00e9ztart\u00e1s<\/b> annyira hangs\u00falyos t\u00e9ma volt, hogy nem is sokat mozogtunk (\u00e9s mivel sok minden veszett el a ford\u00edt\u00e1sban, f\u0151leg vizu\u00e1lis tanul\u00e1s volt)&#8230;Gerg\u0151 \u00e9s \u00e9n azon szerencs\u00e9sek k\u00f6z\u00e9 tartoztunk, akik kint \u00e1llhattak, \u00e9s egy 8 danos mester saj\u00e1t kez\u0171leg csiszolgatta \u0151ket! :&#8211;)<\/div>\n<div><\/div>\n<div>\n<div>Cs\u00fct\u00f6rt\u00f6k\u00f6n is folytat\u00f3dott az <b>alapoz\u00e1s<\/b>. Az omori-chiburui gyakorl\u00e1sa k\u00f6zben azonban egy nem v\u00e1rt esem\u00e9ny szak\u00edtotta f\u00e9lbe a napot: v\u00e9r ker\u00fclt a padl\u00f3ra&#8230;<br \/>Mindenki mozdulatlann\u00e1 v\u00e1lt, Kusama Sensei \u00e9s H\u00e1bermajer Sensei pedig azonnal seg\u00edtett.. El\u0151ker\u00fclt a k\u00f6tszer, a ment\u0151k is \u00faton voltak.<\/div>\n<div><b><\/p>\n<div style=\"text-align: right;\"><b><i><a href=\"blog.php?sorszam=1502\" target=\"_blank\">Mi t\u00f6rt\u00e9nt?<\/a><\/i><\/b><\/div>\n<p><\/b><i><\/p>\n<div style=\"text-align: right;\"><\/div>\n<div style=\"text-align: right;\"><i>Mindannyian tudjuk, hogy az Iaido &#8211; <b>a Kardr\u00e1nt\u00e1s m\u0171v\u00e9szete &#8211; vesz\u00e9lyes<\/b>. A&nbsp;legkisebb figyelem elkalandoz\u00e1s is s\u00e9r\u00fcl\u00e9ssel j\u00e1rhat.<br \/>A m\u00falt, a jelen \u00e9s a j\u00f6v\u0151 probl\u00e9m\u00e1it is magunk m\u00f6g\u00f6tt kell hagynunk, \u00f6sszpontos\u00edtanunk, koncentr\u00e1lnunk kell, \u00e9s min\u00e9l kisebb <b>tudatos-id\u0151pillanatok<\/b>ra kell bontanunk a formagyakorlatokat (ez\u00e9rt tartom medit\u00e1ci\u00f3nak ezt az Utaz\u00e1st).<\/i><\/div>\n<div style=\"text-align: right;\"><i>Valami t\u00f6rt\u00e9nt, az \u00faj mozdulat gyakorl\u00e1sa okozhatta a bajt, tal\u00e1n a f\u00e1radts\u00e1g is k\u00f6zrej\u00e1tszott &#8211; a s\u00e9r\u00fclt biztosan ezerszer \u00e1tgondolja ezt ezekben az \u00f3r\u00e1kban, a k\u00f3rh\u00e1zban.<\/i><\/div>\n<p><\/i><\/div>\n<div>\n<div style=\"text-align: right;\"><i><br \/><\/i><\/div>\n<p><i><\/p>\n<div style=\"text-align: right;\"><i>A val\u00f3s kock\u00e1zat elt\u0171n\u00e9s\u00e9vel a gyakorlatok lettek vesz\u00e9lyesek. Gyakorlunk, ezerszer, t\u00edzezerszer, hogy hat\u00e9kony, Budo felfog\u00e1s szerinti, eszt\u00e9tikus mozdulatok sz\u00fclessenek &#8211; de \u00fcgyel\u00fcnk kell a biztons\u00e1gra, tiszt\u00e1ban kell lenn\u00fcnk azzal, hogy egy <b>fegyver van a kez\u00fcnkben<\/b>&#8230;<\/i><\/div>\n<div style=\"text-align: right;\"><i>De ez nem vesz\u00e9lyesebb, mint maga az \u00e9let.<br \/>Az Iaido tan\u00edt meg arra, hogy minden m\u00e1s ter\u00fcleten is tudatosan, pontosan, figyelemmel \u00e9lj\u00fck a mindennapjainkat.<\/i><\/div>\n<div style=\"text-align: right;\"><\/div>\n<div style=\"text-align: right;\"><i>Kusama Sensei kis sz\u00fcnet ut\u00e1n &#8211; kard n\u00e9lk\u00fcl &#8211; a terem k\u00f6zep\u00e9re h\u00edvott minket, k\u00f6rt alkottunk, majd k\u00f6z\u00f6sen v\u00e9gezt\u00fcnk egy kis l\u00e9gz\u0151gyakorlatot, majd sok\u00e1ig csak k\u00e9zzel imit\u00e1lva gyakoroltuk ugyanazt a mozdulatot, ami olyan vesz\u00e9lyesnek bizonyult.<\/i><\/div>\n<p><\/i><\/p>\n<div style=\"text-align: right;\"><\/div>\n<\/div>\n<div><\/div>\n<div>D\u00e9lut\u00e1n folytattuk a formagyakorlatok pontos\u00edt\u00e1s\u00e1t. Nem \u00faj inform\u00e1ci\u00f3k voltak ezek, de <b>neh\u00e9z fel\u00fcl\u00edrni a test-mem\u00f3ri\u00e1ba t\u00e1rolt adatokat<\/b>&#8230;<\/p>\n<p>Sajnos p\u00e9nteken \u00e9s szombaton nem lettem jelen (t\u00e9m\u00e1ba v\u00e1g\u00f3 \u00fcgyben voltam t\u00e1vol, sportoktat\u00f3i tanfolyam volt&#8230;), de vas\u00e1rnap pihenten indultam a terembe, az utols\u00f3 napra. A ford\u00edt\u00e1s&#8230;nos nem volt. A testbesz\u00e9d, \u00e9s <b>a jap\u00e1n szavak k\u00f6z\u00e9 \u00e9kelt magyar szavak elegend\u0151nek bizonyultak<\/b>! :&#8211;)<\/p>\n<p>Minden kata gyakorl\u00e1sa ut\u00e1n egy szerencs\u00e9s &#8222;\u00f6nk\u00e9ntes&#8221; ki\u00e1llhatott, hogy Sensei addig ne engedje vissza, am\u00edg legal\u00e1bb egyszer nem az elv\u00e1rt m\u00f3don csin\u00e1lja meg a form\u00e1t &#8211; izzadtunk! Szerencs\u00e9re \u00e9n is kiv\u00e1lasztott voltam, a Ganmen Ate \u00e9gett a mem\u00f3ri\u00e1mba annak k\u00f6sz\u00f6nhet\u0151en, hogy Kusama Sensei a kezemet-kardomat-say\u00e1mat-ruh\u00e1mat fogva igaz\u00edtott a helyes \u00fatra (b\u00fcszke voltam, hogy viszonylag r\u00f6vid ideig voltam kint, \u00e9s &#8222;J\u00d3 J\u00d3&#8221; szavak hangzottak el t\u00f6bbsz\u00f6r is magyarul &#8211; de tiszt\u00e1ban vagyok vele, hogy mennyi jav\u00edtanival\u00f3 van el\u0151ttem, \u00edgy ezt elteszem j\u00f3 helyre, \u00e9s folytatom a gyakorl\u00e1st).<\/div>\n<div>D\u00e9lut\u00e1n fokozatonk\u00e9nt <b>enbu<\/b>-t mutattunk be, Kusama sensei pedig \u00edrt &#8211; majd a v\u00e9g\u00e9n \u00f6sszegezte a l\u00e1tottakat, \u00e9s b\u00facs\u00faz\u00f3ul felh\u00edvta p\u00e1r hib\u00e1nkra a figyelmet.<br \/>A szerdai kezd\u00e9s ut\u00e1n tal\u00e1n mi sem gondoltuk volna, de a v\u00e9g\u00e9re <b>dics\u00e9retet kap<\/b><b>unk<\/b> &#8211; van m\u00e9g rem\u00e9ny!<\/div>\n<div><b>K\u00f6sz\u00f6nj\u00fck a tan\u00edt\u00e1st! <\/b>J\u00f3 \u00e9rz\u00e9s, hogy \u00e9vek \u00f3ta bar\u00e1tok vagyunk! :&#8211;)<\/p>\n<\/div>\n<\/div>\n<p><img loading=\"lazy\" decoding=\"async\" class=\"aligncenter wp-image-19438 size-large\" src=\"\/fenykepalbum\/keptar_1501_big_2016.09.28-10.02_oszi_szeminarium_kusama_sensei_csoportkep.jpg\" alt=\"\" width=\"840\" height=\"473\" \/><\/p>\n","protected":false},"excerpt":{"rendered":"<p>Eltelt egy \u00e9v.Furcsa h\u00edrek \u00e9rkeztek az \u0151szi t\u00e1borr\u00f3l, miszerint az id\u00e9n nem Kusama Junichi Sensei j\u00f6n hozz\u00e1nk &#8211; majd kider\u00fclt, hogy (val\u00f3sz\u00edn\u0171leg mindenf\u00e9le vezet\u0151k k\u00f6z\u00f6tti-titkos-jap\u00e1n -sz\u00e1munkra felfoghatatlan folyamat ut\u00e1n) m\u00e9gis! A pr\u00e1gai taikia-ra sajnos nem tudtam elmenni, \u00edgy v\u00e1rtam a k\u00f6vetkez\u0151 alkalmat a k\u00f6z\u00f6s tanul\u00e1sra.\u00c9s el\u00e9rkezett! Szerda este Sensei azonnal meg\u00e1llap\u00edtotta, hogy az eltelt id\u0151 &hellip; <a href=\"https:\/\/shinbukan.hu\/?p=19763\" class=\"more-link\"><span class=\"screen-reader-text\">&#8222;\u0150szi Iaido Szemin\u00e1rium (Budapest)&#8221;<\/span> b\u0151vebben<\/a><\/p>\n","protected":false},"author":2,"featured_media":0,"comment_status":"open","ping_status":"open","sticky":false,"template":"","format":"standard","meta":{"footnotes":""},"categories":[],"tags":[],"class_list":["post-19763","post","type-post","status-publish","format-standard","hentry"],"_links":{"self":[{"href":"https:\/\/shinbukan.hu\/index.php?rest_route=\/wp\/v2\/posts\/19763","targetHints":{"allow":["GET"]}}],"collection":[{"href":"https:\/\/shinbukan.hu\/index.php?rest_route=\/wp\/v2\/posts"}],"about":[{"href":"https:\/\/shinbukan.hu\/index.php?rest_route=\/wp\/v2\/types\/post"}],"author":[{"embeddable":true,"href":"https:\/\/shinbukan.hu\/index.php?rest_route=\/wp\/v2\/users\/2"}],"replies":[{"embeddable":true,"href":"https:\/\/shinbukan.hu\/index.php?rest_route=%2Fwp%2Fv2%2Fcomments&post=19763"}],"version-history":[{"count":0,"href":"https:\/\/shinbukan.hu\/index.php?rest_route=\/wp\/v2\/posts\/19763\/revisions"}],"wp:attachment":[{"href":"https:\/\/shinbukan.hu\/index.php?rest_route=%2Fwp%2Fv2%2Fmedia&parent=19763"}],"wp:term":[{"taxonomy":"category","embeddable":true,"href":"https:\/\/shinbukan.hu\/index.php?rest_route=%2Fwp%2Fv2%2Fcategories&post=19763"},{"taxonomy":"post_tag","embeddable":true,"href":"https:\/\/shinbukan.hu\/index.php?rest_route=%2Fwp%2Fv2%2Ftags&post=19763"}],"curies":[{"name":"wp","href":"https:\/\/api.w.org\/{rel}","templated":true}]}}