{"id":19768,"date":"2016-11-17T12:22:00","date_gmt":"2016-11-17T12:22:00","guid":{"rendered":""},"modified":"-0001-11-30T00:00:00","modified_gmt":"-0001-11-29T22:00:00","slug":"","status":"publish","type":"post","link":"https:\/\/shinbukan.hu\/?p=19768","title":{"rendered":"23. Eur\u00f3pai Iaido Bajnoks\u00e1g (Budapest)"},"content":{"rendered":"<div>Az id\u00e9n nem kellett messze utaznunk, hogy r\u00e9szesei legy\u00fcnk az<a href=\"http:\/\/eic2016.hu\/\" target=\"_blank\"> <b>Iaido Eur\u00f3pa Bajnoks\u00e1g<\/b><\/a> \u00e9lm\u00e9ny\u00e9nek: <b>Budapest <\/b>volt a helysz\u00edn!<\/div>\n<div><\/div>\n<div>Az esem\u00e9nyt nagyon sok szervez\u00e9s el\u0151zte meg, hogy mire meg\u00e9rkeznek a r\u00e9sztvev\u0151k \u00e9s a vend\u00e9gek minden t\u00f6k\u00e9letesen legyen &#8211; \u00e9s a seg\u00edt\u0151knek k\u00f6sz\u00f6nhet\u0151en olajozottan is m\u0171k\u00f6d\u00f6tt a g\u00e9pezet.<\/p>\n<p><b>Cs\u00fct\u00f6rt\u00f6k <\/b>reggel &#8211; szokatlan m\u00f3don &#8211; gyakorl\u00e1ssal kezdt\u00fck a napot. <b>Forg\u00f3 rendszer<\/b>ben cser\u00e9l\u0151dt\u00fcnk, mert nagyon sokan voltunk (pedig eleve k\u00e9t helysz\u00ednen folyt a gyakorl\u00e1s a magas l\u00e9tsz\u00e1m miatt), majd <b>d\u00e9lut\u00e1n <\/b>kaptunk tan\u00edt\u00e1st is, mivel&nbsp;<b>meg\u00e9rkezett a<\/b> <b>jap\u00e1n deleg\u00e1ci\u00f3<\/b> (Takashige Yamazaki Iaido Hanshi 8. Dan, Teruo Mitani Iaido Hanshi 8. Dan, Hachiro Nakano Iaido Hanshi 8. Dan)!<\/div>\n<div>A mi csapatunkat <b>Mitani <\/b>Sensei form\u00e1lta, neki &#8211; \u00e9s a kiv\u00e1l\u00f3an \u00e9rthet\u0151 angol tolm\u00e1csol\u00e1snak &#8211; k\u00f6sz\u00f6nhet\u0151en ism\u00e9t hasznos inform\u00e1ci\u00f3kkal gazdagodtunk! T\u00f6bb jav\u00edtand\u00f3 <b>sarokpont<\/b>ra is felh\u00edvta ezen a d\u00e9lut\u00e1n a figyelm\u00fcnket, nekem ezek k\u00f6z\u00fcl a <b>Tsuka ate<\/b> (azonnal sz\u00farni kell fordul\u00e1s ut\u00e1n) \u00e9s a <b>Kesa giri<\/b> (fumikomi-ra v\u00e1g) maradt eml\u00e9kezetes.<br \/>A <b>m\u00e1snap <\/b>d\u00e9lel\u0151tti gyakorl\u00e1sokat fokozatonk\u00e9nti <b>enbu <\/b>z\u00e1rta &#8211; a 3 danosok megt\u00f6lt\u00f6tt\u00e9k a termet! :&#8211;)<\/p>\n<p><b>P\u00e9nteken<\/b> &#8211; a versenyeket el\u0151k\u00e9sz\u00edtend\u0151 &#8211;<b> versenyb\u00edr\u00f3i szemin\u00e1rium<\/b> zajlott (\u00e9n ek\u00f6zben a n\u00e9z\u0151t\u00e9ren tanultam).<\/div>\n<div>\u00c9s <b>taikai<\/b>! H\u00e9tv\u00e9g\u00e9n k\u00e9s\u0151n \u00e9rkeztem, de \u00edgy is l\u00e1ttam kiv\u00e1l\u00f3 <a href=\"http:\/\/eic2016.hu\/drawings\/\" target=\"_blank\">m\u00e9rk\u0151z\u00e9seket<\/a> &#8211; k\u00e9s\u0151 d\u00e9lut\u00e1nig folyt a k\u00fczdelem. Izgalmas volt a magasabb fokozat\u00faak&nbsp;<b>koryu<\/b>&nbsp;kat\u00e1it l\u00e1tni, tal\u00e1lgattuk, melyik iskola is lehet?<\/p>\n<\/div>\n<div style=\"text-align: center;\"><img decoding=\"async\" src=\"letoltes\/1509\/2016.11.16-20_eb__6141.jpg\" width=\"600\"><\/div>\n<div>Sajnos sokan kiestek a magyar egy\u00e9ni versenyz\u0151k k\u00f6z\u00fcl, de&nbsp;<b>Csabai Ferenc shodan <\/b>kateg\u00f3ri\u00e1ban <b>m\u00e1sodik <\/b>helyez\u00e9st \u00e9rt el, <b>Budav\u00e1ri Anita<\/b> pedig <b>sandan <\/b>kateg\u00f3ri\u00e1ban<b> Fighting Spirit <\/b>d\u00edjjal lett gazdagabb!<\/div>\n<div><\/div>\n<div><\/div>\n<div><b>Vas\u00e1rnap <\/b>d\u00e9lel\u0151tt a <b>csapatversenyek <\/b>zajlottak &#8211; mivel ek\u00f6zben lettem Iaido sportoktat\u00f3, \u00e9s emiatt ism\u00e9t k\u00e9sve \u00e9rkeztem &#8211; csak az utols\u00f3 m\u00e9rk\u0151z\u00e9st l\u00e1ttam&#8230;az sz\u00e9p volt!<\/div>\n<p>Gratul\u00e1lunk a <b>magyar <\/b>v\u00e1logatott <b>csapatnak &#8211; <\/b>\u00edgy <b>Vass Gergely <\/b>klubt\u00e1rsunknak<b> &#8211;&nbsp;<\/b>a <b>harmadik<\/b> helyez\u00e9s\u00e9rt!<\/p>\n<p>A z\u00e1r\u00f3 szavak kiv\u00e1l\u00f3an \u00f6sszefoglalt\u00e1k az esem\u00e9ny l\u00e9nyeg\u00e9t: ellen\u00e9re a vil\u00e1gban \u00e9s Eur\u00f3p\u00e1ban zajl\u00f3 esem\u00e9nyeknek itt egy helyen volt 24 orsz\u00e1g r\u00e9sztvev\u0151je, \u00e9s <b>b\u00e9k\u00e9sen, j\u00f3 hangulatban csin\u00e1ltuk azt, amit szeret\u00fcnk, ami \u00f6sszetart minket &#8211; kell enn\u00e9l t\u00f6bb<\/b>?<\/p>\n<div><\/p>\n<div style=\"text-align: center;\"><img decoding=\"async\" src=\"letoltes\/1509\/2016.11.16-20_eb__6146.jpg\" width=\"600\"><\/div>\n<div>A h\u00e9tv\u00e9ge z\u00e1r\u00f3 akkordjak\u00e9nt vizsg\u00e1k is voltak; \u00e9n a nagyon j\u00f3 hangulat\u00fa 5 perc ellen\u00e9re maradtam sandan, de t\u00f6bbeknek siker\u00fclt: gratul\u00e1lunk <b>M\u00e9hesfalvi Edn\u00e1<\/b>nak \u00e9s<b> Halmos Szabolcs<\/b>nak a sikeres <b>1 dan <\/b>fokozat el\u00e9r\u00e9shez!<\/p>\n<div style=\"text-align: center;\"><img decoding=\"async\" src=\"letoltes\/1509\/2016.11.16-20_eb__6130.jpg\" width=\"600\"><\/div>\n<p><b>J\u00f6het a koryu!!!<\/b><\/div>\n<\/div>\n<p><img loading=\"lazy\" decoding=\"async\" class=\"aligncenter wp-image-19438 size-large\" src=\"\/fenykepalbum\/keptar_1509_big_2016.11.15_shinbukan_dan.jpg\" alt=\"\" width=\"840\" height=\"473\" \/><\/p>\n<p><img loading=\"lazy\" decoding=\"async\" class=\"aligncenter wp-image-19438 size-large\" src=\"\/fenykepalbum\/keptar_1509_big_2016.11.16-20_eb_2.jpg\" alt=\"\" width=\"840\" height=\"473\" \/><\/p>\n<p><img loading=\"lazy\" decoding=\"async\" class=\"aligncenter wp-image-19438 size-large\" src=\"\/fenykepalbum\/keptar_1509_big_2016.11.16-20_eb_3.jpg\" alt=\"\" width=\"840\" height=\"473\" \/><\/p>\n","protected":false},"excerpt":{"rendered":"<p>Az id\u00e9n nem kellett messze utaznunk, hogy r\u00e9szesei legy\u00fcnk az Iaido Eur\u00f3pa Bajnoks\u00e1g \u00e9lm\u00e9ny\u00e9nek: Budapest volt a helysz\u00edn! Az esem\u00e9nyt nagyon sok szervez\u00e9s el\u0151zte meg, hogy mire meg\u00e9rkeznek a r\u00e9sztvev\u0151k \u00e9s a vend\u00e9gek minden t\u00f6k\u00e9letesen legyen &#8211; \u00e9s a seg\u00edt\u0151knek k\u00f6sz\u00f6nhet\u0151en olajozottan is m\u0171k\u00f6d\u00f6tt a g\u00e9pezet. Cs\u00fct\u00f6rt\u00f6k reggel &#8211; szokatlan m\u00f3don &#8211; gyakorl\u00e1ssal kezdt\u00fck a &hellip; <a href=\"https:\/\/shinbukan.hu\/?p=19768\" class=\"more-link\"><span class=\"screen-reader-text\">&#8222;23. Eur\u00f3pai Iaido Bajnoks\u00e1g (Budapest)&#8221;<\/span> b\u0151vebben<\/a><\/p>\n","protected":false},"author":2,"featured_media":0,"comment_status":"open","ping_status":"open","sticky":false,"template":"","format":"standard","meta":{"footnotes":""},"categories":[],"tags":[],"class_list":["post-19768","post","type-post","status-publish","format-standard","hentry"],"_links":{"self":[{"href":"https:\/\/shinbukan.hu\/index.php?rest_route=\/wp\/v2\/posts\/19768","targetHints":{"allow":["GET"]}}],"collection":[{"href":"https:\/\/shinbukan.hu\/index.php?rest_route=\/wp\/v2\/posts"}],"about":[{"href":"https:\/\/shinbukan.hu\/index.php?rest_route=\/wp\/v2\/types\/post"}],"author":[{"embeddable":true,"href":"https:\/\/shinbukan.hu\/index.php?rest_route=\/wp\/v2\/users\/2"}],"replies":[{"embeddable":true,"href":"https:\/\/shinbukan.hu\/index.php?rest_route=%2Fwp%2Fv2%2Fcomments&post=19768"}],"version-history":[{"count":0,"href":"https:\/\/shinbukan.hu\/index.php?rest_route=\/wp\/v2\/posts\/19768\/revisions"}],"wp:attachment":[{"href":"https:\/\/shinbukan.hu\/index.php?rest_route=%2Fwp%2Fv2%2Fmedia&parent=19768"}],"wp:term":[{"taxonomy":"category","embeddable":true,"href":"https:\/\/shinbukan.hu\/index.php?rest_route=%2Fwp%2Fv2%2Fcategories&post=19768"},{"taxonomy":"post_tag","embeddable":true,"href":"https:\/\/shinbukan.hu\/index.php?rest_route=%2Fwp%2Fv2%2Ftags&post=19768"}],"curies":[{"name":"wp","href":"https:\/\/api.w.org\/{rel}","templated":true}]}}