{"id":19776,"date":"2017-02-25T12:22:00","date_gmt":"2017-02-25T12:22:00","guid":{"rendered":""},"modified":"-0001-11-30T00:00:00","modified_gmt":"-0001-11-29T22:00:00","slug":"","status":"publish","type":"post","link":"https:\/\/shinbukan.hu\/?p=19776","title":{"rendered":"5. Tomodachi no Iaido Keiko (Kassa)"},"content":{"rendered":"<p><b>\u30d0\u30c3\u30c8\u30de\u30f3 kalandjai Kass\u00e1n<\/b><\/p>\n<p><img decoding=\"async\" src=\"letoltes\/1522\/batoman.jpg\"><\/p>\n<p>Alig <a href=\"http:\/\/shinbukan.hu\/blog.php?sorszam=1521\">\u00f6t nappal azut\u00e1n, hogy a jo-s csapat haza\u00e9rt <\/a>Kass\u00e1r\u00f3l \u00fajabb kalandoknak n\u00e9zt\u00fcnk el\u00e9be <s>egy teljesen \u00faj helysz\u00ednen<\/s>: <b><a target=\"_blank\" href=\"http:\/\/www.visitkosice.eu\/hu\/kassarol\/a-legszebb-latnivalok\">Kass\u00e1n<\/a><\/b>!<\/p>\n<p>Az akkor kipr\u00f3b\u00e1lt <a target=\"_blank\" href=\"https:\/\/www.google.hu\/search?q=Hyundai+Coup%C3%A9+tuning&amp;newwindow=1&amp;safe=off&amp;espv=2&amp;biw=1486&amp;bih=777&amp;site=web&amp;source=lnms&amp;tbm=isch&amp;sa=X&amp;ved=0ahUKEwjW_IP8pLDSAhXoNJoKHQkcAfQQ_AUICCgB\">Hyundai Coup\u00e9t<\/a> &#8211; \u00e9s az elm\u00falt \u00e9vben t\u00f6bb alkalommal haszn\u00e1lt Lancia Phedra csal\u00e1di csapatsz\u00e1ll\u00edt\u00f3t &#8211; a <s>fekete <a target=\"_blank\" href=\"https:\/\/www.youtube.com\/watch?v=blIfVu4wf-4\">Batmobil<\/a><\/s> <a target=\"_blank\" href=\"https:\/\/www.google.hu\/search?q=mazda+3+tuning&amp;newwindow=1&amp;safe=off&amp;biw=1486&amp;bih=777&amp;source=lnms&amp;tbm=isch&amp;sa=X&amp;sqi=2&amp;ved=0ahUKEwiDkdutpbDSAhVmIcAKHWP8BgUQ_AUIBigB\">Mazda 3<\/a> v\u00e1ltotta fel. <\/p>\n<p>Csomagoltunk, p\u00e1r \u00f3ra alatt megt\u00f6rt\u00e9nt az utasok \u00e9s a kardok begy\u0171jt\u00e9se, k\u00e9sz\u00edtett\u00fcnk egy (<a target=\"_blank\" href=\"https:\/\/www.youtube.com\/watch?v=neY2xVmOfUM\">Batman<\/a>-nel, eserny\u0151vel, telefonnal &#8211; l\u00e1s lent) k\u00f6z\u00f6s k\u00e9pet &#8211; majd \u00fatnak indultunk. Robi term\u00e9szetesen m\u00e1r ekkor \u00e9rdekl\u0151d\u00f6tt, hogy hol vagyunk, de megnyugtattuk, hogy m\u00e1r csak \u00f3r\u00e1k k\u00e9rd\u00e9se az \u00e9rkez\u00e9s\u00fcnk&#8230;<\/p>\n<\/p>\n<div style=\"text-align: right;\"><i>Utaz\u00e1s el\u0151tt p\u00e1r nappal ker\u00fclt hozz\u00e1m ez a figura,<br \/>m\u00e1r ekkor tudtam, hogy &nbsp;\u0151 lesz a h\u00e9tv\u00e9ge mozgat\u00f3rug\u00f3ja.<\/i><\/div>\n<div style=\"text-align: right;\"><i>Egy gyermekkorban olvasott k\u00f6nyv majd a filmek tettek rajong\u00f3j\u00e1v\u00e1 a<br \/>f\u00e9lelmeivel k\u00fczd\u0151,&nbsp;<\/i><i>\u00e1rva gyermekb\u0151l \u00e9letre kelt mag\u00e1nyos igazs\u00e1goszt\u00f3nak.<\/i><\/div>\n<div style=\"text-align: right;\"><i>Mi\u00e9rt? Mert \u0151 csak egy ember, birtok\u00e1ban minden emberi esend\u0151s\u00e9gnek,<br \/>hi\u00e1ny\u00e1ban mindenf\u00e9le szuperh\u0151s k\u00e9pess\u00e9gnek.<\/i><\/div>\n<div style=\"text-align: right;\"><i>Emiatt a legfontosabb k\u00e9rd\u00e9s sz\u00e1momra mindig az volt,<br \/>hogy kell-e b\u00e1rmif\u00e9le k\u00fcls\u0151 seg\u00edts\u00e9g ahhoz, hogy megments\u00fck az embereket?<br \/>Mi\u00e9rt nem mentj\u00fck meg magunkat, egym\u00e1st &#8211; pl. egy<br \/>\u00f6nfejleszt\u0151-medit\u00e1ci\u00f3s-Iaido gyakorlattal?<\/i><\/div>\n<\/p>\n<p>A gurul\u00e1s esem\u00e9ny- \u00e9s hat\u00f3s\u00e1gmentes volt, csak egy Miskolci bev\u00e1s\u00e1rl\u00e1ssal szak\u00edtottuk meg a zsebl\u00e1mp\u00e1val sz\u00ednes\u00edtett utaz\u00e1st.<br \/><b>Robi <\/b>m\u00e1r <b>v\u00e1rt minket<\/b>! Mivel jelenleg p\u00e1r hetes kisl\u00e1nya t\u00f6lti kis szabadidej\u00e9nek nagy r\u00e9sz\u00e9t &#8211; de szok\u00e1s\u00e1hoz h\u00edven gondoskodni szeretett volna r\u00f3lunk &#8211; az anyuk\u00e1j\u00e1n\u00e1l sz\u00e1ll\u00e1solt el minket&#8230; Az elm\u00falt h\u00e9ten tapasztaltakb\u00f3l kiindulva engem is pr\u00f3b\u00e1ltak felk\u00e9sz\u00edteni a b\u0151s\u00e9gt\u00e1lakra, arra, hogy fel\u00fcl lehet m\u00falni minden eddigi &#8211; Robi \u00e9s csapata \u00e1ltal fel\u00e1ll\u00edtott &#8211; <b>vend\u00e9gl\u00e1t\u00e1s vil\u00e1gcs\u00facs<\/b>ot&#8230; nos, igen. Megvacsor\u00e1ztunk &#8222;<a target=\"_blank\" href=\"https:\/\/hu.wikipedia.org\/wiki\/Batman\">Bruce Wayne<\/a> partit ad&#8221; st\u00edlusban!<\/p>\n<p>A dombtet\u0151r\u0151l (\u00e9s a szob\u00e1nkb\u00f3l) sz\u00e9p kil\u00e1t\u00e1s ny\u00edlt a &#8211; finoman sz\u00f3lva is szokatlan v\u00e1ros\u00e9p\u00edt\u00e9s\u0171 &#8211; Kassa egy r\u00e9sz\u00e9re &#8211; mi pedig viszonylag kor\u00e1n \u00e1gynak est\u00fcnk (el\u0151tte pr\u00f3b\u00e1ltuk kital\u00e1lni, ki fog hangosabban horkolni&#8230;).<\/p>\n<p style=\"text-align: center;\"><img decoding=\"async\" src=\"letoltes\/1522\/iaido_kassa_20170225_kilatas.jpg\"><\/p>\n<p><s>Aznap \u00e9jjel a v\u00e1ros rend\u0151rkapit\u00e1nys\u00e1g\u00e1ra szokatlanul kev\u00e9s riaszt\u00e1s futott be. A Denev\u00e9rember meg\u00e9rkezett, \u00e9s ism\u00e9t \u00f6r\u00f6m\u00e9t lelte abban, hogy b\u0171n\u00f6z\u0151ket \u00e1rtalmatlan\u00edt az \u00e9j leple alatt&#8230; Hajnalban f\u00e1radtan fek\u00fcdt le aludni. Mert a denev\u00e9r \u00e9jszakai \u00e9l\u0151l\u00e9ny&#8230;. <\/s><br \/>A b\u0151s\u00e9ges reggeli ut\u00e1n kaptunk t\u00edz\u00f3rai (de&#8230; de 10 \u00f3rakor kezd\u0151dik az edz\u00e9s) csomagot \u00e9s egy doboz s\u00fctem\u00e9nyt &#8211; amellyel kapcsolatban egyetlen szab\u00e1lyt kellett betartanunk: vissza kellett hoznunk az \u00dcRES dobozt!<\/p>\n<p>A m\u00e1r <b>\u00f6sszeszokott <\/b>kassai \u00e9s pozsonyi <b>csapat <\/b>a teremben v\u00e1rt minket. Ugyanolyan <b>\u00e9rtetlen\u00fcl \u00e1llta<\/b>k vel\u00fcnk szemben, mint ahogyan mi is &#8211; mert Sensei este megv\u00e1ltoztatta a szab\u00e1lyokat! A k\u00e9r\u00e9s az volt, hogy <b>ne<\/b> \u00f6lt\u00f6zz\u00fcnk \u00e1t, ne legyen &#8222;teremrendez\u00e9s&#8221;, felmos\u00e1s, \u00e9s a cip\u0151t se vegy\u00fck le &#8211; ez annyira megd\u00f6bbent\u0151 volt, hogy nem is siker\u00fclt marad\u00e9ktalanul betartanunk: cip\u0151 n\u00e9lk\u00fcl l\u00e9pt\u00fcnk a terembe.<\/p>\n<p>Ekkor j\u00f6ttek a <b>k\u00e9rd\u00e9sek<\/b>, \u00e9s a kezd\u00e9s interakt\u00edv j\u00e1t\u00e9kk\u00e1 alakult. &#8222;<b>Mit\u0151l is dojo a dojo<\/b>?&#8221; &#8222;Mit\u0151l lesz a gyakorl\u00e1sunk Gyakorl\u00e1s?&#8221; Szavakba \u00f6nt\u00f6tt\u00fck a gondolatainkat, mindazt, amit az elm\u00falt \u00e9vek alatt m\u00e1r nagyon sokszor gyakoroltunk, mindazt, ami m\u00e1r a r\u00e9sz\u00fcnkk\u00e9 v\u00e1lt &#8211; \u00e9s azokban a percekben nagyon hi\u00e1nyzott. <br \/>Az elm\u00e9letet gyakorlat k\u00f6vette: <s>Bruce Wayne felvette a fekete ruh\u00e1t, \u00e9s \u00e1tl\u00e9nyeg\u00fclt: Denev\u00e9remberr\u00e9 v\u00e1ltozott.<\/s> \u00c1t\u00f6lt\u00f6zt\u00fcnk (k\u00f6zben folytat\u00f3dott a j\u00e1t\u00e9k, bent a teremben, fi\u00fak \u00e9s l\u00e1nyok egym\u00e1snak h\u00e1ttal). Tiszt\u00e1v\u00e1 var\u00e1zsoltuk a termet &#8211; k\u00f6zben pontos\u00edtottuk a felmos\u00e1s pontjait. Felker\u00fclt a Shinze \u00e9s a z\u00e1szl\u00f3k. El\u0151vett\u00fck &#8211; hogyan? &#8211; a kardokat.<\/p>\n<\/p>\n<div style=\"text-align: right;\"><i>\u00c1tl\u00e9nyeg\u00fcl\u00e9s: m\u00e1s ruha ker\u00fcl a testre, maszk ker\u00fcl az arcra, a Denev\u00e9rember \u00e9letre kel.<\/i><\/div>\n<div style=\"text-align: right;\"><i>De melyik az igazi? Melyik arcon van \u00e1larc?<br \/>Sokszor \u00e9rzem \u00fagy, ez az igazi \u00e9nem, \u00edgy, karddal a k\u00e9zben&#8230;<\/i><\/div>\n<\/p>\n<p>Sorakoz\u00f3 ut\u00e1n <b>kihon <\/b>gyakorlatok k\u00f6vetkeztek, majd <b>bokut\u00f3<\/b>k ker\u00fcltek a kezekbe, \u00e9s p\u00e1ros gyakorlatokkal hangol\u00f3dtunk az esem\u00e9nyre. Ez nekem mindig \u00f3ri\u00e1si \u00e9lm\u00e9ny, hiszen az Iaido gyakorl\u00e1s alapvet\u0151en mag\u00e1nyos dolog <s>a denev\u00e9rbarlangban<\/s>, <b>egy t\u00e1rs mindig \u00faj dimenzi\u00f3kat ad a tanul\u00e1shoz<\/b> &#8211; ezt pedig egy szemin\u00e1rium alatt csak fokozni lehet, hiszen azokkal is \u00f6sszeker\u00fcl\u00fcnk, akikkel ritk\u00e1n tal\u00e1lkozunk.<br \/>A 12 formagyakorlatot <s>kast\u00e9lyban elfogyasztott pezsg\u0151 \u00e9s hom\u00e1r<\/s> <b>eb\u00e9d <\/b>k\u00f6vette, k\u00f6rbe \u00fclt\u00fcnk \u00e9s egym\u00e1snak adtuk \u00e1t a s\u00fctem\u00e9nyes dobozt &#8211; term\u00e9szetesen ek\u00f6zben is <a href=\"https:\/\/goo.gl\/photos\/NBLYUjWiRuPJyJBb9\" target=\"_blank\">rengeteg k\u00e9p k\u00e9sz\u00fclt<\/a> a v\u00e1ros megment\u0151j\u00e9r\u0151l.<\/p>\n<p style=\"text-align: center;\"><img decoding=\"async\" src=\"letoltes\/1522\/iaido_kassa_20170225_suti.jpg\"><\/p>\n<p>D\u00e9lut\u00e1n f\u00e1radtan &#8211; meg\u00e1llap\u00edtva, hogy t\u00f6bb (f\u0151leg \u00edz\u00fclet k\u00f6r\u00fcli) izomer\u0151s\u00edt\u0151 gyakorlatot kellene v\u00e9gezn\u00fcnk &#8211; indultunk a legk\u00f6zelebbi zuhanyz\u00f3 fel\u00e9. El\u0151tte sz\u00e9tosztottuk a pozsonyi k\u00fcl\u00f6n\u00edtm\u00e9ny tagjait az aut\u00f3k k\u00f6z\u00f6tt, \u00e9s elvitt\u00fck \u0151ket a sz\u00e1ll\u00e1shely\u00fckre (mi Luci\u00e1t vitt\u00fck el, megfilmes\u00edtve ez lett volna a &#8222;4 f\u00e9rfi 1 n\u0151 esete Kass\u00e1n&#8221; c\u00edm\u0171 t\u00f6rt\u00e9net &#8211; itt m\u00e9g nem tudtuk, hogy MILYEN k\u00e9st hord mag\u00e1n\u00e1l).<\/p>\n<p>A <a href=\"http:\/\/www.karczmamlyn.sk\/-home\" target=\"_blank\"><b>sayonara parti<\/b> <\/a>j\u00f3 hangulatban kezd\u0151d\u00f6tt. Pr\u00f3b\u00e1ltuk Robit teljesen \u00f6sszezavarni azzal, hogy k\u00e9t <b>C\u00e9z\u00e1r sal\u00e1t\u00e1t is k\u00e9rt\u00fcnk<\/b> &#8211; v\u00e9g\u00fcl ez a sz\u00f3kapcsolat lett a h\u00e9tv\u00e9g\u00e9n legt\u00f6bbet kimondott \u00e9tel-n\u00e9v. :&#8211;)<br \/>N\u00e9mi N\u00e9m\u00f3 logisztik\u00e1nak k\u00f6sz\u00f6nhet\u0151en a csapat kiss\u00e9 keveredett az asztaln\u00e1l, \u00edgy ker\u00fclt a bicsk\u00e1m mell\u00e9 <s>Macskan\u0151<\/s> Lucia <b>B\u00f6ker <\/b>k\u00e9se, amit term\u00e9szetes m\u00f3don a t\u00e1sk\u00e1j\u00e1b\u00f3l vett el\u0151&#8230; \u00c9s ez m\u00e9g csak az &#8222;el\u0151j\u00e1t\u00e9k&#8221; volt! Kider\u00fclt, hogy a <s>Batman dob\u00f3k\u00e9s<\/s>&nbsp;<a target=\"_blank\" href=\"https:\/\/www.fallkniven.com\/en\/knife\/f1\/\">Falkniven F1<\/a> a kedvence, amit (\u00f3 sajnos \u00e1\u00e1\u00e1) kiv\u00e9telesen nem hoztam el az \u00fatra&#8230;<\/p>\n<\/p>\n<div style=\"text-align: center;\"><img decoding=\"async\" src=\"letoltes\/1522\/iaido_kassa_20170225_luc.jpg\"><\/div>\n<p>Eml\u00e9kezetes este volt &#8211; pedig m\u00e9g el\u0151tt\u00fcnk volt a vas\u00e1rnap!<br \/>(Vacsora k\u00f6zben term\u00e9szetesen Batman is sokat szerepelt &#8211; sajnos nincs itt el\u00e9g hely a kalandjair\u00f3l k\u00e9sz\u00fclt 160 db f\u00e9nyk\u00e9pnek.)<\/p>\n<p style=\"text-align: right;\"><i>\u00c9jszaka ism\u00e9t megjelent a felh\u0151k\u00f6n a denev\u00e9r jel, a v\u00e1ros lak\u00f3i pedig nyugodtan alhattak.<\/i><\/p>\n<p>A sv\u00e9dasztalos reggeli ut\u00e1n &#8211; kicsit k\u00e9sve, de ugye Sensei n\u00e9lk\u00fcl nem kezd\u0151dik el a gyakorl\u00e1s :&#8211;) &#8211; a teremhez aut\u00f3ztunk, k\u00edv\u00e1ncsian v\u00e1rtuk az \u00fajabb meglepet\u00e9seket!<br \/><b>A jap\u00e1n kard r\u00f6vid t\u00f6rt\u00e9nete<\/b> ut\u00e1n a Shoden sz\u00e9ri\u00e1val meleg\u00edtett\u00fcnk be, majd pr\u00f3b\u00e1ltunk demokratikus (&#8222;mind meg fogunk halni!&#8221;) m\u00f3don egyszer\u0171 d\u00f6nt\u00e9seket hozni a k\u00f6vetkez\u0151 feladatainkkal kapcsolatban. Siker\u00fclt! Cetlikr\u0151l kata nevek (<span style=\"text-align: justify;\">Gyakut\u014d<\/span><span style=\"text-align: justify;\">,&nbsp;<\/span><span style=\"text-align: justify;\">Ukigumo,&nbsp;<\/span><span style=\"text-align: justify;\">Iwanami,&nbsp;<\/span><span style=\"text-align: justify;\">Towaki<\/span>) ker\u00fcltek el\u0151, amelyeket <b>p\u00e1rban kellett gyakorolnunk<\/b> &#8211; mindannyiunk legnagyobb \u00f6r\u00f6m\u00e9re!<\/p>\n<p>A szitu\u00e1ci\u00f3s j\u00e1t\u00e9kokban <b>hely\u00e9re ker\u00fcltek a mozdulatok, tiszt\u00e1ban l\u00e1ttuk a t\u00e1vols\u00e1gokat<\/b> &#8211; \u00e9s term\u00e9szetesen rengeteg <b><a href=\"https:\/\/www.youtube.com\/watch?v=40J8bJNenxU\" target=\"_blank\">nevet\u00e9s <\/a><\/b>k\u00eds\u00e9rte a klasszikus jap\u00e1n n\u00f3 sz\u00ednh\u00e1z minden elem\u00e9t n\u00e9lk\u00fcl\u00f6z\u0151 sz\u00edn\u00e9szi alak\u00edt\u00e1sainkat &#8211; mik\u00f6zben <b>elj\u00e1tszottuk <\/b>a s\u00e9r\u00fcl\u00e9seket \u00e9s saj\u00e1t hal\u00e1lunkat (a &#8222;leg\u00e9leth\u0171tlenebb&#8221; alak\u00edt\u00e1s\u00e9rt j\u00e1r\u00f3 d\u00edjat Lucia vehette volna \u00e1t, amikor fot\u00f3modell st\u00edlusban, oldalt fekve \u00e9s k\u00f6ny\u00f6k\u00f6lve v\u00e1rta t\u0151lem az utols\u00f3 csap\u00e1st). Volt itt f\u00e9rfi-n\u0151 visz\u00e1ly, f\u00e9lt\u00e9kenys\u00e9gb\u0151l elk\u00f6vetett kett\u0151s-romantikus gyilkoss\u00e1g&#8230; \u00e9s amit a legjobban \u00e9lveztem: fel-fel bukkantak <b>r\u00f6gt\u00f6nz\u00f6tt<\/b>, a formagyakorlatban eredetileg nem szerepl\u0151 <b>mozdulatok<\/b>, amelyek kihaszn\u00e1lt\u00e1k az ellenf\u00e9l rossz id\u0151z\u00edt\u00e9s\u00e9t, hib\u00e1it&#8230;<\/p>\n<\/p>\n<div style=\"text-align: right;\"><i>&#8222;A hal\u00e1l nem hagy id\u0151t a felk\u00e9sz\u00fcl\u00e9sre!<\/i><\/div>\n<div style=\"text-align: right;\"><i>A hal\u00e1l nem k\u00f6ny\u00f6r\u00fcletes!<br \/>Ha itt hib\u00e1zik, a hal\u00e1llal n\u00e9z szembe!&#8221;<br \/><\/i><i>(Batman: Kezd\u0151dik)<\/i><\/div>\n<div>Az <b>alm\u00e1spite ut\u00e1n szabadon<\/b> gyakoroltunk.<\/div>\n<p>D\u00e9lut\u00e1n meg\u00e1llap\u00edtottam, hogy <b>egy Ryuto <\/b>m\u00e1r \u00f6nmag\u00e1ban <b>gy\u00f6ny\u00f6r\u0171 <\/b>l\u00e1tv\u00e1ny tud lenni, \u00e9s ezt csak fokozni lehet azzal, ha egy sz\u00e9p n\u0151 kez\u00e9ben van a Kard&#8230;<\/p>\n<p>Sosem volt m\u00e9g ilyen j\u00f3 egy szemin\u00e1rium. Enyhe bal comb izoml\u00e1z k\u00eds\u00e9ret\u00e9ben eml\u00e9kek, \u00e9rz\u00e9sek kavarogtak a fejben hazafel\u00e9 az \u00faton, \u00e9s az\u00f3ta is.<\/p>\n<p style=\"text-align: right;\"><i>&#8222;- L\u00e1ttam m\u00e1r cs\u00fany\u00e1bb porcot is t\u00e9rdekben.<br \/><\/i><i>&#8211; Sz\u00f3val rendben van?<br \/><\/i><i>&#8211; Nem. Mivel az \u00d6n t\u00e9rd\u00e9ben nincs m\u00e1r porc, \u00e9s a v\u00e1llainak,<br \/>k\u00f6ny\u00f6k\u00e9nek sem veszi m\u00e1r nagy haszn\u00e1t.<br \/>Ezeket figyelembe v\u00e9ve, valamint a ves\u00e9j\u00e9n l\u00e9v\u0151 hegsz\u00f6vet<br \/>&nbsp;az agysz\u00f6vetet \u00e9rt agyr\u00e1zk\u00f3d\u00e1sok miatti maradand\u00f3 k\u00e1rosod\u00e1s,<br \/>\u00e9s a test\u00e9n tal\u00e1lhat\u00f3 kiterjedt s\u00e9r\u00fcl\u00e9sekb\u0151l<br \/>ad\u00f3d\u00f3an nem javaslom, hogy helikopteres s\u00edel\u00e9sre menjen, Mr. Wayne.&#8221;<br \/><\/i><i>(A s\u00f6t\u00e9t lovag: Felemelked\u00e9s)<\/i><\/p>\n<p style=\"text-align: left;\"><b>K\u00f6sz\u00f6nj\u00fck<\/b> a tan\u00edt\u00e1st, a szervez\u00e9st, a vend\u00e9gl\u00e1t\u00e1st \u00e9s a k\u00f6z\u00f6s gyakorl\u00e1st<b>!<\/b><\/p>\n<p style=\"text-align: center;\"><img decoding=\"async\" src=\"letoltes\/1522\/iaido_kassa_20170224_232817_harman.jpg\"><\/p>\n<p><img loading=\"lazy\" decoding=\"async\" class=\"aligncenter wp-image-19438 size-large\" src=\"\/fenykepalbum\/keptar_1522_big_iaido_kassa_20170225_kiscsoport.jpg\" alt=\"\" width=\"840\" height=\"473\" \/><\/p>\n<p><img loading=\"lazy\" decoding=\"async\" class=\"aligncenter wp-image-19438 size-large\" src=\"\/fenykepalbum\/keptar_1522_big_iaido_kassa_20170225_kartya.jpg\" alt=\"\" width=\"840\" height=\"473\" \/><\/p>\n<p><img loading=\"lazy\" decoding=\"async\" class=\"aligncenter wp-image-19438 size-large\" src=\"\/fenykepalbum\/keptar_1522_big_iaido_kassa_20170226_suti.jpg\" alt=\"\" width=\"840\" height=\"473\" \/><\/p>\n<p><img loading=\"lazy\" decoding=\"async\" class=\"aligncenter wp-image-19438 size-large\" src=\"\/fenykepalbum\/keptar_1522_big_iaido_kassa_20170225_csoport_3.jpg\" alt=\"\" width=\"840\" height=\"473\" \/><\/p>\n","protected":false},"excerpt":{"rendered":"<p>\u30d0\u30c3\u30c8\u30de\u30f3 kalandjai Kass\u00e1n Alig \u00f6t nappal azut\u00e1n, hogy a jo-s csapat haza\u00e9rt Kass\u00e1r\u00f3l \u00fajabb kalandoknak n\u00e9zt\u00fcnk el\u00e9be egy teljesen \u00faj helysz\u00ednen: Kass\u00e1n! Az akkor kipr\u00f3b\u00e1lt Hyundai Coup\u00e9t &#8211; \u00e9s az elm\u00falt \u00e9vben t\u00f6bb alkalommal haszn\u00e1lt Lancia Phedra csal\u00e1di csapatsz\u00e1ll\u00edt\u00f3t &#8211; a fekete Batmobil Mazda 3 v\u00e1ltotta fel. Csomagoltunk, p\u00e1r \u00f3ra alatt megt\u00f6rt\u00e9nt az utasok \u00e9s &hellip; <a href=\"https:\/\/shinbukan.hu\/?p=19776\" class=\"more-link\"><span class=\"screen-reader-text\">&#8222;5. Tomodachi no Iaido Keiko (Kassa)&#8221;<\/span> b\u0151vebben<\/a><\/p>\n","protected":false},"author":2,"featured_media":0,"comment_status":"open","ping_status":"open","sticky":false,"template":"","format":"standard","meta":{"footnotes":""},"categories":[],"tags":[],"class_list":["post-19776","post","type-post","status-publish","format-standard","hentry"],"_links":{"self":[{"href":"https:\/\/shinbukan.hu\/index.php?rest_route=\/wp\/v2\/posts\/19776","targetHints":{"allow":["GET"]}}],"collection":[{"href":"https:\/\/shinbukan.hu\/index.php?rest_route=\/wp\/v2\/posts"}],"about":[{"href":"https:\/\/shinbukan.hu\/index.php?rest_route=\/wp\/v2\/types\/post"}],"author":[{"embeddable":true,"href":"https:\/\/shinbukan.hu\/index.php?rest_route=\/wp\/v2\/users\/2"}],"replies":[{"embeddable":true,"href":"https:\/\/shinbukan.hu\/index.php?rest_route=%2Fwp%2Fv2%2Fcomments&post=19776"}],"version-history":[{"count":0,"href":"https:\/\/shinbukan.hu\/index.php?rest_route=\/wp\/v2\/posts\/19776\/revisions"}],"wp:attachment":[{"href":"https:\/\/shinbukan.hu\/index.php?rest_route=%2Fwp%2Fv2%2Fmedia&parent=19776"}],"wp:term":[{"taxonomy":"category","embeddable":true,"href":"https:\/\/shinbukan.hu\/index.php?rest_route=%2Fwp%2Fv2%2Fcategories&post=19776"},{"taxonomy":"post_tag","embeddable":true,"href":"https:\/\/shinbukan.hu\/index.php?rest_route=%2Fwp%2Fv2%2Ftags&post=19776"}],"curies":[{"name":"wp","href":"https:\/\/api.w.org\/{rel}","templated":true}]}}