{"id":19783,"date":"2017-09-23T12:22:00","date_gmt":"2017-09-23T12:22:00","guid":{"rendered":""},"modified":"-0001-11-30T00:00:00","modified_gmt":"-0001-11-29T22:00:00","slug":"","status":"publish","type":"post","link":"https:\/\/shinbukan.hu\/?p=19783","title":{"rendered":"3. Shinbukan Iaido szemin\u00e1rium \u00e9s Taikai (Pr\u00e1ga)"},"content":{"rendered":"<div style=\"text-align: center;\"><b>El\u0151zm\u00e9nyek<\/b><\/div>\n<div><\/div>\n<div>A &#8222;k\u00f6z\u00f6ss\u00e9gi oldalhoz kapcsol\u00f3d\u00f3 \u00fczenetk\u00fcld\u0151 alkalmaz\u00e1st&#8221; haszn\u00e1ltuk az utaz\u00e1s megszervez\u00e9s\u00e9re &#8211; <b>1.499 <\/b>sor volt benne haza\u00e9r\u00e9skor!<\/div>\n<div><\/div>\n<div>2017. augusztus 30. 10:57<\/div>\n<div>Gerg\u0151 javasolta, hogy tervezz\u00fck meg az utaz\u00e1st.<\/div>\n<div>Budav\u00e1ri Anita jelezte, hogy vonattal \u00e9rkezik, \u00edgy egy Volv\u00f3val n\u00e9gyen k\u00e9sz\u00fclt\u00fcnk az \u00fatra: Vass Gergely, Szilva Imre, Mit\u00f3k Dezs\u0151, Jur\u00e1sz P\u00e9ter&nbsp;<\/div>\n<div><\/div>\n<div>2017. szeptember 2. 15:30<\/div>\n<div>A Pension Pa\u0165anka meger\u0151s\u00edtette a sz\u00e1ll\u00e1s foglal\u00e1st. (Ekkor m\u00e9g nem tudtuk, hogy egy Vietn\u00e1mi csal\u00e1d\u00e9 lett a t\u00f6rzshely\u00fcnk.)<\/div>\n<div><\/div>\n<div>2017. szeptember&nbsp;6. 14:35<\/div>\n<div>Farkas B\u00e1lint is csatlakozott hozz\u00e1nk. (K\u00e9sett &#8211; nem utolj\u00e1ra :&#8211;))<\/div>\n<div><\/div>\n<div>Az egy &#8222;h\u00e1romszob\u00e1s&#8221; \u00e9s egy k\u00e9t\u00e1gyas szobafoglal\u00e1st m\u00f3dos\u00edtottuk (m\u00e1r ekkor kellett volna \u00e9reznem, hogy zavar van az er\u0151ben&#8230; de err\u0151l majd k\u00e9s\u0151bb).<\/div>\n<div><\/div>\n<div>2017. szeptember&nbsp;15. 11:56<\/div>\n<div>H\u00e1bermajer G\u00e1bor Sensei is meg\u00e9rkezett a besz\u00e9lget\u0151 szob\u00e1ba: heten lett\u00fcnk! 1 h\u00e1rom\u00e1gyas \u00e9s 2 k\u00e9t\u00e1gyas szob\u00e1t k\u00e9rtem, \u00e9s k\u00e9t aut\u00f3 lett az egyb\u0151l.<\/div>\n<div><\/div>\n<div>A Mazda 3 st\u00edlusosan h\u00e1romkor indult &#8211;&nbsp;<span style=\"text-align: justify;\">a Volvo B\u00e1lint k\u00fcl\u00f6n k\u00e9r\u00e9s\u00e9re kicsit k\u00e9s\u0151bb (&#8222;bocsi, 45 percet k\u00e9sek! :(&#8221; ).<\/span><\/div>\n<div>Elk\u00e9sz\u00fcltek a szok\u00e1sos k\u00e9pek: a mi\u00e9nk naplemente k\u00f6zben az aut\u00f3p\u00e1ly\u00e1n, egy kamion parkol\u00f3 mellett, az aut\u00f3 tetej\u00e9r\u0151l (vesz\u00e9lyesen \u00e9l\u00fcnk).<\/div>\n<div><\/div>\n<div style=\"text-align: center;\"><img decoding=\"async\" width=\"600\" src=\"letoltes\/1530\/2017-09-23-24_praga_20170922_184820_31.jpg\"><\/p>\n<\/div>\n<div style=\"text-align: center;\"><img decoding=\"async\" width=\"600\" src=\"letoltes\/1530\/2017-09-23-24_praga_20170925_000125_4.jpg\"><\/div>\n<div><\/div>\n<div>Egy bev\u00e1s\u00e1rl\u00f3k\u00f6zpontban \u00e1lltunk meg pihenni tervek szerint &#8211; finom, n\u0151i vonalakra eml\u00e9keztet\u0151 <b>alpinista eszk\u00f6z\u00f6k<\/b> ker\u00fcltek az aut\u00f3ba &#8211; a m\u00e1sik sz\u00e1ll\u00edt\u00f3 j\u00e1rm\u0171 ezalatt eg\u00e9szen k\u00f6zel ker\u00fclt hozz\u00e1nk. A sok fel\u00faj\u00edt\u00e1s miatti terel\u00e9sb\u0151l arra a k\u00f6vetkeztet\u00e9sre jutottunk, hogy hamarosan megsz\u0171nik a zakatol\u00f3 beton p\u00e1lya! \u00c9ljen (legk\u00f6zelebb j\u00f6het\u00fcnk Miat\u00e1val!)!<\/div>\n<div>A vonattal &#8211; \u00e9s \u00edgy Anit\u00e1val &#8211; egyszerre \u00e9rkezt\u00fcnk a<b> pr\u00e1gai vas\u00fat\u00e1llom\u00e1s<\/b>ra &#8211; \u00e9s szinte a m\u00e1sik csapattal egyszerre a sz\u00e1ll\u00e1shelyre.<\/div>\n<div>A <b>vietn\u00e1mi<\/b> kisl\u00e1ny nagyon kedves volt, nagyon mosolygott, miut\u00e1n fizett\u00fcnk (senkinek nem t\u0171nt fel, hogy csak egy napot? &#8211; de err\u0151l majd k\u00e9s\u0151bb) a kedv\u00fcnk\u00e9rt kinyitott a konyha, \u00e9s f\u00e9l 12 k\u00f6r\u00fcl \u00e1zsiai \u00e9teleket ett\u00fcnk Kulcs\u00e1r Robbie csapat\u00e1val &#8211; amelyet v\u00e9g\u00fcl B\u00e1lint fizetett&#8230;<\/p>\n<\/div>\n<div style=\"text-align: center;\"><img decoding=\"async\" src=\"letoltes\/1530\/21985857_10155912627504653_1572470148_o.jpg\" width=\"600\"><\/div>\n<div><b><br \/><\/b><\/div>\n<div><b><br \/>Szemin\u00e1rium<\/b><\/div>\n<div><\/div>\n<div>Reggelizt\u00fcnk. A m\u00e1sik asztaln\u00e1l az angol csapat \u00fclt, <b>John Piper<\/b> Sensei-el (bal k\u00e9zzel fogtunk kezet, mert a tenger\u00e9szek&#8230; &#8211; de nem, s\u00e9r\u00fclt volt a keze).<\/div>\n<div>S\u00e9t\u00e1ltunk. Birtokba vett\u00fck a <b>Juliska <\/b>termet, \u00fcdv\u00f6z\u00f6lt\u00fck akit ismert\u00fck (nem el\u0151sz\u00f6r \u00e9s nem utolj\u00e1ra vett\u00fck tudom\u00e1sul, hogy \u00f6regsz\u00fcnk, egyre t\u00f6bb az \u00faj, fiatal arc&#8230;).<\/div>\n<div><\/div>\n<div>\u00c9s v\u00e9gre meg\u00e9rkezett <b>Victor Cook<\/b> Sensei is!&nbsp;<\/div>\n<div>M\u00e1r az \u00fcdv\u00f6zl\u00e9sn\u00e9l kit\u00e9rt a<b> technikai r\u00e9szletek<\/b>re, majd d\u00e9lut\u00e1nig minden kata sorra ker\u00fclt &#8211; nagyon \u00f6r\u00fcltem, hogy minden formagyakorlatot \u0151 mutatott be!<\/div>\n<div>N\u00e9gyes blokkokban kaptuk a tan\u00edt\u00e1st, ut\u00e1na pedig csiszol\u00f3dtunk Sensei \u00e9s az 5 danosok keze alatt.<\/div>\n<div>A k\u00e9rd\u00e9sekre adott egyik v\u00e1lasz sor\u00e1n kiemelte, hogy &#8222;<b>sz\u00edvb\u0151l<\/b>&#8221; kell j\u00f6nnie az energi\u00e1nak, nem el\u00e9g csak a &#8222;fej&#8221; \u00e9s a technika.<\/div>\n<div><\/div>\n<div>D\u00e9lut\u00e1n, amikor m\u00e1r a f\u00e1radts\u00e1g jelei kezdtek mutatkozni rajtunk v\u00e9get \u00e9rt a szombati gyakorl\u00e1s.<br \/>Mivel a sz\u00e1ll\u00e1shely\u00fcnkr\u0151l t\u00f6bb h\u00edv\u00e1s is \u00e9rkezett, kicsit agg\u00f3dtunk &#8211; kider\u00fclt, hogy egy f\u00e9lre\u00e9rt\u00e9s miatt (\u00e9n voltam!) <b>csak egy napra foglaltam sz\u00e1ll\u00e1st&#8230;<\/b> szerencs\u00e9re rugalmasak voltak &#8211; mi kaptunk egy kisebb, de saj\u00e1t f\u00fcrd\u0151szob\u00e1s helys\u00e9get :&#8211;) &#8211; \u00e9s kifizett\u00fck a m\u00e1sodik napot is.<\/p>\n<\/div>\n<div>A csapat nagy r\u00e9sze kisebb v\u00e1rosn\u00e9z\u0151-fagyiz\u00f3s t\u00far\u00e1ra indult, majd k\u00f6z\u00f6s vacsor\u00e1val b\u00facs\u00faztattuk a napot.<br \/>K\u00e9sz\u00fclt <b>l\u00e9pcs\u0151s k\u00e9p<\/b> &#8211; \u00e9s mivel Senseinek meg\u00edg\u00e9rtem, hogy v\u00e9g\u00fcl rajta lesz, \u00edme a b\u00e9na oll\u00f3zott alkot\u00e1s (s\u00f6pr\u00f6get\u0151 statiszt\u00e1val a h\u00e1tt\u00e9rben):<\/p>\n<\/div>\n<div style=\"text-align: center;\"><img decoding=\"async\" width=\"600\" src=\"letoltes\/1530\/2017-09-23-24_praga_20170923_185328_23.jpg\"><\/div>\n<div><\/div>\n<div>Kor\u00e1n t\u00e9rt\u00fcnk nyugov\u00f3ra (\u00f6regsz\u00fcnk?), de \u00edgy legal\u00e1bb pihenten, tiszta fejjel indulhattunk a vas\u00e1rnapnak!<\/div>\n<div><\/div>\n<div><\/div>\n<div><b>Taikai<\/b><\/div>\n<div><\/div>\n<div>Nyugodt voltam. Lassan m\u00e1r elm\u00falik a rajt(verseny) ap\u00e1ti\u00e1m. Az egy\u00e9ni megm\u00e9rettet\u00e9s volt az els\u0151, szokatlan, reiho n\u00e9lk\u00fcli <b>enbu taikai<\/b> form\u00e1ban!<\/div>\n<div>Hatan voltunk egyszerre a b\u00edr\u00f3k el\u0151tt, \u00e9s \u0151k (neh\u00e9z dolguk volt&#8230;.) <b>a legjobbakat kerest\u00e9k<\/b>. Nyugodt voltam, lass\u00fa&#8230; pr\u00f3b\u00e1ltam pontos lenni (b\u00e1r \u00edgy nem \u00e9reztem \u00e9lesnek a mozdulatokat). Az \u00e9rz\u00e9seim \u00e9s a visszajelz\u00e9sek j\u00f3k voltak: bejutottam a m\u00e1sodik k\u00f6rbe! Ott is megmutattam, mi van bennem &#8211; de az eredm\u00e9nyhirdet\u00e9sre d\u00e9lut\u00e1nig v\u00e1rni kellett, hogy kider\u00fclj\u00f6n, beker\u00fcltem-e a legjobb h\u00e1rom k\u00f6z\u00e9&#8230;&nbsp;<\/div>\n<div><\/div>\n<div>Eb\u00e9d ut\u00e1n a <b>csapatversenyek <\/b>k\u00f6vetkeztek. A <b>T-rex<\/b> nev\u0171 tri\u00f3nk menetelt el\u0151re, egyre k\u00f6zelebb ker\u00fclt\u00fcnk a dobog\u00f3hoz &#8211; m\u00edg v\u00e9g\u00fcl a&nbsp;<span style=\"text-align: justify;\">Hashasima&nbsp;<\/span>csapat egy helycser\u00e9s t\u00e1mad\u00e1ssal az ez\u00fcst \u00e9rmet hagyta meg nek\u00fcnk (<a href=\"blog.php?sorszam=1459\">k\u00e9t \u00e9ve volt m\u00e1r hasonl\u00f3 :&#8211;)<\/a>).<\/p>\n<\/div>\n<div style=\"text-align: center;\"><img decoding=\"async\" width=\"600\" src=\"letoltes\/1530\/2017-09-23-24_praga_20170925_000138_3.jpg\"><\/div>\n<div><\/div>\n<div>\u00c9vek \u00f3ta van a fejemben egy gondolat, szerettem volna egy pillanatot, amikor a mesterem ilyen k\u00f6r\u00fclm\u00e9nyek k\u00f6z\u00f6tt kicsit b\u00fcszke lehet r\u00e1m (\u00e9s \u00e9n megk\u00f6sz\u00f6nhetem \u00edgy is az ezer \u00e9ve tart\u00f3 terelget\u00e9st) &#8211; &nbsp;\u00e9s akkor, a d\u00edjkioszt\u00f3n kider\u00fclt: a csapat mellett egy\u00e9ni m\u00e1sodik helyezett is lettem!<br \/>A t\u00e1l \u00e9s a mochi sz\u00e9pen mutat az oklevelek mellett &#8211; az ego n\u00f6vel\u00e9s megt\u00f6rt\u00e9nt, most ezt f\u00e9lreteszem \u00e9s megyek gyakorolni. :&#8211;)<\/div>\n<div><\/div>\n<div style=\"text-align: center;\"><img decoding=\"async\" width=\"600\" src=\"letoltes\/1530\/2017-09-23-24_praga_20170924_230006_2.jpg\"><\/p>\n<\/div>\n<div>\u00d6lt\u00f6zt\u00fcnk, pakoltunk, b\u00facs\u00faztunk \u00e9s indultunk.<\/div>\n<div><\/div>\n<div><\/div>\n<div><b>Az \u00dat<\/b><\/div>\n<div><\/div>\n<div>Volt es\u0151, k\u00f6dbe burkol\u00f3z\u00f3 t\u00e1j, Hold sarl\u00f3 &#8211; \u00e9s az \u00e9let nagy k\u00e9rd\u00e9sei.<\/p>\n<\/div>\n<div style=\"text-align: center;\"><img decoding=\"async\" width=\"600\" src=\"letoltes\/1530\/2017-09-23-24_praga_20170924_230006_3.jpg\"><\/p>\n<\/div>\n<div>Az aut\u00f3k mellett sz\u00f3ba ker\u00fclt a M\u00e1trix, a virtu\u00e1lis val\u00f3s\u00e1g, a mesters\u00e9ges intelligenci\u00e1k, a p\u00e1rkapcsolatok &#8211; \u00e9s persze az <b>\u00dat<\/b>.<\/div>\n<div>Hol is tartunk most? <b>Mi kell ahhoz, hogy tov\u00e1bb l\u00e9pj\u00fcnk? Hogy hozzuk el\u0151 a harcos \u00e9nt? <\/b>Mi\u00e9rt (nem) szeretj\u00fck a taikai-t?<\/div>\n<div>A vacsora &#8211; csak hogy Robbie-t ez\u00faton is <strike>\u00fcdv\u00f6z\u00f6lj\u00fck <\/strike>bosszantsuk ;&#8211;) &#8211; C\u00e9z\u00e1r sal\u00e1t\u00e1s tortilla tekercs &nbsp;volt.<\/div>\n<div><\/div>\n<div style=\"text-align: center;\"><img decoding=\"async\" width=\"600\" src=\"http:\/\/shinbukan.hu\/letoltes\/1530\/2017-09-23-24_praga_20170924_230006_4.jpg\"><\/div>\n<div><\/div>\n<div><b>K\u00f6sz\u00f6nj\u00fck <\/b>a tan\u00edt\u00e1st H\u00e1bermajer G\u00e1bor Sensei-nek, aki id\u00e1ig vezetett minket! K\u00f6sz\u00f6nj\u00fck Victor Cook Sensei-nek a sok sz\u00edvb\u0151l j\u00f6v\u0151 tud\u00e1s \u00e1tad\u00e1st!<br \/>K\u00f6sz\u00f6n\u00f6m Gerg\u0151nek \u00e9s P\u00e9ternek az egy\u00fctt k\u00fczd\u00e9st, a t\u00f6bbi csapatnak hogy megk\u00fczdhett\u00fcnk!<br \/>K\u00f6sz\u00f6nj\u00fck a bar\u00e1ti besz\u00e9lget\u00e9seket a sz\u00e1ll\u00e1shely\u00fcnk rugalmass\u00e1g\u00e1t, a finom \u00e9teleket, a szervez\u00e9st, B\u00e1lintnak a vacsor\u00e1t!<br \/>K\u00f6sz\u00f6n\u00f6m Robbie-nak a Fidorka hegyeket! K\u00f6sz\u00f6nj\u00fck az aut\u00f3knak, hogy m\u0171k\u00f6dtek! (Vil\u00e1gb\u00e9ke!)<\/div>\n<div><\/p>\n<div style=\"text-align: right;\"><i>Szilva Imre<\/i><\/div>\n<\/div>\n<div>\n<hr id=\"null\"><\/div>\n<div>\n<p style=\"margin: 0px 0px 6px;\">A h\u00e9tv\u00e9g\u00e9n a Pr\u00e1gai ShinBuKan taikaion voltunk. Az esem\u00e9nyt Victor Cook sensei vezette.<\/p>\n<p style=\"margin: 0px 0px 6px;\">\u00d6r\u00f6m \u00e9s boldogs\u00e1g volt egy\u00fctt lenni, k\u00f6sz\u00f6n\u00f6m az \u00e9lm\u00e9nyeket! \ud83d\ude42 \ud83d\ude42 \ud83d\ude42<\/p>\n<p style=\"margin: 0px 0px 6px;\">(Vannak amelyek ott is maradnak, mert \u00edgy helyes&#8230; )<\/p>\n<p style=\"margin: 0px 0px 6px;\">A h\u00e9tv\u00e9ge kommentje Vic Cook senseit\u0151l \u00e9rkezett: &#8222;Te meg itt vagy? Ilyenkor m\u00e1r a k\u00f3rh\u00e1zban szokt\u00e1l lenni.&#8221;<\/p>\n<p style=\"margin: 0px 0px 6px;\"><b>A magyar r\u00e9sztvev\u0151k eredm\u00e9nyei:<\/b><\/p>\n<p style=\"margin: 0px 0px 6px;\"><b>Egy\u00e9ni:<\/b><\/p>\n<p style=\"margin: 0px 0px 6px;\">Nidan: Farkas&nbsp;B\u00e1lint 1 hely<\/p>\n<p style=\"margin: 0px 0px 6px;\"><b>Sandan: Szilva Imre 2 hely<\/b><\/p>\n<p style=\"margin: 0px 0px 6px;\"><b>Yondan:<\/b> Budav\u00e1ri Anita &nbsp;2 hely, <b>Vass Gergely 1 hely<\/b><\/p>\n<p style=\"margin: 0px 0px 6px;\"><b>Csapat:<\/b><\/p>\n<p style=\"margin: 0px 0px 6px;\">1 hely: Hasasima (Budav\u00e1ri Anita, Farkas B\u00e1lint, Mit\u00f3k Dezs\u0151)<\/p>\n<p style=\"margin: 0px 0px 6px;\"><b>2 hely: T-rex (Gergely Vass, Szilva Imre, Jur\u00e1sz P\u00e9ter)<\/b><\/p>\n<\/div>\n<div><\/div>\n<div style=\"text-align: right;\"><i>Vass Gergely<\/i><\/div>\n<div><\/div>\n<p><img loading=\"lazy\" decoding=\"async\" class=\"aligncenter wp-image-19438 size-large\" src=\"\/fenykepalbum\/keptar_1530_big_2017-09-23-24_praga_20170924_155622_8.jpg\" alt=\"\" width=\"840\" height=\"473\" \/><\/p>\n<p><img loading=\"lazy\" decoding=\"async\" class=\"aligncenter wp-image-19438 size-large\" src=\"\/fenykepalbum\/keptar_1530_big_2017-09-23-24_praga_20170925_000153_2.jpg\" alt=\"\" width=\"840\" height=\"473\" \/><\/p>\n<p><img loading=\"lazy\" decoding=\"async\" class=\"aligncenter wp-image-19438 size-large\" src=\"\/fenykepalbum\/keptar_1530_big_2017-09-23-24_praga_20170924_155226_16.jpg\" alt=\"\" width=\"840\" height=\"473\" \/><\/p>\n<p><img loading=\"lazy\" decoding=\"async\" class=\"aligncenter wp-image-19438 size-large\" src=\"\/fenykepalbum\/keptar_1530_big_2017-09-23-24_praga_20170924_133358_19.jpg\" alt=\"\" width=\"840\" height=\"473\" \/><\/p>\n","protected":false},"excerpt":{"rendered":"<p>El\u0151zm\u00e9nyek A &#8222;k\u00f6z\u00f6ss\u00e9gi oldalhoz kapcsol\u00f3d\u00f3 \u00fczenetk\u00fcld\u0151 alkalmaz\u00e1st&#8221; haszn\u00e1ltuk az utaz\u00e1s megszervez\u00e9s\u00e9re &#8211; 1.499 sor volt benne haza\u00e9r\u00e9skor! 2017. augusztus 30. 10:57 Gerg\u0151 javasolta, hogy tervezz\u00fck meg az utaz\u00e1st. Budav\u00e1ri Anita jelezte, hogy vonattal \u00e9rkezik, \u00edgy egy Volv\u00f3val n\u00e9gyen k\u00e9sz\u00fclt\u00fcnk az \u00fatra: Vass Gergely, Szilva Imre, Mit\u00f3k Dezs\u0151, Jur\u00e1sz P\u00e9ter&nbsp; 2017. szeptember 2. 15:30 A Pension &hellip; <a href=\"https:\/\/shinbukan.hu\/?p=19783\" class=\"more-link\"><span class=\"screen-reader-text\">&#8222;3. Shinbukan Iaido szemin\u00e1rium \u00e9s Taikai (Pr\u00e1ga)&#8221;<\/span> b\u0151vebben<\/a><\/p>\n","protected":false},"author":2,"featured_media":0,"comment_status":"open","ping_status":"open","sticky":false,"template":"","format":"standard","meta":{"footnotes":""},"categories":[],"tags":[],"class_list":["post-19783","post","type-post","status-publish","format-standard","hentry"],"_links":{"self":[{"href":"https:\/\/shinbukan.hu\/index.php?rest_route=\/wp\/v2\/posts\/19783","targetHints":{"allow":["GET"]}}],"collection":[{"href":"https:\/\/shinbukan.hu\/index.php?rest_route=\/wp\/v2\/posts"}],"about":[{"href":"https:\/\/shinbukan.hu\/index.php?rest_route=\/wp\/v2\/types\/post"}],"author":[{"embeddable":true,"href":"https:\/\/shinbukan.hu\/index.php?rest_route=\/wp\/v2\/users\/2"}],"replies":[{"embeddable":true,"href":"https:\/\/shinbukan.hu\/index.php?rest_route=%2Fwp%2Fv2%2Fcomments&post=19783"}],"version-history":[{"count":0,"href":"https:\/\/shinbukan.hu\/index.php?rest_route=\/wp\/v2\/posts\/19783\/revisions"}],"wp:attachment":[{"href":"https:\/\/shinbukan.hu\/index.php?rest_route=%2Fwp%2Fv2%2Fmedia&parent=19783"}],"wp:term":[{"taxonomy":"category","embeddable":true,"href":"https:\/\/shinbukan.hu\/index.php?rest_route=%2Fwp%2Fv2%2Fcategories&post=19783"},{"taxonomy":"post_tag","embeddable":true,"href":"https:\/\/shinbukan.hu\/index.php?rest_route=%2Fwp%2Fv2%2Ftags&post=19783"}],"curies":[{"name":"wp","href":"https:\/\/api.w.org\/{rel}","templated":true}]}}