{"id":19786,"date":"2017-11-04T12:22:00","date_gmt":"2017-11-04T12:22:00","guid":{"rendered":""},"modified":"-0001-11-30T00:00:00","modified_gmt":"-0001-11-29T22:00:00","slug":"","status":"publish","type":"post","link":"https:\/\/shinbukan.hu\/?p=19786","title":{"rendered":"24. Eur\u00f3pai Iaido bajnoks\u00e1g (Torino)"},"content":{"rendered":"<div><b>\u00c9lm\u00e9nyek, \u00e9rz\u00e9sek, eredm\u00e9nyek \u2013 Torin\u00f3ban j\u00e1rtunk a <i>24<\/i>.&nbsp;<i>Eur\u00f3pai&nbsp;<\/i><\/b><i><b>Iaido&nbsp;<\/b><b>Bajnoks\u00e1gon<\/b><\/i><\/div>\n<div><\/div>\n<div><b>&#8211; Milyen volt sokadszor meg\u00e9lni az esem\u00e9nyt?<\/b><\/div>\n<div><\/div>\n<div><b>&#8211;&nbsp;<\/b>Az idei \u00e9vben, mint koordin\u00e1tor, egy\u00e9ni versenyz\u0151 \u00e9s csapatkapit\u00e1ny vettem r\u00e9szt, imm\u00e1r a sokadik <i>Eur\u00f3pai Iaido Bajnoks\u00e1g<\/i>on. A feladatokat legf\u0151k\u00e9pp tapasztalataim \u00e9s az elhivatotts\u00e1g vez\u00e9relte \u00fagy, hogy \u00f6nmagam maradjak egy olyan vil\u00e1gban, ahol az ide\u00e1im \u00fctk\u00f6znek a val\u00f3s\u00e1ggal.<\/div>\n<div><\/div>\n<div>A csapat \u00f6sszekov\u00e1csol\u00e1sa, az csapattagok=EMBEREK k\u00e9pviselete, a j\u00f3 hangulat, az egym\u00e1sra figyel\u00e9s \u00e9s a racionalit\u00e1s vez\u00e9relt. Ez a racionalit\u00e1s a saj\u00e1tom, nem igaz, nem v\u00e9g\u00e9rv\u00e9nyes, csak a saj\u00e1tom!<\/div>\n<div><\/div>\n<div>\u00d6sszefoglalva tal\u00e1n azt tudom mondani, hogy a 80%-osra siker\u00fclt az \u00e9n tervem. A 80%, hogy \u00e9rz\u00e9sem szerint tudtam seg\u00edteni a csapattagoknak, mint ember \u00e9s mertem k\u00e9pviselni mindenki \u00e9rdekeit \u00fagy, hogy betartottam az etikett \u00e1ltalam ismert hat\u00e1rait. Emberileg azt gondolom megfeleltem a kih\u00edv\u00e1snak \u00e9s v\u00e9g\u00fcl is az \u00e9n szenved\u00e9lyem, csak ezt v\u00e1rja el.<\/div>\n<div><\/div>\n<div><b>&#8211; Mik voltak a leger\u0151sebb \u00e9lm\u00e9nyeid?<\/b><\/div>\n<div><\/div>\n<div><b>&#8211;&nbsp;<\/b>Id\u00e9n kett\u00e9bontottam a felk\u00e9sz\u00fcl\u00e9sem, a feladataim j\u00f3volt\u00e1b\u00f3l:<\/div>\n<div><\/div>\n<div>1. K\u00e9pviselni a csapatot,<\/div>\n<div>2. Saj\u00e1t felk\u00e9sz\u00fcl\u00e9semet egyengetni, a saj\u00e1t c\u00e9ljaim szerint.<\/div>\n<div><\/div>\n<div>Saj\u00e1t terveim szerint szerettem volna biztons\u00e1ggal \u00e1ll\u00edtani, hogy a csapatban ki\u00e9rdemelt helyem van, a szintem megfelel\u0151 k\u00e9pviselni az orsz\u00e1gomat \u00e9s legy\u0151z\u0151m \u00f6nmagam egy 2 \u00e9ve indult \u00faton, ahol azt kerestem, hogy tudok a shiajoba l\u00e9pve legal\u00e1bb egy 90-95% f\u00f3kusz \u00e9s 5-10% idegess\u00e9gi \u00e1llapotot el\u00e9rni. Kor\u00e1bban ez az ar\u00e1ny ink\u00e1bb 40% \/ 60% ar\u00e1nyban \u00e1llt.<\/div>\n<div><\/div>\n<div>K\u00e9t \u00e9ve az egy\u00e9ni versenyen nem tal\u00e1ltam \u00f6nmagam, nem tal\u00e1ltam a hangulatom, ahol magam elv\u00e1r\u00e1sa szerint tudok versenyezni. Azt\u00e1n j\u00f6tt a csapat, ahol f\u00e9lre kellett rakjam a saj\u00e1t eg\u00f3m \u00e9s terveim \u00e9s csapatra kellett f\u00f3kusz\u00e1lnom. Ekkor j\u00f6tt az \u00e9rz\u00e9s, hogy nem a versenyre kell koncentr\u00e1lnom, hanem arra, hogy mi\u00e9rt is szeretek iaidot gyakorolni.<\/div>\n<div><\/div>\n<div>Mi\u00e9rt szeretek iaid\u00f3t gyakorolni: az elm\u00e9ly\u00fcl\u00e9s szintje, a teljes kontroll fenntart\u00e1sa \u00e9s ennek idej\u00e9nek kitol\u00e1sa, az a meleg \u00e9rz\u00e9s, amit egy kata k\u00f6zben tudok \u00e9rezni. K\u00f6d\u00f6s, de ezek \u00e9rz\u00e9sek, pap\u00edron nem mutatnak olyan j\u00f3l. Ezzel a gondolattal l\u00e9ptem fel a shiaj\u00f3ra \u00e9s m\u0171k\u00f6d\u00f6tt. A tudatoss\u00e1gom form\u00e1t \u00f6nt\u00f6tt. Szintet l\u00e9ptem a saj\u00e1t magam szabta p\u00e1ly\u00e1n.<\/div>\n<div><\/div>\n<div>Id\u00e9n tervem volt, hogy az egy\u00e9ni versenyen is \u00edgy tudjak fell\u00e9pni. Nagyon hasznos tan\u00e1csot kaptam Hunor senseit\u0151l, aki azt mondta vizualiz\u00e1lni kell meccs el\u0151tt a teljes enbut. Ezt tettem, le\u00fcltem egy sarokba seis\u00e1ban \u00e9s elkezdtem v\u00e9gig j\u00e1rni a kat\u00e1imat fejben, \u00f6sszerakni, hogy mit tervezek bemutatni, mikre akarok odafigyelni \u00e9s milyen \u00e9rz\u00e9sek ment\u00e9n szeretn\u00e9m ezt megtenni. \u00dajabb siker: m\u0171k\u00f6d\u00f6tt! 80% \/ 20% ar\u00e1nyt tudtam el\u00e9rni, kijutottam a poolb\u00f3l (2 \u00e9v ut\u00e1n el\u0151sz\u00f6r) \u00e9s k\u00e9sz\u00fclhettem a d\u00e9lut\u00e1ni egyenes kies\u00e9sre. Nehez\u00edtette a feladatomat, hogy r\u00f6gt\u00f6n k\u00e9t nagyon er\u0151s ellenf\u00e9l v\u00e1rt a kijut\u00e1s ut\u00e1n, mindketten \u00e9rmesek voltak tavaly (arany \u00e9s bronz). Ekkor azt gondoltam, hogy ez is seg\u00edt nekem, mert nehez\u00edtett k\u00f6r\u00fclm\u00e9nyek k\u00f6z\u00f6tt tudhatom meg\u0151rizni a f\u00f3kuszom. Az els\u0151 k\u00f6r\u00f6mben a reiho k\u00f6zben eszm\u00e9ltem, hogy a motor visz, nem vagyok tudatos. Visszahoztam \u00e9s onnan egyre jobb lett. \u00c9reztem a terem, tudtam a feladatom, \u00e9szleltem az mellettem l\u00e9v\u0151 shiajon foly\u00f3 t\u00f6rt\u00e9n\u00e9seket \u00e9s ki tudtam kapcsolni az izmaim, minden kata elej\u00e9n. Ez persze nem egy exponenci\u00e1lisan n\u00f6v\u0151 \u00e9rt\u00e9k volt, hanem ink\u00e1bb egy cikk-cakk p\u00e1lya. Vesztettem 2-1 z\u00e1szl\u00f3ar\u00e1nyban.<\/div>\n<div><\/div>\n<div>Az eredm\u00e9nye megvolt, \u00fagy j\u00f6hettem le, hogy hab\u00e1r kikaptam, volt mi\u00e9rt b\u00fcszk\u00e9nek lennem magamra. A fontosabb kit\u0171z\u00f6tt c\u00e9lom el\u00e9rtem, szembe tudtam n\u00e9zni magammal \u00e9s egys\u00e9gben maradni. Az \u00e9rem pedig j\u00f3l mutatta, hogy mi is a k\u00fcl\u00f6nbs\u00e9g az eg\u00f3m \u00e9s az iaidom k\u00f6z\u00f6tt.<\/div>\n<div><\/div>\n<div>K\u00f6z\u00f6ss\u00e9g:<\/div>\n<div><\/div>\n<div>Az \u00fat is k\u00e9tfel\u00e9 bonthat\u00f3: egy a verseny, amire \u00e9rkez\u00fcnk, kett\u0151 a csapat, az emberek, akikkel egy\u00fctt t\u00f6lthett\u00fcnk egy kis id\u0151t, kibontakozhattak t\u00f6rt\u00e9netek, megismerhett\u00fck egym\u00e1st egy kicsit k\u00f6zelebbr\u0151l.<\/div>\n<div><\/div>\n<div>Ez a csapat nem az a csapat! Ami\u00f3ta v\u00e1logatott tag lehetek, egy maggal menetelt\u00fcnk egy\u00fctt (H\u00e1ber sensei (a mesterem), \u0150rnagy\u00far (nagy p\u00e9ldak\u00e9pem), Varga Zoli (legjobb bar\u00e1tom) a teljess\u00e9g ig\u00e9nye n\u00e9lk\u00fcl!), mely mag m\u00e1ra m\u00e1r szinte teljesen felold\u00f3dott. \u00daj emberek j\u00f6ttek a csapatba \u00e9s megmaradtunk mi, rutinos v\u00e9n r\u00f3k\u00e1k: Anita \u00e9s \u00e9n.<\/div>\n<div><\/div>\n<div><b>&#8211; Milyen tanuls\u00e1gok sz\u00fclettek benned?<\/b><\/div>\n<div><\/div>\n<div><b>&#8211;&nbsp;<\/b>Ez a csapat m\u00e1r m\u00e1s mozgat\u00f3rug\u00f3kkal, m\u00e1s rendszerben \u00e9s \u00faj lehet\u0151s\u00e9geket k\u00edn\u00e1lva \u00e1llt fel. M\u00e1r a felk\u00e9sz\u00fcl\u00e9s alatt felmer\u00fclt bennem, hogy \u00e9n is egy olyan dinoszaurusz vagyok, aki nem illik a k\u00e9pbe, nem \u00e9rti, amit a \u201efiatalok mondanak\u201d. Azt\u00e1n ezt elengedve egyszer\u0171en k\u00edv\u00e1ncsi lettem a t\u00e1rsakra, \u00e9s kicsit m\u00e1sk\u00e9pp kezdtem figyelni r\u00e1juk (ha valakinek mond ez valamit: tudatlanul is, de &#8222;ki\u00fcr\u00edtettem a cs\u00e9sz\u00e9m&#8221;). Ekkor k\u00f6zelebb ker\u00fcltek hozz\u00e1m a gondolataik \u00e9s elkezdhett\u00fcnk kommunik\u00e1lni egym\u00e1ssal. Az eredm\u00e9ny egy olyan csapat, akivel minden perc \u00e9lm\u00e9ny volt, akikkel egy\u00fctt tudtunk nevetni \u00e9s egy\u00fctt tudtunk k\u00e9sz\u00fclni. PRICELESS!<\/div>\n<div><\/div>\n<div><b>&#8211; V\u00e1ltoztatt\u00e1l valamit az iaid\u00f3don az \u00e9lm\u00e9nyek hat\u00e1s\u00e1ra? Ha igen, mit? Ha nem, mi\u00e9rt?<\/b><\/div>\n<div><\/div>\n<div><b>&#8211;&nbsp;<\/b>Hazat\u00e9rve pedig semmi sem v\u00e1ltozott meg, amit az iaid\u00f3mr\u00f3l gondolok, nem v\u00e1ltozott meg, amit az emberekr\u0151l gondolok \u00e9s nem v\u00e1ltozott meg igaz\u00e1b\u00f3l semmi. \u00c1talakult egy picit. Sokkal jobban tudom, hogy az ide\u00e1im \u00e9s val\u00f3s\u00e1g k\u00f6z\u00f6tt d\u00f6nteni egyszer\u0171 \u00e9s igaz\u00e1b\u00f3l nem is lemond\u00e1s, max. r\u00f6vidt\u00e1von. R\u00e1j\u00f6ttem, hogy senki sem t\u00f6k\u00e9letes, de van, aki szeretne fejl\u0151dni \u00e9s nyitott maradni ez\u00e9rt rugalmas marad \u00e9s halad, van aki falakat h\u00faz maga k\u00f6r\u00e9, \u00e9s nem is akar ezek m\u00f6g\u00e9 n\u00e9zni.<\/div>\n<div><\/div>\n<div>Az&nbsp;<i>Eur\u00f3pai&nbsp;Iaido&nbsp;Bajnoks\u00e1g&nbsp;<\/i>egy k\u00f6z\u00f6ss\u00e9gi program, ahol tal\u00e1lkozhatok bar\u00e1tokkal, megismerhetek \u00fajakat, r\u00e9sze lehetek egy csapatnak, ahol egy\u00fctt s\u00edrunk \u00e9s egy\u00fctt \u00f6r\u00fcl\u00fcnk. A bajnoks\u00e1gra \u00e9rmek\u00e9rt&nbsp;&nbsp;menni egy csal\u00f3 \u00f6nk\u00e9p. \u00c9lvezni minden egyes pillanat\u00e1t, fejl\u0151dni, k\u00e9sz\u00fclni, \u00f6r\u00fclni \u00e9s lelkesnek lenni a v\u00e9gtelens\u00e9gig, az \u00e9n saj\u00e1t racionalit\u00e1som.<\/div>\n<div><\/div>\n<div>Ha pedig lesz \u00e9rmem \u00fajra, akkor majd megk\u00fczd\u00f6k az eg\u00f3mmal, de azt hiszem k\u00f6nnyebben fog m\u00e1r menni.<\/p>\n<\/div>\n<div style=\"text-align: right;\"><i>Vass Gergely<\/i><\/div>\n<div>\n<hr id=\"null\"><\/div>\n<div><b>2017. 11.02. &#8211; reggel 4 \u00f3ra 30<\/b> az<br \/>\nindul\u00e1s napja! M\u00e1r minden be volt pakolva napokkal az indul\u00e1s<br \/>\nel\u0151tt de m\u00e9g utolj\u00e1ra \u00e1tn\u00e9ztem, minden rendben van-e&#8230; Keikogi,<br \/>\nv\u00e1logatott mez, fogkefe stb. &#8211; s ahogy megpillantottam a v\u00e1logatott<br \/>\nmezt kicsit elid\u0151z\u00f6tt rajta a szemem, s felsejlettek bennem judos<br \/>\n\u00e9lm\u00e9nyeim mikor el\u0151sz\u00f6r kaptam meg a c\u00edmeres mezemet, gomb\u00f3c a<br \/>\ntorokban&#8230; J\u00f3les\u0151 \u00e9rz\u00e9s fogott el. <b>B\u00fcszkes\u00e9g \u00e9s v\u00e1rakoz\u00e1ssal<br \/>\nteli izgalom.<\/b><\/div>\n<div>Az iroda el\u0151tt tal\u00e1lkoztunk majd lassan v\u00e9gre<br \/>\nrendez\u0151dtek a soraink \u00e9s \u00fatnak indultunk. J\u00f3 hangulat volt v\u00e9gig<br \/>\naz \u00faton, s folyamatosan konzult\u00e1ltunk a m\u00e1sik transzporttal, hogy<br \/>\nmerre j\u00e1rnak. A vezet\u00e9s k\u00f6zben pr\u00f3b\u00e1ltam visszagondolni a<br \/>\nfelk\u00e9sz\u00fcl\u00e9si id\u0151szakra, nagyon \u00e9lveztem az edz\u00e9seket, a mozg\u00e1s<br \/>\nritmus\u00e1t, a j\u00f3l fel\u00e9p\u00edtett gyakorlatokat, amik r\u00e1vezett\u00e9k az<br \/>\nembert arra hogy mire is kell igaz\u00e1n figyelni. Szinte hallom Hunor<br \/>\nsensei szavait -&#8222;<b>Egyenes tart\u00e1s. Harcos tekintet<\/b>, ugyanakkor<br \/>\nb\u00fcszkes\u00e9get sug\u00e1rozzon az a tekintet&#8221;&#8230; Mint, ahogy H\u00e1ber<br \/>\nsensei\u00e9t is: &#8222;Meghajl\u00e1s. Nagyon fontosak a sz\u00f6gek. Ritmus \u00e9s a<br \/>\nkezek poz\u00edci\u00f3ja&#8221;&#8230; \u00e9s m\u00e9g \u00e9s m\u00e9g&#8230;<\/div>\n<div>Meg\u00e9rkez\u00e9s\u00fcnk<br \/>\nut\u00e1n mindenki elfoglalta a sz\u00e1llodai szob\u00e1j\u00e1t, de m\u00e1r a hallban<br \/>\n\u00f6sszefutottunk a k\u00fcl\u00f6nb\u00f6z\u0151 nemzetek versenyz\u0151ivel, akiket n\u00e9ha<br \/>\ncsak k\u00e9pekr\u0151l tudtam beazonos\u00edtani, hogy kik \u0150k, de \u00fagy fogadtak<br \/>\n\u00e9s \u00fcdv\u00f6z\u00f6ltek, mintha r\u00e9gi j\u00f3 bar\u00e1tok lenn\u00e9nk. Kicsit meglep\u0151<br \/>\nvolt, de ez nagyban el\u0151seg\u00edtette azt, hogy az ember ne \u00e9rezze<br \/>\nmag\u00e1t \u00fagy mint Mr. Bean abban a bizonyos m\u00fazeumban.<\/div>\n<div><\/div>\n<div>Az <b>els\u0151 nap: Taikai!<\/b> V\u00e9gig vett\u00fck mind a tizenk\u00e9t seitei kat\u00e1t <b>Kusama sensei<\/b><br \/>\ntolm\u00e1csol\u00e1s\u00e1ban (bemutatta Nakamura Sensei). M\u00e1r itt<br \/>\nmegfigyelhett\u00fck egym\u00e1st, hiszen mindenki m\u00e9regetve n\u00e9zegette a<br \/>\nt\u00e1rsait. Igyekeztem csak magamra \u00f6sszpontos\u00edtani, de n\u00e9ha nekem<br \/>\nis szembet\u0171nt hogy ki, hogy &#8221; t\u00e1ncolja&#8221; v\u00e9gig a kat\u00e1kat.<br \/>\nNagyon j\u00f3 volt l\u00e1tni, hogy mennyi k\u00fcl\u00f6nb\u00f6z\u0151 ember \u00e9s m\u00e9gis, szinte <b>egy nyelvet besz\u00e9l\u00fcnk: a Budo nyelv\u00e9t, az Iai nyelv\u00e9t.<\/b><\/div>\n<div>\n<p>\nMajd elj\u00f6tt <b>az egy\u00e9ni verseny<br \/>\nnapja<\/b>. Azon az est\u00e9n \u00fagy aludtam el, hogy pr\u00f3b\u00e1ltam mindazt amit<br \/>\neddig halottam felid\u00e9zni magamban&#8230;. h\u00e1t mit mondjak hamar<br \/>\nelaludtam&#8230; :))<br \/>Reggel kor\u00e1n nekiindultunk, hogy <b>mi lehess\u00fcnk az<br \/>\nels\u0151k, akik gyakorolhatnak<\/b>. Ez meg is hozta a kell\u0151 harci kedv\u00fcnket,<br \/>\nde h\u00e1t a magyart nem kell f\u00e9lteni.   Hunor sensei b\u00e1tor\u00edt\u00f3<br \/>\nbesz\u00e9de \u00e9s az egym\u00e1sra helyezett kezekkel felki\u00e1ltva hogy:<br \/>\nMAGYAROK is meghozta a kell\u0151 hat\u00e1st.  T\u00fcrelmetlen\u00fcl v\u00e1rtuk, hogy<br \/>\nelkezd\u0151djenek a Pool versenyek. Hunor sensei \u00e9s Demeczky &#8222;Jen\u0151b\u00e1&#8221; sensei mindv\u00e9gig<br \/>\nott voltak a k\u00f6zel\u00fcnkben \u00e9s b\u00e1b\u00e1skodtak felett\u00fcnk. A csapat sem<br \/>\nsz\u00f3r\u00f3dott sz\u00e9t, mindv\u00e9gig szinte mindent egy\u00fctt csin\u00e1ltunk.<br \/>\n<b>Egym\u00e1st bek\u00eds\u00e9rve a p\u00e1ly\u00e1ra, ott drukkoltunk \u00e9s szor\u00edtottunk<\/b>,<br \/>\nhogy mindenki a maximumot tudja ny\u00fajtani. Hihetetlen\u00fcl j\u00f3 \u00e9rz\u00e9s<br \/>\nvolt hogy ennyire t\u00e1mogattak minket edz\u0151ink. Ezt az \u00f6sszetartoz\u00e1st<br \/>\nmindenki \u00e9szrevette, a b\u00edr\u00f3k \u00e9s a Senseiek k\u00f6z\u00fcl is \u00e9s ki is<br \/>\nnyilatkoztatta a verseny v\u00e9gezt\u00e9vel. De t\u00e9rj\u00fcnk vissza a poolra.<br \/>\nMajdnem mindenkinek siker\u00fclt kij\u00f6nni az els\u0151 fordul\u00f3b\u00f3l, de nem<br \/>\nmindenkinek kedvezett  a sorsol\u00e1s. Mindenki m\u00e1sk\u00e9nt pr\u00f3b\u00e1lta<br \/>\nrendezni a gondolatait a figyelm\u00e9t \u00f6sszpontos\u00edtani, de egy k\u00f6z\u00f6s<br \/>\nvolt benn\u00fcnk &#8222;mi gy\u0151zni j\u00f6tt\u00fcnk&#8221; \u00e9s \u00edgy ment\u00fcnk fel<br \/>\na p\u00e1stra&#8230; Sajnos velem megesett, amit\u0151l a legjobban tartottam a<br \/>\nNihon me usriro chiburuija ut\u00e1n, mikor fel\u00e1lltam megbillent az<br \/>\negyens\u00falyom.&nbsp;<b>Rezzen\u00e9stelen arccal v\u00e9gig csin\u00e1ltam a gyakorlatot<\/b>. A<br \/>\nHantei elhangz\u00e1sa ut\u00e1n m\u00e1r nem volt bennem k\u00e9ts\u00e9g. Ez m\u00e1r nem<br \/>\naz \u00e9n versenyem tov\u00e1bb. Rettent\u0151en d\u00fch\u00f6s voltam magamra, de<br \/>\nebb\u0151l igyekeztem a lehet\u0151 legkevesebbet a k\u00fclvil\u00e1g fel\u00e9<br \/>\nmutatni, annyira figyeltem m\u00e1s pontokra, hogy teljesen<br \/>\nelvesztettem a fordul\u00e1s ut\u00e1n az ashi barai-t.<br \/><b>Tanuls\u00e1g? Igen,<br \/>\nkezdj\u00fck el\u00f6lr\u0151l.<\/b> Szerintem mindenki aki eljut egy szintig \u00e9s onnan<br \/>\nszeretne tov\u00e1bb jutni, akkor el kell hogy kezdje az alapokt\u00f3l \u00fajra<br \/>\nl\u00e9p\u00e9sr\u0151l l\u00e9p\u00e9sre. Annyiszor halottam m\u00e1r hogy szinte bele\u00e9gett<br \/>\na tudatomba:<b> &#8222;A lass\u00fa j\u00f3b\u00f3l lehet gyors \u00e9s dinamikus j\u00f3, de<br \/>\na gyors rosszb\u00f3l sosem lesz j\u00f3.&#8221;<\/b> A leger\u0151sebb \u00e9lm\u00e9nyem<br \/>\ntal\u00e1n az, amit Gerg\u0151 mondott mindig a felk\u00e9sz\u00fcl\u00e9s alatt, hogy<br \/>\nminden edz\u00e9sen add azt a legjobbat amit ki tudsz magadb\u00f3l hozni,<br \/>\nmert a stressz, amit a verseny \u00e9s m\u00e1s ismeretlen k\u00f6rnyezet hoz ki<br \/>\nbel\u0151led, az csak hatv\u00e1nyozottan cs\u00f6kkent a teljes\u00edtm\u00e9nyedb\u0151l.<br \/>\nIgaza van. De ugyanakkor ott van az az ismer\u0151s \u00e9rz\u00e9s is, amit nem<br \/>\nlehet m\u00e1sk\u00e9nt le\u00edrni csak \u00fagy, &#8221; hogy most <b>kimegyek \u00e9s<br \/>\nmegmutatom, hogy hol is tart az \u00e9n iaim<\/b>&#8221; Ebben benne van minden,<br \/>\ntal\u00e1n ezt l\u00e1tt\u00e1k meg bennem&#8230; <b>a harci szellem<\/b>.<br \/>Meg van bennem,<br \/>\nde m\u00e9g sokat kell tanulni tapasztalni \u00e9s \u00e9lni kell annak a kat\u00e1nak<br \/>\n&#8230; szer\u00e9ny v\u00e9lem\u00e9nyem szerint ez m\u00e9g \u00fagy sz\u00e1zh\u00fasz \u00e9v<br \/>\nintenz\u00edv gyakorl\u00e1st venne ig\u00e9nybe. :)) A csapat megm\u00e9rettet\u00e9s is<br \/>\nigen tanuls\u00e1gos volt, \u00edgy nyom\u00e1s alatt mindenki m\u00e1sk\u00e9pp<br \/>\nteljes\u00edt, van akinek j\u00f3t tesz, van akit kihegyez \u00e9s van akit<br \/>\nremeg\u0151ss\u00e9 tesz. De ez teljesen term\u00e9szetes.<\/p>\n<p>\nHihetetlen\u00fcl<b> b\u00fcszke \u00e9rz\u00e9ssel<br \/>\nt\u00f6lt el, hogy r\u00e9szt vehettem ezen a megm\u00e9rettet\u00e9sen<\/b> \u00e9s hogy<br \/>\nilyen j\u00f3 csapattal k\u00e9pviselhett\u00fck szer\u00e9ny kis haz\u00e1nkat. K\u00fcl\u00f6n<br \/>\nK\u00f6sz\u00f6n\u00f6m Hunor sensei \u00e9s H\u00e1ber sensei \u00e9s Demeczky &#8222;Jen\u0151b\u00e1&#8221; Sensei t\u00e1mogat\u00e1s\u00e1t<br \/>\n\u00e9s seg\u00edts\u00e9g\u00e9t. A csapat biztat\u00f3 \u00e9s \u00e9p\u00edt\u0151 kritik\u00e1it. DOMO<br \/>\nARIGATO GOZAIMASU.&nbsp;\n<\/p>\n<p \"=\"\" style=\"text-align: right;\"><i>Jurasz P\u00e9ter<\/i><\/p>\n<hr id=\"null\"><\/div>\n<div>A magyar iaido v\u00e1logatott tagjak\u00e9nt az egy\u00e9ni megm\u00e9rettet\u00e9sen <b>Jur\u00e1sz P\u00e9ter<\/b> klubt\u00e1rsunk mudan kateg\u00f3ri\u00e1ban <b>Fighting Spirit<\/b> d\u00edjat kapott! Gratul\u00e1lunk!<\/div>\n<p><img loading=\"lazy\" decoding=\"async\" class=\"aligncenter wp-image-19438 size-large\" src=\"\/fenykepalbum\/keptar_1534_big_2017.11.04-05_europai_iaido_bajnoksag_magyar_valogatott.jpg\" alt=\"\" width=\"840\" height=\"473\" \/><\/p>\n<p><img loading=\"lazy\" decoding=\"async\" class=\"aligncenter wp-image-19438 size-large\" src=\"\/fenykepalbum\/keptar_1534_big_2017.11_eb_torino_magyar_valogatott.jpg\" alt=\"\" width=\"840\" height=\"473\" \/><\/p>\n","protected":false},"excerpt":{"rendered":"<p>\u00c9lm\u00e9nyek, \u00e9rz\u00e9sek, eredm\u00e9nyek \u2013 Torin\u00f3ban j\u00e1rtunk a 24.&nbsp;Eur\u00f3pai&nbsp;Iaido&nbsp;Bajnoks\u00e1gon &#8211; Milyen volt sokadszor meg\u00e9lni az esem\u00e9nyt? &#8211;&nbsp;Az idei \u00e9vben, mint koordin\u00e1tor, egy\u00e9ni versenyz\u0151 \u00e9s csapatkapit\u00e1ny vettem r\u00e9szt, imm\u00e1r a sokadik Eur\u00f3pai Iaido Bajnoks\u00e1gon. A feladatokat legf\u0151k\u00e9pp tapasztalataim \u00e9s az elhivatotts\u00e1g vez\u00e9relte \u00fagy, hogy \u00f6nmagam maradjak egy olyan vil\u00e1gban, ahol az ide\u00e1im \u00fctk\u00f6znek a val\u00f3s\u00e1ggal. A csapat &hellip; <a href=\"https:\/\/shinbukan.hu\/?p=19786\" class=\"more-link\"><span class=\"screen-reader-text\">&#8222;24. Eur\u00f3pai Iaido bajnoks\u00e1g (Torino)&#8221;<\/span> b\u0151vebben<\/a><\/p>\n","protected":false},"author":2,"featured_media":0,"comment_status":"open","ping_status":"open","sticky":false,"template":"","format":"standard","meta":{"footnotes":""},"categories":[],"tags":[],"class_list":["post-19786","post","type-post","status-publish","format-standard","hentry"],"_links":{"self":[{"href":"https:\/\/shinbukan.hu\/index.php?rest_route=\/wp\/v2\/posts\/19786","targetHints":{"allow":["GET"]}}],"collection":[{"href":"https:\/\/shinbukan.hu\/index.php?rest_route=\/wp\/v2\/posts"}],"about":[{"href":"https:\/\/shinbukan.hu\/index.php?rest_route=\/wp\/v2\/types\/post"}],"author":[{"embeddable":true,"href":"https:\/\/shinbukan.hu\/index.php?rest_route=\/wp\/v2\/users\/2"}],"replies":[{"embeddable":true,"href":"https:\/\/shinbukan.hu\/index.php?rest_route=%2Fwp%2Fv2%2Fcomments&post=19786"}],"version-history":[{"count":0,"href":"https:\/\/shinbukan.hu\/index.php?rest_route=\/wp\/v2\/posts\/19786\/revisions"}],"wp:attachment":[{"href":"https:\/\/shinbukan.hu\/index.php?rest_route=%2Fwp%2Fv2%2Fmedia&parent=19786"}],"wp:term":[{"taxonomy":"category","embeddable":true,"href":"https:\/\/shinbukan.hu\/index.php?rest_route=%2Fwp%2Fv2%2Fcategories&post=19786"},{"taxonomy":"post_tag","embeddable":true,"href":"https:\/\/shinbukan.hu\/index.php?rest_route=%2Fwp%2Fv2%2Ftags&post=19786"}],"curies":[{"name":"wp","href":"https:\/\/api.w.org\/{rel}","templated":true}]}}