{"id":19801,"date":"2018-10-11T12:22:00","date_gmt":"2018-10-11T12:22:00","guid":{"rendered":""},"modified":"-0001-11-30T00:00:00","modified_gmt":"-0001-11-29T22:00:00","slug":"","status":"publish","type":"post","link":"https:\/\/shinbukan.hu\/?p=19801","title":{"rendered":"A 14. sz\u00fclet\u00e9snap, \u00e9s&#8230; (Budapest)"},"content":{"rendered":"<p>Vannak hagyom\u00e1nyaink. A sz\u00fclet\u00e9snapokat k\u00f6z\u00f6s gyakorl\u00e1ssal \u00e9s tort\u00e1val \u00fcnnepelt\u00fck a teremben. A sz\u00e1mhoz kapcsol\u00f3d\u00f3 kat\u00e1k sem voltak szokatlanok&#8230;<br \/>Id\u00e9n 14 \u00e9vesek lett\u00fcnk &#8211; de nincs 14. formagyakorlat. Elt\u0171nt a terem, enbuk sem voltak.. de a torta az asztalon volt, \u00e9s mi is ott voltunk a Macsk\u00e1ban.<\/p>\n<div><\/div>\n<div>Keres\u00e9s van, hi\u00e1nyzik a &#8222;KAN&#8221; a nev\u00fcnkb\u0151l. Sosem volt ilyen neh\u00e9z &#8211; sosem volt ennyi lehet\u0151s\u00e9g.<br \/>Megfogalmaztuk egym\u00e1snak mit jelent ez a k\u00f6z\u00f6ss\u00e9g, megbesz\u00e9lt\u00fck a tennival\u00f3kat, voltak \u00e9rz\u00e9sek &#8211; \u00e9s finom volt a torta.<\/div>\n<div><\/div>\n<div><b>Boldog sz\u00fclet\u00e9snapot ShinBuKan!&nbsp;<\/b><\/div>\n<p><img loading=\"lazy\" decoding=\"async\" class=\"aligncenter wp-image-19438 size-large\" src=\"\/fenykepalbum\/keptar_1552_big_2018.10.11_shinbukan_14_szuletesnap_csoport.jpg\" alt=\"\" width=\"840\" height=\"473\" \/><\/p>\n<p><img loading=\"lazy\" decoding=\"async\" class=\"aligncenter wp-image-19438 size-large\" src=\"\/fenykepalbum\/keptar_1552_big_2018.10.11_shinbukan_14_szuletesnap_torta.jpg\" alt=\"\" width=\"840\" height=\"473\" \/><\/p>\n<p><img loading=\"lazy\" decoding=\"async\" class=\"aligncenter wp-image-19438 size-large\" src=\"\/fenykepalbum\/keptar_1552_big_2018.10.11_shinbukan_14_szuletesnap_macska.jpg\" alt=\"\" width=\"840\" height=\"473\" \/><\/p>\n","protected":false},"excerpt":{"rendered":"<p>Vannak hagyom\u00e1nyaink. A sz\u00fclet\u00e9snapokat k\u00f6z\u00f6s gyakorl\u00e1ssal \u00e9s tort\u00e1val \u00fcnnepelt\u00fck a teremben. A sz\u00e1mhoz kapcsol\u00f3d\u00f3 kat\u00e1k sem voltak szokatlanok&#8230;Id\u00e9n 14 \u00e9vesek lett\u00fcnk &#8211; de nincs 14. formagyakorlat. Elt\u0171nt a terem, enbuk sem voltak.. de a torta az asztalon volt, \u00e9s mi is ott voltunk a Macsk\u00e1ban. Keres\u00e9s van, hi\u00e1nyzik a &#8222;KAN&#8221; a nev\u00fcnkb\u0151l. Sosem volt ilyen &hellip; <a href=\"https:\/\/shinbukan.hu\/?p=19801\" class=\"more-link\"><span class=\"screen-reader-text\">&#8222;A 14. sz\u00fclet\u00e9snap, \u00e9s&#8230; (Budapest)&#8221;<\/span> b\u0151vebben<\/a><\/p>\n","protected":false},"author":2,"featured_media":0,"comment_status":"open","ping_status":"open","sticky":false,"template":"","format":"standard","meta":{"footnotes":""},"categories":[],"tags":[],"class_list":["post-19801","post","type-post","status-publish","format-standard","hentry"],"_links":{"self":[{"href":"https:\/\/shinbukan.hu\/index.php?rest_route=\/wp\/v2\/posts\/19801","targetHints":{"allow":["GET"]}}],"collection":[{"href":"https:\/\/shinbukan.hu\/index.php?rest_route=\/wp\/v2\/posts"}],"about":[{"href":"https:\/\/shinbukan.hu\/index.php?rest_route=\/wp\/v2\/types\/post"}],"author":[{"embeddable":true,"href":"https:\/\/shinbukan.hu\/index.php?rest_route=\/wp\/v2\/users\/2"}],"replies":[{"embeddable":true,"href":"https:\/\/shinbukan.hu\/index.php?rest_route=%2Fwp%2Fv2%2Fcomments&post=19801"}],"version-history":[{"count":0,"href":"https:\/\/shinbukan.hu\/index.php?rest_route=\/wp\/v2\/posts\/19801\/revisions"}],"wp:attachment":[{"href":"https:\/\/shinbukan.hu\/index.php?rest_route=%2Fwp%2Fv2%2Fmedia&parent=19801"}],"wp:term":[{"taxonomy":"category","embeddable":true,"href":"https:\/\/shinbukan.hu\/index.php?rest_route=%2Fwp%2Fv2%2Fcategories&post=19801"},{"taxonomy":"post_tag","embeddable":true,"href":"https:\/\/shinbukan.hu\/index.php?rest_route=%2Fwp%2Fv2%2Ftags&post=19801"}],"curies":[{"name":"wp","href":"https:\/\/api.w.org\/{rel}","templated":true}]}}